
{"id":5895,"date":"2025-10-14T12:01:28","date_gmt":"2025-10-14T11:01:28","guid":{"rendered":"https:\/\/www.primor.eu\/blog\/pt\/?p=5895"},"modified":"2026-01-29T09:03:57","modified_gmt":"2026-01-29T09:03:57","slug":"outono-as-cores-perfeitas-maquilhagem","status":"publish","type":"post","link":"https:\/\/www.primor.eu\/blog\/pt\/outono-as-cores-perfeitas-maquilhagem\/","title":{"rendered":"Outono 2026: as cores perfeitas para a tua maquilhagem"},"content":{"rendered":"\n<p>Com a chegada do outono, todas procuramos o mesmo: saber quais s\u00e3o as tend\u00eancias de maquilhagem que vamos usar a toda a hora. E embora a resposta seja simples (porque contamos tudo aqui), h\u00e1 um espelho essencial que n\u00e3o deves ignorar: <strong>as cores<\/strong>.<\/p>\n\n\n\n<p>As cores s\u00e3o parte fundamental das tend\u00eancias, um elemento que deve estar sempre presente no teu look.<\/p>\n\n\n\n<p>Neste artigo da Primor, mostramos-te <strong>quais s\u00e3o as cores de maquilhagem que vais querer usar neste outono para estares sempre na moda<\/strong>.<\/p>\n\n\n\n<h2 class=\"wp-block-heading\">Quais s\u00e3o as cores de maquilhagem que vamos usar este outono?<\/h2>\n\n\n\n<ul class=\"wp-block-list\">\n<li><strong>L\u00e1bios em tons vibrantes<\/strong><strong><br><\/strong>Este outono, os l\u00e1bios v\u00e3o destacar-se com <strong>vermelhos intensos<\/strong>, <strong>tons ameixa profundos<\/strong> e <strong>contornos em castanho<\/strong>. Estas cores adicionam um toque dram\u00e1tico e sofisticado, alinhando-se com a tend\u00eancia de maquilhagem marcante e ousada.<br><\/li>\n\n\n\n<li><strong>Sombras met\u00e1licas<\/strong><strong><br><\/strong>Os olhos ganham destaque com sombras em tons met\u00e1licos como <strong>verde floresta<\/strong>, <strong>azul meia-noite<\/strong> e <strong>roxo intenso<\/strong>. Esta tend\u00eancia, conhecida como <em>Eyes on Shine<\/em>, d\u00e1 protagonismo aos acabamentos brilhantes e met\u00e1licos para looks verdadeiramente impactantes.<br><\/li>\n\n\n\n<li><strong>Tons terra para as ma\u00e7\u00e3s do rosto<\/strong><strong><br><\/strong>Os blushes em tons de <strong>castanho<\/strong>, <strong>dourado<\/strong> e <strong>coral<\/strong> ajudam a esculpir o rosto com um toque de calor natural. Esta paleta est\u00e1 em sintonia com a tend\u00eancia <em>Espresso Makeup<\/em>, centrada em tons neutros sofisticados, e tamb\u00e9m com o estilo <em>Glowy<\/em>, que real\u00e7a a luminosidade natural da pele.<br><\/li>\n\n\n\n<li><strong>Delineados marcados<\/strong><strong><br><\/strong>O eyeliner continua a ser um elemento-chave, especialmente com formas geom\u00e9tricas e gr\u00e1ficos arrojados. Ideal para intensificar o olhar e seguir a tend\u00eancia de olhos bem definidos.<br><\/li>\n\n\n\n<li><strong>Look natural com um toque glam<\/strong><strong><br><\/strong>A pele luminosa e com aspeto saud\u00e1vel continua a ser tend\u00eancia. Mas, neste outono, \u00e9 complementada com <strong>toques de brilho e cor<\/strong>, que conferem um toque de glamour a um look naturalmente bonito.<br><\/li>\n<\/ul>\n\n\n\n<h2 class=\"wp-block-heading\">Melhores produtos com as cores de maquilhagem para este outono<\/h2>\n\n\n        <product-table class=\"pr-slider\">\r\n            <product-headers class=\"grid-table-rows\">\r\n                <div>Foto<\/div>\r\n                <div>Produto<\/div>\r\n                <div>Marca<\/div>\r\n                <div>Avalia\u00e7\u00f5es<\/div>\r\n                <div>Pre\u00e7o<\/div>\r\n            <\/product-headers>\r\n\r\n            <product-list>\r\n                                    <a href=\"https:\/\/www.primor.eu\/pt_pt\/w7-paleta-de-sombras-e-pigmentos-prensados-mardi-gras-39773.html\" class=\"product-item grid-table-rows\" target=\"_blank\">\r\n                        <div>\r\n                            <img decoding=\"async\" class=\"product-img\" width=\"80px\" height=\"80px\" src=\"https:\/\/cdn2.primor.eu\/media\/catalog\/product\/cache\/8d3aba296f7a18b5251ee30fa5db42b2\/0\/M\/0MO22074_1_fd87.jpg\" alt=\"\" title=\"\">\r\n                        <\/div>\r\n\r\n                        <!-- Contenido de producto  -->\r\n                        <div>\r\n                            <div class=\"product-position\">\r\n                                #1 Mais Vendidos                            <\/div>\r\n\r\n                            <h2>\r\n                                Paleta de Sombras e Pigmentos Prensados Mardi Gras                            <\/h2>\r\n                        <\/div>\r\n\r\n                        <!-- Imagen y\/o nombre de la marca -->\r\n                        <div>\r\n                                                            <img decoding=\"async\" width=\"70\" src=\"https:\/\/www.primor.eu\/media\/catalog\/category\/893_w7_1.png\" alt=\"\" title=\"\">\r\n                                                    <\/div>\r\n\r\n                        <!-- Puntuaci\u00f3n del producto  -->\r\n                        <div class=\"rating\">\r\n                                                            <div class=\"rate\" style=\"--p:100;\"><\/div>\r\n                                <b>5\/5<\/b>\r\n                                <div class=\"rate-stars\">\r\n                                                                            <div\r\n                                            class=\"rate-star  \">\r\n                                        <\/div>\r\n                                                                            <div\r\n                                            class=\"rate-star  \">\r\n                                        <\/div>\r\n                                                                            <div\r\n                                            class=\"rate-star  \">\r\n                                        <\/div>\r\n                                                                            <div\r\n                                            class=\"rate-star  \">\r\n                                        <\/div>\r\n                                                                            <div\r\n                                            class=\"rate-star  \">\r\n                                        <\/div>\r\n                                                                    <\/div>\r\n                                                    <\/div>\r\n\r\n                        <!-- Bot\u00f3n de producto  -->\r\n                        <div>\r\n                            <span class=\"price-claim\">\r\n                                VER PRE\u00c7O                            <\/span>\r\n                        <\/div>\r\n                    <\/a>\r\n                                    <a href=\"https:\/\/www.primor.eu\/pt_pt\/lancome-idole-tint-sombra-de-olhos-110807.html?#803=43719\" class=\"product-item grid-table-rows\" target=\"_blank\">\r\n                        <div>\r\n                            <img decoding=\"async\" class=\"product-img\" width=\"80px\" height=\"80px\" src=\"https:\/\/cdn2.primor.eu\/media\/catalog\/product\/cache\/8d3aba296f7a18b5251ee30fa5db42b2\/3\/6\/3614274097870_1_3318.jpg\" alt=\"\" title=\"\">\r\n                        <\/div>\r\n\r\n                        <!-- Contenido de producto  -->\r\n                        <div>\r\n                            <div class=\"product-position\">\r\n                                #2                            <\/div>\r\n\r\n                            <h2>\r\n                                Idole Tint Sombra de Olhos                            <\/h2>\r\n                        <\/div>\r\n\r\n                        <!-- Imagen y\/o nombre de la marca -->\r\n                        <div>\r\n                                                            <img decoding=\"async\" width=\"70\" src=\"https:\/\/www.primor.eu\/media\/catalog\/category\/lancome.png\" alt=\"\" title=\"\">\r\n                                                    <\/div>\r\n\r\n                        <!-- Puntuaci\u00f3n del producto  -->\r\n                        <div class=\"rating\">\r\n                                                            <div class=\"rate\" style=\"--p:94;\"><\/div>\r\n                                <b>4.7\/5<\/b>\r\n                                <div class=\"rate-stars\">\r\n                                                                            <div\r\n                                            class=\"rate-star  \">\r\n                                        <\/div>\r\n                                                                            <div\r\n                                            class=\"rate-star  \">\r\n                                        <\/div>\r\n                                                                            <div\r\n                                            class=\"rate-star  \">\r\n                                        <\/div>\r\n                                                                            <div\r\n                                            class=\"rate-star  \">\r\n                                        <\/div>\r\n                                                                            <div\r\n                                            class=\"rate-star  \">\r\n                                        <\/div>\r\n                                                                    <\/div>\r\n                                                    <\/div>\r\n\r\n                        <!-- Bot\u00f3n de producto  -->\r\n                        <div>\r\n                            <span class=\"price-claim\">\r\n                                VER PRE\u00c7O                            <\/span>\r\n                        <\/div>\r\n                    <\/a>\r\n                                    <a href=\"https:\/\/www.primor.eu\/pt_pt\/mac-macximal-mini-mac-silky-mate-lipstick-110534.html?#803=59131\" class=\"product-item grid-table-rows\" target=\"_blank\">\r\n                        <div>\r\n                            <img decoding=\"async\" class=\"product-img\" width=\"80px\" height=\"80px\" src=\"https:\/\/cdn2.primor.eu\/media\/catalog\/product\/cache\/8d3aba296f7a18b5251ee30fa5db42b2\/7\/7\/773602697113_1_df81.jpg\" alt=\"\" title=\"\">\r\n                        <\/div>\r\n\r\n                        <!-- Contenido de producto  -->\r\n                        <div>\r\n                            <div class=\"product-position\">\r\n                                #3                            <\/div>\r\n\r\n                            <h2>\r\n                                Macximal Mini Mac Silky Mate Lipstick                            <\/h2>\r\n                        <\/div>\r\n\r\n                        <!-- Imagen y\/o nombre de la marca -->\r\n                        <div>\r\n                                                            <img decoding=\"async\" width=\"70\" src=\"https:\/\/www.primor.eu\/media\/catalog\/category\/Mac.png\" alt=\"\" title=\"\">\r\n                                                    <\/div>\r\n\r\n                        <!-- Puntuaci\u00f3n del producto  -->\r\n                        <div class=\"rating\">\r\n                                                            <div class=\"rate\" style=\"--p:92;\"><\/div>\r\n                                <b>4.6\/5<\/b>\r\n                                <div class=\"rate-stars\">\r\n                                                                            <div\r\n                                            class=\"rate-star  \">\r\n                                        <\/div>\r\n                                                                            <div\r\n                                            class=\"rate-star  \">\r\n                                        <\/div>\r\n                                                                            <div\r\n                                            class=\"rate-star  \">\r\n                                        <\/div>\r\n                                                                            <div\r\n                                            class=\"rate-star  \">\r\n                                        <\/div>\r\n                                                                            <div\r\n                                            class=\"rate-star  \">\r\n                                        <\/div>\r\n                                                                    <\/div>\r\n                                                    <\/div>\r\n\r\n                        <!-- Bot\u00f3n de producto  -->\r\n                        <div>\r\n                            <span class=\"price-claim\">\r\n                                VER PRE\u00c7O                            <\/span>\r\n                        <\/div>\r\n                    <\/a>\r\n                            <\/product-list>\r\n        <\/product-table>\r\n\r\n        \n\n\n<h3 class=\"wp-block-heading\">Mac Macximal Mini MAC Silky Matte Lipstick<\/h3>\n\n\n\n<p>O batom ideal para quem procura uma cor intensa e de longa dura\u00e7\u00e3o. A nova f\u00f3rmula do batom <strong>Mac <\/strong>inclui \u00f3leo de coco, manteiga de karit\u00e9 e manteiga de cacau, proporcionando hidrata\u00e7\u00e3o e conforto aos teus l\u00e1bios.<\/p>\n\n\n\n<p>Desfruta de at\u00e9 <strong>12 horas de cor sem desvanecer<\/strong>. Com mais de 40 tons dispon\u00edveis, h\u00e1 um batom para cada ocasi\u00e3o. Al\u00e9m disso, o tamanho mini \u00e9 perfeito para levares contigo para todo o lado e a embalagem cont\u00e9m <strong>30% de material reciclado<\/strong>.<\/p>\n\n\n    <a class='product' target='_blank' href='https:\/\/www.primor.eu\/pt_pt\/mac-macximal-mini-mac-silky-mate-lipstick-110534.html?#803=59131'>\r\n        <img fetchpriority=\"high\" decoding=\"async\" width=\"300\" height=\"300\" loading=\"async\" src=\"https:\/\/cdn2.primor.eu\/media\/catalog\/product\/cache\/8d3aba296f7a18b5251ee30fa5db42b2\/7\/7\/773602697113_1_df81.jpg\" alt=\"\" title=\"\">\r\n            <div class=\"claim\">\r\n                 COMPRAR AGORA            <\/div>\r\n        <\/a>\r\n    \n\n\n<h3 class=\"wp-block-heading\">Sisley Phyto-Khol Star<\/h3>\n\n\n\n<p>Este l\u00e1pis autom\u00e1tico combina a praticidade de um afia integrado com uma ponta firme e cremosa, que desliza facilmente para uma aplica\u00e7\u00e3o ultra precisa.<\/p>\n\n\n\n<p>Com <strong>8 tons diferentes<\/strong>, intensifica o teu olhar de forma vers\u00e1til. A f\u00f3rmula \u00e9 confort\u00e1vel e suave, enriquecida com <strong>\u00f3leo de rosa mosqueta<\/strong>, <strong>bisabolol de origem natural<\/strong> e <strong>acetato de vitamina E<\/strong>, cuidando da pele delicada das p\u00e1lpebras a cada aplica\u00e7\u00e3o.<\/p>\n\n\n    <a class='product' target='_blank' href='https:\/\/www.primor.eu\/pt_pt\/sisley-phyto-khol-star-waterproof-110546.html?#803=52614'>\r\n        <img decoding=\"async\" width=\"300\" height=\"300\" loading=\"async\" src=\"https:\/\/cdn2.primor.eu\/media\/catalog\/product\/cache\/8d3aba296f7a18b5251ee30fa5db42b2\/0\/M\/0MO15989_1_55d6.jpg\" alt=\"\" title=\"\">\r\n            <div class=\"claim\">\r\n                 COMPRAR AGORA            <\/div>\r\n        <\/a>\r\n    \n\n\n<h3 class=\"wp-block-heading\">L\u00e2ncome Id\u00f4le Tint Sombra de Olhos<\/h3>\n\n\n\n<p>Uma sombra l\u00edquida vers\u00e1til que vai muito al\u00e9m do habitual. A f\u00f3rmula inovadora da <strong>LANC\u00d4ME<\/strong> adapta-se tanto para os <strong>olhos<\/strong> como para as <strong>ma\u00e7\u00e3s do rosto<\/strong>, oferecendo uma aplica\u00e7\u00e3o f\u00e1cil e precisa gra\u00e7as ao seu aplicador de dupla face.<\/p>\n\n\n    <a class='product' target='_blank' href='https:\/\/www.primor.eu\/pt_pt\/lancome-idole-tint-sombra-de-olhos-110807.html?#803=43719'>\r\n        <img decoding=\"async\" width=\"300\" height=\"300\" loading=\"async\" src=\"https:\/\/cdn2.primor.eu\/media\/catalog\/product\/cache\/8d3aba296f7a18b5251ee30fa5db42b2\/3\/6\/3614274097870_1_3318.jpg\" alt=\"\" title=\"\">\r\n            <div class=\"claim\">\r\n                 COMPRAR AGORA            <\/div>\r\n        <\/a>\r\n    \n\n\n<h3 class=\"wp-block-heading\">W7 Paleta de Sombras e Pigmentos Prensados Mardi Gras<\/h3>\n\n\n\n<p>Uma verdadeira explos\u00e3o de cor: <strong>verdes, rosas, azuis, roxos\u2026<\/strong> todo o colorido que possas imaginar!<\/p>\n\n\n\n<p>Esta paleta da <strong>W7<\/strong> conta com <strong>40 tons ultra pigmentados<\/strong>:<\/p>\n\n\n\n<ul class=\"wp-block-list\">\n<li>31 sombras mate<br><\/li>\n\n\n\n<li>3 metalizadas<br><\/li>\n\n\n\n<li>6 com acabamento shimmer<br><\/li>\n<\/ul>\n\n\n\n<p>F\u00e1ceis de aplicar e de esfumar, ideais para looks criativos.<br><\/p>\n\n\n    <a class='product' target='_blank' href='https:\/\/www.primor.eu\/pt_pt\/w7-paleta-de-sombras-e-pigmentos-prensados-mardi-gras-39773.html'>\r\n        <img decoding=\"async\" width=\"300\" height=\"300\" loading=\"async\" src=\"https:\/\/cdn2.primor.eu\/media\/catalog\/product\/cache\/8d3aba296f7a18b5251ee30fa5db42b2\/0\/M\/0MO22074_1_fd87.jpg\" alt=\"\" title=\"\">\r\n            <div class=\"claim\">\r\n                 COMPRAR AGORA            <\/div>\r\n        <\/a>\r\n    ","protected":false},"excerpt":{"rendered":"<p>Com a chegada do outono, todas procuramos o mesmo: saber quais s\u00e3o as tend\u00eancias de maquilhagem que vamos usar a toda a hora. E embora a resposta seja simples (porque contamos tudo aqui), h\u00e1 um espelho essencial que n\u00e3o deves ignorar: as cores. As cores s\u00e3o parte fundamental das tend\u00eancias, um elemento que deve estar [&hellip;]<\/p>\n","protected":false},"author":6,"featured_media":5896,"comment_status":"closed","ping_status":"closed","sticky":false,"template":"","format":"standard","meta":{"jnews-multi-image_gallery":[],"jnews_single_post":{"format":"standard"},"jnews_primary_category":[],"jnews_social_meta":[],"jnews_override_counter":[],"footnotes":""},"categories":[3,8],"tags":[],"class_list":["post-5895","post","type-post","status-publish","format-standard","has-post-thumbnail","hentry","category-maquilhagem","category-dicas-de-beleza"],"_links":{"self":[{"href":"https:\/\/www.primor.eu\/blog\/pt\/wp-json\/wp\/v2\/posts\/5895","targetHints":{"allow":["GET"]}}],"collection":[{"href":"https:\/\/www.primor.eu\/blog\/pt\/wp-json\/wp\/v2\/posts"}],"about":[{"href":"https:\/\/www.primor.eu\/blog\/pt\/wp-json\/wp\/v2\/types\/post"}],"author":[{"embeddable":true,"href":"https:\/\/www.primor.eu\/blog\/pt\/wp-json\/wp\/v2\/users\/6"}],"replies":[{"embeddable":true,"href":"https:\/\/www.primor.eu\/blog\/pt\/wp-json\/wp\/v2\/comments?post=5895"}],"version-history":[{"count":2,"href":"https:\/\/www.primor.eu\/blog\/pt\/wp-json\/wp\/v2\/posts\/5895\/revisions"}],"predecessor-version":[{"id":6259,"href":"https:\/\/www.primor.eu\/blog\/pt\/wp-json\/wp\/v2\/posts\/5895\/revisions\/6259"}],"wp:featuredmedia":[{"embeddable":true,"href":"https:\/\/www.primor.eu\/blog\/pt\/wp-json\/wp\/v2\/media\/5896"}],"wp:attachment":[{"href":"https:\/\/www.primor.eu\/blog\/pt\/wp-json\/wp\/v2\/media?parent=5895"}],"wp:term":[{"taxonomy":"category","embeddable":true,"href":"https:\/\/www.primor.eu\/blog\/pt\/wp-json\/wp\/v2\/categories?post=5895"},{"taxonomy":"post_tag","embeddable":true,"href":"https:\/\/www.primor.eu\/blog\/pt\/wp-json\/wp\/v2\/tags?post=5895"}],"curies":[{"name":"wp","href":"https:\/\/api.w.org\/{rel}","templated":true}]}}