
{"id":5882,"date":"2025-10-07T10:01:03","date_gmt":"2025-10-07T09:01:03","guid":{"rendered":"https:\/\/www.primor.eu\/blog\/pt\/?p=5882"},"modified":"2026-01-29T09:04:37","modified_gmt":"2026-01-29T09:04:37","slug":"aniversario-primor","status":"publish","type":"post","link":"https:\/\/www.primor.eu\/blog\/pt\/aniversario-primor\/","title":{"rendered":"Bem-vind@ ao 72.\u00ba anivers\u00e1rio da Primor!"},"content":{"rendered":"\n<p>Estamos em festa! A cadeia l\u00edder em perfumaria e cosm\u00e9tica em Espanha, e cada vez mais presente em Portugal, celebra este m\u00eas de outubro nada mais, nada menos do que 72 anos. O melhor e-commerce do setor beauty completa mais um ano a aconselhar milhares de pessoas a encontrar os melhores produtos de cuidados e beleza... sempre ao melhor pre\u00e7o. E como n\u00e3o podia deixar de ser, este anivers\u00e1rio chega recheado de super descontos incr\u00edveis para todos os primorosos e primorosas.<\/p>\n\n\n\n<p>Porque sem ti nada disto seria poss\u00edvel, a cadeia de perfumarias malaguenha tem o orgulho de te convidar, mais uma vez, para a maior festa de descontos vista at\u00e9 hoje. Uma celebra\u00e7\u00e3o em grande, onde a Primor sopra as velas para que tu possas levar contigo as melhores surpresas. <strong>N\u00e3o podes perder!<\/strong><\/p>\n\n\n\n<h2 class=\"wp-block-heading\">Juntos desde 1953<\/h2>\n\n\n\n<p>A Primor nasceu de um sonho familiar na soalheira M\u00e1laga de 1953. A aventura come\u00e7ou numa pequena loja no centro da cidade e, desde ent\u00e3o, tem crescido e expandido at\u00e9 alcan\u00e7ar mais de 250 lojas em toda a Europa. Um crescimento fruto do esfor\u00e7o e dedica\u00e7\u00e3o de v\u00e1rias gera\u00e7\u00f5es, sempre com o mesmo objetivo: oferecer os melhores produtos de beleza e cuidados a pre\u00e7os acess\u00edveis para todos os bolsos.<\/p>\n\n\n\n<p>Hoje em dia, a Primor \u00e9 a cadeia l\u00edder do setor beauty em Espanha, com uma forte presen\u00e7a f\u00edsica e um dom\u00ednio total do com\u00e9rcio online, potenciado pelo lan\u00e7amento do seu novo site em junho de 2026. Al\u00e9m disso, a empresa malaguenha j\u00e1 est\u00e1 presente em diversos pa\u00edses europeus como Portugal, Fran\u00e7a e It\u00e1lia, continuando a expandir-se ano ap\u00f3s ano.<\/p>\n\n\n\n<h2 class=\"wp-block-heading\">Obrigado por mais 365 dias ao teu lado!<\/h2>\n\n\n\n<p>Parece que foi ontem, mas a Perfumer\u00edas Primor j\u00e1 soma 72 anos a acompanhar v\u00e1rias gera\u00e7\u00f5es na busca pelos melhores produtos de beleza, bem-estar e cuidados, a pre\u00e7os sempre acess\u00edveis. E foi gra\u00e7as aos teus conselhos e apoio incondicional que conseguimos tornar-nos l\u00edderes em Espanha e dar o salto para o mercado europeu, chegando a pa\u00edses como Fran\u00e7a, Portugal e It\u00e1lia.<\/p>\n\n\n\n<p>Um sonho familiar que continua a crescer, impulsionado pela vontade de melhorar todos os dias e responder \u00e0s necessidades reais dos consumidores. Uma miss\u00e3o que n\u00e3o seria poss\u00edvel sem a ajuda de todos os primorosos e primorosas. Por isso, este ano, a cadeia malaguenha celebra este anivers\u00e1rio t\u00e3o especial com uma sele\u00e7\u00e3o \u00fanica de <strong>descontos imperd\u00edveis<\/strong> em centenas de produtos.<\/p>\n\n\n\n<h2 class=\"wp-block-heading\">Como aproveitar os melhores achados do 72.\u00ba anivers\u00e1rio da Primor?<\/h2>\n\n\n\n<p>Este ano, a Primor sopra as velas em grande no seu 72.\u00ba anivers\u00e1rio e, como seria de esperar, celebra com uma super festa de descontos onde todos est\u00e3o convidados. Se queres aproveitar ao m\u00e1ximo esta oportunidade e garantir os teus favoritos ao melhor pre\u00e7o, toma nota destes truques de especialista para levar os melhores achados para casa:<\/p>\n\n\n\n<ul class=\"wp-block-list\">\n<li><strong>Faz uma lista dos teus essenciais.<\/strong> \u00c9 o truque infal\u00edvel para n\u00e3o esqueceres nada e n\u00e3o te perderes entre os milhares de produtos com desconto dispon\u00edveis no site.<br><\/li>\n\n\n\n<li><strong>Prepara o teu carrinho com anteced\u00eancia.<\/strong> Assim consegues guardar os teus b\u00e1sicos favoritos e garantir que os levas antes que esgotem.<br><\/li>\n\n\n\n<li><strong>Espreita os produtos sugeridos.<\/strong> Nada como encontrar um bom achado entre as novidades ou os mais vendidos.<\/li>\n<\/ul>\n\n\n\n<h2 class=\"wp-block-heading\">Descobre as melhores promo\u00e7\u00f5es do 72.\u00ba anivers\u00e1rio da Primor<\/h2>\n\n\n        <product-table class=\"pr-slider\">\r\n            <product-headers class=\"grid-table-rows\">\r\n                <div>Foto<\/div>\r\n                <div>Produto<\/div>\r\n                <div>Marca<\/div>\r\n                <div>Avalia\u00e7\u00f5es<\/div>\r\n                <div>Pre\u00e7o<\/div>\r\n            <\/product-headers>\r\n\r\n            <product-list>\r\n                                    <a href=\"https:\/\/www.primor.eu\/pt_pt\/yves-saint-laurent-libre-eau-de-parfum-111829.html?#863=86589\" class=\"product-item grid-table-rows\" target=\"_blank\">\r\n                        <div>\r\n                            <img decoding=\"async\" class=\"product-img\" width=\"80px\" height=\"80px\" src=\"https:\/\/cdn2.primor.eu\/media\/catalog\/product\/cache\/8d3aba296f7a18b5251ee30fa5db42b2\/4\/A\/4AF06665_1_5a49.jpg\" alt=\"\" title=\"\">\r\n                        <\/div>\r\n\r\n                        <!-- Contenido de producto  -->\r\n                        <div>\r\n                            <div class=\"product-position\">\r\n                                #1 Mais Vendidos                            <\/div>\r\n\r\n                            <h2>\r\n                                Libre Eau de Parfum Recarreg\u00e1velnM-4AF04560                            <\/h2>\r\n                        <\/div>\r\n\r\n                        <!-- Imagen y\/o nombre de la marca -->\r\n                        <div>\r\n                                                            <img decoding=\"async\" width=\"70\" src=\"https:\/\/www.primor.eu\/media\/catalog\/category\/yves.png\" alt=\"\" title=\"\">\r\n                                                    <\/div>\r\n\r\n                        <!-- Puntuaci\u00f3n del producto  -->\r\n                        <div class=\"rating\">\r\n                                                            <div class=\"rate\" style=\"--p:100;\"><\/div>\r\n                                <b>5\/5<\/b>\r\n                                <div class=\"rate-stars\">\r\n                                                                            <div\r\n                                            class=\"rate-star  \">\r\n                                        <\/div>\r\n                                                                            <div\r\n                                            class=\"rate-star  \">\r\n                                        <\/div>\r\n                                                                            <div\r\n                                            class=\"rate-star  \">\r\n                                        <\/div>\r\n                                                                            <div\r\n                                            class=\"rate-star  \">\r\n                                        <\/div>\r\n                                                                            <div\r\n                                            class=\"rate-star  \">\r\n                                        <\/div>\r\n                                                                    <\/div>\r\n                                                    <\/div>\r\n\r\n                        <!-- Bot\u00f3n de producto  -->\r\n                        <div>\r\n                            <span class=\"price-claim\">\r\n                                VER PRE\u00c7O                            <\/span>\r\n                        <\/div>\r\n                    <\/a>\r\n                            <\/product-list>\r\n        <\/product-table>\r\n\r\n        \n\n\n<h3 class=\"wp-block-heading\">Est\u00e9e Lauder Advanced Night Repair Serum<\/h3>\n\n\n\n<p>Este s\u00e9rum exclusivo da Est\u00e9e Lauder trabalha incansavelmente enquanto dormes, estimulando a produ\u00e7\u00e3o natural de colag\u00e9nio e elastina, ao mesmo tempo que revitaliza as c\u00e9lulas da pele para um resultado firme, saud\u00e1vel e sem rugas.<\/p>\n\n\n    <a class='product' target='_blank' href='https:\/\/www.primor.eu\/pt_pt\/estee-lauder-serum-advanced-night-repair-106279.html?#854=66330'>\r\n        <img fetchpriority=\"high\" decoding=\"async\" width=\"300\" height=\"300\" loading=\"async\" src=\"https:\/\/cdn2.primor.eu\/media\/catalog\/product\/cache\/8d3aba296f7a18b5251ee30fa5db42b2\/0\/T\/0TF18833_1_ca29.jpg\" alt=\"\" title=\"\">\r\n            <div class=\"claim\">\r\n                 COMPRAR AGORA            <\/div>\r\n        <\/a>\r\n    \n\n\n<h3 class=\"wp-block-heading\">Yves Saint Laurent Libre Eau de Parfum<\/h3>\n\n\n\n<p>A nova fragr\u00e2ncia da liberdade: uma declara\u00e7\u00e3o para quem vive segundo as suas pr\u00f3prias regras. Uma reinven\u00e7\u00e3o do perfume floral, com ess\u00eancia de lavanda francesa e a sensualidade da flor de laranjeira marroquina, numa fus\u00e3o floral \u00fanica.<\/p>\n\n\n    <a class='product' target='_blank' href='https:\/\/www.primor.eu\/pt_pt\/yves-saint-laurent-libre-eau-de-parfum-111829.html?#863=86589'>\r\n        <img decoding=\"async\" width=\"300\" height=\"300\" loading=\"async\" src=\"https:\/\/cdn2.primor.eu\/media\/catalog\/product\/cache\/8d3aba296f7a18b5251ee30fa5db42b2\/4\/A\/4AF06665_1_5a49.jpg\" alt=\"\" title=\"\">\r\n            <div class=\"claim\">\r\n                 COMPRAR AGORA            <\/div>\r\n        <\/a>\r\n    \n\n\n<h3 class=\"wp-block-heading\">Clarins Double Serum<\/h3>\n\n\n\n<p>O Double Serum da Clarins redefine a inova\u00e7\u00e3o anti-idade com uma nova gera\u00e7\u00e3o inspirada na ci\u00eancia da epigen\u00e9tica. A sua f\u00f3rmula dupla, com 95% de ingredientes de origem natural, concentra 27 ativos poderosos.<\/p>\n\n\n    <a class='product' target='_blank' href='https:\/\/www.primor.eu\/pt_pt\/clarins-double-serum-light-75948.html'>\r\n        <img decoding=\"async\" width=\"300\" height=\"300\" loading=\"async\" src=\"https:\/\/cdn2.primor.eu\/media\/catalog\/product\/cache\/8d3aba296f7a18b5251ee30fa5db42b2\/d\/o\/double_serum_ligera_5bf5.jpg\" alt=\"\" title=\"\">\r\n            <div class=\"claim\">\r\n                 COMPRAR AGORA            <\/div>\r\n        <\/a>\r\n    \n\n\n<h3 class=\"wp-block-heading\">Carolina Herrera Good Girl Eau de Parfum<\/h3>\n\n\n\n<p>O perfume de quem ousa mostrar o seu lado mais rebelde. Uma fragr\u00e2ncia feminina, intensa e ousada que combina as notas profundas da fava tonka com o toque vibrante do jasmim para criar um aroma \u00fanico e irresist\u00edvel.<\/p>\n\n\n    <a class='product' target='_blank' href='https:\/\/www.primor.eu\/pt_pt\/carolina-herrera-good-girl-eau-de-parfum-111731.html?#854=66334'>\r\n        <img decoding=\"async\" width=\"300\" height=\"300\" loading=\"async\" src=\"https:\/\/cdn2.primor.eu\/media\/catalog\/product\/cache\/8d3aba296f7a18b5251ee30fa5db42b2\/4\/A\/4AF04560_1_f34d.jpg\" alt=\"\" title=\"\">\r\n            <div class=\"claim\">\r\n                 COMPRAR AGORA            <\/div>\r\n        <\/a>\r\n    \n\n\n<h3 class=\"wp-block-heading\">Guerlain Terracotta Light P\u00f3 Bronzeador<\/h3>\n\n\n\n<p>Garante um efeito de pele radiante instant\u00e2neo com os ic\u00f3nicos p\u00f3s bronzeadores da Guerlain. Uma mistura \u00fanica de tons dourados que se fundem com a pele para real\u00e7ar as tuas fei\u00e7\u00f5es de forma subtil e eficaz.<\/p>\n\n\n    <a class='product' target='_blank' href='https:\/\/www.primor.eu\/pt_pt\/guerlain-pos-bronzeadores-efeito-boa-cara-terracotta-light-108888.html?#803=43244'>\r\n        <img decoding=\"async\" width=\"300\" height=\"300\" loading=\"async\" src=\"https:\/\/cdn2.primor.eu\/media\/catalog\/product\/cache\/8d3aba296f7a18b5251ee30fa5db42b2\/0\/M\/0MR21778_1_7099.jpg\" alt=\"\" title=\"\">\r\n            <div class=\"claim\">\r\n                 COMPRAR AGORA            <\/div>\r\n        <\/a>\r\n    \n\n\n<h3 class=\"wp-block-heading\">Lanc\u00f4me R\u00e9nergie H.P.N. 300 Peptide Cream<\/h3>\n\n\n\n<p>Um creme regenerador com P\u00e9ptidos, \u00c1cido Hialur\u00f3nico e Niacinamida que ajuda a pele a recuperar mais depressa que o tempo. R\u00c9NERGIE H.P.N. 300 \u00e9 um tratamento anti-idade de elevada efic\u00e1cia com efeito lifting, que reduz rugas, uniformiza o tom e corrige manchas.<\/p>\n\n\n    <a class='product' target='_blank' href='https:\/\/www.primor.eu\/pt_pt\/lancome-renergie-h-p-n-300-peptide-cream-106396.html?#863=67139'>\r\n        <img decoding=\"async\" width=\"300\" height=\"300\" loading=\"async\" src=\"https:\/\/cdn2.primor.eu\/media\/catalog\/product\/cache\/8d3aba296f7a18b5251ee30fa5db42b2\/3\/6\/3614273924061_1_8753.jpg\" alt=\"\" title=\"\">\r\n            <div class=\"claim\">\r\n                 COMPRAR AGORA            <\/div>\r\n        <\/a>\r\n    \n\n\n<h3 class=\"wp-block-heading\">L\u2019Or\u00e9al Paris Accord Parfait True Match Nude \u2013 S\u00e9rum com Cor<\/h3>\n\n\n\n<p>Descobre o Accord Parfait True Match Nude com cor da L\u2019OR\u00c9AL PARIS, um produto inovador que alia maquilhagem e cuidado da pele, com 1% de \u00c1cido Hialur\u00f3nico para uma tez luminosa e hidratada.<\/p>\n\n\n    <a class='product' target='_blank' href='https:\/\/www.primor.eu\/pt_pt\/l-oreal-paris-accord-parfait-true-match-nude-serum-com-cor-111023.html?#803=43227'>\r\n        <img decoding=\"async\" width=\"300\" height=\"300\" loading=\"async\" src=\"https:\/\/cdn2.primor.eu\/media\/catalog\/product\/cache\/8d3aba296f7a18b5251ee30fa5db42b2\/0\/M\/0MR20672_1_a649.jpg\" alt=\"\" title=\"\">\r\n            <div class=\"claim\">\r\n                 COMPRAR AGORA            <\/div>\r\n        <\/a>\r\n    \n\n\n<h3 class=\"wp-block-heading\">Shiseido Vital Perfection Uplifting and Firming Cream Enriched<\/h3>\n\n\n\n<p>A Vital Perfection Uplifting and Firming Cream Enriched da Shiseido \u00e9 uma poderosa crema antienvelhecimento global que proporciona um aspeto mais firme e liso \u00e0 tua pele. Formulada com a ReNeura Technology++ para resultados mais r\u00e1pidos no combate aos sinais da idade.<\/p>\n\n\n    <a class='product' target='_blank' href='https:\/\/www.primor.eu\/pt_pt\/shiseido-vital-perfection-creme-avancado-adelgacante-e-firmador-113232.html?#863=67139'>\r\n        <img decoding=\"async\" width=\"300\" height=\"300\" loading=\"async\" src=\"https:\/\/cdn2.primor.eu\/media\/catalog\/product\/cache\/8d3aba296f7a18b5251ee30fa5db42b2\/7\/6\/768614209973_1_75f4.jpg\" alt=\"\" title=\"\">\r\n            <div class=\"claim\">\r\n                 COMPRAR AGORA            <\/div>\r\n        <\/a>\r\n    ","protected":false},"excerpt":{"rendered":"<p>Estamos em festa! A cadeia l\u00edder em perfumaria e cosm\u00e9tica em Espanha, e cada vez mais presente em Portugal, celebra este m\u00eas de outubro nada mais, nada menos do que 72 anos. O melhor e-commerce do setor beauty completa mais um ano a aconselhar milhares de pessoas a encontrar os melhores produtos de cuidados e [&hellip;]<\/p>\n","protected":false},"author":6,"featured_media":5883,"comment_status":"closed","ping_status":"closed","sticky":false,"template":"","format":"standard","meta":{"jnews-multi-image_gallery":[],"jnews_single_post":{"format":"standard"},"jnews_primary_category":[],"jnews_social_meta":[],"jnews_override_counter":[],"footnotes":""},"categories":[8,11],"tags":[],"class_list":["post-5882","post","type-post","status-publish","format-standard","has-post-thumbnail","hentry","category-dicas-de-beleza","category-eventos"],"_links":{"self":[{"href":"https:\/\/www.primor.eu\/blog\/pt\/wp-json\/wp\/v2\/posts\/5882","targetHints":{"allow":["GET"]}}],"collection":[{"href":"https:\/\/www.primor.eu\/blog\/pt\/wp-json\/wp\/v2\/posts"}],"about":[{"href":"https:\/\/www.primor.eu\/blog\/pt\/wp-json\/wp\/v2\/types\/post"}],"author":[{"embeddable":true,"href":"https:\/\/www.primor.eu\/blog\/pt\/wp-json\/wp\/v2\/users\/6"}],"replies":[{"embeddable":true,"href":"https:\/\/www.primor.eu\/blog\/pt\/wp-json\/wp\/v2\/comments?post=5882"}],"version-history":[{"count":3,"href":"https:\/\/www.primor.eu\/blog\/pt\/wp-json\/wp\/v2\/posts\/5882\/revisions"}],"predecessor-version":[{"id":6266,"href":"https:\/\/www.primor.eu\/blog\/pt\/wp-json\/wp\/v2\/posts\/5882\/revisions\/6266"}],"wp:featuredmedia":[{"embeddable":true,"href":"https:\/\/www.primor.eu\/blog\/pt\/wp-json\/wp\/v2\/media\/5883"}],"wp:attachment":[{"href":"https:\/\/www.primor.eu\/blog\/pt\/wp-json\/wp\/v2\/media?parent=5882"}],"wp:term":[{"taxonomy":"category","embeddable":true,"href":"https:\/\/www.primor.eu\/blog\/pt\/wp-json\/wp\/v2\/categories?post=5882"},{"taxonomy":"post_tag","embeddable":true,"href":"https:\/\/www.primor.eu\/blog\/pt\/wp-json\/wp\/v2\/tags?post=5882"}],"curies":[{"name":"wp","href":"https:\/\/api.w.org\/{rel}","templated":true}]}}