
{"id":5813,"date":"2025-08-31T09:08:59","date_gmt":"2025-08-31T08:08:59","guid":{"rendered":"https:\/\/www.primor.eu\/blog\/pt\/?p=5813"},"modified":"2025-09-25T10:14:40","modified_gmt":"2025-09-25T09:14:40","slug":"regulamento-passatempo-mad-beauty","status":"publish","type":"post","link":"https:\/\/www.primor.eu\/blog\/pt\/regulamento-passatempo-mad-beauty\/","title":{"rendered":"Regulamento Passatempo Mad Beauty"},"content":{"rendered":"\n<h3 class=\"wp-block-heading\" id=\"1-organizador-do-sorteio\"><strong>1. ORGANIZADOR DO SORTEIO<\/strong><\/h3>\n\n\n\n<p>Sentimental Journey Unipessoal LDA, com sede em Rua Ernesto Carvalho, Edif\u00edcio Turim Loja 8, 4760-143 Vila Nova de Famalic\u00e3o - Braga, e com n\u00famero de identifica\u00e7\u00e3o fiscal NIPC 515966029, \u00e9 o organizador do presente sorteio.<\/p>\n\n\n\n<h3 class=\"wp-block-heading\" id=\"2-ambito-e-duracao\"><strong>2. \u00c2MBITO E DURA\u00c7\u00c3O<\/strong><\/h3>\n\n\n\n<p>O sorteio decorre na rede social&nbsp;<strong>Instagram<\/strong>, entre os dias&nbsp;<strong>31 de agosto e 14 de setembro de 2025<\/strong>, inclusive.<\/p>\n\n\n\n<h3 class=\"wp-block-heading\" id=\"3-destinatarios\"><strong>3. DESTINAT\u00c1RIOS<\/strong><\/h3>\n\n\n\n<p>Podem participar todas as pessoas singulares,\u00a0<strong>maiores de 18 anos<\/strong>, com\u00a0<strong>resid\u00eancia em Portugal<\/strong>. Apenas para Portugal continental.<br>A participa\u00e7\u00e3o \u00e9\u00a0<strong>gratuita<\/strong>\u00a0e n\u00e3o implica qualquer compra.<\/p>\n\n\n\n<h3 class=\"wp-block-heading\" id=\"4-como-participar\"><strong>4. COMO PARTICIPAR<\/strong><\/h3>\n\n\n\n<p>Para participares no sorteio, deves:<\/p>\n\n\n\n<p>\ud83d\udc9a&nbsp;<strong>Dar like<\/strong>&nbsp;nesta publica\u00e7\u00e3o oficial do sorteio<br>\ud83d\udc9a&nbsp;<strong>Comentar<\/strong>&nbsp;a identificar um(a) amig@ \u2013 podes participar as vezes que quiseres, desde que marques pessoas diferentes<br>\ud83d\udc9a&nbsp;<strong>Seguir<\/strong>&nbsp;as contas&nbsp;<strong>@primorportugal<\/strong>&nbsp;no Instagram<\/p>\n\n\n\n<p>\ud83d\udcc5 Tens at\u00e9&nbsp;<strong>domingo, 14 de setembro de 2025 \u00e0s 23h59<\/strong>&nbsp;para participar.<\/p>\n\n\n\n<h3 class=\"wp-block-heading\" id=\"5-premio\"><strong>5. PR\u00c9MIO<\/strong><\/h3>\n\n\n\n<p>Ser\u00e1 atribu\u00eddo&nbsp;<strong>1 pr\u00e9mio<\/strong>, correspondente a um&nbsp;lote de produtos da Mad Beauty.<\/p>\n\n\n\n<h3 class=\"wp-block-heading\" id=\"6-selecao-do-vencedor\"><strong>6. SELE\u00c7\u00c3O DO VENCEDOR<\/strong><\/h3>\n\n\n\n<p>O vencedor ser\u00e1 escolhido de forma&nbsp;<strong>aleat\u00f3ria entre os coment\u00e1rios v\u00e1lidos<\/strong>&nbsp;e ser\u00e1 anunciado a partir de&nbsp;<strong>15 de setembro de 2025<\/strong>&nbsp;atrav\u00e9s dos canais oficiais da @primorportugal.<\/p>\n\n\n\n<p>Se o vencedor n\u00e3o cumprir todas as regras ou n\u00e3o responder no prazo de&nbsp;<strong>48 horas<\/strong>, ser\u00e1 selecionado outro participante.<\/p>\n\n\n\n<h3 class=\"wp-block-heading\" id=\"7-contato-e-entrega\"><strong>7. CONTATO E ENTREGA<\/strong><\/h3>\n\n\n\n<p>O vencedor ser\u00e1 contactado via&nbsp;<strong>mensagem privada no Instagram<\/strong>.<br>O pr\u00e9mio ser\u00e1 enviado para a&nbsp;<strong>morada indicada pelo vencedor<\/strong>, com entrega ao domic\u00edlio.<br><strong>N\u00e3o se efetuam entregas em pontos de recolha<\/strong>.<\/p>\n\n\n\n<h3 class=\"wp-block-heading\" id=\"8-protecao-de-dados\"><strong>8. PROTE\u00c7\u00c3O DE DADOS<\/strong><\/h3>\n\n\n\n<p>Os dados recolhidos ser\u00e3o utilizados&nbsp;<strong>exclusivamente para efeitos deste sorteio<\/strong>&nbsp;e tratados com total confidencialidade, conforme a legisla\u00e7\u00e3o em vigor em mat\u00e9ria de prote\u00e7\u00e3o de dados.<\/p>\n\n\n\n<h3 class=\"wp-block-heading\" id=\"9-alteracoes\"><strong>9. ALTERA\u00c7\u00d5ES<\/strong><\/h3>\n\n\n\n<p>A Sentimental Journey Unipessoal LDA reserva-se o direito de&nbsp;<strong>alterar ou cancelar<\/strong>&nbsp;estas bases em qualquer momento, sendo qualquer modifica\u00e7\u00e3o comunicada nos mesmos canais do sorteio.<\/p>\n\n\n\n<p><\/p>\n","protected":false},"excerpt":{"rendered":"<p>1. ORGANIZADOR DO SORTEIO Sentimental Journey Unipessoal LDA, com sede em Rua Ernesto Carvalho, Edif\u00edcio Turim Loja 8, 4760-143 Vila Nova de Famalic\u00e3o &#8211; Braga, e com n\u00famero de identifica\u00e7\u00e3o fiscal NIPC 515966029, \u00e9 o organizador do presente sorteio. 2. \u00c2MBITO E DURA\u00c7\u00c3O O sorteio decorre na rede social&nbsp;Instagram, entre os dias&nbsp;31 de agosto e [&hellip;]<\/p>\n","protected":false},"author":5,"featured_media":5814,"comment_status":"closed","ping_status":"closed","sticky":false,"template":"","format":"standard","meta":{"jnews-multi-image_gallery":[],"jnews_single_post":{"format":"standard"},"jnews_primary_category":[],"jnews_social_meta":[],"jnews_override_counter":[],"footnotes":""},"categories":[10],"tags":[],"class_list":["post-5813","post","type-post","status-publish","format-standard","has-post-thumbnail","hentry","category-sorteios"],"_links":{"self":[{"href":"https:\/\/www.primor.eu\/blog\/pt\/wp-json\/wp\/v2\/posts\/5813","targetHints":{"allow":["GET"]}}],"collection":[{"href":"https:\/\/www.primor.eu\/blog\/pt\/wp-json\/wp\/v2\/posts"}],"about":[{"href":"https:\/\/www.primor.eu\/blog\/pt\/wp-json\/wp\/v2\/types\/post"}],"author":[{"embeddable":true,"href":"https:\/\/www.primor.eu\/blog\/pt\/wp-json\/wp\/v2\/users\/5"}],"replies":[{"embeddable":true,"href":"https:\/\/www.primor.eu\/blog\/pt\/wp-json\/wp\/v2\/comments?post=5813"}],"version-history":[{"count":4,"href":"https:\/\/www.primor.eu\/blog\/pt\/wp-json\/wp\/v2\/posts\/5813\/revisions"}],"predecessor-version":[{"id":5875,"href":"https:\/\/www.primor.eu\/blog\/pt\/wp-json\/wp\/v2\/posts\/5813\/revisions\/5875"}],"wp:featuredmedia":[{"embeddable":true,"href":"https:\/\/www.primor.eu\/blog\/pt\/wp-json\/wp\/v2\/media\/5814"}],"wp:attachment":[{"href":"https:\/\/www.primor.eu\/blog\/pt\/wp-json\/wp\/v2\/media?parent=5813"}],"wp:term":[{"taxonomy":"category","embeddable":true,"href":"https:\/\/www.primor.eu\/blog\/pt\/wp-json\/wp\/v2\/categories?post=5813"},{"taxonomy":"post_tag","embeddable":true,"href":"https:\/\/www.primor.eu\/blog\/pt\/wp-json\/wp\/v2\/tags?post=5813"}],"curies":[{"name":"wp","href":"https:\/\/api.w.org\/{rel}","templated":true}]}}