
{"id":5785,"date":"2025-08-27T10:00:00","date_gmt":"2025-08-27T09:00:00","guid":{"rendered":"https:\/\/www.primor.eu\/blog\/pt\/?p=5785"},"modified":"2025-08-16T11:37:18","modified_gmt":"2025-08-16T10:37:18","slug":"cuidados-essenciais-para-prolongar-juventude-da-pele","status":"publish","type":"post","link":"https:\/\/www.primor.eu\/blog\/pt\/cuidados-essenciais-para-prolongar-juventude-da-pele\/","title":{"rendered":"5 cuidados essenciais para prolongar a juventude da tua pele"},"content":{"rendered":"\n<p>Cuidar da pele vai muito al\u00e9m da est\u00e9tica, trata-se de preservar a sua sa\u00fade, prevenir o envelhecimento precoce e manter a fun\u00e7\u00e3o barreira ativa e eficaz. A longevidade cut\u00e2nea assenta em tr\u00eas pilares essenciais: <strong>hidrata\u00e7\u00e3o constante<\/strong>, <strong>prote\u00e7\u00e3o contra agress\u00f5es externas<\/strong> e <strong>renova\u00e7\u00e3o celular adequada<\/strong>.<\/p>\n\n\n\n<p>Al\u00e9m da rotina b\u00e1sica com um bom <strong>limpador<\/strong>, <strong>s\u00e9rum<\/strong>, <strong>hidratante<\/strong> e <strong>protetor solar<\/strong>, h\u00e1 tratamentos especializados que atuam mais profundamente e oferecem benef\u00edcios vis\u00edveis e duradouros. Aqui tens os 5 melhores que te recomendamos.<\/p>\n\n\n\n<h2 class=\"wp-block-heading\">1. S\u00e9runs com retinol: estimulam a renova\u00e7\u00e3o celular<\/h2>\n\n\n\n<p>O <strong>retinol<\/strong> e os seus derivados (como o <strong>retinal<\/strong> ou o <strong>bakuchiol<\/strong>) promovem a regenera\u00e7\u00e3o da pele, estimulam a produ\u00e7\u00e3o de colag\u00e9nio e melhoram a textura. S\u00e3o especialmente recomendados a partir dos 30 anos, quando a renova\u00e7\u00e3o celular come\u00e7a a abrandar naturalmente.<\/p>\n\n\n\n<p><strong>A nossa recomenda\u00e7\u00e3o:<\/strong><\/p>\n\n\n\n<h3 class=\"wp-block-heading\">La Roche-Posay Retinol B3 - S\u00e9rum Antirrugas<\/h3>\n\n\n\n<p>Uma f\u00f3rmula suave, mesmo para peles sens\u00edveis. Deve ser aplicado \u00e0 noite, come\u00e7ando com pouca frequ\u00eancia. Durante o dia, \u00e9 essencial aplicar sempre protetor solar.<\/p>\n\n\n    <a class='product' target='_blank' href='https:\/\/www.primor.eu\/pt_pt\/la-roche-posay-retinol-b3-serum-antirrugas-13548.html'>\r\n        <img fetchpriority=\"high\" decoding=\"async\" width=\"300\" height=\"300\" loading=\"async\" src=\"https:\/\/cdn2.primor.eu\/media\/catalog\/product\/cache\/8d3aba296f7a18b5251ee30fa5db42b2\/3\/3\/3337875694469_2034.jpg\" alt=\"\" title=\"\">\r\n            <div class=\"claim\">\r\n                 COMPRAR AGORA            <\/div>\r\n        <\/a>\r\n    \n\n\n<h2 class=\"wp-block-heading\">2. Tratamentos antioxidantes: defesa contra os radicais livres<\/h2>\n\n\n\n<p>Os <strong>antioxidantes<\/strong> protegem a pele das agress\u00f5es externas como a polui\u00e7\u00e3o, os raios UV e o stress ambiental. Neutralizam os radicais livres, que aceleram o envelhecimento da pele.<\/p>\n\n\n\n<p><strong>A nossa recomenda\u00e7\u00e3o:<\/strong><\/p>\n\n\n\n<h3 class=\"wp-block-heading\">Vichy Liftactiv Supreme S\u00e9rum Vitamina C<\/h3>\n\n\n\n<p>Rico em vitamina C e E, ilumina intensamente e protege a tua pele. Previne o envelhecimento precoce, fortalece as defesas da pele, uniformiza o tom e alisa a textura.<\/p>\n\n\n    <a class='product' target='_blank' href='https:\/\/www.primor.eu\/pt_pt\/vichy-liftactiv-supreme-serum-vitamina-c-18091.html'>\r\n        <img decoding=\"async\" width=\"300\" height=\"300\" loading=\"async\" src=\"https:\/\/cdn2.primor.eu\/media\/catalog\/product\/cache\/8d3aba296f7a18b5251ee30fa5db42b2\/6\/X\/6XS14831_1_7258.jpg\" alt=\"\" title=\"\">\r\n            <div class=\"claim\">\r\n                 COMPRAR AGORA            <\/div>\r\n        <\/a>\r\n    \n\n\n<h2 class=\"wp-block-heading\">3. Peeling qu\u00edmico em casa: luminosidade e renova\u00e7\u00e3o<\/h2>\n\n\n\n<p>Os \u00e1cidos esfoliantes (<strong>AHA, BHA, PHA<\/strong>) eliminam c\u00e9lulas mortas, melhoram a textura da pele, reduzem manchas e ajudam na absor\u00e7\u00e3o dos ativos seguintes.<\/p>\n\n\n\n<p><strong>A nossa recomenda\u00e7\u00e3o:<\/strong><\/p>\n\n\n\n<h3 class=\"wp-block-heading\">The Ordinary Solution de Peeling AHA 30% + BHA 2%<\/h3>\n\n\n\n<p>Uma esfolia\u00e7\u00e3o semanal com resultados vis\u00edveis. Usa uma vez por semana, sobre a pele limpa e seca. Evita combin\u00e1-lo com outros ativos potencialmente irritantes.<\/p>\n\n\n    <a class='product' target='_blank' href='https:\/\/www.primor.eu\/pt_pt\/the-ordinary-solution-de-peeling-aha-30-bha-2-14762.html'>\r\n        <img decoding=\"async\" width=\"300\" height=\"300\" loading=\"async\" src=\"https:\/\/cdn2.primor.eu\/media\/catalog\/product\/cache\/8d3aba296f7a18b5251ee30fa5db42b2\/6\/X\/6XS08967_1_570c.jpg\" alt=\"\" title=\"\">\r\n            <div class=\"claim\">\r\n                 COMPRAR AGORA            <\/div>\r\n        <\/a>\r\n    \n\n\n<h2 class=\"wp-block-heading\">4. M\u00e1scaras intensivas: refor\u00e7o pontual para peles exigentes<\/h2>\n\n\n\n<p>As m\u00e1scaras faciais bem formuladas oferecem hidrata\u00e7\u00e3o, nutri\u00e7\u00e3o ou repara\u00e7\u00e3o, dependendo da necessidade. Quando usadas com regularidade, ajudam a manter a pele equilibrada, saud\u00e1vel e resistente.<\/p>\n\n\n\n<h2 class=\"wp-block-heading\">5. Cosm\u00e9tica com p\u00e9ptidos: firmeza e estrutura da pele<\/h2>\n\n\n\n<p>Os <strong>p\u00e9ptidos<\/strong> s\u00e3o fragmentos de prote\u00ednas que estimulam a pele a reparar-se, hidratar-se e manter a firmeza. Ajudam a preservar a elasticidade e a tonifica\u00e7\u00e3o da pele com o passar do tempo.<\/p>\n\n\n\n<p><strong>A nossa recomenda\u00e7\u00e3o:<\/strong><\/p>\n\n\n\n<h3 class=\"wp-block-heading\">La Cabine Collagen Booster Creme<\/h3>\n\n\n\n<p>Reestrutura a arquitetura da pele e aumenta os n\u00edveis de colag\u00e9nio e elastina. Pode ser usado de manh\u00e3 e \u00e0 noite, sozinho ou combinado com ativos como a <strong>niacinamida<\/strong> ou o <strong>\u00e1cido hialur\u00f3nico<\/strong>.<\/p>\n\n\n    <a class='product' target='_blank' href='https:\/\/www.primor.eu\/pt_pt\/la-cabine-creme-para-aumentar-o-collagen-106379.html?#854=66330'>\r\n        <img decoding=\"async\" width=\"300\" height=\"300\" loading=\"async\" src=\"https:\/\/cdn2.primor.eu\/media\/catalog\/product\/cache\/8d3aba296f7a18b5251ee30fa5db42b2\/8\/4\/8435534407704_7d36.jpg\" alt=\"\" title=\"\">\r\n            <div class=\"claim\">\r\n                 COMPRAR AGORA            <\/div>\r\n        <\/a>\r\n    \n\n\n<h2 class=\"wp-block-heading\">Em resumo\u2026<\/h2>\n\n\n\n<p>Prolongar a longevidade da pele \u00e9 um compromisso a longo prazo exige <strong>consist\u00eancia<\/strong>, <strong>conhecimento<\/strong> e <strong>os produtos certos<\/strong>. Estes cinco tratamentos atuam em v\u00e1rias frentes: <strong>renova\u00e7\u00e3o<\/strong>, <strong>prote\u00e7\u00e3o<\/strong>, <strong>repara\u00e7\u00e3o<\/strong>, <strong>hidrata\u00e7\u00e3o<\/strong> e <strong>firmeza<\/strong>.<\/p>\n\n\n\n<p>Adapta-os ao teu tipo de pele e idade, e vais notar resultados reais, agora e no futuro.<\/p>\n","protected":false},"excerpt":{"rendered":"<p>Cuidar da pele vai muito al\u00e9m da est\u00e9tica, trata-se de preservar a sua sa\u00fade, prevenir o envelhecimento precoce e manter a fun\u00e7\u00e3o barreira ativa e eficaz. A longevidade cut\u00e2nea assenta em tr\u00eas pilares essenciais: hidrata\u00e7\u00e3o constante, prote\u00e7\u00e3o contra agress\u00f5es externas e renova\u00e7\u00e3o celular adequada. Al\u00e9m da rotina b\u00e1sica com um bom limpador, s\u00e9rum, hidratante e [&hellip;]<\/p>\n","protected":false},"author":6,"featured_media":5788,"comment_status":"closed","ping_status":"closed","sticky":false,"template":"","format":"standard","meta":{"jnews-multi-image_gallery":[],"jnews_single_post":{"format":"standard"},"jnews_primary_category":[],"jnews_social_meta":[],"jnews_override_counter":[],"footnotes":""},"categories":[4,8],"tags":[],"class_list":["post-5785","post","type-post","status-publish","format-standard","has-post-thumbnail","hentry","category-cosmetica","category-dicas-de-beleza"],"_links":{"self":[{"href":"https:\/\/www.primor.eu\/blog\/pt\/wp-json\/wp\/v2\/posts\/5785","targetHints":{"allow":["GET"]}}],"collection":[{"href":"https:\/\/www.primor.eu\/blog\/pt\/wp-json\/wp\/v2\/posts"}],"about":[{"href":"https:\/\/www.primor.eu\/blog\/pt\/wp-json\/wp\/v2\/types\/post"}],"author":[{"embeddable":true,"href":"https:\/\/www.primor.eu\/blog\/pt\/wp-json\/wp\/v2\/users\/6"}],"replies":[{"embeddable":true,"href":"https:\/\/www.primor.eu\/blog\/pt\/wp-json\/wp\/v2\/comments?post=5785"}],"version-history":[{"count":1,"href":"https:\/\/www.primor.eu\/blog\/pt\/wp-json\/wp\/v2\/posts\/5785\/revisions"}],"predecessor-version":[{"id":5789,"href":"https:\/\/www.primor.eu\/blog\/pt\/wp-json\/wp\/v2\/posts\/5785\/revisions\/5789"}],"wp:featuredmedia":[{"embeddable":true,"href":"https:\/\/www.primor.eu\/blog\/pt\/wp-json\/wp\/v2\/media\/5788"}],"wp:attachment":[{"href":"https:\/\/www.primor.eu\/blog\/pt\/wp-json\/wp\/v2\/media?parent=5785"}],"wp:term":[{"taxonomy":"category","embeddable":true,"href":"https:\/\/www.primor.eu\/blog\/pt\/wp-json\/wp\/v2\/categories?post=5785"},{"taxonomy":"post_tag","embeddable":true,"href":"https:\/\/www.primor.eu\/blog\/pt\/wp-json\/wp\/v2\/tags?post=5785"}],"curies":[{"name":"wp","href":"https:\/\/api.w.org\/{rel}","templated":true}]}}