
{"id":5710,"date":"2025-08-07T12:15:26","date_gmt":"2025-08-07T11:15:26","guid":{"rendered":"https:\/\/www.primor.eu\/blog\/pt\/?p=5710"},"modified":"2026-01-29T09:03:49","modified_gmt":"2026-01-29T09:03:49","slug":"cabelo-liso-brilhante-estes-sao-os-melhores-champos","status":"publish","type":"post","link":"https:\/\/www.primor.eu\/blog\/pt\/cabelo-liso-brilhante-estes-sao-os-melhores-champos\/","title":{"rendered":"Cabelo liso e brilhante? Estes s\u00e3o os 12 melhores champ\u00f4s de 2026"},"content":{"rendered":"\n<p>Cuidar do cabelo come\u00e7a por escolher sempre os produtos certos. Um dos passos mais importantes \u00e9 encontrar um bom champ\u00f4, j\u00e1 que o teu cabelo est\u00e1 constantemente exposto a agress\u00f5es externas como a polui\u00e7\u00e3o ou os raios solares. O champ\u00f4 para cabelo liso \u00e9 ideal para manter o cabelo limpo, liso e sem frizz.<\/p>\n\n\n\n<p>A principal fun\u00e7\u00e3o de um champ\u00f4 \u00e9 oxigenar os fol\u00edculos capilares, remover o excesso de oleosidade e impurezas nocivas, al\u00e9m de estimular a circula\u00e7\u00e3o no couro cabeludo. Os champ\u00f4s para cabelo liso t\u00eam uma caracter\u00edstica em comum: s\u00e3o anti-frizz, deixando o cabelo suave, hidratado e muito mais f\u00e1cil de desembara\u00e7ar.<\/p>\n\n\n\n<h2 class=\"wp-block-heading\">Estes s\u00e3o os melhores champ\u00f4s para cabelo liso dispon\u00edveis na Primor<\/h2>\n\n\n        <product-table class=\"pr-slider\">\r\n            <product-headers class=\"grid-table-rows\">\r\n                <div>Foto<\/div>\r\n                <div>Produto<\/div>\r\n                <div>Marca<\/div>\r\n                <div>Avalia\u00e7\u00f5es<\/div>\r\n                <div>Pre\u00e7o<\/div>\r\n            <\/product-headers>\r\n\r\n            <product-list>\r\n                                    <a href=\"https:\/\/www.primor.eu\/pt_pt\/tonno-plus-champo-brazilian-effect-90679.html\" class=\"product-item grid-table-rows\" target=\"_blank\">\r\n                        <div>\r\n                            <img decoding=\"async\" class=\"product-img\" width=\"80px\" height=\"80px\" src=\"https:\/\/cdn2.primor.eu\/media\/catalog\/product\/cache\/8d3aba296f7a18b5251ee30fa5db42b2\/A\/T\/ATTON001_7756719020206_accf.png\" alt=\"\" title=\"\">\r\n                        <\/div>\r\n\r\n                        <!-- Contenido de producto  -->\r\n                        <div>\r\n                            <div class=\"product-position\">\r\n                                #1 Mais Vendidos                            <\/div>\r\n\r\n                            <h2>\r\n                                Champ\u00f4 Brazilian Effect                            <\/h2>\r\n                        <\/div>\r\n\r\n                        <!-- Imagen y\/o nombre de la marca -->\r\n                        <div>\r\n                                                            <img decoding=\"async\" width=\"70\" src=\"https:\/\/www.primor.eu\/media\/catalog\/category\/tonno.PNG\" alt=\"\" title=\"\">\r\n                                                    <\/div>\r\n\r\n                        <!-- Puntuaci\u00f3n del producto  -->\r\n                        <div class=\"rating\">\r\n                                                            <div class=\"rate\" style=\"--p:100;\"><\/div>\r\n                                <b>5\/5<\/b>\r\n                                <div class=\"rate-stars\">\r\n                                                                            <div\r\n                                            class=\"rate-star  \">\r\n                                        <\/div>\r\n                                                                            <div\r\n                                            class=\"rate-star  \">\r\n                                        <\/div>\r\n                                                                            <div\r\n                                            class=\"rate-star  \">\r\n                                        <\/div>\r\n                                                                            <div\r\n                                            class=\"rate-star  \">\r\n                                        <\/div>\r\n                                                                            <div\r\n                                            class=\"rate-star  \">\r\n                                        <\/div>\r\n                                                                    <\/div>\r\n                                                    <\/div>\r\n\r\n                        <!-- Bot\u00f3n de producto  -->\r\n                        <div>\r\n                            <span class=\"price-claim\">\r\n                                VER PRE\u00c7O                            <\/span>\r\n                        <\/div>\r\n                    <\/a>\r\n                                    <a href=\"https:\/\/www.primor.eu\/pt_pt\/kerastase-shampoo-bain-densifique-densite-105584.html?#854=66338\" class=\"product-item grid-table-rows\" target=\"_blank\">\r\n                        <div>\r\n                            <img decoding=\"async\" class=\"product-img\" width=\"80px\" height=\"80px\" src=\"https:\/\/cdn2.primor.eu\/media\/catalog\/product\/cache\/8d3aba296f7a18b5251ee30fa5db42b2\/i\/m\/img_2CC01517_1_0712.jpg\" alt=\"\" title=\"\">\r\n                        <\/div>\r\n\r\n                        <!-- Contenido de producto  -->\r\n                        <div>\r\n                            <div class=\"product-position\">\r\n                                #2                            <\/div>\r\n\r\n                            <h2>\r\n                                Shampoo Bain Densifique Densit\u00e9                            <\/h2>\r\n                        <\/div>\r\n\r\n                        <!-- Imagen y\/o nombre de la marca -->\r\n                        <div>\r\n                                                            <img decoding=\"async\" width=\"70\" src=\"https:\/\/www.primor.eu\/media\/catalog\/category\/k_rastane.jpg\" alt=\"\" title=\"\">\r\n                                                    <\/div>\r\n\r\n                        <!-- Puntuaci\u00f3n del producto  -->\r\n                        <div class=\"rating\">\r\n                                                            <div class=\"rate\" style=\"--p:96;\"><\/div>\r\n                                <b>4.8\/5<\/b>\r\n                                <div class=\"rate-stars\">\r\n                                                                            <div\r\n                                            class=\"rate-star  \">\r\n                                        <\/div>\r\n                                                                            <div\r\n                                            class=\"rate-star  \">\r\n                                        <\/div>\r\n                                                                            <div\r\n                                            class=\"rate-star  \">\r\n                                        <\/div>\r\n                                                                            <div\r\n                                            class=\"rate-star  \">\r\n                                        <\/div>\r\n                                                                            <div\r\n                                            class=\"rate-star  \">\r\n                                        <\/div>\r\n                                                                    <\/div>\r\n                                                    <\/div>\r\n\r\n                        <!-- Bot\u00f3n de producto  -->\r\n                        <div>\r\n                            <span class=\"price-claim\">\r\n                                VER PRE\u00c7O                            <\/span>\r\n                        <\/div>\r\n                    <\/a>\r\n                                    <a href=\"https:\/\/www.primor.eu\/pt_pt\/tresemme-champo-liso-keratina-105595.html?#863=67185\" class=\"product-item grid-table-rows\" target=\"_blank\">\r\n                        <div>\r\n                            <img decoding=\"async\" class=\"product-img\" width=\"80px\" height=\"80px\" src=\"https:\/\/cdn2.primor.eu\/media\/catalog\/product\/cache\/8d3aba296f7a18b5251ee30fa5db42b2\/8\/7\/8720182211002_adca.jpg\" alt=\"\" title=\"\">\r\n                        <\/div>\r\n\r\n                        <!-- Contenido de producto  -->\r\n                        <div>\r\n                            <div class=\"product-position\">\r\n                                #3                            <\/div>\r\n\r\n                            <h2>\r\n                                Champ\u00f4 Liso Keratina                            <\/h2>\r\n                        <\/div>\r\n\r\n                        <!-- Imagen y\/o nombre de la marca -->\r\n                        <div>\r\n                                                            <img decoding=\"async\" width=\"70\" src=\"https:\/\/www.primor.eu\/media\/catalog\/category\/Tresemm_.jpg\" alt=\"\" title=\"\">\r\n                                                    <\/div>\r\n\r\n                        <!-- Puntuaci\u00f3n del producto  -->\r\n                        <div class=\"rating\">\r\n                                                            <div class=\"rate\" style=\"--p:98;\"><\/div>\r\n                                <b>4.9\/5<\/b>\r\n                                <div class=\"rate-stars\">\r\n                                                                            <div\r\n                                            class=\"rate-star  \">\r\n                                        <\/div>\r\n                                                                            <div\r\n                                            class=\"rate-star  \">\r\n                                        <\/div>\r\n                                                                            <div\r\n                                            class=\"rate-star  \">\r\n                                        <\/div>\r\n                                                                            <div\r\n                                            class=\"rate-star  \">\r\n                                        <\/div>\r\n                                                                            <div\r\n                                            class=\"rate-star  \">\r\n                                        <\/div>\r\n                                                                    <\/div>\r\n                                                    <\/div>\r\n\r\n                        <!-- Bot\u00f3n de producto  -->\r\n                        <div>\r\n                            <span class=\"price-claim\">\r\n                                VER PRE\u00c7O                            <\/span>\r\n                        <\/div>\r\n                    <\/a>\r\n                                    <a href=\"https:\/\/www.primor.eu\/pt_pt\/john-frieda-champo-frizz-ease-liso-sem-fios-8683.html\" class=\"product-item grid-table-rows\" target=\"_blank\">\r\n                        <div>\r\n                            <img decoding=\"async\" class=\"product-img\" width=\"80px\" height=\"80px\" src=\"https:\/\/cdn2.primor.eu\/media\/catalog\/product\/cache\/8d3aba296f7a18b5251ee30fa5db42b2\/2\/C\/2CC00355_1_9083.jpg\" alt=\"\" title=\"\">\r\n                        <\/div>\r\n\r\n                        <!-- Contenido de producto  -->\r\n                        <div>\r\n                            <div class=\"product-position\">\r\n                                #4                            <\/div>\r\n\r\n                            <h2>\r\n                                Frizz-ease Champ\u00f4 Flawlessly Straight                            <\/h2>\r\n                        <\/div>\r\n\r\n                        <!-- Imagen y\/o nombre de la marca -->\r\n                        <div>\r\n                                                            <img decoding=\"async\" width=\"70\" src=\"https:\/\/www.primor.eu\/media\/catalog\/category\/JOHN-FRIEDA.jpg\" alt=\"\" title=\"\">\r\n                                                    <\/div>\r\n\r\n                        <!-- Puntuaci\u00f3n del producto  -->\r\n                        <div class=\"rating\">\r\n                                                            <div class=\"rate\" style=\"--p:96;\"><\/div>\r\n                                <b>4.8\/5<\/b>\r\n                                <div class=\"rate-stars\">\r\n                                                                            <div\r\n                                            class=\"rate-star  \">\r\n                                        <\/div>\r\n                                                                            <div\r\n                                            class=\"rate-star  \">\r\n                                        <\/div>\r\n                                                                            <div\r\n                                            class=\"rate-star  \">\r\n                                        <\/div>\r\n                                                                            <div\r\n                                            class=\"rate-star  \">\r\n                                        <\/div>\r\n                                                                            <div\r\n                                            class=\"rate-star  \">\r\n                                        <\/div>\r\n                                                                    <\/div>\r\n                                                    <\/div>\r\n\r\n                        <!-- Bot\u00f3n de producto  -->\r\n                        <div>\r\n                            <span class=\"price-claim\">\r\n                                VER PRE\u00c7O                            <\/span>\r\n                        <\/div>\r\n                    <\/a>\r\n                                    <a href=\"https:\/\/www.primor.eu\/pt_pt\/l-oreal-professionnel-champo-liss-unlimited-da-serie-expert-104268.html?#854=66341\" class=\"product-item grid-table-rows\" target=\"_blank\">\r\n                        <div>\r\n                            <img decoding=\"async\" class=\"product-img\" width=\"80px\" height=\"80px\" src=\"https:\/\/cdn2.primor.eu\/media\/catalog\/product\/cache\/8d3aba296f7a18b5251ee30fa5db42b2\/2\/C\/2CC04104_1_f7fe.jpg\" alt=\"\" title=\"\">\r\n                        <\/div>\r\n\r\n                        <!-- Contenido de producto  -->\r\n                        <div>\r\n                            <div class=\"product-position\">\r\n                                #5                            <\/div>\r\n\r\n                            <h2>\r\n                                Champ\u00f4 Liss Unlimited                            <\/h2>\r\n                        <\/div>\r\n\r\n                        <!-- Imagen y\/o nombre de la marca -->\r\n                        <div>\r\n                                                            <img decoding=\"async\" width=\"70\" src=\"https:\/\/www.primor.eu\/media\/catalog\/category\/loreal.png\" alt=\"\" title=\"\">\r\n                                                    <\/div>\r\n\r\n                        <!-- Puntuaci\u00f3n del producto  -->\r\n                        <div class=\"rating\">\r\n                                                            <div class=\"rate\" style=\"--p:96;\"><\/div>\r\n                                <b>4.8\/5<\/b>\r\n                                <div class=\"rate-stars\">\r\n                                                                            <div\r\n                                            class=\"rate-star  \">\r\n                                        <\/div>\r\n                                                                            <div\r\n                                            class=\"rate-star  \">\r\n                                        <\/div>\r\n                                                                            <div\r\n                                            class=\"rate-star  \">\r\n                                        <\/div>\r\n                                                                            <div\r\n                                            class=\"rate-star  \">\r\n                                        <\/div>\r\n                                                                            <div\r\n                                            class=\"rate-star  \">\r\n                                        <\/div>\r\n                                                                    <\/div>\r\n                                                    <\/div>\r\n\r\n                        <!-- Bot\u00f3n de producto  -->\r\n                        <div>\r\n                            <span class=\"price-claim\">\r\n                                VER PRE\u00c7O                            <\/span>\r\n                        <\/div>\r\n                    <\/a>\r\n                            <\/product-list>\r\n        <\/product-table>\r\n\r\n        \n\n\n<h3 class=\"wp-block-heading\">Garnier Liso &amp; Brilho Champ\u00f4 Cabelo Liso\u00a0<\/h3>\n\n\n\n<p>Um champ\u00f4 fortificante com \u00d3leo de Arg\u00e3o natural e Queratina Vegetal l\u00edquida, conhecida pelas suas propriedades reestruturantes. Limpa e alisa o cabelo de imediato, protegendo a fibra capilar para um liso duradouro sem frizz. Deixa o cabelo limpo, hidratado, suave e com brilho at\u00e9 72 horas de efeito anti-frizz.<\/p>\n\n\n    <a class='product' target='_blank' href='https:\/\/www.primor.eu\/pt_pt\/garnier-champo-fructis-hydra-smooth-8763.html'>\r\n        <img fetchpriority=\"high\" decoding=\"async\" width=\"300\" height=\"300\" loading=\"async\" src=\"https:\/\/cdn2.primor.eu\/media\/catalog\/product\/cache\/8d3aba296f7a18b5251ee30fa5db42b2\/2\/C\/2CC02477_1_24db.jpg\" alt=\"\" title=\"\">\r\n            <div class=\"claim\">\r\n                 COMPRAR AGORA            <\/div>\r\n        <\/a>\r\n    \n\n\n<h3 class=\"wp-block-heading\">John Frieda Frizz-ease Champ\u00f4 Flawlessly Straight<\/h3>\n\n\n\n<p>Com queratina na f\u00f3rmula, hidrata e alisa o cabelo frisado, deixando-o solto e luminoso. Permite um alisamento mais f\u00e1cil e profissional. Garante um liso perfeito com textura melhorada e controlo total do frizz, independentemente do clima.<\/p>\n\n\n    <a class='product' target='_blank' href='https:\/\/www.primor.eu\/pt_pt\/john-frieda-champo-frizz-ease-liso-sem-fios-8683.html'>\r\n        <img decoding=\"async\" width=\"300\" height=\"300\" loading=\"async\" src=\"https:\/\/cdn2.primor.eu\/media\/catalog\/product\/cache\/8d3aba296f7a18b5251ee30fa5db42b2\/2\/C\/2CC00355_1_9083.jpg\" alt=\"\" title=\"\">\r\n            <div class=\"claim\">\r\n                 COMPRAR AGORA            <\/div>\r\n        <\/a>\r\n    \n\n\n<h3 class=\"wp-block-heading\">Be Natural Champ\u00f4 Liso Keratina<\/h3>\n\n\n\n<p>Um verdadeiro ritual de alisamento com queratina, que elimina o frizz e proporciona um liso prolongado. Equilibra a hidrata\u00e7\u00e3o natural da fibra capilar e repara os danos causados por alisamentos e outros tratamentos. Ideal para cabelos lisos ou alisados. Sem sulfatos nem parabenos.<\/p>\n\n\n    <a class='product' target='_blank' href='https:\/\/www.primor.eu\/pt_pt\/be-natural-champo-lisso-keratina-105644.html?#854=66355'>\r\n        <img decoding=\"async\" width=\"300\" height=\"300\" loading=\"async\" src=\"https:\/\/cdn2.primor.eu\/media\/catalog\/product\/cache\/8d3aba296f7a18b5251ee30fa5db42b2\/2\/C\/2CC03239_1_bbb2.jpg\" alt=\"\" title=\"\">\r\n            <div class=\"claim\">\r\n                 COMPRAR AGORA            <\/div>\r\n        <\/a>\r\n    \n\n\n<h3 class=\"wp-block-heading\">Tresemm\u00e9 Liso Keratina Champ\u00f4<\/h3>\n\n\n\n<p>Limpa suavemente e elimina os res\u00edduos. Nutre, reduz o frizz e deixa o cabelo visivelmente mais liso, brilhante e f\u00e1cil de pentear. Aplica sobre o cabelo h\u00famido, massaja com as pontas dos dedos at\u00e9 formar espuma e enxagua completamente.<\/p>\n\n\n    <a class='product' target='_blank' href='https:\/\/www.primor.eu\/pt_pt\/tresemme-champo-liso-keratina-105595.html?#863=67185'>\r\n        <img decoding=\"async\" width=\"300\" height=\"300\" loading=\"async\" src=\"https:\/\/cdn2.primor.eu\/media\/catalog\/product\/cache\/8d3aba296f7a18b5251ee30fa5db42b2\/8\/7\/8720182211002_adca.jpg\" alt=\"\" title=\"\">\r\n            <div class=\"claim\">\r\n                 COMPRAR AGORA            <\/div>\r\n        <\/a>\r\n    \n\n\n<h3 class=\"wp-block-heading\">Ziaja Champ\u00f4 Leite de Cabra<\/h3>\n\n\n\n<p>Fortalece o cabelo seco, danificado e sem brilho. Limpa suavemente e nutre gra\u00e7as \u00e0 sua f\u00f3rmula com queratina e prote\u00ednas de leite de cabra. Reconstr\u00f3i a estrutura do cabelo, melhora a flexibilidade e previne a quebra. D\u00e1 brilho e volume natural.<\/p>\n\n\n    <a class='product' target='_blank' href='https:\/\/www.primor.eu\/pt_pt\/ziaja-champo-de-leite-de-cabra-8747.html'>\r\n        <img decoding=\"async\" width=\"300\" height=\"300\" loading=\"async\" src=\"https:\/\/cdn2.primor.eu\/media\/catalog\/product\/cache\/8d3aba296f7a18b5251ee30fa5db42b2\/2\/C\/2CC02082_1_2174.jpg\" alt=\"\" title=\"\">\r\n            <div class=\"claim\">\r\n                 COMPRAR AGORA            <\/div>\r\n        <\/a>\r\n    \n\n\n<h3 class=\"wp-block-heading\">K\u00e9rastase Champ\u00f4 Bain Densifique Densit\u00e9<\/h3>\n\n\n\n<p>Ideal para cabelo fino e sem volume. Aumenta a densidade capilar e devolve brilho natural e leveza. Estimula os fol\u00edculos inactivos e revitaliza o cabelo. Emulsiona e massaja antes de enxaguar com bastante \u00e1gua.<\/p>\n\n\n    <a class='product' target='_blank' href='https:\/\/www.primor.eu\/pt_pt\/kerastase-shampoo-bain-densifique-densite-105584.html?#854=66338'>\r\n        <img decoding=\"async\" width=\"300\" height=\"300\" loading=\"async\" src=\"https:\/\/cdn2.primor.eu\/media\/catalog\/product\/cache\/8d3aba296f7a18b5251ee30fa5db42b2\/i\/m\/img_2CC01517_1_0712.jpg\" alt=\"\" title=\"\">\r\n            <div class=\"claim\">\r\n                 COMPRAR AGORA            <\/div>\r\n        <\/a>\r\n    \n\n\n<h3 class=\"wp-block-heading\">Secret Code Champ\u00f4 para Cabelos Lisos<\/h3>\n\n\n\n<p>Reduz o frizz e garante um alisamento duradouro. A sua f\u00f3rmula leve, sem parabenos, com queratina e \u00f3leo de grainha de uva, deixa o cabelo liso, suave e sedoso. Facilita a secagem e prolonga a limpeza sem retirar os l\u00edpidos naturais nem abrir as cut\u00edculas.<\/p>\n\n\n    <a class='product' target='_blank' href='https:\/\/www.primor.eu\/pt_pt\/secret-code-champo-para-cabelos-lisos-9517.html'>\r\n        <img decoding=\"async\" width=\"300\" height=\"300\" loading=\"async\" src=\"https:\/\/cdn2.primor.eu\/media\/catalog\/product\/cache\/8d3aba296f7a18b5251ee30fa5db42b2\/2\/C\/2CC03377_1_d68c.jpg\" alt=\"\" title=\"\">\r\n            <div class=\"claim\">\r\n                 COMPRAR AGORA            <\/div>\r\n        <\/a>\r\n    \n\n\n<h3 class=\"wp-block-heading\">Tonno Plus Champ\u00f4 Brazilian Effect<\/h3>\n\n\n\n<p>F\u00f3rmula sem sal, ideal para conservar os cabelos lisos ap\u00f3s terem sido tratados com processos qu\u00edmicos. Enriquecido com Queratina e \u00d3leo de Argan, componentes importantes que ajudar\u00e3o a manter o alisamento brasileiro por muito mais tempo e com maior naturalidade, protegendo-o dos agentes externos que podem danificar a estrutura do cabelo.<\/p>\n\n\n    <a class='product' target='_blank' href='https:\/\/www.primor.eu\/pt_pt\/tonno-plus-champo-brazilian-effect-90679.html'>\r\n        <img decoding=\"async\" width=\"300\" height=\"300\" loading=\"async\" src=\"https:\/\/cdn2.primor.eu\/media\/catalog\/product\/cache\/8d3aba296f7a18b5251ee30fa5db42b2\/A\/T\/ATTON001_7756719020206_accf.png\" alt=\"\" title=\"\">\r\n            <div class=\"claim\">\r\n                 COMPRAR AGORA            <\/div>\r\n        <\/a>\r\n    \n\n\n<h3 class=\"wp-block-heading\">Nuggela &amp; Sul\u00e9 Champ\u00f4 Polin\u00e9sia-Keratina<\/h3>\n\n\n\n<p>Perfeito ap\u00f3s tratamentos de Queratina, Botox Capilar ou Hialur\u00f3nico. Fortalece desde a fibra capilar at\u00e9 ao fol\u00edculo, melhora o brilho natural, hidrata, d\u00e1 volume, estimula o crescimento e reduz o frizz. Sem sulfatos, sais, parabenos nem silicones.<\/p>\n\n\n    <a class='product' target='_blank' href='https:\/\/www.primor.eu\/pt_pt\/nuggela-sule-champo-polinesia-queratina-105911.html?#854=66338'>\r\n        <img decoding=\"async\" width=\"300\" height=\"300\" loading=\"async\" src=\"https:\/\/cdn2.primor.eu\/media\/catalog\/product\/cache\/8d3aba296f7a18b5251ee30fa5db42b2\/6\/X\/6XS09015_1_9d8b.jpg\" alt=\"\" title=\"\">\r\n            <div class=\"claim\">\r\n                 COMPRAR AGORA            <\/div>\r\n        <\/a>\r\n    \n\n\n<h3 class=\"wp-block-heading\">OGX Champ\u00f4 Kuku\u00ed Oil<\/h3>\n\n\n\n<p>Com \u00f3leo de noz de Kuku\u00ed, elimina o frizz e deixa o cabelo suave, hidratado e sedoso. A sua f\u00f3rmula resistente \u00e0 humidade garante um cabelo brilhante e anti-frizz. Sem parabenos nem sulfatos. Ideal para uso di\u00e1rio.<\/p>\n\n\n    <a class='product' target='_blank' href='https:\/\/www.primor.eu\/pt_pt\/ogx-champo-anti-frisado-9109.html'>\r\n        <img decoding=\"async\" width=\"300\" height=\"300\" loading=\"async\" src=\"https:\/\/cdn2.primor.eu\/media\/catalog\/product\/cache\/8d3aba296f7a18b5251ee30fa5db42b2\/2\/C\/2CC02986_1_0f8b.jpg\" alt=\"\" title=\"\">\r\n            <div class=\"claim\">\r\n                 COMPRAR AGORA            <\/div>\r\n        <\/a>\r\n    \n\n\n<h3 class=\"wp-block-heading\">Maui Hibiscus Water Champ\u00f4<\/h3>\n\n\n\n<p>Com hibisco, maracuj\u00e1 e melancia, deixa o cabelo leve, liso e deliciosamente perfumado. Hidrata, nutre e suaviza desde a primeira aplica\u00e7\u00e3o. F\u00f3rmula vegana, sem silicones nem parabenos. Para melhores resultados, combina com o condicionador Hibiscus Water da marca.<\/p>\n\n\n    <a class='product' target='_blank' href='https:\/\/www.primor.eu\/pt_pt\/maui-champo-hidratante-com-agua-de-hibisco-9876.html'>\r\n        <img decoding=\"async\" width=\"300\" height=\"300\" loading=\"async\" src=\"https:\/\/cdn2.primor.eu\/media\/catalog\/product\/cache\/8d3aba296f7a18b5251ee30fa5db42b2\/2\/C\/2CC03861_1_f930.jpg\" alt=\"\" title=\"\">\r\n            <div class=\"claim\">\r\n                 COMPRAR AGORA            <\/div>\r\n        <\/a>\r\n    \n\n\n<h3 class=\"wp-block-heading\">L'Or\u00e9al Professionnel Liss Unlimited Champ\u00f4 Alisador<\/h3>\n\n\n\n<p>Limpa e purifica o cabelo, garantindo at\u00e9 4 dias sem frizz. Ideal para cabelos rebeldes, com carac\u00f3is ou muito volume. Com prote\u00ednas e amino\u00e1cidos, hidrata, suaviza e devolve o brilho. Facilita o desembara\u00e7ar e permite alcan\u00e7ar o styling perfeito.<\/p>\n\n\n    <a class='product' target='_blank' href='https:\/\/www.primor.eu\/pt_pt\/l-oreal-professionnel-champo-liss-unlimited-da-serie-expert-104268.html?#854=66341'>\r\n        <img decoding=\"async\" width=\"300\" height=\"300\" loading=\"async\" src=\"https:\/\/cdn2.primor.eu\/media\/catalog\/product\/cache\/8d3aba296f7a18b5251ee30fa5db42b2\/2\/C\/2CC04104_1_f7fe.jpg\" alt=\"\" title=\"\">\r\n            <div class=\"claim\">\r\n                 COMPRAR AGORA            <\/div>\r\n        <\/a>\r\n    ","protected":false},"excerpt":{"rendered":"<p>Cuidar do cabelo come\u00e7a por escolher sempre os produtos certos. Um dos passos mais importantes \u00e9 encontrar um bom champ\u00f4, j\u00e1 que o teu cabelo est\u00e1 constantemente exposto a agress\u00f5es externas como a polui\u00e7\u00e3o ou os raios solares. O champ\u00f4 para cabelo liso \u00e9 ideal para manter o cabelo limpo, liso e sem frizz. A [&hellip;]<\/p>\n","protected":false},"author":6,"featured_media":5712,"comment_status":"closed","ping_status":"closed","sticky":false,"template":"","format":"standard","meta":{"jnews-multi-image_gallery":[],"jnews_single_post":{"format":"standard"},"jnews_primary_category":[],"jnews_social_meta":[],"jnews_override_counter":[],"footnotes":""},"categories":[5],"tags":[],"class_list":["post-5710","post","type-post","status-publish","format-standard","has-post-thumbnail","hentry","category-cabelo"],"_links":{"self":[{"href":"https:\/\/www.primor.eu\/blog\/pt\/wp-json\/wp\/v2\/posts\/5710","targetHints":{"allow":["GET"]}}],"collection":[{"href":"https:\/\/www.primor.eu\/blog\/pt\/wp-json\/wp\/v2\/posts"}],"about":[{"href":"https:\/\/www.primor.eu\/blog\/pt\/wp-json\/wp\/v2\/types\/post"}],"author":[{"embeddable":true,"href":"https:\/\/www.primor.eu\/blog\/pt\/wp-json\/wp\/v2\/users\/6"}],"replies":[{"embeddable":true,"href":"https:\/\/www.primor.eu\/blog\/pt\/wp-json\/wp\/v2\/comments?post=5710"}],"version-history":[{"count":3,"href":"https:\/\/www.primor.eu\/blog\/pt\/wp-json\/wp\/v2\/posts\/5710\/revisions"}],"predecessor-version":[{"id":6253,"href":"https:\/\/www.primor.eu\/blog\/pt\/wp-json\/wp\/v2\/posts\/5710\/revisions\/6253"}],"wp:featuredmedia":[{"embeddable":true,"href":"https:\/\/www.primor.eu\/blog\/pt\/wp-json\/wp\/v2\/media\/5712"}],"wp:attachment":[{"href":"https:\/\/www.primor.eu\/blog\/pt\/wp-json\/wp\/v2\/media?parent=5710"}],"wp:term":[{"taxonomy":"category","embeddable":true,"href":"https:\/\/www.primor.eu\/blog\/pt\/wp-json\/wp\/v2\/categories?post=5710"},{"taxonomy":"post_tag","embeddable":true,"href":"https:\/\/www.primor.eu\/blog\/pt\/wp-json\/wp\/v2\/tags?post=5710"}],"curies":[{"name":"wp","href":"https:\/\/api.w.org\/{rel}","templated":true}]}}