
{"id":5643,"date":"2025-08-01T12:59:22","date_gmt":"2025-08-01T11:59:22","guid":{"rendered":"https:\/\/www.primor.eu\/blog\/pt\/?p=5643"},"modified":"2025-08-01T12:59:24","modified_gmt":"2025-08-01T11:59:24","slug":"melhores-coloracoes-sem-amoniaco-cabelo","status":"publish","type":"post","link":"https:\/\/www.primor.eu\/blog\/pt\/melhores-coloracoes-sem-amoniaco-cabelo\/","title":{"rendered":"Recomendados: as 11 melhores colora\u00e7\u00f5es sem amon\u00edaco para cuidares do teu cabelo"},"content":{"rendered":"\n<p>Diz-se por a\u00ed que pintar e colorir o cabelo \u00e9 sin\u00f3nimo de o danificar. Que os ingredientes qu\u00edmicos presentes nas colora\u00e7\u00f5es s\u00e3o agressivos e acabam por estragar o cabelo. E, de facto, o principal culpado desta \u201clenda\u201d,&nbsp; bem fundamentada, \u00e9 o amon\u00edaco, um composto qu\u00edmico que abre a cut\u00edcula do cabelo para que o pigmento penetre. Essa \u00e9 a sua principal vantagem. No entanto, uma colora\u00e7\u00e3o n\u00e3o precisa dele para garantir uma cobertura total dos cabelos brancos. \u00c9 precisamente esse o mito que as marcas que apostam nas colora\u00e7\u00f5es sem amon\u00edaco querem desconstruir.<\/p>\n\n\n\n<p>H\u00e1 alguns anos, o amon\u00edaco estava presente em praticamente todos os produtos de colora\u00e7\u00e3o, mas atualmente s\u00e3o cada vez mais as marcas de cosm\u00e9tica que oferecem colora\u00e7\u00f5es sem amon\u00edaco com uma efic\u00e1cia equivalente, mas com muito mais cuidado e prote\u00e7\u00e3o para o cabelo, gra\u00e7as aos \u00f3leos com que costumam ser enriquecidas. E esse \u00e9 um passo fundamental quando queres cuidar e proteger o teu cabelo todos os dias.<\/p>\n\n\n\n<h2 class=\"wp-block-heading\">Quais s\u00e3o os benef\u00edcios da colora\u00e7\u00e3o sem amon\u00edaco?<\/h2>\n\n\n\n<p>Se est\u00e1s a pensar mudar para uma colora\u00e7\u00e3o sem amon\u00edaco, vais deixar de ter d\u00favidas quando conheceres algumas das vantagens deste tipo de produto:<\/p>\n\n\n\n<ul class=\"wp-block-list\">\n<li>N\u00e3o danifica o cabelo como as colora\u00e7\u00f5es com amon\u00edaco<br><\/li>\n\n\n\n<li>Garante cobertura total dos cabelos brancos<br><\/li>\n\n\n\n<li>\u00c9 compat\u00edvel com tratamentos qu\u00edmicos como a queratina<br><\/li>\n\n\n\n<li>Proporciona brilho e uma cor intensa ao cabelo<br><\/li>\n<\/ul>\n\n\n\n<p>Se costumas usar colora\u00e7\u00e3o com frequ\u00eancia, seja para cobrir os brancos ou porque adoras mudar de visual, mas sentes que o teu cabelo est\u00e1 a sofrer com tanta colora\u00e7\u00e3o, apresentamos-te esta sele\u00e7\u00e3o de colora\u00e7\u00f5es sem amon\u00edaco perfeitas para ti, cuidam do teu cabelo enquanto mant\u00eam a cor que tanto gostas.<\/p>\n\n\n\n<h2 class=\"wp-block-heading\">As 11 melhores colora\u00e7\u00f5es sem amon\u00edaco que encontras na Primor<\/h2>\n\n\n        <product-table class=\"pr-slider\">\r\n            <product-headers class=\"grid-table-rows\">\r\n                <div>Foto<\/div>\r\n                <div>Produto<\/div>\r\n                <div>Marca<\/div>\r\n                <div>Avalia\u00e7\u00f5es<\/div>\r\n                <div>Pre\u00e7o<\/div>\r\n            <\/product-headers>\r\n\r\n            <product-list>\r\n                                    <a href=\"https:\/\/www.primor.eu\/pt_pt\/garnier-colorac-o-permanente-olia-113071.html?#755=39781\" class=\"product-item grid-table-rows\" target=\"_blank\">\r\n                        <div>\r\n                            <img decoding=\"async\" class=\"product-img\" width=\"80px\" height=\"80px\" src=\"https:\/\/cdn2.primor.eu\/media\/catalog\/product\/cache\/8d3aba296f7a18b5251ee30fa5db42b2\/2\/C\/2CT02249_1_68a2.jpg\" alt=\"\" title=\"\">\r\n                        <\/div>\r\n\r\n                        <!-- Contenido de producto  -->\r\n                        <div>\r\n                            <div class=\"product-position\">\r\n                                #1 Mais Vendidos                            <\/div>\r\n\r\n                            <h2>\r\n                                Colora\u00e7\u00e3o Permanente Olia                            <\/h2>\r\n                        <\/div>\r\n\r\n                        <!-- Imagen y\/o nombre de la marca -->\r\n                        <div>\r\n                                                            <img decoding=\"async\" width=\"70\" src=\"https:\/\/www.primor.eu\/media\/catalog\/category\/Garnier.jpg\" alt=\"\" title=\"\">\r\n                                                    <\/div>\r\n\r\n                        <!-- Puntuaci\u00f3n del producto  -->\r\n                        <div class=\"rating\">\r\n                                                            <div class=\"rate\" style=\"--p:94;\"><\/div>\r\n                                <b>4.7\/5<\/b>\r\n                                <div class=\"rate-stars\">\r\n                                                                            <div\r\n                                            class=\"rate-star  \">\r\n                                        <\/div>\r\n                                                                            <div\r\n                                            class=\"rate-star  \">\r\n                                        <\/div>\r\n                                                                            <div\r\n                                            class=\"rate-star  \">\r\n                                        <\/div>\r\n                                                                            <div\r\n                                            class=\"rate-star  \">\r\n                                        <\/div>\r\n                                                                            <div\r\n                                            class=\"rate-star  \">\r\n                                        <\/div>\r\n                                                                    <\/div>\r\n                                                    <\/div>\r\n\r\n                        <!-- Bot\u00f3n de producto  -->\r\n                        <div>\r\n                            <span class=\"price-claim\">\r\n                                VER PRE\u00c7O                            <\/span>\r\n                        <\/div>\r\n                    <\/a>\r\n                                    <a href=\"https:\/\/www.primor.eu\/pt_pt\/llongueras-colorac-o-permanente-optima-113072.html?#755=39782\" class=\"product-item grid-table-rows\" target=\"_blank\">\r\n                        <div>\r\n                            <img decoding=\"async\" class=\"product-img\" width=\"80px\" height=\"80px\" src=\"https:\/\/cdn2.primor.eu\/media\/catalog\/product\/cache\/8d3aba296f7a18b5251ee30fa5db42b2\/2\/C\/2CT00572_1_9b96.jpg\" alt=\"\" title=\"\">\r\n                        <\/div>\r\n\r\n                        <!-- Contenido de producto  -->\r\n                        <div>\r\n                            <div class=\"product-position\">\r\n                                #2                            <\/div>\r\n\r\n                            <h2>\r\n                                Colora\u00e7\u00e3o Permanente Optima                            <\/h2>\r\n                        <\/div>\r\n\r\n                        <!-- Imagen y\/o nombre de la marca -->\r\n                        <div>\r\n                                                            <img decoding=\"async\" width=\"70\" src=\"https:\/\/www.primor.eu\/media\/catalog\/category\/367.jpg\" alt=\"\" title=\"\">\r\n                                                    <\/div>\r\n\r\n                        <!-- Puntuaci\u00f3n del producto  -->\r\n                        <div class=\"rating\">\r\n                                                            <div class=\"rate\" style=\"--p:96;\"><\/div>\r\n                                <b>4.8\/5<\/b>\r\n                                <div class=\"rate-stars\">\r\n                                                                            <div\r\n                                            class=\"rate-star  \">\r\n                                        <\/div>\r\n                                                                            <div\r\n                                            class=\"rate-star  \">\r\n                                        <\/div>\r\n                                                                            <div\r\n                                            class=\"rate-star  \">\r\n                                        <\/div>\r\n                                                                            <div\r\n                                            class=\"rate-star  \">\r\n                                        <\/div>\r\n                                                                            <div\r\n                                            class=\"rate-star  \">\r\n                                        <\/div>\r\n                                                                    <\/div>\r\n                                                    <\/div>\r\n\r\n                        <!-- Bot\u00f3n de producto  -->\r\n                        <div>\r\n                            <span class=\"price-claim\">\r\n                                VER PRE\u00c7O                            <\/span>\r\n                        <\/div>\r\n                    <\/a>\r\n                                    <a href=\"https:\/\/www.primor.eu\/pt_pt\/garnier-boa-colorac-o-permanente-sem-amoniaco-113100.html?#755=80075\" class=\"product-item grid-table-rows\" target=\"_blank\">\r\n                        <div>\r\n                            <img decoding=\"async\" class=\"product-img\" width=\"80px\" height=\"80px\" src=\"https:\/\/cdn2.primor.eu\/media\/catalog\/product\/cache\/8d3aba296f7a18b5251ee30fa5db42b2\/3\/6\/3600542518864_6670.jpg\" alt=\"\" title=\"\">\r\n                        <\/div>\r\n\r\n                        <!-- Contenido de producto  -->\r\n                        <div>\r\n                            <div class=\"product-position\">\r\n                                #3                            <\/div>\r\n\r\n                            <h2>\r\n                                Good Colora\u00e7\u00e3o Permanente sem Amon\u00edaco                            <\/h2>\r\n                        <\/div>\r\n\r\n                        <!-- Imagen y\/o nombre de la marca -->\r\n                        <div>\r\n                                                            <img decoding=\"async\" width=\"70\" src=\"https:\/\/www.primor.eu\/media\/catalog\/category\/Garnier.jpg\" alt=\"\" title=\"\">\r\n                                                    <\/div>\r\n\r\n                        <!-- Puntuaci\u00f3n del producto  -->\r\n                        <div class=\"rating\">\r\n                                                            <div class=\"rate\" style=\"--p:96;\"><\/div>\r\n                                <b>4.8\/5<\/b>\r\n                                <div class=\"rate-stars\">\r\n                                                                            <div\r\n                                            class=\"rate-star  \">\r\n                                        <\/div>\r\n                                                                            <div\r\n                                            class=\"rate-star  \">\r\n                                        <\/div>\r\n                                                                            <div\r\n                                            class=\"rate-star  \">\r\n                                        <\/div>\r\n                                                                            <div\r\n                                            class=\"rate-star  \">\r\n                                        <\/div>\r\n                                                                            <div\r\n                                            class=\"rate-star  \">\r\n                                        <\/div>\r\n                                                                    <\/div>\r\n                                                    <\/div>\r\n\r\n                        <!-- Bot\u00f3n de producto  -->\r\n                        <div>\r\n                            <span class=\"price-claim\">\r\n                                VER PRE\u00c7O                            <\/span>\r\n                        <\/div>\r\n                    <\/a>\r\n                                    <a href=\"https:\/\/www.primor.eu\/pt_pt\/l-oreal-paris-excellence-creme-universal-nudes-tints-113098.html?#755=40385\" class=\"product-item grid-table-rows\" target=\"_blank\">\r\n                        <div>\r\n                            <img decoding=\"async\" class=\"product-img\" width=\"80px\" height=\"80px\" src=\"https:\/\/cdn2.primor.eu\/media\/catalog\/product\/cache\/8d3aba296f7a18b5251ee30fa5db42b2\/2\/C\/2CT02430_1_4c15.jpg\" alt=\"\" title=\"\">\r\n                        <\/div>\r\n\r\n                        <!-- Contenido de producto  -->\r\n                        <div>\r\n                            <div class=\"product-position\">\r\n                                #4                            <\/div>\r\n\r\n                            <h2>\r\n                                Excellence Creme Colora\u00e7\u00e3o Universal Nudes                            <\/h2>\r\n                        <\/div>\r\n\r\n                        <!-- Imagen y\/o nombre de la marca -->\r\n                        <div>\r\n                                                            <img decoding=\"async\" width=\"70\" src=\"https:\/\/www.primor.eu\/media\/catalog\/category\/loreal-paris.png\" alt=\"\" title=\"\">\r\n                                                    <\/div>\r\n\r\n                        <!-- Puntuaci\u00f3n del producto  -->\r\n                        <div class=\"rating\">\r\n                                                            <div class=\"rate\" style=\"--p:96;\"><\/div>\r\n                                <b>4.8\/5<\/b>\r\n                                <div class=\"rate-stars\">\r\n                                                                            <div\r\n                                            class=\"rate-star  \">\r\n                                        <\/div>\r\n                                                                            <div\r\n                                            class=\"rate-star  \">\r\n                                        <\/div>\r\n                                                                            <div\r\n                                            class=\"rate-star  \">\r\n                                        <\/div>\r\n                                                                            <div\r\n                                            class=\"rate-star  \">\r\n                                        <\/div>\r\n                                                                            <div\r\n                                            class=\"rate-star  \">\r\n                                        <\/div>\r\n                                                                    <\/div>\r\n                                                    <\/div>\r\n\r\n                        <!-- Bot\u00f3n de producto  -->\r\n                        <div>\r\n                            <span class=\"price-claim\">\r\n                                VER PRE\u00c7O                            <\/span>\r\n                        <\/div>\r\n                    <\/a>\r\n                                    <a href=\"https:\/\/www.primor.eu\/pt_pt\/palette-palette-naturals-colorac-o-permanente-sem-amoniaco-113093.html?#755=39775\" class=\"product-item grid-table-rows\" target=\"_blank\">\r\n                        <div>\r\n                            <img decoding=\"async\" class=\"product-img\" width=\"80px\" height=\"80px\" src=\"https:\/\/cdn2.primor.eu\/media\/catalog\/product\/cache\/8d3aba296f7a18b5251ee30fa5db42b2\/2\/C\/2CT02181_1_ee7c.jpg\" alt=\"\" title=\"\">\r\n                        <\/div>\r\n\r\n                        <!-- Contenido de producto  -->\r\n                        <div>\r\n                            <div class=\"product-position\">\r\n                                #5                            <\/div>\r\n\r\n                            <h2>\r\n                                NATURALS Colora\u00e7\u00e3o Permanente Sem Amon\u00edaco                            <\/h2>\r\n                        <\/div>\r\n\r\n                        <!-- Imagen y\/o nombre de la marca -->\r\n                        <div>\r\n                                                            <img decoding=\"async\" width=\"70\" src=\"https:\/\/www.primor.eu\/media\/catalog\/category\/Palette.jpg\" alt=\"\" title=\"\">\r\n                                                    <\/div>\r\n\r\n                        <!-- Puntuaci\u00f3n del producto  -->\r\n                        <div class=\"rating\">\r\n                                                            <div class=\"rate\" style=\"--p:94;\"><\/div>\r\n                                <b>4.7\/5<\/b>\r\n                                <div class=\"rate-stars\">\r\n                                                                            <div\r\n                                            class=\"rate-star  \">\r\n                                        <\/div>\r\n                                                                            <div\r\n                                            class=\"rate-star  \">\r\n                                        <\/div>\r\n                                                                            <div\r\n                                            class=\"rate-star  \">\r\n                                        <\/div>\r\n                                                                            <div\r\n                                            class=\"rate-star  \">\r\n                                        <\/div>\r\n                                                                            <div\r\n                                            class=\"rate-star  \">\r\n                                        <\/div>\r\n                                                                    <\/div>\r\n                                                    <\/div>\r\n\r\n                        <!-- Bot\u00f3n de producto  -->\r\n                        <div>\r\n                            <span class=\"price-claim\">\r\n                                VER PRE\u00c7O                            <\/span>\r\n                        <\/div>\r\n                    <\/a>\r\n                            <\/product-list>\r\n        <\/product-table>\r\n\r\n        \n\n\n<h3 class=\"wp-block-heading\">Garnier Colora\u00e7\u00e3o Permanente Olia<\/h3>\n\n\n\n<p>A f\u00f3rmula desta colora\u00e7\u00e3o cont\u00e9m 60% de \u00f3leos florais, que impulsionam a cor at\u00e9 ao interior da fibra capilar, proporcionando uma express\u00e3o m\u00e1xima. A tecnologia ODS (Oil Delivery System) \u00e9 eficaz e permite eliminar completamente o amon\u00edaco.<\/p>\n\n\n    <a class='product' target='_blank' href='https:\/\/www.primor.eu\/pt_pt\/garnier-colorac-o-permanente-olia-113071.html?#755=39781'>\r\n        <img fetchpriority=\"high\" decoding=\"async\" width=\"300\" height=\"300\" loading=\"async\" src=\"https:\/\/cdn2.primor.eu\/media\/catalog\/product\/cache\/8d3aba296f7a18b5251ee30fa5db42b2\/2\/C\/2CT02249_1_68a2.jpg\" alt=\"\" title=\"\">\r\n            <div class=\"claim\">\r\n                 COMPRAR AGORA            <\/div>\r\n        <\/a>\r\n    \n\n\n<h3 class=\"wp-block-heading\">Llongueras Colora\u00e7\u00e3o Permanente Optima<\/h3>\n\n\n\n<p>LLONGUERAS Optima utiliza um sistema \u00fanico que come\u00e7a com a aplica\u00e7\u00e3o de um gel colorante, suave para a fibra capilar gra\u00e7as \u00e0 tecnologia em \u00f3leo (com \u00f3leo de macad\u00e2mia e rosa mosqueta) e \u00e0 aus\u00eancia de amon\u00edaco. Depois, um champ\u00f4 antioxidante protege a cut\u00edcula e termina com uma m\u00e1scara com filtro solar que preserva a cor.<\/p>\n\n\n    <a class='product' target='_blank' href='https:\/\/www.primor.eu\/pt_pt\/llongueras-colorac-o-permanente-optima-113072.html?#755=39782'>\r\n        <img decoding=\"async\" width=\"300\" height=\"300\" loading=\"async\" src=\"https:\/\/cdn2.primor.eu\/media\/catalog\/product\/cache\/8d3aba296f7a18b5251ee30fa5db42b2\/2\/C\/2CT00572_1_9b96.jpg\" alt=\"\" title=\"\">\r\n            <div class=\"claim\">\r\n                 COMPRAR AGORA            <\/div>\r\n        <\/a>\r\n    \n\n\n<h3 class=\"wp-block-heading\">Farmatint Gel Colora\u00e7\u00e3o Permanente<\/h3>\n\n\n\n<p>A colora\u00e7\u00e3o permanente da FARMATINT est\u00e1 agora enriquecida com Active Color Complex, que cont\u00e9m filtro solar natural e ceramidas. N\u00e3o tem amon\u00edaco e inclui ingredientes vegetais ativos.<\/p>\n\n\n    <a class='product' target='_blank' href='https:\/\/www.primor.eu\/pt_pt\/farmatint-corantes-113103.html?#755=39823'>\r\n        <img decoding=\"async\" width=\"300\" height=\"300\" loading=\"async\" src=\"https:\/\/cdn2.primor.eu\/media\/catalog\/product\/cache\/8d3aba296f7a18b5251ee30fa5db42b2\/6\/X\/6XS01266_1_7d26.jpg\" alt=\"\" title=\"\">\r\n            <div class=\"claim\">\r\n                 COMPRAR AGORA            <\/div>\r\n        <\/a>\r\n    \n\n\n<h3 class=\"wp-block-heading\">Syoss Colora\u00e7\u00e3o Permanente Oleo Intense<\/h3>\n\n\n\n<p>Com uma f\u00f3rmula sem amon\u00edaco e rica em \u00f3leos, cuida do cabelo enquanto garante cobertura profissional dos cabelos brancos. Os \u00f3leos intensificam a penetra\u00e7\u00e3o dos pigmentos, oferecendo uma cor intensa e duradoura.<\/p>\n\n\n    <a class='product' target='_blank' href='https:\/\/www.primor.eu\/pt_pt\/syoss-colorac-o-permanente-oleo-intense-113091.html?#755=40011'>\r\n        <img decoding=\"async\" width=\"300\" height=\"300\" loading=\"async\" src=\"https:\/\/cdn2.primor.eu\/media\/catalog\/product\/cache\/8d3aba296f7a18b5251ee30fa5db42b2\/2\/C\/2CT02150_1_eedb.jpg\" alt=\"\" title=\"\">\r\n            <div class=\"claim\">\r\n                 COMPRAR AGORA            <\/div>\r\n        <\/a>\r\n    \n\n\n<h3 class=\"wp-block-heading\">Revlon COLOR SILK Colora\u00e7\u00e3o Sem Amon\u00edaco<\/h3>\n\n\n\n<p>Desenvolvida para penetrar em cada fio de cabelo, a f\u00f3rmula suave e sem amon\u00edaco inclui um condicionador com prote\u00ednas de seda a aplicar ap\u00f3s a colora\u00e7\u00e3o. O cabelo fica mais sedoso, brilhante e com um aspeto mais saud\u00e1vel.<\/p>\n\n\n    <a class='product' target='_blank' href='https:\/\/www.primor.eu\/pt_pt\/revlon-colorac-o-permanente-sem-amonia-colorsilk-113075.html?#755=39951'>\r\n        <img decoding=\"async\" width=\"300\" height=\"300\" loading=\"async\" src=\"https:\/\/cdn2.primor.eu\/media\/catalog\/product\/cache\/8d3aba296f7a18b5251ee30fa5db42b2\/2\/C\/2CT00725_1_95c4.jpg\" alt=\"\" title=\"\">\r\n            <div class=\"claim\">\r\n                 COMPRAR AGORA            <\/div>\r\n        <\/a>\r\n    \n\n\n<h3 class=\"wp-block-heading\">Garnier GOOD Colora\u00e7\u00e3o Permanente Sem Amon\u00edaco da GARNIER<\/h3>\n\n\n\n<p>Uma f\u00f3rmula vegana, sem amon\u00edaco e com 90% de ingredientes de origem natural. Oferece cobertura total de cabelos brancos, uma cor brilhante e natural, e um cabelo visivelmente mais saud\u00e1vel e nutrido.<\/p>\n\n\n    <a class='product' target='_blank' href='https:\/\/www.primor.eu\/pt_pt\/garnier-boa-colorac-o-permanente-sem-amoniaco-113100.html?#755=80075'>\r\n        <img decoding=\"async\" width=\"300\" height=\"300\" loading=\"async\" src=\"https:\/\/cdn2.primor.eu\/media\/catalog\/product\/cache\/8d3aba296f7a18b5251ee30fa5db42b2\/3\/6\/3600542518864_6670.jpg\" alt=\"\" title=\"\">\r\n            <div class=\"claim\">\r\n                 COMPRAR AGORA            <\/div>\r\n        <\/a>\r\n    \n\n\n<h3 class=\"wp-block-heading\">L'Or\u00e9al Par\u00eds Excellence Creme Colora\u00e7\u00e3o Universal Nudes<\/h3>\n\n\n\n<p>Uma gama ampla de 10 tons universais que favorecem todos os tons de pele. A f\u00f3rmula de Triplo Cuidado protege o cabelo antes, durante e depois da colora\u00e7\u00e3o.<\/p>\n\n\n    <a class='product' target='_blank' href='https:\/\/www.primor.eu\/pt_pt\/l-oreal-paris-excellence-creme-universal-nudes-tints-113098.html?#755=40385'>\r\n        <img decoding=\"async\" width=\"300\" height=\"300\" loading=\"async\" src=\"https:\/\/cdn2.primor.eu\/media\/catalog\/product\/cache\/8d3aba296f7a18b5251ee30fa5db42b2\/2\/C\/2CT02430_1_4c15.jpg\" alt=\"\" title=\"\">\r\n            <div class=\"claim\">\r\n                 COMPRAR AGORA            <\/div>\r\n        <\/a>\r\n    \n\n\n<h3 class=\"wp-block-heading\">L'Or\u00e9al Par\u00eds Casting Natural Gloss Colora\u00e7\u00e3o Sem Amon\u00edaco<\/h3>\n\n\n\n<p>Colora\u00e7\u00e3o semi-permanente que oferece cor intensa e brilho radiante. Com 90% de ingredientes naturais e enriquecida com mel, proporciona cobertura \u00f3tima dos brancos e suaviza o cabelo desde a raiz.<\/p>\n\n\n    <a class='product' target='_blank' href='https:\/\/www.primor.eu\/pt_pt\/l-oreal-paris-casting-natural-gloss-colorac-o-sem-amoniaco-113099.html?#755=78380'>\r\n        <img decoding=\"async\" width=\"300\" height=\"300\" loading=\"async\" src=\"https:\/\/cdn2.primor.eu\/media\/catalog\/product\/cache\/8d3aba296f7a18b5251ee30fa5db42b2\/l\/_\/l_oreal_paris_casting_natural_gloss_coloracion_sin_amoniaco_ca50.jpg\" alt=\"\" title=\"\">\r\n            <div class=\"claim\">\r\n                 COMPRAR AGORA            <\/div>\r\n        <\/a>\r\n    \n\n\n<h3 class=\"wp-block-heading\">Miss Magic Colora\u00e7\u00e3o Sem Amon\u00edaco<\/h3>\n\n\n\n<p>A colora\u00e7\u00e3o sem amon\u00edaco da MISS MAGIC cont\u00e9m \u00f3leo de jojoba para nutrir e regenerar, \u00f3leo de abacate para proteger e suavizar, \u00f3leo de am\u00eandoas para um cabelo vivo e saud\u00e1vel, e \u00f3leo de silicone para brilho.<\/p>\n\n\n    <a class='product' target='_blank' href='https:\/\/www.primor.eu\/pt_pt\/miss-magic-colorac-o-sem-amonia-113080.html?#755=39774'>\r\n        <img decoding=\"async\" width=\"300\" height=\"300\" loading=\"async\" src=\"https:\/\/cdn2.primor.eu\/media\/catalog\/product\/cache\/8d3aba296f7a18b5251ee30fa5db42b2\/2\/C\/2CT01229_1_166d.jpg\" alt=\"\" title=\"\">\r\n            <div class=\"claim\">\r\n                 COMPRAR AGORA            <\/div>\r\n        <\/a>\r\n    \n\n\n<h3 class=\"wp-block-heading\">Palette NATURALS Colora\u00e7\u00e3o Permanente Sem Amon\u00edaco<\/h3>\n\n\n\n<p>Descobre esta colora\u00e7\u00e3o permanente que cobre 100% dos cabelos brancos, agora sem amon\u00edaco. Com ingredientes naturais espec\u00edficos, proporciona uma cor natural e cuidado total do teu cabelo.<\/p>\n\n\n    <a class='product' target='_blank' href='https:\/\/www.primor.eu\/pt_pt\/palette-palette-naturals-colorac-o-permanente-sem-amoniaco-113093.html?#755=39775'>\r\n        <img decoding=\"async\" width=\"300\" height=\"300\" loading=\"async\" src=\"https:\/\/cdn2.primor.eu\/media\/catalog\/product\/cache\/8d3aba296f7a18b5251ee30fa5db42b2\/2\/C\/2CT02181_1_ee7c.jpg\" alt=\"\" title=\"\">\r\n            <div class=\"claim\">\r\n                 COMPRAR AGORA            <\/div>\r\n        <\/a>\r\n    \n\n\n<h3 class=\"wp-block-heading\">Garnier COLOR SENSATION Color Shampoo Retouch Sem Amon\u00edaco<\/h3>\n\n\n\n<p>A f\u00f3rmula sem amon\u00edaco garante um processo suave que respeita o couro cabeludo. A tecnologia semi-permanente \u00e9 ideal para quem quer manter uma cor vibrante de forma simples e eficaz.<\/p>\n\n\n    <a class='product' target='_blank' href='https:\/\/www.primor.eu\/pt_pt\/garnier-colour-sensation-color-shampoo-retouch-colorac-o-113102.html?#755=39774'>\r\n        <img decoding=\"async\" width=\"300\" height=\"300\" loading=\"async\" src=\"https:\/\/cdn2.primor.eu\/media\/catalog\/product\/cache\/8d3aba296f7a18b5251ee30fa5db42b2\/3\/6\/3600542563871_1_0d09.jpg\" alt=\"\" title=\"\">\r\n            <div class=\"claim\">\r\n                 COMPRAR AGORA            <\/div>\r\n        <\/a>\r\n    ","protected":false},"excerpt":{"rendered":"<p>Diz-se por a\u00ed que pintar e colorir o cabelo \u00e9 sin\u00f3nimo de o danificar. Que os ingredientes qu\u00edmicos presentes nas colora\u00e7\u00f5es s\u00e3o agressivos e acabam por estragar o cabelo. E, de facto, o principal culpado desta \u201clenda\u201d,&nbsp; bem fundamentada, \u00e9 o amon\u00edaco, um composto qu\u00edmico que abre a cut\u00edcula do cabelo para que o pigmento [&hellip;]<\/p>\n","protected":false},"author":6,"featured_media":5645,"comment_status":"closed","ping_status":"closed","sticky":false,"template":"","format":"standard","meta":{"jnews-multi-image_gallery":[],"jnews_single_post":{"format":"standard"},"jnews_primary_category":[],"jnews_social_meta":[],"jnews_override_counter":[],"footnotes":""},"categories":[5],"tags":[],"class_list":["post-5643","post","type-post","status-publish","format-standard","has-post-thumbnail","hentry","category-cabelo"],"_links":{"self":[{"href":"https:\/\/www.primor.eu\/blog\/pt\/wp-json\/wp\/v2\/posts\/5643","targetHints":{"allow":["GET"]}}],"collection":[{"href":"https:\/\/www.primor.eu\/blog\/pt\/wp-json\/wp\/v2\/posts"}],"about":[{"href":"https:\/\/www.primor.eu\/blog\/pt\/wp-json\/wp\/v2\/types\/post"}],"author":[{"embeddable":true,"href":"https:\/\/www.primor.eu\/blog\/pt\/wp-json\/wp\/v2\/users\/6"}],"replies":[{"embeddable":true,"href":"https:\/\/www.primor.eu\/blog\/pt\/wp-json\/wp\/v2\/comments?post=5643"}],"version-history":[{"count":1,"href":"https:\/\/www.primor.eu\/blog\/pt\/wp-json\/wp\/v2\/posts\/5643\/revisions"}],"predecessor-version":[{"id":5646,"href":"https:\/\/www.primor.eu\/blog\/pt\/wp-json\/wp\/v2\/posts\/5643\/revisions\/5646"}],"wp:featuredmedia":[{"embeddable":true,"href":"https:\/\/www.primor.eu\/blog\/pt\/wp-json\/wp\/v2\/media\/5645"}],"wp:attachment":[{"href":"https:\/\/www.primor.eu\/blog\/pt\/wp-json\/wp\/v2\/media?parent=5643"}],"wp:term":[{"taxonomy":"category","embeddable":true,"href":"https:\/\/www.primor.eu\/blog\/pt\/wp-json\/wp\/v2\/categories?post=5643"},{"taxonomy":"post_tag","embeddable":true,"href":"https:\/\/www.primor.eu\/blog\/pt\/wp-json\/wp\/v2\/tags?post=5643"}],"curies":[{"name":"wp","href":"https:\/\/api.w.org\/{rel}","templated":true}]}}