
{"id":5548,"date":"2025-07-18T13:11:27","date_gmt":"2025-07-18T12:11:27","guid":{"rendered":"https:\/\/www.primor.eu\/blog\/pt\/?p=5548"},"modified":"2025-07-18T13:11:28","modified_gmt":"2025-07-18T12:11:28","slug":"oleo-jojoba-melhor-aliado-rotina","status":"publish","type":"post","link":"https:\/\/www.primor.eu\/blog\/pt\/oleo-jojoba-melhor-aliado-rotina\/","title":{"rendered":"O \u00f3leo de jojoba: o melhor aliado da tua rotina"},"content":{"rendered":"\n<p>O uso de<strong> \u00f3leos essenciais <\/strong>est\u00e1 na moda. A par do \u00f3leo de <strong>arg\u00e3o, de r\u00edcino ou de coco, o \u00f3leo de jojoba<\/strong> tornou-se um dos mais populares gra\u00e7as \u00e0s suas in\u00fameras propriedades e benef\u00edcios para a pele e o cabelo. Embora n\u00e3o se trate de um tratamento dermatol\u00f3gico propriamente dito, o uso deste \u00f3leo \u00e9 ideal para responder a diferentes necessidades da pele e do cabelo, sendo um aliado perfeito para a tua rotina.<\/p>\n\n\n\n<h2 class=\"wp-block-heading\">Porque deves usar \u00f3leo de jojoba?<\/h2>\n\n\n\n<p>\u00c9 um produto de <a href=\"https:\/\/www.primor.eu\/pt_pt\/cosmetica-natural-e-organica\">cosm\u00e9tica natural<\/a> proveniente das sementes da planta de jojoba, origin\u00e1ria do sul dos Estados Unidos e do norte da Am\u00e9rica Central. Tem uma cor dourada brilhante e destaca-se pela sua longa dura\u00e7\u00e3o. Devido aos seus m\u00faltiplos benef\u00edcios, \u00e9 utilizado em champ\u00f4s e outros produtos capilares, batons, maquilhagem, cremes faciais e corporais. E tamb\u00e9m pode ser aplicado diretamente na forma de \u00f3leo puro.<\/p>\n\n\n\n<p>\u00c9 rico em vitamina E, \u00e1cidos gordos e outros nutrientes ideais para cuidar da tua pele e do teu cabelo.<\/p>\n\n\n\n<h3 class=\"wp-block-heading\">Principais benef\u00edcios:<\/h3>\n\n\n\n<p><strong>1. Hidrata\u00e7\u00e3o<\/strong> - Gra\u00e7as aos seus compostos oleosos, como as ceramidas, ajuda a manter a pele hidratada e saud\u00e1vel. \u00c9 composto por l\u00edpidos nanoestruturados que reduzem a perda de \u00e1gua transepid\u00e9rmica, ajudando a manter a hidrata\u00e7\u00e3o, sendo perfeito para peles com tend\u00eancia \u00e0 secura e desidrata\u00e7\u00e3o.<\/p>\n\n\n\n<p><strong>2. Prote\u00e7\u00e3o contra os radicais livres (Adeus, envelhecimento precoce!)<\/strong> - Os seus \u00e1cidos gordos e a vitamina E ajudam a proteger a pele contra os radicais livres, prevenindo o stress oxidativo associado a rugas e linhas finas. Destaca-se ainda pela sua fun\u00e7\u00e3o protetora e reparadora, que atenua os efeitos negativos dos raios UV e combate o envelhecimento precoce.<\/p>\n\n\n\n<p><strong>3. A\u00e7\u00e3o antiseborreica<\/strong> - Apesar de ser um \u00f3leo, tem um efeito antiseborreico e anti-inflamat\u00f3rio que ajuda a tratar problemas como o acne. \u00c9 um \u00f3leo com propriedades antimicrobianas que inibem o crescimento das bact\u00e9rias causadoras de acne, sendo um aliado ideal nestes tratamentos.<\/p>\n\n\n\n<p><strong>4. Hidrata, trata e cuida do couro cabeludo<\/strong> - O \u00f3leo de jojoba tornou-se um ingrediente precioso nos produtos de cuidado capilar gra\u00e7as ao seu valor nutritivo e \u00e0s suas propriedades antimicrobianas, antif\u00fangicas, antiproliferativas e antimic\u00f3ticas. Previne a caspa, as infe\u00e7\u00f5es, hidrata as ra\u00edzes, reduz a secura, favorece o crescimento do cabelo e ajuda a diminuir a queda.<\/p>\n\n\n\n<p><strong>5. Nutri\u00e7\u00e3o capilar, pontas menos espigadas e mais brilho<\/strong> - Gra\u00e7as \u00e0 sua composi\u00e7\u00e3o rica em vitamina E, \u00e1cidos gordos e minerais, revitaliza o cabelo, melhora o aspeto do teu cabelo e aumenta o brilho. Nutre o cabelo fr\u00e1gil, reduzindo a quebra e reparando as pontas espigadas.<\/p>\n\n\n\n<h2 class=\"wp-block-heading\">Produtos recomendados com \u00f3leo de jojoba:<\/h2>\n\n\n        <product-table class=\"pr-slider\">\r\n            <product-headers class=\"grid-table-rows\">\r\n                <div>Foto<\/div>\r\n                <div>Produto<\/div>\r\n                <div>Marca<\/div>\r\n                <div>Avalia\u00e7\u00f5es<\/div>\r\n                <div>Pre\u00e7o<\/div>\r\n            <\/product-headers>\r\n\r\n            <product-list>\r\n                                    <a href=\"https:\/\/www.primor.eu\/pt_pt\/l-oreal-professionnel-serie-expert-champo-recarregavel-vitamino-color-com-resveratrol-cabelos-tratados-com-corantes-113610.html\" class=\"product-item grid-table-rows\" target=\"_blank\">\r\n                        <div>\r\n                            <img decoding=\"async\" class=\"product-img\" width=\"80px\" height=\"80px\" src=\"https:\/\/cdn2.primor.eu\/media\/catalog\/product\/cache\/8d3aba296f7a18b5251ee30fa5db42b2\/3\/4\/3474637242190_1_c65d.jpg\" alt=\"\" title=\"\">\r\n                        <\/div>\r\n\r\n                        <!-- Contenido de producto  -->\r\n                        <div>\r\n                            <div class=\"product-position\">\r\n                                #1 Mais Vendidos                            <\/div>\r\n\r\n                            <h2>\r\n                                Serie Expert Champ\u00f4 Recarreg\u00e1vel Vitamino Color                            <\/h2>\r\n                        <\/div>\r\n\r\n                        <!-- Imagen y\/o nombre de la marca -->\r\n                        <div>\r\n                                                            <img decoding=\"async\" width=\"70\" src=\"https:\/\/www.primor.eu\/media\/catalog\/category\/loreal.png\" alt=\"\" title=\"\">\r\n                                                    <\/div>\r\n\r\n                        <!-- Puntuaci\u00f3n del producto  -->\r\n                        <div class=\"rating\">\r\n                                                            <div class=\"rate\" style=\"--p:98;\"><\/div>\r\n                                <b>4.9\/5<\/b>\r\n                                <div class=\"rate-stars\">\r\n                                                                            <div\r\n                                            class=\"rate-star  \">\r\n                                        <\/div>\r\n                                                                            <div\r\n                                            class=\"rate-star  \">\r\n                                        <\/div>\r\n                                                                            <div\r\n                                            class=\"rate-star  \">\r\n                                        <\/div>\r\n                                                                            <div\r\n                                            class=\"rate-star  \">\r\n                                        <\/div>\r\n                                                                            <div\r\n                                            class=\"rate-star  \">\r\n                                        <\/div>\r\n                                                                    <\/div>\r\n                                                    <\/div>\r\n\r\n                        <!-- Bot\u00f3n de producto  -->\r\n                        <div>\r\n                            <span class=\"price-claim\">\r\n                                VER PRE\u00c7O                            <\/span>\r\n                        <\/div>\r\n                    <\/a>\r\n                                    <a href=\"https:\/\/www.primor.eu\/pt_pt\/arganour-oleo-puro-de-jojoba-bio-14128.html\" class=\"product-item grid-table-rows\" target=\"_blank\">\r\n                        <div>\r\n                            <img decoding=\"async\" class=\"product-img\" width=\"80px\" height=\"80px\" src=\"https:\/\/cdn2.primor.eu\/media\/catalog\/product\/cache\/8d3aba296f7a18b5251ee30fa5db42b2\/2\/B\/2BL02452_1_26bd.jpg\" alt=\"\" title=\"\">\r\n                        <\/div>\r\n\r\n                        <!-- Contenido de producto  -->\r\n                        <div>\r\n                            <div class=\"product-position\">\r\n                                #2                            <\/div>\r\n\r\n                            <h2>\r\n                                \u00d3leo de Jojoba Bio                            <\/h2>\r\n                        <\/div>\r\n\r\n                        <!-- Imagen y\/o nombre de la marca -->\r\n                        <div>\r\n                                                            <img decoding=\"async\" width=\"70\" src=\"https:\/\/www.primor.eu\/media\/catalog\/category\/arganour.jpg\" alt=\"\" title=\"\">\r\n                                                    <\/div>\r\n\r\n                        <!-- Puntuaci\u00f3n del producto  -->\r\n                        <div class=\"rating\">\r\n                                                            <div class=\"rate\" style=\"--p:96;\"><\/div>\r\n                                <b>4.8\/5<\/b>\r\n                                <div class=\"rate-stars\">\r\n                                                                            <div\r\n                                            class=\"rate-star  \">\r\n                                        <\/div>\r\n                                                                            <div\r\n                                            class=\"rate-star  \">\r\n                                        <\/div>\r\n                                                                            <div\r\n                                            class=\"rate-star  \">\r\n                                        <\/div>\r\n                                                                            <div\r\n                                            class=\"rate-star  \">\r\n                                        <\/div>\r\n                                                                            <div\r\n                                            class=\"rate-star  \">\r\n                                        <\/div>\r\n                                                                    <\/div>\r\n                                                    <\/div>\r\n\r\n                        <!-- Bot\u00f3n de producto  -->\r\n                        <div>\r\n                            <span class=\"price-claim\">\r\n                                VER PRE\u00c7O                            <\/span>\r\n                        <\/div>\r\n                    <\/a>\r\n                                    <a href=\"https:\/\/www.primor.eu\/pt_pt\/organic-skincare-serum-anti-envelhecimento-14912.html\" class=\"product-item grid-table-rows\" target=\"_blank\">\r\n                        <div>\r\n                            <img decoding=\"async\" class=\"product-img\" width=\"80px\" height=\"80px\" src=\"https:\/\/cdn2.primor.eu\/media\/catalog\/product\/cache\/8d3aba296f7a18b5251ee30fa5db42b2\/0\/T\/0TF08737_1_1adc.jpg\" alt=\"\" title=\"\">\r\n                        <\/div>\r\n\r\n                        <!-- Contenido de producto  -->\r\n                        <div>\r\n                            <div class=\"product-position\">\r\n                                #3                            <\/div>\r\n\r\n                            <h2>\r\n                                S\u00e9rum Antienvelhecimento                            <\/h2>\r\n                        <\/div>\r\n\r\n                        <!-- Imagen y\/o nombre de la marca -->\r\n                        <div>\r\n                                                            <img decoding=\"async\" width=\"70\" src=\"https:\/\/www.primor.eu\/media\/catalog\/category\/Organic-Skincare.jpg\" alt=\"\" title=\"\">\r\n                                                    <\/div>\r\n\r\n                        <!-- Puntuaci\u00f3n del producto  -->\r\n                        <div class=\"rating\">\r\n                                                            <div class=\"rate\" style=\"--p:98;\"><\/div>\r\n                                <b>4.9\/5<\/b>\r\n                                <div class=\"rate-stars\">\r\n                                                                            <div\r\n                                            class=\"rate-star  \">\r\n                                        <\/div>\r\n                                                                            <div\r\n                                            class=\"rate-star  \">\r\n                                        <\/div>\r\n                                                                            <div\r\n                                            class=\"rate-star  \">\r\n                                        <\/div>\r\n                                                                            <div\r\n                                            class=\"rate-star  \">\r\n                                        <\/div>\r\n                                                                            <div\r\n                                            class=\"rate-star  \">\r\n                                        <\/div>\r\n                                                                    <\/div>\r\n                                                    <\/div>\r\n\r\n                        <!-- Bot\u00f3n de producto  -->\r\n                        <div>\r\n                            <span class=\"price-claim\">\r\n                                VER PRE\u00c7O                            <\/span>\r\n                        <\/div>\r\n                    <\/a>\r\n                            <\/product-list>\r\n        <\/product-table>\r\n\r\n        \n\n\n<h3 class=\"wp-block-heading\">L'Or\u00e9al Professionnel Serie Expert Champ\u00f4 Recarreg\u00e1vel Vitamino Color<\/h3>\n\n\n\n<p>Est\u00e9e Lauder Pure Color Envy Paint On Liquid Lip Color Mate: O Gloss Pure Color Envy Paint On Liquid Lip Color Mate da Est\u00e9e Lauder \u00e9 facilmente aplicado com um aplicador de ponta de precis\u00e3o para uma aplica\u00e7\u00e3o perfeita de uma \u00fanica aplica\u00e7\u00e3o.<\/p>\n\n\n    <a class='product' target='_blank' href='https:\/\/www.primor.eu\/pt_pt\/l-oreal-professionnel-serie-expert-champo-recarregavel-vitamino-color-com-resveratrol-cabelos-tratados-com-corantes-113610.html'>\r\n        <img fetchpriority=\"high\" decoding=\"async\" width=\"300\" height=\"300\" loading=\"async\" src=\"https:\/\/cdn2.primor.eu\/media\/catalog\/product\/cache\/8d3aba296f7a18b5251ee30fa5db42b2\/3\/4\/3474637242190_1_c65d.jpg\" alt=\"\" title=\"\">\r\n            <div class=\"claim\">\r\n                 COMPRAR AGORA            <\/div>\r\n        <\/a>\r\n    \n\n\n<h3 class=\"wp-block-heading\">Est\u00e9e Lauder Pure Color Envy Paint On Liquid Lip Color Mate<\/h3>\n\n\n\n<p>A cole\u00e7\u00e3o de batons l\u00edquidos Kiss Catcher cuida dos teus l\u00e1bios enquanto os embeleza com uma f\u00f3rmula que inclui manteiga de karit\u00e9, \u00f3leo de jojoba e p\u00e9ptidos naturais e emolientes. Hidrata\u00e7\u00e3o imediata e prote\u00e7\u00e3o contra agress\u00f5es externas.<\/p>\n\n\n    <a class='product' target='_blank' href='https:\/\/www.primor.eu\/pt_pt\/estee-lauder-pure-color-envy-paint-on-liquid-lip-color-mate-108132.html?#803=56694'>\r\n        <img decoding=\"async\" width=\"300\" height=\"300\" loading=\"async\" src=\"https:\/\/cdn2.primor.eu\/media\/catalog\/product\/cache\/8d3aba296f7a18b5251ee30fa5db42b2\/0\/M\/0ML19828_1_e67c.jpg\" alt=\"\" title=\"\">\r\n            <div class=\"claim\">\r\n                 COMPRAR AGORA            <\/div>\r\n        <\/a>\r\n    \n\n\n<h3 class=\"wp-block-heading\">Arganour \u00d3leo de Jojoba Bio<\/h3>\n\n\n\n<p>Este \u00f3leo puro de jojoba pode ser integrado diretamente na tua rotina, oferecendo todos os seus benef\u00edcios para cuidar do cabelo e da pele. Ajuda a controlar a oleosidade e a caspa, estimula o crescimento capilar, hidrata a pele e previne rugas. Tamb\u00e9m combate borbulhas, pontos negros, seborreia, irrita\u00e7\u00f5es, erup\u00e7\u00f5es e outras condi\u00e7\u00f5es cut\u00e2neas.<\/p>\n\n\n    <a class='product' target='_blank' href='https:\/\/www.primor.eu\/pt_pt\/arganour-oleo-puro-de-jojoba-bio-14128.html'>\r\n        <img decoding=\"async\" width=\"300\" height=\"300\" loading=\"async\" src=\"https:\/\/cdn2.primor.eu\/media\/catalog\/product\/cache\/8d3aba296f7a18b5251ee30fa5db42b2\/2\/B\/2BL02452_1_26bd.jpg\" alt=\"\" title=\"\">\r\n            <div class=\"claim\">\r\n                 COMPRAR AGORA            <\/div>\r\n        <\/a>\r\n    \n\n\n<h3 class=\"wp-block-heading\">Organic Skincare S\u00e9rum Antienvelhecimento<\/h3>\n\n\n\n<p>ORGANIC SKINCARE FACIAL SERUM: S\u00e9rum antienvelhecimento da Organic Skincare da Pers\u00e9, cosm\u00e9tica natural que respeita e cuida da sua pele. O S\u00e9rum Anti-Idade Nutritivo Organic Skincare combate os efeitos do envelhecimento gra\u00e7as \u00e0 sua f\u00f3rmula rica em artem\u00edsia, hialuronato de s\u00f3dio e vitamina E. Este s\u00e9rum tamb\u00e9m nutre e protege a pele e d\u00e1-lhe um tom matte, gra\u00e7as \u00e0 sua composi\u00e7\u00e3o de azeite e \u00f3leo de jojoba.<\/p>\n\n\n    <a class='product' target='_blank' href='https:\/\/www.primor.eu\/pt_pt\/organic-skincare-serum-anti-envelhecimento-14912.html'>\r\n        <img decoding=\"async\" width=\"300\" height=\"300\" loading=\"async\" src=\"https:\/\/cdn2.primor.eu\/media\/catalog\/product\/cache\/8d3aba296f7a18b5251ee30fa5db42b2\/0\/T\/0TF08737_1_1adc.jpg\" alt=\"\" title=\"\">\r\n            <div class=\"claim\">\r\n                 COMPRAR AGORA            <\/div>\r\n        <\/a>\r\n    \n\n\n<h3 class=\"wp-block-heading\">Lanc\u00f4me R\u00e9nergie Multi-Lift Creme de Dia Refirmante e Antirrugas com FPS 15<\/h3>\n\n\n\n<p>Este creme de dia redefine e rejuvenesce o teu rosto, combatendo as rugas e os sinais do tempo. Devolve firmeza \u00e0 pele e redefine os contornos do rosto.<\/p>\n\n\n    <a class='product' target='_blank' href='https:\/\/www.primor.eu\/pt_pt\/lancome-renergie-multi-lift-creme-de-dia-refirmante-e-antirrugas-com-fps-15-lancome-106214.html?#854=66330'>\r\n        <img decoding=\"async\" width=\"300\" height=\"300\" loading=\"async\" src=\"https:\/\/cdn2.primor.eu\/media\/catalog\/product\/cache\/8d3aba296f7a18b5251ee30fa5db42b2\/3\/6\/3614270264900_1_a104.jpg\" alt=\"\" title=\"\">\r\n            <div class=\"claim\">\r\n                 COMPRAR AGORA            <\/div>\r\n        <\/a>\r\n    \n\n\n<h3 class=\"wp-block-heading\">Guerlain Emuls\u00e3o Super Aqua Universal<\/h3>\n\n\n\n<p>Ideal para hidratar a pele e tratar os primeiros sinais de envelhecimento. Refor\u00e7a a pele para lhe dar um aspeto bonito e radiante. Formulada com 95% de ingredientes de origem natural, com destaque para a jojoba.<\/p>\n\n\n    <a class='product' target='_blank' href='https:\/\/www.primor.eu\/pt_pt\/guerlain-emuls-o-universal-super-aqua-13911.html'>\r\n        <img decoding=\"async\" width=\"300\" height=\"300\" loading=\"async\" src=\"https:\/\/cdn2.primor.eu\/media\/catalog\/product\/cache\/8d3aba296f7a18b5251ee30fa5db42b2\/0\/T\/0TF18629_1_665e.jpg\" alt=\"\" title=\"\">\r\n            <div class=\"claim\">\r\n                 COMPRAR AGORA            <\/div>\r\n        <\/a>\r\n    \n\n\n<p><\/p>\n","protected":false},"excerpt":{"rendered":"<p>O uso de \u00f3leos essenciais est\u00e1 na moda. A par do \u00f3leo de arg\u00e3o, de r\u00edcino ou de coco, o \u00f3leo de jojoba tornou-se um dos mais populares gra\u00e7as \u00e0s suas in\u00fameras propriedades e benef\u00edcios para a pele e o cabelo. Embora n\u00e3o se trate de um tratamento dermatol\u00f3gico propriamente dito, o uso deste \u00f3leo [&hellip;]<\/p>\n","protected":false},"author":6,"featured_media":5549,"comment_status":"closed","ping_status":"closed","sticky":false,"template":"","format":"standard","meta":{"jnews-multi-image_gallery":[],"jnews_single_post":{"format":"standard"},"jnews_primary_category":[],"jnews_social_meta":[],"jnews_override_counter":[],"footnotes":""},"categories":[4],"tags":[],"class_list":["post-5548","post","type-post","status-publish","format-standard","has-post-thumbnail","hentry","category-cosmetica"],"_links":{"self":[{"href":"https:\/\/www.primor.eu\/blog\/pt\/wp-json\/wp\/v2\/posts\/5548","targetHints":{"allow":["GET"]}}],"collection":[{"href":"https:\/\/www.primor.eu\/blog\/pt\/wp-json\/wp\/v2\/posts"}],"about":[{"href":"https:\/\/www.primor.eu\/blog\/pt\/wp-json\/wp\/v2\/types\/post"}],"author":[{"embeddable":true,"href":"https:\/\/www.primor.eu\/blog\/pt\/wp-json\/wp\/v2\/users\/6"}],"replies":[{"embeddable":true,"href":"https:\/\/www.primor.eu\/blog\/pt\/wp-json\/wp\/v2\/comments?post=5548"}],"version-history":[{"count":1,"href":"https:\/\/www.primor.eu\/blog\/pt\/wp-json\/wp\/v2\/posts\/5548\/revisions"}],"predecessor-version":[{"id":5550,"href":"https:\/\/www.primor.eu\/blog\/pt\/wp-json\/wp\/v2\/posts\/5548\/revisions\/5550"}],"wp:featuredmedia":[{"embeddable":true,"href":"https:\/\/www.primor.eu\/blog\/pt\/wp-json\/wp\/v2\/media\/5549"}],"wp:attachment":[{"href":"https:\/\/www.primor.eu\/blog\/pt\/wp-json\/wp\/v2\/media?parent=5548"}],"wp:term":[{"taxonomy":"category","embeddable":true,"href":"https:\/\/www.primor.eu\/blog\/pt\/wp-json\/wp\/v2\/categories?post=5548"},{"taxonomy":"post_tag","embeddable":true,"href":"https:\/\/www.primor.eu\/blog\/pt\/wp-json\/wp\/v2\/tags?post=5548"}],"curies":[{"name":"wp","href":"https:\/\/api.w.org\/{rel}","templated":true}]}}