
{"id":5508,"date":"2025-07-11T12:36:24","date_gmt":"2025-07-11T11:36:24","guid":{"rendered":"https:\/\/www.primor.eu\/blog\/pt\/?p=5508"},"modified":"2025-07-11T12:36:26","modified_gmt":"2025-07-11T11:36:26","slug":"cosmeticos-mala-truques-salvar-viagem","status":"publish","type":"post","link":"https:\/\/www.primor.eu\/blog\/pt\/cosmeticos-mala-truques-salvar-viagem\/","title":{"rendered":"Levar cosm\u00e9ticos na mala: como evitar dramas na viagem"},"content":{"rendered":"\n<p>Levar produtos de <strong><a href=\"https:\/\/www.primor.eu\/pt_pt\/produtos-em-formato-de-viagem\">cosm\u00e9tica na mala<\/a><\/strong> pode ser um verdadeiro desafio. Todas concordamos que as regras sobre l\u00edquidos nos voos s\u00e3o complicadas. E mesmo que tenhas os<a href=\"https:\/\/www.primor.eu\/pt_pt\/primor-kit-de-viagem-bolsa-de-toalete-57974.html\"> frascos perfeitos<\/a>, para evitares derrames, quebras ou surpresas desagrad\u00e1veis durante a viagem, h\u00e1 alguns passos que deves seguir para chegares ao teu destino de f\u00e9rias sem preocupa\u00e7\u00f5es.<\/p>\n\n\n\n<h2 class=\"wp-block-heading\">Como levar cosm\u00e9ticos na mala<\/h2>\n\n\n\n<ul class=\"wp-block-list\">\n<li><strong>Escolhe frascos herm\u00e9ticos e resistentes<\/strong> para colocar os teus produtos l\u00edquidos, como cremes, lo\u00e7\u00f5es ou bases. Podes encontrar frascos pr\u00f3prios para viagem em lojas de artigos de viagem ou online.<\/li>\n\n\n\n<li><strong>Garante que os frascos est\u00e3o bem fechados<\/strong> e, se poss\u00edvel, usa fita adesiva ou um selante para evitar fugas.<\/li>\n\n\n\n<li><strong>Organiza por tipo e tamanho.<\/strong> Pode parecer exagerado, mas facilita muito. O nosso conselho \u00e9 agrupar os teus produtos por categoria (maquilhagem, cuidados de pele, etc.) e por tamanho, para facilitar o acesso e evitar confus\u00f5es.<\/li>\n\n\n\n<li><strong>Protec\u00e7\u00e3o adicional.<\/strong> Coloca os produtos mais fr\u00e1geis ou suscet\u00edveis a partir no centro da mala, rodeados por roupa ou tecidos macios para absorver impactos.<\/li>\n\n\n\n<li><strong>Tem aten\u00e7\u00e3o \u00e0s restri\u00e7\u00f5es de l\u00edquidos.<\/strong> Se fores viajar de avi\u00e3o, certifica-te de que cumpres as regras de seguran\u00e7a (geralmente, frascos de at\u00e9 100 ml, todos colocados num saco transparente de 1 litro).<\/li>\n\n\n\n<li><strong>Consulta as pol\u00edticas de seguran\u00e7a do aeroporto e da companhia a\u00e9rea<\/strong>, para estares a par de restri\u00e7\u00f5es adicionais relacionadas com cosm\u00e9ticos ou l\u00edquidos.<\/li>\n\n\n\n<li><strong>Evita derrames com duplo fecho.<\/strong> Para produtos com tampas soltas ou que possam abrir-se, considera usar pel\u00edcula aderente ou sacos pl\u00e1sticos com fecho herm\u00e9tico como prote\u00e7\u00e3o extra.<\/li>\n\n\n\n<li><strong>Aten\u00e7\u00e3o \u00e0 press\u00e3o e temperatura.<\/strong> As mudan\u00e7as de press\u00e3o nos voos podem fazer com que os frascos expandam ou contraiam. Por isso, n\u00e3o os enchas at\u00e9 ao topo e certifica-te de que est\u00e3o bem fechados.<\/li>\n\n\n\n<li><strong>Faz uma lista com todos os produtos que vais levar,<\/strong> para n\u00e3o te esqueceres de nada e facilitar as inspe\u00e7\u00f5es no aeroporto.<\/li>\n\n\n\n<li><strong>Verifica se os produtos s\u00e3o permitidos.<\/strong> Se viajares para o estrangeiro, consulta as regulamenta\u00e7\u00f5es locais para garantir que os produtos que levas contigo n\u00e3o s\u00e3o proibidos no destino.<\/li>\n\n\n\n<li><strong>Leva um pequeno n\u00e9cessaire de emerg\u00eancia<\/strong> com toalhitas desmaquilhantes, discos de algod\u00e3o, cotonetes e um creme hidratante, idealmente na mala de m\u00e3o, para retoques r\u00e1pidos durante a viagem.<\/li>\n<\/ul>\n\n\n\n<h2 class=\"wp-block-heading\">Essenciais para levares na tua mala de viagem<\/h2>\n\n\n        <product-table class=\"pr-slider\">\r\n            <product-headers class=\"grid-table-rows\">\r\n                <div>Foto<\/div>\r\n                <div>Produto<\/div>\r\n                <div>Marca<\/div>\r\n                <div>Avalia\u00e7\u00f5es<\/div>\r\n                <div>Pre\u00e7o<\/div>\r\n            <\/product-headers>\r\n\r\n            <product-list>\r\n                                    <a href=\"https:\/\/www.primor.eu\/pt_pt\/idc-institute-gel-hidratante-de-aloe-vera-106088.html?#854=66452\" class=\"product-item grid-table-rows\" target=\"_blank\">\r\n                        <div>\r\n                            <img decoding=\"async\" class=\"product-img\" width=\"80px\" height=\"80px\" src=\"https:\/\/cdn2.primor.eu\/media\/catalog\/product\/cache\/8d3aba296f7a18b5251ee30fa5db42b2\/2\/B\/2BL03579_1_51b6.jpg\" alt=\"\" title=\"\">\r\n                        <\/div>\r\n\r\n                        <!-- Contenido de producto  -->\r\n                        <div>\r\n                            <div class=\"product-position\">\r\n                                #1 Mais Vendidos                            <\/div>\r\n\r\n                            <h2>\r\n                                Gel Hidratante de Alo\u00e9 Vera                            <\/h2>\r\n                        <\/div>\r\n\r\n                        <!-- Imagen y\/o nombre de la marca -->\r\n                        <div>\r\n                                                            <img decoding=\"async\" width=\"70\" src=\"https:\/\/www.primor.eu\/media\/catalog\/category\/793.jpg\" alt=\"\" title=\"\">\r\n                                                    <\/div>\r\n\r\n                        <!-- Puntuaci\u00f3n del producto  -->\r\n                        <div class=\"rating\">\r\n                                                            <div class=\"rate\" style=\"--p:100;\"><\/div>\r\n                                <b>5\/5<\/b>\r\n                                <div class=\"rate-stars\">\r\n                                                                            <div\r\n                                            class=\"rate-star  \">\r\n                                        <\/div>\r\n                                                                            <div\r\n                                            class=\"rate-star  \">\r\n                                        <\/div>\r\n                                                                            <div\r\n                                            class=\"rate-star  \">\r\n                                        <\/div>\r\n                                                                            <div\r\n                                            class=\"rate-star  \">\r\n                                        <\/div>\r\n                                                                            <div\r\n                                            class=\"rate-star  \">\r\n                                        <\/div>\r\n                                                                    <\/div>\r\n                                                    <\/div>\r\n\r\n                        <!-- Bot\u00f3n de producto  -->\r\n                        <div>\r\n                            <span class=\"price-claim\">\r\n                                VER PRE\u00c7O                            <\/span>\r\n                        <\/div>\r\n                    <\/a>\r\n                                    <a href=\"https:\/\/www.primor.eu\/pt_pt\/nelly-champo-seco-para-um-cabelo-limpo-instantaneamente-105715.html?#854=66449\" class=\"product-item grid-table-rows\" target=\"_blank\">\r\n                        <div>\r\n                            <img decoding=\"async\" class=\"product-img\" width=\"80px\" height=\"80px\" src=\"https:\/\/cdn2.primor.eu\/media\/catalog\/product\/cache\/8d3aba296f7a18b5251ee30fa5db42b2\/2\/C\/2CC04732_1_5093.jpg\" alt=\"\" title=\"\">\r\n                        <\/div>\r\n\r\n                        <!-- Contenido de producto  -->\r\n                        <div>\r\n                            <div class=\"product-position\">\r\n                                #2                            <\/div>\r\n\r\n                            <h2>\r\n                                Champ\u00f4 Seco                            <\/h2>\r\n                        <\/div>\r\n\r\n                        <!-- Imagen y\/o nombre de la marca -->\r\n                        <div>\r\n                                                            <img decoding=\"async\" width=\"70\" src=\"https:\/\/www.primor.eu\/media\/catalog\/category\/Nelly.jpg\" alt=\"\" title=\"\">\r\n                                                    <\/div>\r\n\r\n                        <!-- Puntuaci\u00f3n del producto  -->\r\n                        <div class=\"rating\">\r\n                                                            <div class=\"rate\" style=\"--p:94;\"><\/div>\r\n                                <b>4.7\/5<\/b>\r\n                                <div class=\"rate-stars\">\r\n                                                                            <div\r\n                                            class=\"rate-star  \">\r\n                                        <\/div>\r\n                                                                            <div\r\n                                            class=\"rate-star  \">\r\n                                        <\/div>\r\n                                                                            <div\r\n                                            class=\"rate-star  \">\r\n                                        <\/div>\r\n                                                                            <div\r\n                                            class=\"rate-star  \">\r\n                                        <\/div>\r\n                                                                            <div\r\n                                            class=\"rate-star  \">\r\n                                        <\/div>\r\n                                                                    <\/div>\r\n                                                    <\/div>\r\n\r\n                        <!-- Bot\u00f3n de producto  -->\r\n                        <div>\r\n                            <span class=\"price-claim\">\r\n                                VER PRE\u00c7O                            <\/span>\r\n                        <\/div>\r\n                    <\/a>\r\n                                    <a href=\"https:\/\/www.primor.eu\/pt_pt\/kemphor-saco-de-toalete-de-viagem-para-higiene-oral-junior-19199.html\" class=\"product-item grid-table-rows\" target=\"_blank\">\r\n                        <div>\r\n                            <img decoding=\"async\" class=\"product-img\" width=\"80px\" height=\"80px\" src=\"https:\/\/cdn2.primor.eu\/media\/catalog\/product\/cache\/8d3aba296f7a18b5251ee30fa5db42b2\/1\/D\/1DT00133_1_fa1e.jpg\" alt=\"\" title=\"\">\r\n                        <\/div>\r\n\r\n                        <!-- Contenido de producto  -->\r\n                        <div>\r\n                            <div class=\"product-position\">\r\n                                #3                            <\/div>\r\n\r\n                            <h2>\r\n                                N\u00e9cessaire de Higiene Oral                            <\/h2>\r\n                        <\/div>\r\n\r\n                        <!-- Imagen y\/o nombre de la marca -->\r\n                        <div>\r\n                                                            <img decoding=\"async\" width=\"70\" src=\"https:\/\/www.primor.eu\/media\/catalog\/category\/Kemphor.jpg\" alt=\"\" title=\"\">\r\n                                                    <\/div>\r\n\r\n                        <!-- Puntuaci\u00f3n del producto  -->\r\n                        <div class=\"rating\">\r\n                                                            <div class=\"rate\" style=\"--p:100;\"><\/div>\r\n                                <b>5\/5<\/b>\r\n                                <div class=\"rate-stars\">\r\n                                                                            <div\r\n                                            class=\"rate-star  \">\r\n                                        <\/div>\r\n                                                                            <div\r\n                                            class=\"rate-star  \">\r\n                                        <\/div>\r\n                                                                            <div\r\n                                            class=\"rate-star  \">\r\n                                        <\/div>\r\n                                                                            <div\r\n                                            class=\"rate-star  \">\r\n                                        <\/div>\r\n                                                                            <div\r\n                                            class=\"rate-star  \">\r\n                                        <\/div>\r\n                                                                    <\/div>\r\n                                                    <\/div>\r\n\r\n                        <!-- Bot\u00f3n de producto  -->\r\n                        <div>\r\n                            <span class=\"price-claim\">\r\n                                VER PRE\u00c7O                            <\/span>\r\n                        <\/div>\r\n                    <\/a>\r\n                            <\/product-list>\r\n        <\/product-table>\r\n\r\n        \n\n\n<h3 class=\"wp-block-heading\">Gisele Denis Kids Prote\u00e7\u00e3o Solar para Crian\u00e7as SPF50<\/h3>\n\n\n\n<p>Um protetor solar formulado especialmente para a pele delicada das crian\u00e7as. Oferece prote\u00e7\u00e3o de largo espectro contra os raios UV-A e UV-B, com um fator de prote\u00e7\u00e3o muito elevado, ideal para proteger a pele dos mais pequenos. Resistente \u00e0 \u00e1gua. Sem perfume. N\u00e3o causa irrita\u00e7\u00f5es.<\/p>\n\n\n    <a class='product' target='_blank' href='https:\/\/www.primor.eu\/pt_pt\/gisele-denis-protetor-solar-infantil-spf50-55195.html'>\r\n        <img fetchpriority=\"high\" decoding=\"async\" width=\"300\" height=\"300\" loading=\"async\" src=\"https:\/\/cdn2.primor.eu\/media\/catalog\/product\/cache\/8d3aba296f7a18b5251ee30fa5db42b2\/0\/T\/0TS03194_1_7e56.jpg\" alt=\"\" title=\"\">\r\n            <div class=\"claim\">\r\n                 COMPRAR AGORA            <\/div>\r\n        <\/a>\r\n    \n\n\n<h3 class=\"wp-block-heading\">Kemphor N\u00e9cessaire de Higiene Oral Junior para Viagem<\/h3>\n\n\n\n<p>O n\u00e9cessaire de viagem da Kemphor tem tudo o que precisas para cuidares da tua higiene oral, mesmo fora de casa. Perfeito para estares sempre pronta em qualquer lugar.<\/p>\n\n\n    <a class='product' target='_blank' href='https:\/\/www.primor.eu\/pt_pt\/kemphor-saco-de-toalete-de-viagem-para-higiene-oral-junior-19199.html'>\r\n        <img decoding=\"async\" width=\"300\" height=\"300\" loading=\"async\" src=\"https:\/\/cdn2.primor.eu\/media\/catalog\/product\/cache\/8d3aba296f7a18b5251ee30fa5db42b2\/1\/D\/1DT00133_1_fa1e.jpg\" alt=\"\" title=\"\">\r\n            <div class=\"claim\">\r\n                 COMPRAR AGORA            <\/div>\r\n        <\/a>\r\n    \n\n\n<h3 class=\"wp-block-heading\">PRIMOR Kit de viagem<\/h3>\n\n\n\n<p>Bolsa de pl\u00e1stico TRANSPARENTE com fecho de correr e al\u00e7a. Ideal para o avi\u00e3o, fim de semana. Inclui:<\/p>\n\n\n\n<ul class=\"wp-block-list\">\n<li>2 garrafas de 80 ml.<\/li>\n\n\n\n<li>1 frasco de 17 ml.<\/li>\n\n\n\n<li>2 garrafas de 60 ml, um deles com pulverizador.<\/li>\n\n\n\n<li>1 funil de enchimento.<\/li>\n\n\n\n<li>1 esp\u00e1tula.<\/li>\n<\/ul>\n\n\n    <a class='product' target='_blank' href='https:\/\/www.primor.eu\/pt_pt\/primor-kit-de-viagem-bolsa-de-toalete-57974.html'>\r\n        <img decoding=\"async\" width=\"300\" height=\"300\" loading=\"async\" src=\"https:\/\/cdn2.primor.eu\/media\/catalog\/product\/cache\/8d3aba296f7a18b5251ee30fa5db42b2\/6\/V\/6VA31604_1_f18a.jpg\" alt=\"\" title=\"\">\r\n            <div class=\"claim\">\r\n                 COMPRAR AGORA            <\/div>\r\n        <\/a>\r\n    \n\n\n<h3 class=\"wp-block-heading\">Nelly Champ\u00f4 Seco<\/h3>\n\n\n\n<p>Champ\u00f4 seco Nelly para um cabelo instantaneamente limpo. Descubra o novo champ\u00f4 seco Nelly, adequado para todos os tipos de cabelo.<\/p>\n\n\n    <a class='product' target='_blank' href='https:\/\/www.primor.eu\/pt_pt\/nelly-champo-seco-para-um-cabelo-limpo-instantaneamente-105715.html?#854=66449'>\r\n        <img decoding=\"async\" width=\"300\" height=\"300\" loading=\"async\" src=\"https:\/\/cdn2.primor.eu\/media\/catalog\/product\/cache\/8d3aba296f7a18b5251ee30fa5db42b2\/2\/C\/2CC04732_1_5093.jpg\" alt=\"\" title=\"\">\r\n            <div class=\"claim\">\r\n                 COMPRAR AGORA            <\/div>\r\n        <\/a>\r\n    \n\n\n<h3 class=\"wp-block-heading\">IDC INSTITUTE Gel Hidratante de Alo\u00e9 Vera<\/h3>\n\n\n\n<p>Gel de origem natural que ajuda a ter uma pele mais saud\u00e1vel e cuidada gra\u00e7as \u00e0s suas propriedades calmantes, regeneradoras e hidratantes. \u00c9 ideal para tratar queimaduras, vermelhid\u00f5es e irrita\u00e7\u00f5es cut\u00e2neas. O Alo\u00e9 vera \u00e9 tamb\u00e9m um excelente descongestionante, pelo que, quando aplicado como m\u00e1scara nos papos dos olhos, ajuda a reduzi-los.<\/p>\n\n\n    <a class='product' target='_blank' href='https:\/\/www.primor.eu\/pt_pt\/idc-institute-gel-hidratante-de-aloe-vera-106088.html?#854=66452'>\r\n        <img decoding=\"async\" width=\"300\" height=\"300\" loading=\"async\" src=\"https:\/\/cdn2.primor.eu\/media\/catalog\/product\/cache\/8d3aba296f7a18b5251ee30fa5db42b2\/2\/B\/2BL03579_1_51b6.jpg\" alt=\"\" title=\"\">\r\n            <div class=\"claim\">\r\n                 COMPRAR AGORA            <\/div>\r\n        <\/a>\r\n    ","protected":false},"excerpt":{"rendered":"<p>Levar produtos de cosm\u00e9tica na mala pode ser um verdadeiro desafio. Todas concordamos que as regras sobre l\u00edquidos nos voos s\u00e3o complicadas. E mesmo que tenhas os frascos perfeitos, para evitares derrames, quebras ou surpresas desagrad\u00e1veis durante a viagem, h\u00e1 alguns passos que deves seguir para chegares ao teu destino de f\u00e9rias sem preocupa\u00e7\u00f5es. Como [&hellip;]<\/p>\n","protected":false},"author":6,"featured_media":5510,"comment_status":"closed","ping_status":"closed","sticky":false,"template":"","format":"standard","meta":{"jnews-multi-image_gallery":[],"jnews_single_post":{"format":"standard"},"jnews_primary_category":[],"jnews_social_meta":[],"jnews_override_counter":[],"footnotes":""},"categories":[8,4],"tags":[],"class_list":["post-5508","post","type-post","status-publish","format-standard","has-post-thumbnail","hentry","category-dicas-de-beleza","category-cosmetica"],"_links":{"self":[{"href":"https:\/\/www.primor.eu\/blog\/pt\/wp-json\/wp\/v2\/posts\/5508","targetHints":{"allow":["GET"]}}],"collection":[{"href":"https:\/\/www.primor.eu\/blog\/pt\/wp-json\/wp\/v2\/posts"}],"about":[{"href":"https:\/\/www.primor.eu\/blog\/pt\/wp-json\/wp\/v2\/types\/post"}],"author":[{"embeddable":true,"href":"https:\/\/www.primor.eu\/blog\/pt\/wp-json\/wp\/v2\/users\/6"}],"replies":[{"embeddable":true,"href":"https:\/\/www.primor.eu\/blog\/pt\/wp-json\/wp\/v2\/comments?post=5508"}],"version-history":[{"count":1,"href":"https:\/\/www.primor.eu\/blog\/pt\/wp-json\/wp\/v2\/posts\/5508\/revisions"}],"predecessor-version":[{"id":5511,"href":"https:\/\/www.primor.eu\/blog\/pt\/wp-json\/wp\/v2\/posts\/5508\/revisions\/5511"}],"wp:featuredmedia":[{"embeddable":true,"href":"https:\/\/www.primor.eu\/blog\/pt\/wp-json\/wp\/v2\/media\/5510"}],"wp:attachment":[{"href":"https:\/\/www.primor.eu\/blog\/pt\/wp-json\/wp\/v2\/media?parent=5508"}],"wp:term":[{"taxonomy":"category","embeddable":true,"href":"https:\/\/www.primor.eu\/blog\/pt\/wp-json\/wp\/v2\/categories?post=5508"},{"taxonomy":"post_tag","embeddable":true,"href":"https:\/\/www.primor.eu\/blog\/pt\/wp-json\/wp\/v2\/tags?post=5508"}],"curies":[{"name":"wp","href":"https:\/\/api.w.org\/{rel}","templated":true}]}}