
{"id":5371,"date":"2025-06-19T16:28:44","date_gmt":"2025-06-19T15:28:44","guid":{"rendered":"https:\/\/www.primor.eu\/blog\/pt\/?p=5371"},"modified":"2025-06-19T16:28:45","modified_gmt":"2025-06-19T15:28:45","slug":"protetores-solares-ingredientes-naturais","status":"publish","type":"post","link":"https:\/\/www.primor.eu\/blog\/pt\/protetores-solares-ingredientes-naturais\/","title":{"rendered":"Os melhores protetores solares com ingredientes naturais"},"content":{"rendered":"\n<p>Para <strong>gostos, cores<\/strong>; e cada vez \u00e9 mais <strong>comum <\/strong>veres<a href=\"https:\/\/www.primor.eu\/pt_pt\/protecao-solar\"> protetores solares<\/a> que se adaptam a <strong>necessidades mais espec\u00edficas<\/strong>. Tal como h\u00e1 quem adore <strong>protetores solares coreanos<\/strong> (acima de tudo), tamb\u00e9m h\u00e1 quem procure cremes solares com ingredientes naturais. E n\u00e3o nos surpreende.<\/p>\n\n\n\n<p>Se procuras um<strong> <\/strong><a href=\"https:\/\/www.primor.eu\/es_es\/cremas-solares-coreanas\"><strong>protetor solar com ingredientes naturais<\/strong><\/a>, \u00e9 importante perceber que tipo de ingredientes costumam estar presentes neste tipo de f\u00f3rmulas. Os protetores solares com ingredientes naturais s\u00e3o, normalmente, formulados com componentes de <strong>origem vegetal, mineral <\/strong>e outros compostos <strong>org\u00e2nicos<\/strong>.<\/p>\n\n\n\n<h2 class=\"wp-block-heading\">Que ingredientes naturais deves procurar no teu protetor solar<\/h2>\n\n\n\n<ul class=\"wp-block-list\">\n<li><strong>\u00d3xido de zinco<\/strong>: Este mineral \u00e9 um filtro solar f\u00edsico que reflete e dispersa os raios UV. \u00c9 eficaz contra os raios UV-A e UV-B e \u00e9 considerado seguro e suave para a pele. Ideal para peles sens\u00edveis, ajuda a prevenir queimaduras solares e danos cut\u00e2neos.<br><\/li>\n\n\n\n<li><strong>Di\u00f3xido de tit\u00e2nio<\/strong>: Outro filtro solar f\u00edsico que reflete a radia\u00e7\u00e3o UV. Protege contra os raios UV-B e parte dos UV-A. Tamb\u00e9m \u00e9 suave para a pele e indicado para peles sens\u00edveis.<br><\/li>\n\n\n\n<li><strong>\u00d3leos vegetais<\/strong>: \u00d3leos naturais como o de coco, jojoba, am\u00eandoas ou semente de cenoura s\u00e3o ingredientes hidratantes e protetores. Ajudam a manter a pele suave, nutrida e hidratada ao sol.<br><\/li>\n\n\n\n<li><strong>Manteigas vegetais<\/strong>: Manteigas como a de karit\u00e9 ou de cacau s\u00e3o ricas e emolientes, ajudando a proteger a pele e a evitar a secura.<br><\/li>\n\n\n\n<li><strong>Extratos de plantas<\/strong>: Alguns extratos bot\u00e2nicos como ch\u00e1 verde, cal\u00eandula, camomila ou alo\u00e9 vera t\u00eam propriedades calmantes, antioxidantes ou anti-inflamat\u00f3rias, ben\u00e9ficas para a pele exposta ao sol.<br><\/li>\n\n\n\n<li><strong>Vitaminas e antioxidantes<\/strong>: Os protetores solares naturais costumam incluir vitaminas como a vitamina E (tocoferol) e outros antioxidantes que protegem a pele do stress oxidativo causado pelos raios UV.<br><\/li>\n<\/ul>\n\n\n\n<h2 class=\"wp-block-heading\">Melhores protetores solares naturais<\/h2>\n\n\n        <product-table class=\"pr-slider\">\r\n            <product-headers class=\"grid-table-rows\">\r\n                <div>Foto<\/div>\r\n                <div>Produto<\/div>\r\n                <div>Marca<\/div>\r\n                <div>Avalia\u00e7\u00f5es<\/div>\r\n                <div>Pre\u00e7o<\/div>\r\n            <\/product-headers>\r\n\r\n            <product-list>\r\n                                    <a href=\"https:\/\/www.primor.eu\/pt_pt\/revuele-sunprotect-creme-facial-diario-extra-hidratac-o-spf50-80964.html\" class=\"product-item grid-table-rows\" target=\"_blank\">\r\n                        <div>\r\n                            <img decoding=\"async\" class=\"product-img\" width=\"80px\" height=\"80px\" src=\"https:\/\/cdn2.primor.eu\/media\/catalog\/product\/cache\/8d3aba296f7a18b5251ee30fa5db42b2\/c\/r\/crema_facial_diaria_extra_hidratacion_spf50_baef.jpg\" alt=\"\" title=\"\">\r\n                        <\/div>\r\n\r\n                        <!-- Contenido de producto  -->\r\n                        <div>\r\n                            <div class=\"product-position\">\r\n                                #1 Mais Vendidos                            <\/div>\r\n\r\n                            <h2>\r\n                                Protetor Solar Extra Hidratante SPF50+                            <\/h2>\r\n                        <\/div>\r\n\r\n                        <!-- Imagen y\/o nombre de la marca -->\r\n                        <div>\r\n                                                            <img decoding=\"async\" width=\"70\" src=\"https:\/\/www.primor.eu\/media\/catalog\/category\/989_revuele_1.png\" alt=\"\" title=\"\">\r\n                                                    <\/div>\r\n\r\n                        <!-- Puntuaci\u00f3n del producto  -->\r\n                        <div class=\"rating\">\r\n                                                            <div class=\"rate\" style=\"--p:98;\"><\/div>\r\n                                <b>4.9\/5<\/b>\r\n                                <div class=\"rate-stars\">\r\n                                                                            <div\r\n                                            class=\"rate-star  \">\r\n                                        <\/div>\r\n                                                                            <div\r\n                                            class=\"rate-star  \">\r\n                                        <\/div>\r\n                                                                            <div\r\n                                            class=\"rate-star  \">\r\n                                        <\/div>\r\n                                                                            <div\r\n                                            class=\"rate-star  \">\r\n                                        <\/div>\r\n                                                                            <div\r\n                                            class=\"rate-star  \">\r\n                                        <\/div>\r\n                                                                    <\/div>\r\n                                                    <\/div>\r\n\r\n                        <!-- Bot\u00f3n de producto  -->\r\n                        <div>\r\n                            <span class=\"price-claim\">\r\n                                VER PRE\u00c7O                            <\/span>\r\n                        <\/div>\r\n                    <\/a>\r\n                                    <a href=\"https:\/\/www.primor.eu\/pt_pt\/australian-gold-protetor-solar-com-bronzeador-spf-30-55159.html\" class=\"product-item grid-table-rows\" target=\"_blank\">\r\n                        <div>\r\n                            <img decoding=\"async\" class=\"product-img\" width=\"80px\" height=\"80px\" src=\"https:\/\/cdn2.primor.eu\/media\/catalog\/product\/cache\/8d3aba296f7a18b5251ee30fa5db42b2\/0\/T\/0TS02976_1_f3a9.jpg\" alt=\"\" title=\"\">\r\n                        <\/div>\r\n\r\n                        <!-- Contenido de producto  -->\r\n                        <div>\r\n                            <div class=\"product-position\">\r\n                                #2                            <\/div>\r\n\r\n                            <h2>\r\n                                Protetor Solar com Bronzeador SPF 30                            <\/h2>\r\n                        <\/div>\r\n\r\n                        <!-- Imagen y\/o nombre de la marca -->\r\n                        <div>\r\n                                                            <img decoding=\"async\" width=\"70\" src=\"https:\/\/www.primor.eu\/media\/catalog\/category\/australian_gold.jpg\" alt=\"\" title=\"\">\r\n                                                    <\/div>\r\n\r\n                        <!-- Puntuaci\u00f3n del producto  -->\r\n                        <div class=\"rating\">\r\n                                                            <div class=\"rate\" style=\"--p:96;\"><\/div>\r\n                                <b>4.8\/5<\/b>\r\n                                <div class=\"rate-stars\">\r\n                                                                            <div\r\n                                            class=\"rate-star  \">\r\n                                        <\/div>\r\n                                                                            <div\r\n                                            class=\"rate-star  \">\r\n                                        <\/div>\r\n                                                                            <div\r\n                                            class=\"rate-star  \">\r\n                                        <\/div>\r\n                                                                            <div\r\n                                            class=\"rate-star  \">\r\n                                        <\/div>\r\n                                                                            <div\r\n                                            class=\"rate-star  \">\r\n                                        <\/div>\r\n                                                                    <\/div>\r\n                                                    <\/div>\r\n\r\n                        <!-- Bot\u00f3n de producto  -->\r\n                        <div>\r\n                            <span class=\"price-claim\">\r\n                                VER PRE\u00c7O                            <\/span>\r\n                        <\/div>\r\n                    <\/a>\r\n                                    <a href=\"https:\/\/www.primor.eu\/pt_pt\/rilastil-protec-o-do-sistema-de-sun-rilastil-solar-facial-spf50-com-cor-110896.html?#803=54054\" class=\"product-item grid-table-rows\" target=\"_blank\">\r\n                        <div>\r\n                            <img decoding=\"async\" class=\"product-img\" width=\"80px\" height=\"80px\" src=\"https:\/\/cdn2.primor.eu\/media\/catalog\/product\/cache\/8d3aba296f7a18b5251ee30fa5db42b2\/8\/0\/8050444859353_RIL_SUN_SYSTEM_50__COMPACTO_BEIGE_10G_1_8ca0.png\" alt=\"\" title=\"\">\r\n                        <\/div>\r\n\r\n                        <!-- Contenido de producto  -->\r\n                        <div>\r\n                            <div class=\"product-position\">\r\n                                #3                            <\/div>\r\n\r\n                            <h2>\r\n                                Sun System Water Touch Color SPF50+                            <\/h2>\r\n                        <\/div>\r\n\r\n                        <!-- Imagen y\/o nombre de la marca -->\r\n                        <div>\r\n                                                            <img decoding=\"async\" width=\"70\" src=\"https:\/\/www.primor.eu\/media\/catalog\/category\/RILASTIL.jpg\" alt=\"\" title=\"\">\r\n                                                    <\/div>\r\n\r\n                        <!-- Puntuaci\u00f3n del producto  -->\r\n                        <div class=\"rating\">\r\n                                                            <div class=\"rate\" style=\"--p:90;\"><\/div>\r\n                                <b>4.5\/5<\/b>\r\n                                <div class=\"rate-stars\">\r\n                                                                            <div\r\n                                            class=\"rate-star  \">\r\n                                        <\/div>\r\n                                                                            <div\r\n                                            class=\"rate-star  \">\r\n                                        <\/div>\r\n                                                                            <div\r\n                                            class=\"rate-star  \">\r\n                                        <\/div>\r\n                                                                            <div\r\n                                            class=\"rate-star  \">\r\n                                        <\/div>\r\n                                                                            <div\r\n                                            class=\"rate-star  middle\">\r\n                                        <\/div>\r\n                                                                    <\/div>\r\n                                                    <\/div>\r\n\r\n                        <!-- Bot\u00f3n de producto  -->\r\n                        <div>\r\n                            <span class=\"price-claim\">\r\n                                VER PRE\u00c7O                            <\/span>\r\n                        <\/div>\r\n                    <\/a>\r\n                            <\/product-list>\r\n        <\/product-table>\r\n\r\n        \n\n\n<h3 class=\"wp-block-heading\">Rilastil Sun System Water Touch Color SPF50+<\/h3>\n\n\n\n<p>\u00c9 a op\u00e7\u00e3o perfeita para proteger a tua pele e dar-lhe um toque de cor natural ao mesmo tempo. Com uma f\u00f3rmula ultraleve e acabamento Dry Touch, este protetor solar facial oferece prote\u00e7\u00e3o eficaz contra os raios UVB e UVA, prevenindo os danos solares e o envelhecimento precoce da pele. Al\u00e9m da a\u00e7\u00e3o protetora, hidrata profundamente e acalma gra\u00e7as ao seu conte\u00fado antioxidante.<\/p>\n\n\n    <a class='product' target='_blank' href='https:\/\/www.primor.eu\/pt_pt\/rilastil-protec-o-do-sistema-de-sun-rilastil-solar-facial-spf50-com-cor-110896.html?#803=54054'>\r\n        <img fetchpriority=\"high\" decoding=\"async\" width=\"300\" height=\"300\" loading=\"async\" src=\"https:\/\/cdn2.primor.eu\/media\/catalog\/product\/cache\/8d3aba296f7a18b5251ee30fa5db42b2\/8\/0\/8050444859353_RIL_SUN_SYSTEM_50__COMPACTO_BEIGE_10G_1_8ca0.png\" alt=\"\" title=\"\">\r\n            <div class=\"claim\">\r\n                 COMPRAR AGORA            <\/div>\r\n        <\/a>\r\n    \n\n\n<h3 class=\"wp-block-heading\">Revuele Protetor Solar Extra Hidratante SPF50+<\/h3>\n\n\n\n<p>Um creme facial de uso di\u00e1rio que oferece prote\u00e7\u00e3o solar muito alta contra os raios UVA e UVB. Suave, leve e eficaz, mant\u00e9m a tua pele protegida dos danos solares ao longo do dia.<\/p>\n\n\n    <a class='product' target='_blank' href='https:\/\/www.primor.eu\/pt_pt\/revuele-sunprotect-creme-facial-diario-extra-hidratac-o-spf50-80964.html'>\r\n        <img decoding=\"async\" width=\"300\" height=\"300\" loading=\"async\" src=\"https:\/\/cdn2.primor.eu\/media\/catalog\/product\/cache\/8d3aba296f7a18b5251ee30fa5db42b2\/c\/r\/crema_facial_diaria_extra_hidratacion_spf50_baef.jpg\" alt=\"\" title=\"\">\r\n            <div class=\"claim\">\r\n                 COMPRAR AGORA            <\/div>\r\n        <\/a>\r\n    \n\n\n<h3 class=\"wp-block-heading\">Rene Furterer Solaire Protetor Solar para Cabelo<\/h3>\n\n\n\n<p>Fluido formulado especificamente para proteger o teu cabelo do sol. Cont\u00e9m filtro UVA e UVB que garantem prote\u00e7\u00e3o completa. Resistente \u00e0 \u00e1gua, n\u00e3o deixa res\u00edduos na piscina ou na praia e mant\u00e9m-se no cabelo mesmo ap\u00f3s o banho.<\/p>\n\n\n    <a class='product' target='_blank' href='https:\/\/www.primor.eu\/pt_pt\/rene-furterer-protetor-solar-para-cabelo-solaire-55149.html'>\r\n        <img decoding=\"async\" width=\"300\" height=\"300\" loading=\"async\" src=\"https:\/\/cdn2.primor.eu\/media\/catalog\/product\/cache\/8d3aba296f7a18b5251ee30fa5db42b2\/6\/X\/6XS11174_1_e4e0.jpg\" alt=\"\" title=\"\">\r\n            <div class=\"claim\">\r\n                 COMPRAR AGORA            <\/div>\r\n        <\/a>\r\n    \n\n\n<h3 class=\"wp-block-heading\">Sisley Super Soin Solaire Protetor Solar Corpo SPF 15<\/h3>\n\n\n\n<p>Protetor solar de tratamento que oferece prote\u00e7\u00e3o completa contra os raios UVA e UVB, ideal para todos os tipos de pele, at\u00e9 as mais sens\u00edveis. Com uma f\u00f3rmula avan\u00e7ada, protege contra os efeitos nocivos do sol e atua como um escudo antienvelhecimento. Os \u00f3leos de Cam\u00e9lia, Girassol e Karit\u00e9 devolvem \u00e0 pele a flexibilidade e hidrata\u00e7\u00e3o.<\/p>\n\n\n\n<p>Este \u00f3leo deixa a pele sedosa e real\u00e7a a luminosidade do bronzeado. Al\u00e9m disso, \u00e9 resistente \u00e0 \u00e1gua e tem uma fragr\u00e2ncia natural agrad\u00e1vel com \u00f3leos essenciais de Lavanda e Ger\u00e2nio.<\/p>\n\n\n    <a class='product' target='_blank' href='https:\/\/www.primor.eu\/pt_pt\/sisley-super-soin-solaire-protetor-solar-corpo-spf-15-77938.html'>\r\n        <img decoding=\"async\" width=\"300\" height=\"300\" loading=\"async\" src=\"https:\/\/cdn2.primor.eu\/media\/catalog\/product\/cache\/8d3aba296f7a18b5251ee30fa5db42b2\/3\/4\/3473311688040_e965.jpg\" alt=\"\" title=\"\">\r\n            <div class=\"claim\">\r\n                 COMPRAR AGORA            <\/div>\r\n        <\/a>\r\n    \n\n\n<h3 class=\"wp-block-heading\">Australian Gold Protetor Solar com Bronzeador SPF 30<\/h3>\n\n\n\n<p>Protege o teu corpo dos raios UVA e UVB enquanto potencia o bronzeado gra\u00e7as ao caf\u00e9 Kona, conferindo um efeito dourado imediato. Cont\u00e9m tamb\u00e9m extrato de ameixa Kakadu (a fonte mais rica de vitamina C) e vitamina E que combate os radicais livres. A combina\u00e7\u00e3o de \u00f3leo de \u00e1rvore-do-ch\u00e1, extratos de sementes de girassol, alo\u00e9 vera, manteiga de cacau e alanto\u00edna proporciona hidrata\u00e7\u00e3o m\u00e1xima e regenera\u00e7\u00e3o da pele.<\/p>\n\n\n    <a class='product' target='_blank' href='https:\/\/www.primor.eu\/pt_pt\/australian-gold-protetor-solar-com-bronzeador-spf-30-55159.html'>\r\n        <img decoding=\"async\" width=\"300\" height=\"300\" loading=\"async\" src=\"https:\/\/cdn2.primor.eu\/media\/catalog\/product\/cache\/8d3aba296f7a18b5251ee30fa5db42b2\/0\/T\/0TS02976_1_f3a9.jpg\" alt=\"\" title=\"\">\r\n            <div class=\"claim\">\r\n                 COMPRAR AGORA            <\/div>\r\n        <\/a>\r\n    ","protected":false},"excerpt":{"rendered":"<p>Para gostos, cores; e cada vez \u00e9 mais comum veres protetores solares que se adaptam a necessidades mais espec\u00edficas. Tal como h\u00e1 quem adore protetores solares coreanos (acima de tudo), tamb\u00e9m h\u00e1 quem procure cremes solares com ingredientes naturais. E n\u00e3o nos surpreende. Se procuras um protetor solar com ingredientes naturais, \u00e9 importante perceber que [&hellip;]<\/p>\n","protected":false},"author":6,"featured_media":5372,"comment_status":"closed","ping_status":"closed","sticky":false,"template":"","format":"standard","meta":{"jnews-multi-image_gallery":[],"jnews_single_post":{"format":"standard"},"jnews_primary_category":[],"jnews_social_meta":[],"jnews_override_counter":[],"footnotes":""},"categories":[1],"tags":[],"class_list":["post-5371","post","type-post","status-publish","format-standard","has-post-thumbnail","hentry","category-sin-categoria"],"_links":{"self":[{"href":"https:\/\/www.primor.eu\/blog\/pt\/wp-json\/wp\/v2\/posts\/5371","targetHints":{"allow":["GET"]}}],"collection":[{"href":"https:\/\/www.primor.eu\/blog\/pt\/wp-json\/wp\/v2\/posts"}],"about":[{"href":"https:\/\/www.primor.eu\/blog\/pt\/wp-json\/wp\/v2\/types\/post"}],"author":[{"embeddable":true,"href":"https:\/\/www.primor.eu\/blog\/pt\/wp-json\/wp\/v2\/users\/6"}],"replies":[{"embeddable":true,"href":"https:\/\/www.primor.eu\/blog\/pt\/wp-json\/wp\/v2\/comments?post=5371"}],"version-history":[{"count":1,"href":"https:\/\/www.primor.eu\/blog\/pt\/wp-json\/wp\/v2\/posts\/5371\/revisions"}],"predecessor-version":[{"id":5373,"href":"https:\/\/www.primor.eu\/blog\/pt\/wp-json\/wp\/v2\/posts\/5371\/revisions\/5373"}],"wp:featuredmedia":[{"embeddable":true,"href":"https:\/\/www.primor.eu\/blog\/pt\/wp-json\/wp\/v2\/media\/5372"}],"wp:attachment":[{"href":"https:\/\/www.primor.eu\/blog\/pt\/wp-json\/wp\/v2\/media?parent=5371"}],"wp:term":[{"taxonomy":"category","embeddable":true,"href":"https:\/\/www.primor.eu\/blog\/pt\/wp-json\/wp\/v2\/categories?post=5371"},{"taxonomy":"post_tag","embeddable":true,"href":"https:\/\/www.primor.eu\/blog\/pt\/wp-json\/wp\/v2\/tags?post=5371"}],"curies":[{"name":"wp","href":"https:\/\/api.w.org\/{rel}","templated":true}]}}