
{"id":5350,"date":"2025-06-16T14:06:54","date_gmt":"2025-06-16T13:06:54","guid":{"rendered":"https:\/\/www.primor.eu\/blog\/pt\/?p=5350"},"modified":"2025-06-19T12:12:35","modified_gmt":"2025-06-19T11:12:35","slug":"oleo-de-argao-propriedades-beneficios","status":"publish","type":"post","link":"https:\/\/www.primor.eu\/blog\/pt\/oleo-de-argao-propriedades-beneficios\/","title":{"rendered":"\u00d3leo de Arg\u00e3o: propriedades, benef\u00edcios e como o usar nos melhores produtos"},"content":{"rendered":"\n<p>Agora que tod@s cuidamos mais de n\u00f3s e adoramos produtos naturais, o<strong> \u00f3leo de arg\u00e3o \u00e9 um <a href=\"https:\/\/www.primor.eu\/pt_pt\/produtos-parafarmacia-tratamentos-de-parafarmacia-78972\">essencial<\/a> que n\u00e3o te pode faltar. <\/strong>Descobre todas as propriedades desta maravilha da natureza para o cabelo, a pele e as unhas. Explicamos tamb\u00e9m como se extrai e de onde prov\u00e9m.<\/p>\n\n\n\n<h2 class=\"wp-block-heading\">O que \u00e9 o \u00f3leo de arg\u00e3o?<\/h2>\n\n\n\n<p>O<strong> \u00f3leo de arg\u00e3o <\/strong>\u00e9 um <strong>\u00f3leo vegetal<\/strong> utilizado em cosm\u00e9tica pelas suas propriedades nutritivas, hidratantes, regeneradoras e antioxidantes, gra\u00e7as \u00e0 sua riqueza em \u00f3mega-6, vitamina E e polifen\u00f3is.<\/p>\n\n\n\n<h2 class=\"wp-block-heading\">Como e onde se obt\u00e9m o \u00f3leo de arg\u00e3o?<\/h2>\n\n\n\n<p>A sua origem est\u00e1 nos frutos da<strong> \u00e1rvore de arg\u00e3o<\/strong>, que cresce exclusivamente no sudoeste de <strong>Marrocos<\/strong>. \u00c9 muito usado em produtos cosm\u00e9ticos e obt\u00e9m-se a partir dos gr\u00e3os crus. Tamb\u00e9m \u00e9 utilizado como suplemento alimentar, e neste caso extrai-se ap\u00f3s torrar as am\u00eandoas de arg\u00e3o.<\/p>\n\n\n\n<h2 class=\"wp-block-heading\">Que benef\u00edcios tem o \u00f3leo de arg\u00e3o?<\/h2>\n\n\n\n<ul class=\"wp-block-list\">\n<li>Combate a secura e o envelhecimento da pele.<br><\/li>\n\n\n\n<li>Hidrata e nutre profundamente o cabelo, ajudando a recuperar a sua suavidade e brilho. \u00c9 ideal para cabelos secos, quebradi\u00e7os ou com frizz, pois tamb\u00e9m ajuda a control\u00e1-lo.<br><\/li>\n\n\n\n<li>Reduz os n\u00edveis de sebo, sendo ideal para quem sofre de acne.<br><\/li>\n\n\n\n<li>Aplicado com frequ\u00eancia no corpo, previne o aparecimento de estrias ao melhorar a elasticidade da pele.<br><\/li>\n\n\n\n<li>Fortalece as unhas quebradi\u00e7as.<br><\/li>\n\n\n\n<li>Gra\u00e7as \u00e0s suas propriedades hidratantes e nutritivas, \u00e9 um excelente b\u00e1lsamo labial.<br><\/li>\n\n\n\n<li>Ajuda a acalmar problemas cut\u00e2neos como eczemas, estrias ou psor\u00edase.<br><\/li>\n<\/ul>\n\n\n\n<h2 class=\"wp-block-heading\">Os melhores \u00f3leos de Arg\u00e3o est\u00e3o na Primor<\/h2>\n\n\n        <product-table class=\"pr-slider\">\r\n            <product-headers class=\"grid-table-rows\">\r\n                <div>Foto<\/div>\r\n                <div>Produto<\/div>\r\n                <div>Marca<\/div>\r\n                <div>Avalia\u00e7\u00f5es<\/div>\r\n                <div>Pre\u00e7o<\/div>\r\n            <\/product-headers>\r\n\r\n            <product-list>\r\n                                    <a href=\"https:\/\/www.primor.eu\/pt_pt\/arganour-oleo-de-arg-o-puro-100-bio-11910.html\" class=\"product-item grid-table-rows\" target=\"_blank\">\r\n                        <div>\r\n                            <img decoding=\"async\" class=\"product-img\" width=\"80px\" height=\"80px\" src=\"https:\/\/cdn2.primor.eu\/media\/catalog\/product\/cache\/8d3aba296f7a18b5251ee30fa5db42b2\/2\/B\/2BL02449_1_32b3.jpg\" alt=\"\" title=\"\">\r\n                        <\/div>\r\n\r\n                        <!-- Contenido de producto  -->\r\n                        <div>\r\n                            <div class=\"product-position\">\r\n                                #1 Mais Vendidos                            <\/div>\r\n\r\n                            <h2>\r\n                                \u00d3leo de Arg\u00e3o Puro 100% Bio                            <\/h2>\r\n                        <\/div>\r\n\r\n                        <!-- Imagen y\/o nombre de la marca -->\r\n                        <div>\r\n                                                            <img decoding=\"async\" width=\"70\" src=\"https:\/\/www.primor.eu\/media\/catalog\/category\/arganour.jpg\" alt=\"\" title=\"\">\r\n                                                    <\/div>\r\n\r\n                        <!-- Puntuaci\u00f3n del producto  -->\r\n                        <div class=\"rating\">\r\n                                                            <div class=\"rate\" style=\"--p:96;\"><\/div>\r\n                                <b>4.8\/5<\/b>\r\n                                <div class=\"rate-stars\">\r\n                                                                            <div\r\n                                            class=\"rate-star  \">\r\n                                        <\/div>\r\n                                                                            <div\r\n                                            class=\"rate-star  \">\r\n                                        <\/div>\r\n                                                                            <div\r\n                                            class=\"rate-star  \">\r\n                                        <\/div>\r\n                                                                            <div\r\n                                            class=\"rate-star  \">\r\n                                        <\/div>\r\n                                                                            <div\r\n                                            class=\"rate-star  \">\r\n                                        <\/div>\r\n                                                                    <\/div>\r\n                                                    <\/div>\r\n\r\n                        <!-- Bot\u00f3n de producto  -->\r\n                        <div>\r\n                            <span class=\"price-claim\">\r\n                                VER PRE\u00c7O                            <\/span>\r\n                        <\/div>\r\n                    <\/a>\r\n                                    <a href=\"https:\/\/www.primor.eu\/pt_pt\/instituto-espa-ol-oleo-corporal-anfora-argan-24929.html\" class=\"product-item grid-table-rows\" target=\"_blank\">\r\n                        <div>\r\n                            <img decoding=\"async\" class=\"product-img\" width=\"80px\" height=\"80px\" src=\"https:\/\/cdn2.primor.eu\/media\/catalog\/product\/cache\/8d3aba296f7a18b5251ee30fa5db42b2\/2\/B\/2BL02329_1_302d.jpg\" alt=\"\" title=\"\">\r\n                        <\/div>\r\n\r\n                        <!-- Contenido de producto  -->\r\n                        <div>\r\n                            <div class=\"product-position\">\r\n                                #2                            <\/div>\r\n\r\n                            <h2>\r\n                                \u00d3leo Corporal de Arg\u00e3o                            <\/h2>\r\n                        <\/div>\r\n\r\n                        <!-- Imagen y\/o nombre de la marca -->\r\n                        <div>\r\n                                                            <img decoding=\"async\" width=\"70\" src=\"https:\/\/www.primor.eu\/media\/catalog\/category\/INSTITUTO_ESPA_OL.jpg\" alt=\"\" title=\"\">\r\n                                                    <\/div>\r\n\r\n                        <!-- Puntuaci\u00f3n del producto  -->\r\n                        <div class=\"rating\">\r\n                                                            <div class=\"rate\" style=\"--p:94;\"><\/div>\r\n                                <b>4.7\/5<\/b>\r\n                                <div class=\"rate-stars\">\r\n                                                                            <div\r\n                                            class=\"rate-star  \">\r\n                                        <\/div>\r\n                                                                            <div\r\n                                            class=\"rate-star  \">\r\n                                        <\/div>\r\n                                                                            <div\r\n                                            class=\"rate-star  \">\r\n                                        <\/div>\r\n                                                                            <div\r\n                                            class=\"rate-star  \">\r\n                                        <\/div>\r\n                                                                            <div\r\n                                            class=\"rate-star  \">\r\n                                        <\/div>\r\n                                                                    <\/div>\r\n                                                    <\/div>\r\n\r\n                        <!-- Bot\u00f3n de producto  -->\r\n                        <div>\r\n                            <span class=\"price-claim\">\r\n                                VER PRE\u00c7O                            <\/span>\r\n                        <\/div>\r\n                    <\/a>\r\n                                    <a href=\"https:\/\/www.primor.eu\/pt_pt\/hask-reparador-de-oleo-de-argan-9562.html\" class=\"product-item grid-table-rows\" target=\"_blank\">\r\n                        <div>\r\n                            <img decoding=\"async\" class=\"product-img\" width=\"80px\" height=\"80px\" src=\"https:\/\/cdn2.primor.eu\/media\/catalog\/product\/cache\/8d3aba296f7a18b5251ee30fa5db42b2\/2\/C\/2CA03496_1_e5f7.jpg\" alt=\"\" title=\"\">\r\n                        <\/div>\r\n\r\n                        <!-- Contenido de producto  -->\r\n                        <div>\r\n                            <div class=\"product-position\">\r\n                                #3                            <\/div>\r\n\r\n                            <h2>\r\n                                Spray Condicionador Arg\u00e3o 5 em 1                            <\/h2>\r\n                        <\/div>\r\n\r\n                        <!-- Imagen y\/o nombre de la marca -->\r\n                        <div>\r\n                                                            <img decoding=\"async\" width=\"70\" src=\"https:\/\/www.primor.eu\/media\/catalog\/category\/HASK.jpg\" alt=\"\" title=\"\">\r\n                                                    <\/div>\r\n\r\n                        <!-- Puntuaci\u00f3n del producto  -->\r\n                        <div class=\"rating\">\r\n                                                            <div class=\"rate\" style=\"--p:88;\"><\/div>\r\n                                <b>4.4\/5<\/b>\r\n                                <div class=\"rate-stars\">\r\n                                                                            <div\r\n                                            class=\"rate-star  \">\r\n                                        <\/div>\r\n                                                                            <div\r\n                                            class=\"rate-star  \">\r\n                                        <\/div>\r\n                                                                            <div\r\n                                            class=\"rate-star  \">\r\n                                        <\/div>\r\n                                                                            <div\r\n                                            class=\"rate-star  \">\r\n                                        <\/div>\r\n                                                                            <div\r\n                                            class=\"rate-star  \">\r\n                                        <\/div>\r\n                                                                    <\/div>\r\n                                                    <\/div>\r\n\r\n                        <!-- Bot\u00f3n de producto  -->\r\n                        <div>\r\n                            <span class=\"price-claim\">\r\n                                VER PRE\u00c7O                            <\/span>\r\n                        <\/div>\r\n                    <\/a>\r\n                            <\/product-list>\r\n        <\/product-table>\r\n\r\n        \n\n\n<h3 class=\"wp-block-heading\">Arganour \u00d3leo de Arg\u00e3o Puro 100% Bio<\/h3>\n\n\n\n<p>Extra\u00eddo da primeira prensagem a frio e certificado pela ECOCERT e USDA Organic, o \u00d3leo de Arg\u00e3o Puro 100% Arganour BIO vem num frasco com conta-gotas para uma aplica\u00e7\u00e3o f\u00e1cil.<\/p>\n\n\n    <a class='product' target='_blank' href='https:\/\/www.primor.eu\/pt_pt\/arganour-oleo-de-arg-o-puro-100-bio-11910.html'>\r\n        <img fetchpriority=\"high\" decoding=\"async\" width=\"300\" height=\"300\" loading=\"async\" src=\"https:\/\/cdn2.primor.eu\/media\/catalog\/product\/cache\/8d3aba296f7a18b5251ee30fa5db42b2\/2\/B\/2BL02449_1_32b3.jpg\" alt=\"\" title=\"\">\r\n            <div class=\"claim\">\r\n                 COMPRAR AGORA            <\/div>\r\n        <\/a>\r\n    \n\n\n<h3 class=\"wp-block-heading\">Phytorelax \u00d3leo Seco Multifun\u00e7\u00f5es de Arg\u00e3o<\/h3>\n\n\n\n<p>Um dos melhores rem\u00e9dios para combater o envelhecimento precoce da pele. \u00c9 antioxidante, emoliente e hidratante. Pode ser usado no rosto, corpo e cabelo. Sem parabenos, silicones, corantes ou \u00f3leos minerais. Cont\u00e9m mais de 98% de ingredientes naturais.<\/p>\n\n\n    <a class='product' target='_blank' href='https:\/\/www.primor.eu\/pt_pt\/phytorelax-oleo-seco-multiusos-de-arg-o-11999.html'>\r\n        <img decoding=\"async\" width=\"300\" height=\"300\" loading=\"async\" src=\"https:\/\/cdn2.primor.eu\/media\/catalog\/product\/cache\/8d3aba296f7a18b5251ee30fa5db42b2\/0\/T\/0TN00809_1_ff8a.jpg\" alt=\"\" title=\"\">\r\n            <div class=\"claim\">\r\n                 COMPRAR AGORA            <\/div>\r\n        <\/a>\r\n    \n\n\n<h3 class=\"wp-block-heading\">Hask Spray Condicionador Arg\u00e3o 5 em 1<\/h3>\n\n\n\n<p>Formulado com \u00f3leo de arg\u00e3o de Marrocos, esta mistura de ingredientes foi desenvolvida para reparar o cabelo com agentes hidratantes e condicionadores que restauram o cabelo seco e danificado.<\/p>\n\n\n    <a class='product' target='_blank' href='https:\/\/www.primor.eu\/pt_pt\/hask-reparador-de-oleo-de-argan-9562.html'>\r\n        <img decoding=\"async\" width=\"300\" height=\"300\" loading=\"async\" src=\"https:\/\/cdn2.primor.eu\/media\/catalog\/product\/cache\/8d3aba296f7a18b5251ee30fa5db42b2\/2\/C\/2CA03496_1_e5f7.jpg\" alt=\"\" title=\"\">\r\n            <div class=\"claim\">\r\n                 COMPRAR AGORA            <\/div>\r\n        <\/a>\r\n    \n\n\n<h3 class=\"wp-block-heading\">OGX Champ\u00f4 \u00d3leo de Arg\u00e3o de Marrocos Renovador<\/h3>\n\n\n\n<p>Produto vegano que nutre e d\u00e1 brilho ao cabelo, enquanto o fortalece e o deixa sedoso. Formulado sem surfactantes sulfatados, parabenos, microesferas de pl\u00e1stico nem ftalatos. Proporciona resultados ideais quando usado com o Condicionador de Arg\u00e3o de Marrocos da OGX.<\/p>\n\n\n    <a class='product' target='_blank' href='https:\/\/www.primor.eu\/pt_pt\/ogx-champo-renovador-de-oleo-de-argan-de-marrocos-105627.html?#854=66519'>\r\n        <img decoding=\"async\" width=\"300\" height=\"300\" loading=\"async\" src=\"https:\/\/cdn2.primor.eu\/media\/catalog\/product\/cache\/8d3aba296f7a18b5251ee30fa5db42b2\/2\/2\/22796976116_01_3235.jpg\" alt=\"\" title=\"\">\r\n            <div class=\"claim\">\r\n                 COMPRAR AGORA            <\/div>\r\n        <\/a>\r\n    \n\n\n<h3 class=\"wp-block-heading\">Instituto Espa\u00f1ol \u00c2nfora \u00d3leo Corporal de Arg\u00e3o<\/h3>\n\n\n\n<p>Conhecido como ouro l\u00edquido pela sua extra\u00e7\u00e3o dif\u00edcil, o \u00d3leo de Arg\u00e3o possui muitas propriedades reconhecidas. Destaca-se como excelente agente hidratante, combate a secura da pele, estimula a oxigena\u00e7\u00e3o celular e refor\u00e7a a uni\u00e3o entre as c\u00e9lulas, al\u00e9m de aliviar a pele danificada ou irritada.<\/p>\n\n\n    <a class='product' target='_blank' href='https:\/\/www.primor.eu\/pt_pt\/instituto-espa-ol-oleo-corporal-anfora-argan-24929.html'>\r\n        <img decoding=\"async\" width=\"300\" height=\"300\" loading=\"async\" src=\"https:\/\/cdn2.primor.eu\/media\/catalog\/product\/cache\/8d3aba296f7a18b5251ee30fa5db42b2\/2\/B\/2BL02329_1_302d.jpg\" alt=\"\" title=\"\">\r\n            <div class=\"claim\">\r\n                 COMPRAR AGORA            <\/div>\r\n        <\/a>\r\n    ","protected":false},"excerpt":{"rendered":"<p>Agora que tod@s cuidamos mais de n\u00f3s e adoramos produtos naturais, o \u00f3leo de arg\u00e3o \u00e9 um essencial que n\u00e3o te pode faltar. Descobre todas as propriedades desta maravilha da natureza para o cabelo, a pele e as unhas. Explicamos tamb\u00e9m como se extrai e de onde prov\u00e9m. O que \u00e9 o \u00f3leo de arg\u00e3o? [&hellip;]<\/p>\n","protected":false},"author":6,"featured_media":5367,"comment_status":"closed","ping_status":"closed","sticky":false,"template":"","format":"standard","meta":{"jnews-multi-image_gallery":[],"jnews_single_post":{"format":"standard"},"jnews_primary_category":[],"jnews_social_meta":[],"jnews_override_counter":[],"footnotes":""},"categories":[8],"tags":[],"class_list":["post-5350","post","type-post","status-publish","format-standard","has-post-thumbnail","hentry","category-dicas-de-beleza"],"_links":{"self":[{"href":"https:\/\/www.primor.eu\/blog\/pt\/wp-json\/wp\/v2\/posts\/5350","targetHints":{"allow":["GET"]}}],"collection":[{"href":"https:\/\/www.primor.eu\/blog\/pt\/wp-json\/wp\/v2\/posts"}],"about":[{"href":"https:\/\/www.primor.eu\/blog\/pt\/wp-json\/wp\/v2\/types\/post"}],"author":[{"embeddable":true,"href":"https:\/\/www.primor.eu\/blog\/pt\/wp-json\/wp\/v2\/users\/6"}],"replies":[{"embeddable":true,"href":"https:\/\/www.primor.eu\/blog\/pt\/wp-json\/wp\/v2\/comments?post=5350"}],"version-history":[{"count":2,"href":"https:\/\/www.primor.eu\/blog\/pt\/wp-json\/wp\/v2\/posts\/5350\/revisions"}],"predecessor-version":[{"id":5353,"href":"https:\/\/www.primor.eu\/blog\/pt\/wp-json\/wp\/v2\/posts\/5350\/revisions\/5353"}],"wp:featuredmedia":[{"embeddable":true,"href":"https:\/\/www.primor.eu\/blog\/pt\/wp-json\/wp\/v2\/media\/5367"}],"wp:attachment":[{"href":"https:\/\/www.primor.eu\/blog\/pt\/wp-json\/wp\/v2\/media?parent=5350"}],"wp:term":[{"taxonomy":"category","embeddable":true,"href":"https:\/\/www.primor.eu\/blog\/pt\/wp-json\/wp\/v2\/categories?post=5350"},{"taxonomy":"post_tag","embeddable":true,"href":"https:\/\/www.primor.eu\/blog\/pt\/wp-json\/wp\/v2\/tags?post=5350"}],"curies":[{"name":"wp","href":"https:\/\/api.w.org\/{rel}","templated":true}]}}