
{"id":5324,"date":"2025-06-10T13:45:56","date_gmt":"2025-06-10T12:45:56","guid":{"rendered":"https:\/\/www.primor.eu\/blog\/pt\/?p=5324"},"modified":"2026-02-10T12:16:24","modified_gmt":"2026-02-10T12:16:24","slug":"melhores-perfumes-florais-homem-perfeitos-primavera","status":"publish","type":"post","link":"https:\/\/www.primor.eu\/blog\/pt\/melhores-perfumes-florais-homem-perfeitos-primavera\/","title":{"rendered":"Os 4 melhores perfumes florais para homem perfeitos para a primavera de 2026"},"content":{"rendered":"\n<p>A <strong>primavera <\/strong>traz sempre uma promessa: a de recome\u00e7ar. O sol volta a acariciar a pele, o ar enche-se de notas verdes e florais, e os <a href=\"https:\/\/www.primor.eu\/pt_pt\/perfumes\">perfumes<\/a>, claro, renovam-se. Mas nesta primavera de 2026, os aromas florais j\u00e1 n\u00e3o s\u00e3o s\u00f3 para elas. Cada vez mais homens rendem-se a fragr\u00e2ncias que combinam eleg\u00e2ncia, leveza e um toque moderno com um cora\u00e7\u00e3o floral surpreendente. E sim, os perfumes florais masculinos s\u00e3o mais do que uma tend\u00eancia: s\u00e3o uma verdadeira declara\u00e7\u00e3o de estilo.<\/p>\n\n\n\n<p>Longe do convencional, <strong>os perfumes florais para <\/strong><a href=\"https:\/\/www.primor.eu\/pt_pt\/perfumes-homem\"><strong>homem<\/strong> <\/a>s\u00e3o um hino \u00e0 sofistica\u00e7\u00e3o, com composi\u00e7\u00f5es que misturam notas como lavanda, neroli, jasmim, rosa ou flor de laranjeira com madeiras, especiarias e alm\u00edscares, criando um equil\u00edbrio perfeito entre frescura, profundidade e sensualidade. S\u00e3o ideais para aqueles dias de primavera em que o corpo pede leveza, mas sem abrir m\u00e3o da presen\u00e7a. Um perfume floral masculino bem escolhido n\u00e3o \u00e9 suave, \u00e9 marcante. <strong>N\u00e3o \u00e9 doce, \u00e9 magn\u00e9tico.<\/strong><\/p>\n\n\n\n<p>O segredo est\u00e1 em saber que tipo de floral combina melhor contigo. Preferes flores brancas luminosas com um toque c\u00edtrico ou um jasmim intenso com fundo de couro? \u00c9s f\u00e3 do cl\u00e1ssico reinventado ou de algo ousado com um twist floral inesperado? Escolher o perfume floral certo \u00e9 como encontrar aquela pe\u00e7a de roupa que te assenta na perfei\u00e7\u00e3o: tem de falar de ti, parecer natural e elevar a tua presen\u00e7a sem te roubar protagonismo.<\/p>\n\n\n\n<h2 class=\"wp-block-heading\">Os melhores perfumes florais para homem<\/h2>\n\n\n        <product-table class=\"pr-slider\">\r\n            <product-headers class=\"grid-table-rows\">\r\n                <div>Foto<\/div>\r\n                <div>Produto<\/div>\r\n                <div>Marca<\/div>\r\n                <div>Avalia\u00e7\u00f5es<\/div>\r\n                <div>Pre\u00e7o<\/div>\r\n            <\/product-headers>\r\n\r\n            <product-list>\r\n                                    <a href=\"https:\/\/www.primor.eu\/pt_pt\/yves-saint-laurent-y-elixir-perfum-112583.html?#854=66336\" class=\"product-item grid-table-rows\" target=\"_blank\">\r\n                        <div>\r\n                            <img decoding=\"async\" class=\"product-img\" width=\"80px\" height=\"80px\" src=\"https:\/\/cdn2.primor.eu\/media\/catalog\/product\/cache\/8d3aba296f7a18b5251ee30fa5db42b2\/3\/6\/3614274025637_1_74d2.jpg\" alt=\"\" title=\"\">\r\n                        <\/div>\r\n\r\n                        <!-- Contenido de producto  -->\r\n                        <div>\r\n                            <div class=\"product-position\">\r\n                                #1 Mais Vendidos                            <\/div>\r\n\r\n                            <h2>\r\n                                Y Elixir Parfum                            <\/h2>\r\n                        <\/div>\r\n\r\n                        <!-- Imagen y\/o nombre de la marca -->\r\n                        <div>\r\n                                                            <img decoding=\"async\" width=\"70\" src=\"https:\/\/www.primor.eu\/media\/catalog\/category\/yves.png\" alt=\"\" title=\"\">\r\n                                                    <\/div>\r\n\r\n                        <!-- Puntuaci\u00f3n del producto  -->\r\n                        <div class=\"rating\">\r\n                                                            <div class=\"rate\" style=\"--p:100;\"><\/div>\r\n                                <b>5\/5<\/b>\r\n                                <div class=\"rate-stars\">\r\n                                                                            <div\r\n                                            class=\"rate-star  \">\r\n                                        <\/div>\r\n                                                                            <div\r\n                                            class=\"rate-star  \">\r\n                                        <\/div>\r\n                                                                            <div\r\n                                            class=\"rate-star  \">\r\n                                        <\/div>\r\n                                                                            <div\r\n                                            class=\"rate-star  \">\r\n                                        <\/div>\r\n                                                                            <div\r\n                                            class=\"rate-star  \">\r\n                                        <\/div>\r\n                                                                    <\/div>\r\n                                                    <\/div>\r\n\r\n                        <!-- Bot\u00f3n de producto  -->\r\n                        <div>\r\n                            <span class=\"price-claim\">\r\n                                VER PRE\u00c7O                            <\/span>\r\n                        <\/div>\r\n                    <\/a>\r\n                                    <a href=\"https:\/\/www.primor.eu\/pt_pt\/yves-saint-laurent-myslf-le-parfum-perfume-masculino-floral-amadeirado-112615.html?#863=67095\" class=\"product-item grid-table-rows\" target=\"_blank\">\r\n                        <div>\r\n                            <img decoding=\"async\" class=\"product-img\" width=\"80px\" height=\"80px\" src=\"https:\/\/cdn2.primor.eu\/media\/catalog\/product\/cache\/8d3aba296f7a18b5251ee30fa5db42b2\/3\/6\/3614274114669_1_508c.jpg\" alt=\"\" title=\"\">\r\n                        <\/div>\r\n\r\n                        <!-- Contenido de producto  -->\r\n                        <div>\r\n                            <div class=\"product-position\">\r\n                                #2                            <\/div>\r\n\r\n                            <h2>\r\n                                MYSLF Le Parfum                            <\/h2>\r\n                        <\/div>\r\n\r\n                        <!-- Imagen y\/o nombre de la marca -->\r\n                        <div>\r\n                                                            <img decoding=\"async\" width=\"70\" src=\"https:\/\/www.primor.eu\/media\/catalog\/category\/yves.png\" alt=\"\" title=\"\">\r\n                                                    <\/div>\r\n\r\n                        <!-- Puntuaci\u00f3n del producto  -->\r\n                        <div class=\"rating\">\r\n                                                            <div class=\"rate\" style=\"--p:98;\"><\/div>\r\n                                <b>4.9\/5<\/b>\r\n                                <div class=\"rate-stars\">\r\n                                                                            <div\r\n                                            class=\"rate-star  \">\r\n                                        <\/div>\r\n                                                                            <div\r\n                                            class=\"rate-star  \">\r\n                                        <\/div>\r\n                                                                            <div\r\n                                            class=\"rate-star  \">\r\n                                        <\/div>\r\n                                                                            <div\r\n                                            class=\"rate-star  \">\r\n                                        <\/div>\r\n                                                                            <div\r\n                                            class=\"rate-star  \">\r\n                                        <\/div>\r\n                                                                    <\/div>\r\n                                                    <\/div>\r\n\r\n                        <!-- Bot\u00f3n de producto  -->\r\n                        <div>\r\n                            <span class=\"price-claim\">\r\n                                VER PRE\u00c7O                            <\/span>\r\n                        <\/div>\r\n                    <\/a>\r\n                                    <a href=\"https:\/\/www.primor.eu\/pt_pt\/tom-ford-parfum-vetiver-cinzento-112545.html?#863=67139\" class=\"product-item grid-table-rows\" target=\"_blank\">\r\n                        <div>\r\n                            <img decoding=\"async\" class=\"product-img\" width=\"80px\" height=\"80px\" src=\"https:\/\/cdn2.primor.eu\/media\/catalog\/product\/cache\/8d3aba296f7a18b5251ee30fa5db42b2\/g\/r\/grey_vetiver_parfum1_6624.jpg\" alt=\"\" title=\"\">\r\n                        <\/div>\r\n\r\n                        <!-- Contenido de producto  -->\r\n                        <div>\r\n                            <div class=\"product-position\">\r\n                                #3                            <\/div>\r\n\r\n                            <h2>\r\n                                Grey Vetiver Parfum                            <\/h2>\r\n                        <\/div>\r\n\r\n                        <!-- Imagen y\/o nombre de la marca -->\r\n                        <div>\r\n                                                            <img decoding=\"async\" width=\"70\" src=\"https:\/\/www.primor.eu\/media\/catalog\/category\/tom-ford-logopng.png\" alt=\"\" title=\"\">\r\n                                                    <\/div>\r\n\r\n                        <!-- Puntuaci\u00f3n del producto  -->\r\n                        <div class=\"rating\">\r\n                                                            <div class=\"rate\" style=\"--p:90;\"><\/div>\r\n                                <b>4.5\/5<\/b>\r\n                                <div class=\"rate-stars\">\r\n                                                                            <div\r\n                                            class=\"rate-star  \">\r\n                                        <\/div>\r\n                                                                            <div\r\n                                            class=\"rate-star  \">\r\n                                        <\/div>\r\n                                                                            <div\r\n                                            class=\"rate-star  \">\r\n                                        <\/div>\r\n                                                                            <div\r\n                                            class=\"rate-star  \">\r\n                                        <\/div>\r\n                                                                            <div\r\n                                            class=\"rate-star  middle\">\r\n                                        <\/div>\r\n                                                                    <\/div>\r\n                                                    <\/div>\r\n\r\n                        <!-- Bot\u00f3n de producto  -->\r\n                        <div>\r\n                            <span class=\"price-claim\">\r\n                                VER PRE\u00c7O                            <\/span>\r\n                        <\/div>\r\n                    <\/a>\r\n                            <\/product-list>\r\n        <\/product-table>\r\n\r\n        \n\n\n<h3 class=\"wp-block-heading\">Tom Ford Grey Vetiver Parfum<\/h3>\n\n\n\n<p><strong>Grey Vetiver Parfum<\/strong> da TOM FORD \u00e9 a sofistica\u00e7\u00e3o em forma de aroma. Esta vers\u00e3o mais intensa e luminosa do vetiver cl\u00e1ssico \u00e9 perfeita para homens que apostam na eleg\u00e2ncia com personalidade. A sua composi\u00e7\u00e3o, baseada num trio de vetiveres sustent\u00e1veis, evoca alfaiataria impec\u00e1vel e aquele estilo limpo, preciso e sem esfor\u00e7o t\u00e3o caracter\u00edstico da marca. A flor de laranjeira acrescenta frescura, enquanto o a\u00e7afr\u00e3o, luxuoso e dourado, d\u00e1-lhe um toque especiado e misterioso que transforma esta fragr\u00e2ncia num essencial moderno de alto impacto. O equil\u00edbrio perfeito entre sobriedade e magnetismo.<\/p>\n\n\n    <a class='product' target='_blank' href='https:\/\/www.primor.eu\/pt_pt\/tom-ford-parfum-vetiver-cinzento-112545.html?#863=67139'>\r\n        <img fetchpriority=\"high\" decoding=\"async\" width=\"300\" height=\"300\" loading=\"async\" src=\"https:\/\/cdn2.primor.eu\/media\/catalog\/product\/cache\/8d3aba296f7a18b5251ee30fa5db42b2\/g\/r\/grey_vetiver_parfum1_6624.jpg\" alt=\"\" title=\"\">\r\n            <div class=\"claim\">\r\n                 COMPRAR AGORA            <\/div>\r\n        <\/a>\r\n    \n\n\n<h3 class=\"wp-block-heading\">Yves Saint Laurent Y Elixir Parfum<\/h3>\n\n\n\n<p><strong>Y Elixir<\/strong> \u00e9 um perfume que n\u00e3o passa despercebido. Intenso, magn\u00e9tico e misterioso, como quem sabe conquistar em sil\u00eancio. Esta vers\u00e3o ultra concentrada do ic\u00f3nico \u201cY\u201d da YSL enriquece-se com lavanda Diva e ger\u00e2nio, oferecendo um corpo arom\u00e1tico profundo, elegante e subtilmente floral. Mas o que realmente eleva esta fragr\u00e2ncia \u00e9 a combina\u00e7\u00e3o com incenso e madeira de oud, que adicionam uma dimens\u00e3o fumada, quente e enigm\u00e1tica.<\/p>\n\n\n\n<p>Encapsulado num frasco azul met\u00e1lico que brinca com a luz, \u00e9 um perfume para homens que deixam marca, que sabem quem s\u00e3o e n\u00e3o t\u00eam medo de ser inesquec\u00edveis.<\/p>\n\n\n    <a class='product' target='_blank' href='https:\/\/www.primor.eu\/pt_pt\/yves-saint-laurent-y-elixir-perfum-112583.html?#854=66336'>\r\n        <img decoding=\"async\" width=\"300\" height=\"300\" loading=\"async\" src=\"https:\/\/cdn2.primor.eu\/media\/catalog\/product\/cache\/8d3aba296f7a18b5251ee30fa5db42b2\/3\/6\/3614274025637_1_74d2.jpg\" alt=\"\" title=\"\">\r\n            <div class=\"claim\">\r\n                 COMPRAR AGORA            <\/div>\r\n        <\/a>\r\n    \n\n\n<h3 class=\"wp-block-heading\">Yves Saint Laurent MYSLF Le Parfum<\/h3>\n\n\n\n<p><strong>MYSLF Le Parfum<\/strong> \u00e9 um manifesto da masculinidade contempor\u00e2nea. Aqui convivem a energia vibrante da pimenta preta, o lado floral e elegante da flor de laranjeira e uma base envolvente de baunilha e madeiras quentes. Esta fus\u00e3o de contrastes cria um perfume vers\u00e1til, viciante e sofisticado, pensado para o homem moderno que n\u00e3o cabe em r\u00f3tulos. O frasco preto mate, s\u00f3brio mas com personalidade, reflete essa dualidade entre for\u00e7a e sensibilidade. MYSLF \u00e9 para quem acredita que o perfume \u00e9 uma forma de identidade e express\u00e3o \u2014 n\u00e3o de etiquetas.<\/p>\n\n\n    <a class='product' target='_blank' href='https:\/\/www.primor.eu\/pt_pt\/yves-saint-laurent-myslf-le-parfum-perfume-masculino-floral-amadeirado-112615.html?#863=67095'>\r\n        <img decoding=\"async\" width=\"300\" height=\"300\" loading=\"async\" src=\"https:\/\/cdn2.primor.eu\/media\/catalog\/product\/cache\/8d3aba296f7a18b5251ee30fa5db42b2\/3\/6\/3614274114669_1_508c.jpg\" alt=\"\" title=\"\">\r\n            <div class=\"claim\">\r\n                 COMPRAR AGORA            <\/div>\r\n        <\/a>\r\n    \n\n\n<h3 class=\"wp-block-heading\">Mancera Lemon Line Eau de Parfum<\/h3>\n\n\n\n<p><strong>Lemon Line<\/strong> da MANCERA \u00e9 uma viagem sensorial pela costa mediterr\u00e2nica. Se gostas de perfumes com um toque vibrante, fresco e alegre, este aroma c\u00edtrico-arom\u00e1tico vai ser a tua nova obsess\u00e3o. Lim\u00e3o siciliano, laranja e lavanda fresca combinam-se com ger\u00e2nio, musgo de carvalho e alm\u00edscar branco, criando uma aura vibrante, limpa e com aquele toque sensual e leve que dura horas na pele. Perfeito para o dia a dia, para a primavera ou o ver\u00e3o, ou simplesmente para quem adora fragr\u00e2ncias que cheiram a pele limpa e liberdade. Pura frescura com alma elegante.<\/p>\n\n\n    <a class='product' target='_blank' href='https:\/\/www.primor.eu\/pt_pt\/mancera-mancera-eau-de-parfum-lemon-line-eau-de-parfum-perfume-para-homem-111994.html?#854=66335'>\r\n        <img decoding=\"async\" width=\"300\" height=\"300\" loading=\"async\" src=\"https:\/\/cdn2.primor.eu\/media\/catalog\/product\/cache\/8d3aba296f7a18b5251ee30fa5db42b2\/4\/A\/4AF06503_1_e516.jpg\" alt=\"\" title=\"\">\r\n            <div class=\"claim\">\r\n                 COMPRAR AGORA            <\/div>\r\n        <\/a>\r\n    ","protected":false},"excerpt":{"rendered":"<p>A primavera traz sempre uma promessa: a de recome\u00e7ar. O sol volta a acariciar a pele, o ar enche-se de notas verdes e florais, e os perfumes, claro, renovam-se. Mas nesta primavera de 2026, os aromas florais j\u00e1 n\u00e3o s\u00e3o s\u00f3 para elas. Cada vez mais homens rendem-se a fragr\u00e2ncias que combinam eleg\u00e2ncia, leveza e [&hellip;]<\/p>\n","protected":false},"author":6,"featured_media":5325,"comment_status":"closed","ping_status":"closed","sticky":false,"template":"","format":"standard","meta":{"jnews-multi-image_gallery":[],"jnews_single_post":{"format":"standard"},"jnews_primary_category":[],"jnews_social_meta":[],"jnews_override_counter":[],"footnotes":""},"categories":[2,24],"tags":[],"class_list":["post-5324","post","type-post","status-publish","format-standard","has-post-thumbnail","hentry","category-perfumes","category-perfumes-homem"],"_links":{"self":[{"href":"https:\/\/www.primor.eu\/blog\/pt\/wp-json\/wp\/v2\/posts\/5324","targetHints":{"allow":["GET"]}}],"collection":[{"href":"https:\/\/www.primor.eu\/blog\/pt\/wp-json\/wp\/v2\/posts"}],"about":[{"href":"https:\/\/www.primor.eu\/blog\/pt\/wp-json\/wp\/v2\/types\/post"}],"author":[{"embeddable":true,"href":"https:\/\/www.primor.eu\/blog\/pt\/wp-json\/wp\/v2\/users\/6"}],"replies":[{"embeddable":true,"href":"https:\/\/www.primor.eu\/blog\/pt\/wp-json\/wp\/v2\/comments?post=5324"}],"version-history":[{"count":2,"href":"https:\/\/www.primor.eu\/blog\/pt\/wp-json\/wp\/v2\/posts\/5324\/revisions"}],"predecessor-version":[{"id":6335,"href":"https:\/\/www.primor.eu\/blog\/pt\/wp-json\/wp\/v2\/posts\/5324\/revisions\/6335"}],"wp:featuredmedia":[{"embeddable":true,"href":"https:\/\/www.primor.eu\/blog\/pt\/wp-json\/wp\/v2\/media\/5325"}],"wp:attachment":[{"href":"https:\/\/www.primor.eu\/blog\/pt\/wp-json\/wp\/v2\/media?parent=5324"}],"wp:term":[{"taxonomy":"category","embeddable":true,"href":"https:\/\/www.primor.eu\/blog\/pt\/wp-json\/wp\/v2\/categories?post=5324"},{"taxonomy":"post_tag","embeddable":true,"href":"https:\/\/www.primor.eu\/blog\/pt\/wp-json\/wp\/v2\/tags?post=5324"}],"curies":[{"name":"wp","href":"https:\/\/api.w.org\/{rel}","templated":true}]}}