
{"id":5314,"date":"2025-06-06T13:14:46","date_gmt":"2025-06-06T12:14:46","guid":{"rendered":"https:\/\/www.primor.eu\/blog\/pt\/?p=5314"},"modified":"2026-01-29T09:03:37","modified_gmt":"2026-01-29T09:03:37","slug":"ampolas-antiqueda-cabelo","status":"publish","type":"post","link":"https:\/\/www.primor.eu\/blog\/pt\/ampolas-antiqueda-cabelo\/","title":{"rendered":"As 11 melhores ampolas antiqueda de cabelo de 2026, segundo especialistas"},"content":{"rendered":"\n<p>A queda de cabelo \u00e9 sempre uma preocupa\u00e7\u00e3o, seja ela tempor\u00e1ria, como a queda sazonal, que \u00e9 natural, ou uma perda mais acentuada, caso em que deves sempre consultar um profissional. Felizmente, hoje em dia existem muitas f\u00f3rmulas desenvolvidas para<strong> travar a queda <\/strong>e <strong>estimular o crescimento do cabelo<\/strong>. As ampolas antiqueda s\u00e3o uma das solu\u00e7\u00f5es mais eficazes para fortalecer o couro cabeludo e reduzir a perda capilar.<\/p>\n\n\n\n<p>De aplica\u00e7\u00e3o em cabelo seco ou molhado e com<strong> <\/strong><a href=\"https:\/\/www.primor.eu\/pt_pt\/tratamentos-capilares-parafarmacia\"><strong>tratamentos <\/strong><\/a><strong>intensivos <\/strong>ou de manuten\u00e7\u00e3o, as ampolas antiqueda s\u00e3o ideais para tratar quedas sazonais ou como refor\u00e7o ocasional para fortalecer o cabelo. Gra\u00e7as ao seu formato pr\u00e1tico, s\u00e3o perfeitas para levares contigo em viagem e aplicam-se diretamente no couro cabeludo com uma massagem suave, um momento relaxante com o benef\u00edcio adicional da<strong> massagem capilar<\/strong>. Consegue um cabelo mais forte, saud\u00e1vel, espesso e cheio de<strong> brilho e volume<\/strong> com as ampolas antiqueda dispon\u00edveis na Primor.<\/p>\n\n\n\n<h2 class=\"wp-block-heading\">As melhores ampolas para a queda de cabelo<\/h2>\n\n\n        <product-table class=\"pr-slider\">\r\n            <product-headers class=\"grid-table-rows\">\r\n                <div>Foto<\/div>\r\n                <div>Produto<\/div>\r\n                <div>Marca<\/div>\r\n                <div>Avalia\u00e7\u00f5es<\/div>\r\n                <div>Pre\u00e7o<\/div>\r\n            <\/product-headers>\r\n\r\n            <product-list>\r\n                                    <a href=\"https:\/\/www.primor.eu\/pt_pt\/collistar-attivi-puri-hair-anti-queda-de-cabelo-peptido-bolhas-113222.html\" class=\"product-item grid-table-rows\" target=\"_blank\">\r\n                        <div>\r\n                            <img decoding=\"async\" class=\"product-img\" width=\"80px\" height=\"80px\" src=\"https:\/\/cdn2.primor.eu\/media\/catalog\/product\/cache\/8d3aba296f7a18b5251ee30fa5db42b2\/8\/0\/8015150297349_01_a74e.jpg\" alt=\"\" title=\"\">\r\n                        <\/div>\r\n\r\n                        <!-- Contenido de producto  -->\r\n                        <div>\r\n                            <div class=\"product-position\">\r\n                                #1 Mais Vendidos                            <\/div>\r\n\r\n                            <h2>\r\n                                Attivi Puri Hair Ampolas Antiqueda                            <\/h2>\r\n                        <\/div>\r\n\r\n                        <!-- Imagen y\/o nombre de la marca -->\r\n                        <div>\r\n                                                            <img decoding=\"async\" width=\"70\" src=\"https:\/\/www.primor.eu\/media\/catalog\/category\/collistar.png\" alt=\"\" title=\"\">\r\n                                                    <\/div>\r\n\r\n                        <!-- Puntuaci\u00f3n del producto  -->\r\n                        <div class=\"rating\">\r\n                                                            <div class=\"rate\" style=\"--p:100;\"><\/div>\r\n                                <b>5\/5<\/b>\r\n                                <div class=\"rate-stars\">\r\n                                                                            <div\r\n                                            class=\"rate-star  \">\r\n                                        <\/div>\r\n                                                                            <div\r\n                                            class=\"rate-star  \">\r\n                                        <\/div>\r\n                                                                            <div\r\n                                            class=\"rate-star  \">\r\n                                        <\/div>\r\n                                                                            <div\r\n                                            class=\"rate-star  \">\r\n                                        <\/div>\r\n                                                                            <div\r\n                                            class=\"rate-star  \">\r\n                                        <\/div>\r\n                                                                    <\/div>\r\n                                                    <\/div>\r\n\r\n                        <!-- Bot\u00f3n de producto  -->\r\n                        <div>\r\n                            <span class=\"price-claim\">\r\n                                VER PRE\u00c7O                            <\/span>\r\n                        <\/div>\r\n                    <\/a>\r\n                                    <a href=\"https:\/\/www.primor.eu\/pt_pt\/vida-shock-estojo-anti-queda-de-cabelo-6-bolhas-70147.html\" class=\"product-item grid-table-rows\" target=\"_blank\">\r\n                        <div>\r\n                            <img decoding=\"async\" class=\"product-img\" width=\"80px\" height=\"80px\" src=\"https:\/\/cdn2.primor.eu\/media\/catalog\/product\/cache\/8d3aba296f7a18b5251ee30fa5db42b2\/2\/C\/2CN01023_1_bfea.jpg\" alt=\"\" title=\"\">\r\n                        <\/div>\r\n\r\n                        <!-- Contenido de producto  -->\r\n                        <div>\r\n                            <div class=\"product-position\">\r\n                                #2                            <\/div>\r\n\r\n                            <h2>\r\n                                Estojo Antiqueda                            <\/h2>\r\n                        <\/div>\r\n\r\n                        <!-- Imagen y\/o nombre de la marca -->\r\n                        <div>\r\n                                                            <img decoding=\"async\" width=\"70\" src=\"https:\/\/www.primor.eu\/media\/catalog\/category\/vida_shock.jpg\" alt=\"\" title=\"\">\r\n                                                    <\/div>\r\n\r\n                        <!-- Puntuaci\u00f3n del producto  -->\r\n                        <div class=\"rating\">\r\n                                                            <div class=\"rate\" style=\"--p:100;\"><\/div>\r\n                                <b>5\/5<\/b>\r\n                                <div class=\"rate-stars\">\r\n                                                                            <div\r\n                                            class=\"rate-star  \">\r\n                                        <\/div>\r\n                                                                            <div\r\n                                            class=\"rate-star  \">\r\n                                        <\/div>\r\n                                                                            <div\r\n                                            class=\"rate-star  \">\r\n                                        <\/div>\r\n                                                                            <div\r\n                                            class=\"rate-star  \">\r\n                                        <\/div>\r\n                                                                            <div\r\n                                            class=\"rate-star  \">\r\n                                        <\/div>\r\n                                                                    <\/div>\r\n                                                    <\/div>\r\n\r\n                        <!-- Bot\u00f3n de producto  -->\r\n                        <div>\r\n                            <span class=\"price-claim\">\r\n                                VER PRE\u00c7O                            <\/span>\r\n                        <\/div>\r\n                    <\/a>\r\n                                    <a href=\"https:\/\/www.primor.eu\/pt_pt\/pilexil-ampolas-antiqueda-forte-116173.html?#863=69961\" class=\"product-item grid-table-rows\" target=\"_blank\">\r\n                        <div>\r\n                            <img decoding=\"async\" class=\"product-img\" width=\"80px\" height=\"80px\" src=\"https:\/\/cdn2.primor.eu\/media\/catalog\/product\/cache\/8d3aba296f7a18b5251ee30fa5db42b2\/8\/4\/8430340032324_b5c2.jpg\" alt=\"\" title=\"\">\r\n                        <\/div>\r\n\r\n                        <!-- Contenido de producto  -->\r\n                        <div>\r\n                            <div class=\"product-position\">\r\n                                #3                            <\/div>\r\n\r\n                            <h2>\r\n                                Ampolas Antiqueda Forte                            <\/h2>\r\n                        <\/div>\r\n\r\n                        <!-- Imagen y\/o nombre de la marca -->\r\n                        <div>\r\n                                                            <img decoding=\"async\" width=\"70\" src=\"https:\/\/www.primor.eu\/media\/catalog\/category\/logo_pilexil.jpg\" alt=\"\" title=\"\">\r\n                                                    <\/div>\r\n\r\n                        <!-- Puntuaci\u00f3n del producto  -->\r\n                        <div class=\"rating\">\r\n                                                            <div class=\"rate\" style=\"--p:98;\"><\/div>\r\n                                <b>4.9\/5<\/b>\r\n                                <div class=\"rate-stars\">\r\n                                                                            <div\r\n                                            class=\"rate-star  \">\r\n                                        <\/div>\r\n                                                                            <div\r\n                                            class=\"rate-star  \">\r\n                                        <\/div>\r\n                                                                            <div\r\n                                            class=\"rate-star  \">\r\n                                        <\/div>\r\n                                                                            <div\r\n                                            class=\"rate-star  \">\r\n                                        <\/div>\r\n                                                                            <div\r\n                                            class=\"rate-star  \">\r\n                                        <\/div>\r\n                                                                    <\/div>\r\n                                                    <\/div>\r\n\r\n                        <!-- Bot\u00f3n de producto  -->\r\n                        <div>\r\n                            <span class=\"price-claim\">\r\n                                VER PRE\u00c7O                            <\/span>\r\n                        <\/div>\r\n                    <\/a>\r\n                                    <a href=\"https:\/\/www.primor.eu\/pt_pt\/vichy-dercos-aminexil-clinical-anti-queda-de-cabelo-feminino-bolhas-8529.html\" class=\"product-item grid-table-rows\" target=\"_blank\">\r\n                        <div>\r\n                            <img decoding=\"async\" class=\"product-img\" width=\"80px\" height=\"80px\" src=\"https:\/\/cdn2.primor.eu\/media\/catalog\/product\/cache\/8d3aba296f7a18b5251ee30fa5db42b2\/6\/X\/6XS07986_1_486c.jpg\" alt=\"\" title=\"\">\r\n                        <\/div>\r\n\r\n                        <!-- Contenido de producto  -->\r\n                        <div>\r\n                            <div class=\"product-position\">\r\n                                #4                            <\/div>\r\n\r\n                            <h2>\r\n                                Dercos Aminexil Ampolas Antiqueda                            <\/h2>\r\n                        <\/div>\r\n\r\n                        <!-- Imagen y\/o nombre de la marca -->\r\n                        <div>\r\n                                                            <img decoding=\"async\" width=\"70\" src=\"https:\/\/www.primor.eu\/media\/catalog\/category\/vichy.png\" alt=\"\" title=\"\">\r\n                                                    <\/div>\r\n\r\n                        <!-- Puntuaci\u00f3n del producto  -->\r\n                        <div class=\"rating\">\r\n                                                            <div class=\"rate\" style=\"--p:94;\"><\/div>\r\n                                <b>4.7\/5<\/b>\r\n                                <div class=\"rate-stars\">\r\n                                                                            <div\r\n                                            class=\"rate-star  \">\r\n                                        <\/div>\r\n                                                                            <div\r\n                                            class=\"rate-star  \">\r\n                                        <\/div>\r\n                                                                            <div\r\n                                            class=\"rate-star  \">\r\n                                        <\/div>\r\n                                                                            <div\r\n                                            class=\"rate-star  \">\r\n                                        <\/div>\r\n                                                                            <div\r\n                                            class=\"rate-star  \">\r\n                                        <\/div>\r\n                                                                    <\/div>\r\n                                                    <\/div>\r\n\r\n                        <!-- Bot\u00f3n de producto  -->\r\n                        <div>\r\n                            <span class=\"price-claim\">\r\n                                VER PRE\u00c7O                            <\/span>\r\n                        <\/div>\r\n                    <\/a>\r\n                                    <a href=\"https:\/\/www.primor.eu\/pt_pt\/alea-bolhas-intensive-flash-repair-hair-10650.html\" class=\"product-item grid-table-rows\" target=\"_blank\">\r\n                        <div>\r\n                            <img decoding=\"async\" class=\"product-img\" width=\"80px\" height=\"80px\" src=\"https:\/\/cdn2.primor.eu\/media\/catalog\/product\/cache\/8d3aba296f7a18b5251ee30fa5db42b2\/2\/C\/2CN00850_1_0aef.jpg\" alt=\"\" title=\"\">\r\n                        <\/div>\r\n\r\n                        <!-- Contenido de producto  -->\r\n                        <div>\r\n                            <div class=\"product-position\">\r\n                                #5                            <\/div>\r\n\r\n                            <h2>\r\n                                Ampolas Capilares Repara\u00e7\u00e3o Intensiva Flash                            <\/h2>\r\n                        <\/div>\r\n\r\n                        <!-- Imagen y\/o nombre de la marca -->\r\n                        <div>\r\n                                                            <img decoding=\"async\" width=\"70\" src=\"https:\/\/www.primor.eu\/media\/catalog\/category\/alea.jpg\" alt=\"\" title=\"\">\r\n                                                    <\/div>\r\n\r\n                        <!-- Puntuaci\u00f3n del producto  -->\r\n                        <div class=\"rating\">\r\n                                                            <div class=\"rate\" style=\"--p:96;\"><\/div>\r\n                                <b>4.8\/5<\/b>\r\n                                <div class=\"rate-stars\">\r\n                                                                            <div\r\n                                            class=\"rate-star  \">\r\n                                        <\/div>\r\n                                                                            <div\r\n                                            class=\"rate-star  \">\r\n                                        <\/div>\r\n                                                                            <div\r\n                                            class=\"rate-star  \">\r\n                                        <\/div>\r\n                                                                            <div\r\n                                            class=\"rate-star  \">\r\n                                        <\/div>\r\n                                                                            <div\r\n                                            class=\"rate-star  \">\r\n                                        <\/div>\r\n                                                                    <\/div>\r\n                                                    <\/div>\r\n\r\n                        <!-- Bot\u00f3n de producto  -->\r\n                        <div>\r\n                            <span class=\"price-claim\">\r\n                                VER PRE\u00c7O                            <\/span>\r\n                        <\/div>\r\n                    <\/a>\r\n                            <\/product-list>\r\n        <\/product-table>\r\n\r\n        \n\n\n<h3 class=\"wp-block-heading\">Vichy Dercos Aminexil Ampolas Antiqueda<\/h3>\n\n\n\n<p>Estas ampolas est\u00e3o enriquecidas com vitaminas PP e B6, que revitalizam o cabelo e estimulam o seu crescimento natural. Tamb\u00e9m ajudam a manter a flexibilidade e elasticidade dos tecidos \u00e0 volta da raiz, permitindo um ancoramento mais forte. Ap\u00f3s seis semanas de aplica\u00e7\u00e3o, o cabelo fica mais espesso e resistente.<\/p>\n\n\n    <a class='product' target='_blank' href='https:\/\/www.primor.eu\/pt_pt\/vichy-dercos-aminexil-clinical-anti-queda-de-cabelo-feminino-bolhas-8529.html'>\r\n        <img fetchpriority=\"high\" decoding=\"async\" width=\"300\" height=\"300\" loading=\"async\" src=\"https:\/\/cdn2.primor.eu\/media\/catalog\/product\/cache\/8d3aba296f7a18b5251ee30fa5db42b2\/6\/X\/6XS07986_1_486c.jpg\" alt=\"\" title=\"\">\r\n            <div class=\"claim\">\r\n                 COMPRAR AGORA            <\/div>\r\n        <\/a>\r\n    \n\n\n<h3 class=\"wp-block-heading\">Pilexil Ampolas Antiqueda<\/h3>\n\n\n\n<p>Atuam diretamente nos fatores que provocam a queda de cabelo, sendo eficazes tanto em casos de queda inicial como em quedas tempor\u00e1rias moderadas. Podes us\u00e1-las como tratamento intensivo (uma ampola por dia) ou de manuten\u00e7\u00e3o (tr\u00eas vezes por semana durante tr\u00eas meses).<\/p>\n\n\n    <a class='product' target='_blank' href='https:\/\/www.primor.eu\/pt_pt\/pilexil-ampolas-antiqueda-forte-116173.html?#863=69961'>\r\n        <img decoding=\"async\" width=\"300\" height=\"300\" loading=\"async\" src=\"https:\/\/cdn2.primor.eu\/media\/catalog\/product\/cache\/8d3aba296f7a18b5251ee30fa5db42b2\/8\/4\/8430340032324_b5c2.jpg\" alt=\"\" title=\"\">\r\n            <div class=\"claim\">\r\n                 COMPRAR AGORA            <\/div>\r\n        <\/a>\r\n    \n\n\n<h3 class=\"wp-block-heading\">K\u00c9RASTASE Specifique Aminexil Force Tratamento Antiqueda Capilar<\/h3>\n\n\n\n<p>Tratamento intensivo em ampolas que reduz visivelmente a queda e o afinamento do cabelo, melhorando a resist\u00eancia e diminuindo a quebra. Gra\u00e7as a ingredientes como a ramnose, com propriedades antienvelhecimento, estimula a produ\u00e7\u00e3o de colag\u00e9nio e elastina capilar para um cabelo mais forte, sedoso e bonito.<\/p>\n\n\n    <a class='product' target='_blank' href='https:\/\/www.primor.eu\/pt_pt\/kerastase-specifique-cure-anti-chute-ampolas-antiqueda-9489.html'>\r\n        <img decoding=\"async\" width=\"300\" height=\"300\" loading=\"async\" src=\"https:\/\/cdn2.primor.eu\/media\/catalog\/product\/cache\/8d3aba296f7a18b5251ee30fa5db42b2\/2\/C\/2CN00122_1_be3a.jpg\" alt=\"\" title=\"\">\r\n            <div class=\"claim\">\r\n                 COMPRAR AGORA            <\/div>\r\n        <\/a>\r\n    \n\n\n<h3 class=\"wp-block-heading\">Alea Ampolas Capilares Repara\u00e7\u00e3o Intensiva Flash<\/h3>\n\n\n\n<p>Ampolas de nutri\u00e7\u00e3o intensiva com Provitamina B5, ceramidas e p\u00f3 de diamante que conferem brilho e nutrem o cabelo. Indicadas para cabelo danificado ou muito danificado, reparam desde a primeira aplica\u00e7\u00e3o e evitam a quebra.<\/p>\n\n\n    <a class='product' target='_blank' href='https:\/\/www.primor.eu\/pt_pt\/alea-bolhas-intensive-flash-repair-hair-10650.html'>\r\n        <img decoding=\"async\" width=\"300\" height=\"300\" loading=\"async\" src=\"https:\/\/cdn2.primor.eu\/media\/catalog\/product\/cache\/8d3aba296f7a18b5251ee30fa5db42b2\/2\/C\/2CN00850_1_0aef.jpg\" alt=\"\" title=\"\">\r\n            <div class=\"claim\">\r\n                 COMPRAR AGORA            <\/div>\r\n        <\/a>\r\n    \n\n\n<h3 class=\"wp-block-heading\">Nuggela &amp; Sul\u00e9 Pack Ampolas Antiqueda Epigen\u00e9tica da NUGGELA &amp; SUL\u00c9<\/h3>\n\n\n\n<p>Frenam eficazmente a queda do cabelo, fortalecem o fol\u00edculo e ativam a regenera\u00e7\u00e3o capilar. Recomenda-se um m\u00eas de tratamento intensivo seguido por um de manuten\u00e7\u00e3o. Podem ser aplicadas em cabelo seco ou molhado.<\/p>\n\n\n    <a class='product' target='_blank' href='https:\/\/www.primor.eu\/pt_pt\/nuggela-sule-ampola-anti-queda-de-cabelo-105906.html?#846=66202'>\r\n        <img decoding=\"async\" width=\"300\" height=\"300\" loading=\"async\" src=\"https:\/\/cdn2.primor.eu\/media\/catalog\/product\/cache\/8d3aba296f7a18b5251ee30fa5db42b2\/6\/X\/6XS11665_1_d7da.jpg\" alt=\"\" title=\"\">\r\n            <div class=\"claim\">\r\n                 COMPRAR AGORA            <\/div>\r\n        <\/a>\r\n    \n\n\n<h3 class=\"wp-block-heading\">Kerzo Forte Tratamento Intensivo Antiqueda<\/h3>\n\n\n\n<p>A f\u00f3rmula de Kerzo estimula o crescimento ao mesmo tempo que reduz a queda, especialmente indicada para quedas moderadas. Deve ser aplicada no cabelo limpo com uma massagem suave para resultados \u00f3timos.<\/p>\n\n\n    <a class='product' target='_blank' href='https:\/\/www.primor.eu\/pt_pt\/kerzo-forte-intensive-anti-hair-loss-treatment-8429.html'>\r\n        <img decoding=\"async\" width=\"300\" height=\"300\" loading=\"async\" src=\"https:\/\/cdn2.primor.eu\/media\/catalog\/product\/cache\/8d3aba296f7a18b5251ee30fa5db42b2\/2\/C\/2CC03620_1_0456.jpg\" alt=\"\" title=\"\">\r\n            <div class=\"claim\">\r\n                 COMPRAR AGORA            <\/div>\r\n        <\/a>\r\n    \n\n\n<h3 class=\"wp-block-heading\">Revuele Ampolas Complexo Termoativo para Preven\u00e7\u00e3o da Queda<\/h3>\n\n\n\n<p>Ampolas enriquecidas com extrato de malagueta vermelha que estimulam os fol\u00edculos capilares e nutrem o cabelo. A combina\u00e7\u00e3o de amino\u00e1cidos, extratos bot\u00e2nicos e queratina fortalece, suaviza e d\u00e1 brilho ao cabelo, aumentando a sua resist\u00eancia \u00e0s agress\u00f5es externas.<\/p>\n\n\n    <a class='product' target='_blank' href='https:\/\/www.primor.eu\/pt_pt\/revuele-complexo-termoactivo-para-a-prevenc-o-da-queda-de-cabelo-bolhas-9801.html'>\r\n        <img decoding=\"async\" width=\"300\" height=\"300\" loading=\"async\" src=\"https:\/\/cdn2.primor.eu\/media\/catalog\/product\/cache\/8d3aba296f7a18b5251ee30fa5db42b2\/2\/C\/2CN00622_1_64b5.jpg\" alt=\"\" title=\"\">\r\n            <div class=\"claim\">\r\n                 COMPRAR AGORA            <\/div>\r\n        <\/a>\r\n    \n\n\n<h3 class=\"wp-block-heading\">Bioglow Tratamento Antiqueda<\/h3>\n\n\n\n<p>Formulado com extratos naturais de soja e trigo germinados, fornece energia para aumentar a s\u00edntese de prote\u00ednas como o colag\u00e9nio e a elastina. Revitaliza o crescimento capilar e deixa um aroma fresco e herbal.<\/p>\n\n\n    <a class='product' target='_blank' href='https:\/\/www.primor.eu\/pt_pt\/bioglow-tratamento-anti-queda-de-cabelo-10794.html'>\r\n        <img decoding=\"async\" width=\"300\" height=\"300\" loading=\"async\" src=\"https:\/\/cdn2.primor.eu\/media\/catalog\/product\/cache\/8d3aba296f7a18b5251ee30fa5db42b2\/0\/T\/0TN03032_1_85ae.jpg\" alt=\"\" title=\"\">\r\n            <div class=\"claim\">\r\n                 COMPRAR AGORA            <\/div>\r\n        <\/a>\r\n    \n\n\n<h3 class=\"wp-block-heading\">Collistar Attivi Puri Hair Ampolas Antiqueda P\u00e9ptidos<\/h3>\n\n\n\n<p>Formuladas com p\u00e9ptidos, estas ampolas melhoram a sa\u00fade do couro cabeludo e do cabelo, especialmente em casos de fragilidade e queda devido a dieta, stress, altera\u00e7\u00f5es hormonais ou mudan\u00e7as sazonais.<\/p>\n\n\n    <a class='product' target='_blank' href='https:\/\/www.primor.eu\/pt_pt\/collistar-attivi-puri-hair-anti-queda-de-cabelo-peptido-bolhas-113222.html'>\r\n        <img decoding=\"async\" width=\"300\" height=\"300\" loading=\"async\" src=\"https:\/\/cdn2.primor.eu\/media\/catalog\/product\/cache\/8d3aba296f7a18b5251ee30fa5db42b2\/8\/0\/8015150297349_01_a74e.jpg\" alt=\"\" title=\"\">\r\n            <div class=\"claim\">\r\n                 COMPRAR AGORA            <\/div>\r\n        <\/a>\r\n    \n\n\n<h3 class=\"wp-block-heading\">Phyto Nature Tratamento Antiqueda em Ampolas com Quina<\/h3>\n\n\n\n<p>Cont\u00e9m extrato de quinina obtido da \u00e1rvore \u201ccinchona Calisaya\u201d dos Andes peruanos, rica em alcaloides conhecidos h\u00e1 s\u00e9culos pelas suas propriedades tonificantes e estimulantes da circula\u00e7\u00e3o. Ideal para revitalizar o couro cabeludo.<\/p>\n\n\n    <a class='product' target='_blank' href='https:\/\/www.primor.eu\/pt_pt\/phyto-nature-tratamento-anti-queda-de-cabelo-em-bolhas-com-cinchona-10034.html'>\r\n        <img decoding=\"async\" width=\"300\" height=\"300\" loading=\"async\" src=\"https:\/\/cdn2.primor.eu\/media\/catalog\/product\/cache\/8d3aba296f7a18b5251ee30fa5db42b2\/2\/C\/2CN00694_1_c9e1.jpg\" alt=\"\" title=\"\">\r\n            <div class=\"claim\">\r\n                 COMPRAR AGORA            <\/div>\r\n        <\/a>\r\n    \n\n\n<h3 class=\"wp-block-heading\">Vida Shock Estojo Antiqueda com 6 Ampolas<\/h3>\n\n\n\n<p>Com um complexo proteico especial que restaura o ciclo capilar, previne e retarda a queda. Estimula a oxigena\u00e7\u00e3o e a atividade celular. A sua f\u00f3rmula rica em extratos vegetais e queratina fortalece e protege o cabelo com uma pel\u00edcula biol\u00f3gica.<\/p>\n\n\n    <a class='product' target='_blank' href='https:\/\/www.primor.eu\/pt_pt\/vida-shock-estojo-anti-queda-de-cabelo-6-bolhas-70147.html'>\r\n        <img decoding=\"async\" width=\"300\" height=\"300\" loading=\"async\" src=\"https:\/\/cdn2.primor.eu\/media\/catalog\/product\/cache\/8d3aba296f7a18b5251ee30fa5db42b2\/2\/C\/2CN01023_1_bfea.jpg\" alt=\"\" title=\"\">\r\n            <div class=\"claim\">\r\n                 COMPRAR AGORA            <\/div>\r\n        <\/a>\r\n    ","protected":false},"excerpt":{"rendered":"<p>A queda de cabelo \u00e9 sempre uma preocupa\u00e7\u00e3o, seja ela tempor\u00e1ria, como a queda sazonal, que \u00e9 natural, ou uma perda mais acentuada, caso em que deves sempre consultar um profissional. Felizmente, hoje em dia existem muitas f\u00f3rmulas desenvolvidas para travar a queda e estimular o crescimento do cabelo. As ampolas antiqueda s\u00e3o uma das [&hellip;]<\/p>\n","protected":false},"author":6,"featured_media":5315,"comment_status":"closed","ping_status":"closed","sticky":false,"template":"","format":"standard","meta":{"jnews-multi-image_gallery":[],"jnews_single_post":{"format":"standard"},"jnews_primary_category":[],"jnews_social_meta":[],"jnews_override_counter":[],"footnotes":""},"categories":[5],"tags":[],"class_list":["post-5314","post","type-post","status-publish","format-standard","has-post-thumbnail","hentry","category-cabelo"],"_links":{"self":[{"href":"https:\/\/www.primor.eu\/blog\/pt\/wp-json\/wp\/v2\/posts\/5314","targetHints":{"allow":["GET"]}}],"collection":[{"href":"https:\/\/www.primor.eu\/blog\/pt\/wp-json\/wp\/v2\/posts"}],"about":[{"href":"https:\/\/www.primor.eu\/blog\/pt\/wp-json\/wp\/v2\/types\/post"}],"author":[{"embeddable":true,"href":"https:\/\/www.primor.eu\/blog\/pt\/wp-json\/wp\/v2\/users\/6"}],"replies":[{"embeddable":true,"href":"https:\/\/www.primor.eu\/blog\/pt\/wp-json\/wp\/v2\/comments?post=5314"}],"version-history":[{"count":3,"href":"https:\/\/www.primor.eu\/blog\/pt\/wp-json\/wp\/v2\/posts\/5314\/revisions"}],"predecessor-version":[{"id":6243,"href":"https:\/\/www.primor.eu\/blog\/pt\/wp-json\/wp\/v2\/posts\/5314\/revisions\/6243"}],"wp:featuredmedia":[{"embeddable":true,"href":"https:\/\/www.primor.eu\/blog\/pt\/wp-json\/wp\/v2\/media\/5315"}],"wp:attachment":[{"href":"https:\/\/www.primor.eu\/blog\/pt\/wp-json\/wp\/v2\/media?parent=5314"}],"wp:term":[{"taxonomy":"category","embeddable":true,"href":"https:\/\/www.primor.eu\/blog\/pt\/wp-json\/wp\/v2\/categories?post=5314"},{"taxonomy":"post_tag","embeddable":true,"href":"https:\/\/www.primor.eu\/blog\/pt\/wp-json\/wp\/v2\/tags?post=5314"}],"curies":[{"name":"wp","href":"https:\/\/api.w.org\/{rel}","templated":true}]}}