
{"id":5304,"date":"2025-06-04T16:32:58","date_gmt":"2025-06-04T15:32:58","guid":{"rendered":"https:\/\/www.primor.eu\/blog\/pt\/?p=5304"},"modified":"2026-04-14T15:45:41","modified_gmt":"2026-04-14T14:45:41","slug":"maquilhagem-indispensaveis-mala","status":"publish","type":"post","link":"https:\/\/www.primor.eu\/blog\/pt\/maquilhagem-indispensaveis-mala\/","title":{"rendered":"Maquilhagem na mala: os indispens\u00e1veis que tens de ter"},"content":{"rendered":"\n<p>Se queres saber o que deves levar na tua mala para retocar a <a href=\"https:\/\/www.primor.eu\/blog\/pt\/tendencias-maquilhagem-primavera-verao\/\">maquilhagem<\/a>, contamos-te quais s\u00e3o os indispens\u00e1veis para estares sempre impec\u00e1vel e pronta para qualquer situa\u00e7\u00e3o.<\/p>\n\n\n\n<p>A primeira coisa a ter em conta \u00e9 o tamanho da tua mala, mas n\u00e3o te preocupes! H\u00e1 essenciais que cabem em qualquer uma, at\u00e9 nas mini. Vamos analisar todos os factores para perceberes como ajustar o que levas contigo para retoques r\u00e1pidos e eficazes.<\/p>\n\n\n\n<h2 class=\"wp-block-heading\">O que levar na mala para retocar a maquilhagem: tipos de mala<\/h2>\n\n\n\n<h3 class=\"wp-block-heading\">Mala pequena<\/h3>\n\n\n\n<p>Se usas uma daquelas malas bem pequenas, o mais indicado \u00e9 levares, pelo menos, um <a href=\"https:\/\/www.primor.eu\/pt_pt\/batons-luxo\">batom <\/a>e um <a href=\"https:\/\/www.primor.eu\/pt_pt\/iluminadores-de-luxo\">iluminador<\/a>. Um batom de tom marcante, como vermelho ou framboesa, muda instantaneamente o teu rosto, servindo tamb\u00e9m como blush. O iluminador vai dar-te um ar mais fresco e jovem, mesmo nos dias em que te sentes mais cansada. Tamb\u00e9m pode ajudar a disfar\u00e7ar olheiras, se precisares.<\/p>\n\n\n\n<h3 class=\"wp-block-heading\">Mala m\u00e9dia<\/h3>\n\n\n\n<p>Com uma mala m\u00e9dia, j\u00e1 consegues levar um pouco mais do que apenas um batom e um iluminador. O ideal \u00e9 teres um pequeno <a href=\"https:\/\/www.primor.eu\/pt_pt\/necessaires-organizadores-de-maquilhagem\">n\u00e9cessaire <\/a>com batom, l\u00e1pis de olhos, <a href=\"https:\/\/www.primor.eu\/pt_pt\/mascaras-de-pestanas-de-luxo\">m\u00e1scaras de pestanas<\/a> e iluminador. Estes produtos ocupam pouco espa\u00e7o, mas permitem-te retocar a maquilhagem com facilidade em qualquer ocasi\u00e3o.<\/p>\n\n\n\n<h3 class=\"wp-block-heading\">Mala grande<\/h3>\n\n\n\n<p>Se a tua mala \u00e9 grande, aproveita para adicionar ao n\u00e9cessaire <a href=\"https:\/\/www.primor.eu\/pt_pt\/pos-compactos-e-pos-soltos-de-luxo\">p\u00f3 compacto<\/a> ou <a href=\"https:\/\/www.primor.eu\/pt_pt\/bases-de-maquilhagem-de-luxo\">base compacta<\/a>. Tamb\u00e9m podes incluir um <a href=\"https:\/\/www.primor.eu\/pt_pt\/pinceis-de-luxo\">pincel <\/a>pequeno e, se quiseres, uma<a href=\"https:\/\/www.primor.eu\/pt_pt\/paletas-de-sombra-de-olho\"> sombra de olhos<\/a>. Ter\u00e1s tudo o que precisas para fazer um retoque completo.<\/p>\n\n\n\n<h3 class=\"wp-block-heading\">Shopper<\/h3>\n\n\n\n<p>Com uma shopper, cabe tudo o que j\u00e1 mencion\u00e1mos e ainda alguns extras: <a href=\"https:\/\/www.primor.eu\/pt_pt\/unhas\">verniz <\/a>(caso a manicure precise de um retoque urgente),<a href=\"https:\/\/www.primor.eu\/pt_pt\/toalhitas-e-algodoes-68826\"> toalhitas desmaquilhantes <\/a>(perfeitas para corrigir o batom depois de comer, por exemplo), l\u00e1pis de contorno labial ou at\u00e9 um <a href=\"https:\/\/www.primor.eu\/pt_pt\/perfumes\">perfume<\/a>.<\/p>\n\n\n\n<h2 class=\"wp-block-heading\">Os b\u00e1sicos perfeitos para levares na tua mala<\/h2>\n\n\n        <product-table class=\"pr-slider\">\r\n            <product-headers class=\"grid-table-rows\">\r\n                <div>Foto<\/div>\r\n                <div>Produto<\/div>\r\n                <div>Marca<\/div>\r\n                <div>Avalia\u00e7\u00f5es<\/div>\r\n                <div>Pre\u00e7o<\/div>\r\n            <\/product-headers>\r\n\r\n            <product-list>\r\n                                    <a href=\"https:\/\/www.primor.eu\/pt_pt\/sensai-highlighting-concealer-109671.html?#803=56241\" class=\"product-item grid-table-rows\" target=\"_blank\">\r\n                        <div>\r\n                            <img decoding=\"async\" class=\"product-img\" width=\"80px\" height=\"80px\" src=\"https:\/\/cdn2.primor.eu\/media\/catalog\/product\/cache\/8d3aba296f7a18b5251ee30fa5db42b2\/0\/M\/0MR14111_1_1bb8.jpg\" alt=\"\" title=\"\">\r\n                        <\/div>\r\n\r\n                        <!-- Contenido de producto  -->\r\n                        <div>\r\n                            <div class=\"product-position\">\r\n                                #1 Mais Vendidos                            <\/div>\r\n\r\n                            <h2>\r\n                                Highlighting Concealer                            <\/h2>\r\n                        <\/div>\r\n\r\n                        <!-- Imagen y\/o nombre de la marca -->\r\n                        <div>\r\n                                                            <img decoding=\"async\" width=\"70\" src=\"https:\/\/www.primor.eu\/media\/catalog\/category\/sensai.png\" alt=\"\" title=\"\">\r\n                                                    <\/div>\r\n\r\n                        <!-- Puntuaci\u00f3n del producto  -->\r\n                        <div class=\"rating\">\r\n                                                            <div class=\"rate\" style=\"--p:100;\"><\/div>\r\n                                <b>5\/5<\/b>\r\n                                <div class=\"rate-stars\">\r\n                                                                            <div\r\n                                            class=\"rate-star  \">\r\n                                        <\/div>\r\n                                                                            <div\r\n                                            class=\"rate-star  \">\r\n                                        <\/div>\r\n                                                                            <div\r\n                                            class=\"rate-star  \">\r\n                                        <\/div>\r\n                                                                            <div\r\n                                            class=\"rate-star  \">\r\n                                        <\/div>\r\n                                                                            <div\r\n                                            class=\"rate-star  \">\r\n                                        <\/div>\r\n                                                                    <\/div>\r\n                                                    <\/div>\r\n\r\n                        <!-- Bot\u00f3n de producto  -->\r\n                        <div>\r\n                            <span class=\"price-claim\">\r\n                                VER PRE\u00c7O                            <\/span>\r\n                        <\/div>\r\n                    <\/a>\r\n                                    <a href=\"https:\/\/www.primor.eu\/pt_pt\/sisley-batom-de-edic-o-limitada-le-phyto-rouge-108561.html?#803=78371\" class=\"product-item grid-table-rows\" target=\"_blank\">\r\n                        <div>\r\n                            <img decoding=\"async\" class=\"product-img\" width=\"80px\" height=\"80px\" src=\"https:\/\/cdn2.primor.eu\/media\/catalog\/product\/cache\/8d3aba296f7a18b5251ee30fa5db42b2\/l\/e\/le_phyto_rouge_edicion_limitada__1__eb65.jpg\" alt=\"\" title=\"\">\r\n                        <\/div>\r\n\r\n                        <!-- Contenido de producto  -->\r\n                        <div>\r\n                            <div class=\"product-position\">\r\n                                #2                            <\/div>\r\n\r\n                            <h2>\r\n                                Le Phyto Rouge Batom Edi\u00e7\u00e3o Limitada                            <\/h2>\r\n                        <\/div>\r\n\r\n                        <!-- Imagen y\/o nombre de la marca -->\r\n                        <div>\r\n                                                            <img decoding=\"async\" width=\"70\" src=\"https:\/\/www.primor.eu\/media\/catalog\/category\/sisley.png\" alt=\"\" title=\"\">\r\n                                                    <\/div>\r\n\r\n                        <!-- Puntuaci\u00f3n del producto  -->\r\n                        <div class=\"rating\">\r\n                                                            <div class=\"rate\" style=\"--p:98;\"><\/div>\r\n                                <b>4.9\/5<\/b>\r\n                                <div class=\"rate-stars\">\r\n                                                                            <div\r\n                                            class=\"rate-star  \">\r\n                                        <\/div>\r\n                                                                            <div\r\n                                            class=\"rate-star  \">\r\n                                        <\/div>\r\n                                                                            <div\r\n                                            class=\"rate-star  \">\r\n                                        <\/div>\r\n                                                                            <div\r\n                                            class=\"rate-star  \">\r\n                                        <\/div>\r\n                                                                            <div\r\n                                            class=\"rate-star  \">\r\n                                        <\/div>\r\n                                                                    <\/div>\r\n                                                    <\/div>\r\n\r\n                        <!-- Bot\u00f3n de producto  -->\r\n                        <div>\r\n                            <span class=\"price-claim\">\r\n                                VER PRE\u00c7O                            <\/span>\r\n                        <\/div>\r\n                    <\/a>\r\n                                    <a href=\"https:\/\/www.primor.eu\/pt_pt\/woo-oow-espelho-quadrado-com-aumento-luz-115114.html\" class=\"product-item grid-table-rows\" target=\"_blank\">\r\n                        <div>\r\n                            <img decoding=\"async\" class=\"product-img\" width=\"80px\" height=\"80px\" src=\"https:\/\/cdn2.primor.eu\/media\/catalog\/product\/cache\/8d3aba296f7a18b5251ee30fa5db42b2\/8\/4\/8435722410288_4201.jpg\" alt=\"\" title=\"\">\r\n                        <\/div>\r\n\r\n                        <!-- Contenido de producto  -->\r\n                        <div>\r\n                            <div class=\"product-position\">\r\n                                #3                            <\/div>\r\n\r\n                            <h2>\r\n                                Espelho Quadrado com Aumento + Luz                            <\/h2>\r\n                        <\/div>\r\n\r\n                        <!-- Imagen y\/o nombre de la marca -->\r\n                        <div>\r\n                                                            <img decoding=\"async\" width=\"70\" src=\"https:\/\/www.primor.eu\/media\/catalog\/category\/WOO-OOW.jpg\" alt=\"\" title=\"\">\r\n                                                    <\/div>\r\n\r\n                        <!-- Puntuaci\u00f3n del producto  -->\r\n                        <div class=\"rating\">\r\n                                                            <div class=\"rate\" style=\"--p:96;\"><\/div>\r\n                                <b>4.8\/5<\/b>\r\n                                <div class=\"rate-stars\">\r\n                                                                            <div\r\n                                            class=\"rate-star  \">\r\n                                        <\/div>\r\n                                                                            <div\r\n                                            class=\"rate-star  \">\r\n                                        <\/div>\r\n                                                                            <div\r\n                                            class=\"rate-star  \">\r\n                                        <\/div>\r\n                                                                            <div\r\n                                            class=\"rate-star  \">\r\n                                        <\/div>\r\n                                                                            <div\r\n                                            class=\"rate-star  \">\r\n                                        <\/div>\r\n                                                                    <\/div>\r\n                                                    <\/div>\r\n\r\n                        <!-- Bot\u00f3n de producto  -->\r\n                        <div>\r\n                            <span class=\"price-claim\">\r\n                                VER PRE\u00c7O                            <\/span>\r\n                        <\/div>\r\n                    <\/a>\r\n                            <\/product-list>\r\n        <\/product-table>\r\n\r\n        \n\n\n<h3 class=\"wp-block-heading\">SENSAI Highlighting Concealer Corrector Iluminador<\/h3>\n\n\n\n<p><strong><br><\/strong>Com uma textura leve e aquosa, este corretor vai al\u00e9m da cobertura convencional. Disfar\u00e7a imperfei\u00e7\u00f5es e ilumina a tez, revelando uma pele uniforme e suave. Enriquecido com Extrato de Seda Koishimaru e \u00f3leos bot\u00e2nicos como o Silky Botanical, hidrata profundamente, deixando a pele com um aspeto radiante e revitalizado.<\/p>\n\n\n    <a class='product' target='_blank' href='https:\/\/www.primor.eu\/pt_pt\/sensai-highlighting-concealer-109671.html?#803=56241'>\r\n        <img fetchpriority=\"high\" decoding=\"async\" width=\"300\" height=\"300\" loading=\"async\" src=\"https:\/\/cdn2.primor.eu\/media\/catalog\/product\/cache\/8d3aba296f7a18b5251ee30fa5db42b2\/0\/M\/0MR14111_1_1bb8.jpg\" alt=\"\" title=\"\">\r\n            <div class=\"claim\">\r\n                 COMPRAR AGORA            <\/div>\r\n        <\/a>\r\n    \n\n\n<h3 class=\"wp-block-heading\">SISLEY Le Phyto Rouge Batom Edi\u00e7\u00e3o Limitada<\/h3>\n\n\n\n<p>Este batom transforma a experi\u00eancia da maquilhagem ao unir a intensidade de uma barra com o conforto de um b\u00e1lsamo, numa f\u00f3rmula de cuidado excecional. A sua textura ultrasedosa envolve os l\u00e1bios com uma pel\u00edcula fina que hidrata, define e acalma. Gra\u00e7as ao complexo hidroimpulsionador \u2014 com microesferas de \u00c1cido Hialur\u00f3nico e Glucomanana de Konjac \u2014 os l\u00e1bios ganham volume e suavidade instantaneamente. O Le Phyto Rouge preserva a juventude dos l\u00e1bios com um cocktail de \u00f3leos nutritivos, proporcionando elasticidade e conforto duradouro. A sua textura gel de nova gera\u00e7\u00e3o funde-se com os l\u00e1bios, oferecendo uma sensa\u00e7\u00e3o incompar\u00e1vel de leveza e hidrata\u00e7\u00e3o.<\/p>\n\n\n    <a class='product' target='_blank' href='https:\/\/www.primor.eu\/pt_pt\/sisley-batom-de-edic-o-limitada-le-phyto-rouge-108561.html?#803=78371'>\r\n        <img decoding=\"async\" width=\"300\" height=\"300\" loading=\"async\" src=\"https:\/\/cdn2.primor.eu\/media\/catalog\/product\/cache\/8d3aba296f7a18b5251ee30fa5db42b2\/l\/e\/le_phyto_rouge_edicion_limitada__1__eb65.jpg\" alt=\"\" title=\"\">\r\n            <div class=\"claim\">\r\n                 COMPRAR AGORA            <\/div>\r\n        <\/a>\r\n    \n\n\n<h3 class=\"wp-block-heading\">Woo oow Espelho Quadrado com Aumento + Luz<\/h3>\n\n\n\n<p>Este espelho quadrado duplo com luz frontal e aumento \u00e9 ideal para uma visualiza\u00e7\u00e3o com maior defini\u00e7\u00e3o. O seu design permite apoi\u00e1-lo em qualquer superf\u00edcie de forma confort\u00e1vel, podendo girar quase completamente. Gra\u00e7as ao \u00edman, fecha-se perfeitamente. Perfeito para levar na bolsa.<\/p>\n\n\n    <a class='product' target='_blank' href='https:\/\/www.primor.eu\/pt_pt\/woo-oow-espelho-quadrado-com-aumento-luz-115114.html'>\r\n        <img decoding=\"async\" width=\"300\" height=\"300\" loading=\"async\" src=\"https:\/\/cdn2.primor.eu\/media\/catalog\/product\/cache\/8d3aba296f7a18b5251ee30fa5db42b2\/8\/4\/8435722410288_4201.jpg\" alt=\"\" title=\"\">\r\n            <div class=\"claim\">\r\n                 COMPRAR AGORA            <\/div>\r\n        <\/a>\r\n    ","protected":false},"excerpt":{"rendered":"<p>Se queres saber o que deves levar na tua mala para retocar a maquilhagem, contamos-te quais s\u00e3o os indispens\u00e1veis para estares sempre impec\u00e1vel e pronta para qualquer situa\u00e7\u00e3o. A primeira coisa a ter em conta \u00e9 o tamanho da tua mala, mas n\u00e3o te preocupes! H\u00e1 essenciais que cabem em qualquer uma, at\u00e9 nas mini. [&hellip;]<\/p>\n","protected":false},"author":6,"featured_media":5305,"comment_status":"closed","ping_status":"closed","sticky":false,"template":"","format":"standard","meta":{"jnews-multi-image_gallery":[],"jnews_single_post":{"format":"standard"},"jnews_primary_category":[],"jnews_social_meta":[],"jnews_override_counter":[],"footnotes":""},"categories":[3,8],"tags":[],"class_list":["post-5304","post","type-post","status-publish","format-standard","has-post-thumbnail","hentry","category-maquilhagem","category-dicas-de-beleza"],"_links":{"self":[{"href":"https:\/\/www.primor.eu\/blog\/pt\/wp-json\/wp\/v2\/posts\/5304","targetHints":{"allow":["GET"]}}],"collection":[{"href":"https:\/\/www.primor.eu\/blog\/pt\/wp-json\/wp\/v2\/posts"}],"about":[{"href":"https:\/\/www.primor.eu\/blog\/pt\/wp-json\/wp\/v2\/types\/post"}],"author":[{"embeddable":true,"href":"https:\/\/www.primor.eu\/blog\/pt\/wp-json\/wp\/v2\/users\/6"}],"replies":[{"embeddable":true,"href":"https:\/\/www.primor.eu\/blog\/pt\/wp-json\/wp\/v2\/comments?post=5304"}],"version-history":[{"count":2,"href":"https:\/\/www.primor.eu\/blog\/pt\/wp-json\/wp\/v2\/posts\/5304\/revisions"}],"predecessor-version":[{"id":6437,"href":"https:\/\/www.primor.eu\/blog\/pt\/wp-json\/wp\/v2\/posts\/5304\/revisions\/6437"}],"wp:featuredmedia":[{"embeddable":true,"href":"https:\/\/www.primor.eu\/blog\/pt\/wp-json\/wp\/v2\/media\/5305"}],"wp:attachment":[{"href":"https:\/\/www.primor.eu\/blog\/pt\/wp-json\/wp\/v2\/media?parent=5304"}],"wp:term":[{"taxonomy":"category","embeddable":true,"href":"https:\/\/www.primor.eu\/blog\/pt\/wp-json\/wp\/v2\/categories?post=5304"},{"taxonomy":"post_tag","embeddable":true,"href":"https:\/\/www.primor.eu\/blog\/pt\/wp-json\/wp\/v2\/tags?post=5304"}],"curies":[{"name":"wp","href":"https:\/\/api.w.org\/{rel}","templated":true}]}}