
{"id":5270,"date":"2025-05-29T12:47:00","date_gmt":"2025-05-29T11:47:00","guid":{"rendered":"https:\/\/www.primor.eu\/blog\/pt\/?p=5270"},"modified":"2025-05-29T12:47:03","modified_gmt":"2025-05-29T11:47:03","slug":"champos-cabelos-louros","status":"publish","type":"post","link":"https:\/\/www.primor.eu\/blog\/pt\/champos-cabelos-louros\/","title":{"rendered":"Os 12 melhores champ\u00f4s para cabelos louros"},"content":{"rendered":"\n<p>Ter o <strong>cabelo louro<\/strong> implica cuidados espec\u00edficos, desde um bom <a href=\"https:\/\/www.primor.eu\/pt_pt\/champo-matizador\">champ\u00f4 <\/a>e <a href=\"https:\/\/www.primor.eu\/pt_pt\/condicionadores-cabelo\">condicionador <\/a>matizador, at\u00e9 uma rotina bem definida para proteg\u00ea-lo do sol. Se tens o <a href=\"https:\/\/www.primor.eu\/pt_pt\/coloracoes-para-cabelo\">cabelo pintado<\/a>, de certeza que j\u00e1 reparaste que, com o passar das semanas, o tom oxida e tende a ficar alaranjado. Isto \u00e9 ainda mais vis\u00edvel em cabelos com base castanha ou escura. Por isso, os <strong>champ\u00f4s para cabelos louros<\/strong> s\u00e3o aliados indispens\u00e1veis nos cuidados di\u00e1rios do teu cabelo.<\/p>\n\n\n\n<h2 class=\"wp-block-heading\">O que causa a oxida\u00e7\u00e3o do louro?<\/h2>\n\n\n\n<p>Fatores externos como o sol, o uso de alisadores ou secadores aceleram a oxida\u00e7\u00e3o da colora\u00e7\u00e3o. Felizmente, existem muitos produtos pensados especialmente para cabelos louros. Mas quais s\u00e3o os mais eficazes? Para manter o<strong> louro bonito e luminoso<\/strong>, \u00e9 essencial usar produtos de cuidado capilar que matizam o tom. E entre eles, os <strong>champ\u00f4s violetas<\/strong> s\u00e3o os grandes protagonistas.<\/p>\n\n\n\n<h2 class=\"wp-block-heading\">Porque \u00e9 que o champ\u00f4 \u00e9 violeta?<\/h2>\n\n\n\n<p>Porque o violeta \u00e9 a cor oposta ao amarelo na roda crom\u00e1tica. Os pigmentos roxos neutralizam os tons amarelados e alaranjados indesejados. A recomenda\u00e7\u00e3o dos especialistas \u00e9 us\u00e1-lo <strong>uma vez por semana<\/strong> e combin\u00e1-lo com uma<a href=\"https:\/\/www.primor.eu\/pt_pt\/mascara-capilar\"><strong> m\u00e1scara hidratante<\/strong> <\/a>e outros produtos protetores da cor.<\/p>\n\n\n\n<h2 class=\"wp-block-heading\">Com que frequ\u00eancia e como se aplica?<\/h2>\n\n\n\n<p>A d\u00favida \u00e9 comum. O ideal \u00e9 usar o champ\u00f4 violeta uma vez por semana, <strong>alternando com o teu champ\u00f4 habitual<\/strong>, preferencialmente um<strong> sem pigmento<\/strong>. \u00c9 importante n\u00e3o exagerar para evitar excesso de pigmento no cabelo, que pode deix\u00e1-lo com um tom acinzentado ou azulado.<\/p>\n\n\n\n<p>Mas aten\u00e7\u00e3o: o champ\u00f4 violeta, por si s\u00f3, <strong>n\u00e3o \u00e9 suficiente<\/strong>. Para um louro bonito e saud\u00e1vel, precisas de proteger e nutrir a fibra capilar. Por isso, inclui tratamentos nutritivos aplicados antes do champ\u00f4, com o cabelo seco. Escolhe um champ\u00f4 com <strong>f\u00f3rmula suave, nutritiva e antioxidante<\/strong>, especialmente concebido para prolongar a cor e a luminosidade do cabelo com colora\u00e7\u00e3o.<\/p>\n\n\n\n<h2 class=\"wp-block-heading\">Estes s\u00e3o os 12 melhores champ\u00f4s para os cabelos louros<\/h2>\n\n\n        <product-table class=\"pr-slider\">\r\n            <product-headers class=\"grid-table-rows\">\r\n                <div>Foto<\/div>\r\n                <div>Produto<\/div>\r\n                <div>Marca<\/div>\r\n                <div>Avalia\u00e7\u00f5es<\/div>\r\n                <div>Pre\u00e7o<\/div>\r\n            <\/product-headers>\r\n\r\n            <product-list>\r\n                                    <a href=\"https:\/\/www.primor.eu\/pt_pt\/kerastase-shampoo-bain-ultra-violet-blond-absolu-11105.html\" class=\"product-item grid-table-rows\" target=\"_blank\">\r\n                        <div>\r\n                            <img decoding=\"async\" class=\"product-img\" width=\"80px\" height=\"80px\" src=\"https:\/\/cdn2.primor.eu\/media\/catalog\/product\/cache\/8d3aba296f7a18b5251ee30fa5db42b2\/2\/C\/2CC03294_1_57d0.jpg\" alt=\"\" title=\"\">\r\n                        <\/div>\r\n\r\n                        <!-- Contenido de producto  -->\r\n                        <div>\r\n                            <div class=\"product-position\">\r\n                                #1 Mais Vendidos                            <\/div>\r\n\r\n                            <h2>\r\n                                Blond Absolu Bain Ultra-Violet                            <\/h2>\r\n                        <\/div>\r\n\r\n                        <!-- Imagen y\/o nombre de la marca -->\r\n                        <div>\r\n                                                            <img decoding=\"async\" width=\"70\" src=\"https:\/\/www.primor.eu\/media\/catalog\/category\/k_rastane.jpg\" alt=\"\" title=\"\">\r\n                                                    <\/div>\r\n\r\n                        <!-- Puntuaci\u00f3n del producto  -->\r\n                        <div class=\"rating\">\r\n                                                            <div class=\"rate\" style=\"--p:96;\"><\/div>\r\n                                <b>4.8\/5<\/b>\r\n                                <div class=\"rate-stars\">\r\n                                                                            <div\r\n                                            class=\"rate-star  \">\r\n                                        <\/div>\r\n                                                                            <div\r\n                                            class=\"rate-star  \">\r\n                                        <\/div>\r\n                                                                            <div\r\n                                            class=\"rate-star  \">\r\n                                        <\/div>\r\n                                                                            <div\r\n                                            class=\"rate-star  \">\r\n                                        <\/div>\r\n                                                                            <div\r\n                                            class=\"rate-star  \">\r\n                                        <\/div>\r\n                                                                    <\/div>\r\n                                                    <\/div>\r\n\r\n                        <!-- Bot\u00f3n de producto  -->\r\n                        <div>\r\n                            <span class=\"price-claim\">\r\n                                VER PRE\u00c7O                            <\/span>\r\n                        <\/div>\r\n                    <\/a>\r\n                                    <a href=\"https:\/\/www.primor.eu\/pt_pt\/rene-furterer-champo-okara-blonde-57185.html\" class=\"product-item grid-table-rows\" target=\"_blank\">\r\n                        <div>\r\n                            <img decoding=\"async\" class=\"product-img\" width=\"80px\" height=\"80px\" src=\"https:\/\/cdn2.primor.eu\/media\/catalog\/product\/cache\/8d3aba296f7a18b5251ee30fa5db42b2\/6\/X\/6XS11214_1_9bbd.jpg\" alt=\"\" title=\"\">\r\n                        <\/div>\r\n\r\n                        <!-- Contenido de producto  -->\r\n                        <div>\r\n                            <div class=\"product-position\">\r\n                                #2                            <\/div>\r\n\r\n                            <h2>\r\n                                Okara Champ\u00f4 Louro                            <\/h2>\r\n                        <\/div>\r\n\r\n                        <!-- Imagen y\/o nombre de la marca -->\r\n                        <div>\r\n                                                            <img decoding=\"async\" width=\"70\" src=\"https:\/\/www.primor.eu\/media\/catalog\/category\/rf_logo_green_web_24.png\" alt=\"\" title=\"\">\r\n                                                    <\/div>\r\n\r\n                        <!-- Puntuaci\u00f3n del producto  -->\r\n                        <div class=\"rating\">\r\n                                                            <div class=\"rate\" style=\"--p:94;\"><\/div>\r\n                                <b>4.7\/5<\/b>\r\n                                <div class=\"rate-stars\">\r\n                                                                            <div\r\n                                            class=\"rate-star  \">\r\n                                        <\/div>\r\n                                                                            <div\r\n                                            class=\"rate-star  \">\r\n                                        <\/div>\r\n                                                                            <div\r\n                                            class=\"rate-star  \">\r\n                                        <\/div>\r\n                                                                            <div\r\n                                            class=\"rate-star  \">\r\n                                        <\/div>\r\n                                                                            <div\r\n                                            class=\"rate-star  \">\r\n                                        <\/div>\r\n                                                                    <\/div>\r\n                                                    <\/div>\r\n\r\n                        <!-- Bot\u00f3n de producto  -->\r\n                        <div>\r\n                            <span class=\"price-claim\">\r\n                                VER PRE\u00c7O                            <\/span>\r\n                        <\/div>\r\n                    <\/a>\r\n                                    <a href=\"https:\/\/www.primor.eu\/pt_pt\/olaplex-shampoo-tonificante-n4p-blonde-enhancer-blonde-105777.html?#863=67018\" class=\"product-item grid-table-rows\" target=\"_blank\">\r\n                        <div>\r\n                            <img decoding=\"async\" class=\"product-img\" width=\"80px\" height=\"80px\" src=\"https:\/\/cdn2.primor.eu\/media\/catalog\/product\/cache\/8d3aba296f7a18b5251ee30fa5db42b2\/2\/C\/2CC04310_1_f93f.jpg\" alt=\"\" title=\"\">\r\n                        <\/div>\r\n\r\n                        <!-- Contenido de producto  -->\r\n                        <div>\r\n                            <div class=\"product-position\">\r\n                                #3                            <\/div>\r\n\r\n                            <h2>\r\n                                Shampoo N4P Blonde Enhancer                            <\/h2>\r\n                        <\/div>\r\n\r\n                        <!-- Imagen y\/o nombre de la marca -->\r\n                        <div>\r\n                                                            <img decoding=\"async\" width=\"70\" src=\"https:\/\/www.primor.eu\/media\/catalog\/category\/Olaplex.jpg\" alt=\"\" title=\"\">\r\n                                                    <\/div>\r\n\r\n                        <!-- Puntuaci\u00f3n del producto  -->\r\n                        <div class=\"rating\">\r\n                                                            <div class=\"rate\" style=\"--p:100;\"><\/div>\r\n                                <b>5\/5<\/b>\r\n                                <div class=\"rate-stars\">\r\n                                                                            <div\r\n                                            class=\"rate-star  \">\r\n                                        <\/div>\r\n                                                                            <div\r\n                                            class=\"rate-star  \">\r\n                                        <\/div>\r\n                                                                            <div\r\n                                            class=\"rate-star  \">\r\n                                        <\/div>\r\n                                                                            <div\r\n                                            class=\"rate-star  \">\r\n                                        <\/div>\r\n                                                                            <div\r\n                                            class=\"rate-star  \">\r\n                                        <\/div>\r\n                                                                    <\/div>\r\n                                                    <\/div>\r\n\r\n                        <!-- Bot\u00f3n de producto  -->\r\n                        <div>\r\n                            <span class=\"price-claim\">\r\n                                VER PRE\u00c7O                            <\/span>\r\n                        <\/div>\r\n                    <\/a>\r\n                                    <a href=\"https:\/\/www.primor.eu\/pt_pt\/intea-reflexoes-loiras-de-shampoo-de-camomila-8721.html\" class=\"product-item grid-table-rows\" target=\"_blank\">\r\n                        <div>\r\n                            <img decoding=\"async\" class=\"product-img\" width=\"80px\" height=\"80px\" src=\"https:\/\/cdn2.primor.eu\/media\/catalog\/product\/cache\/8d3aba296f7a18b5251ee30fa5db42b2\/2\/C\/2CC00016_1_cb88.jpg\" alt=\"\" title=\"\">\r\n                        <\/div>\r\n\r\n                        <!-- Contenido de producto  -->\r\n                        <div>\r\n                            <div class=\"product-position\">\r\n                                #4                            <\/div>\r\n\r\n                            <h2>\r\n                                Champ\u00f4 Clareador Louro Natural                            <\/h2>\r\n                        <\/div>\r\n\r\n                        <!-- Imagen y\/o nombre de la marca -->\r\n                        <div>\r\n                                                            <img decoding=\"async\" width=\"70\" src=\"https:\/\/www.primor.eu\/media\/catalog\/category\/INTEA.jpg\" alt=\"\" title=\"\">\r\n                                                    <\/div>\r\n\r\n                        <!-- Puntuaci\u00f3n del producto  -->\r\n                        <div class=\"rating\">\r\n                                                            <div class=\"rate\" style=\"--p:96;\"><\/div>\r\n                                <b>4.8\/5<\/b>\r\n                                <div class=\"rate-stars\">\r\n                                                                            <div\r\n                                            class=\"rate-star  \">\r\n                                        <\/div>\r\n                                                                            <div\r\n                                            class=\"rate-star  \">\r\n                                        <\/div>\r\n                                                                            <div\r\n                                            class=\"rate-star  \">\r\n                                        <\/div>\r\n                                                                            <div\r\n                                            class=\"rate-star  \">\r\n                                        <\/div>\r\n                                                                            <div\r\n                                            class=\"rate-star  \">\r\n                                        <\/div>\r\n                                                                    <\/div>\r\n                                                    <\/div>\r\n\r\n                        <!-- Bot\u00f3n de producto  -->\r\n                        <div>\r\n                            <span class=\"price-claim\">\r\n                                VER PRE\u00c7O                            <\/span>\r\n                        <\/div>\r\n                    <\/a>\r\n                                    <a href=\"https:\/\/www.primor.eu\/pt_pt\/tio-nacho-champo-abrilhantador-natural-blonde-105732.html?#854=66348\" class=\"product-item grid-table-rows\" target=\"_blank\">\r\n                        <div>\r\n                            <img decoding=\"async\" class=\"product-img\" width=\"80px\" height=\"80px\" src=\"https:\/\/cdn2.primor.eu\/media\/catalog\/product\/cache\/8d3aba296f7a18b5251ee30fa5db42b2\/8\/4\/8420212883116_v2_1ad0.jpg\" alt=\"\" title=\"\">\r\n                        <\/div>\r\n\r\n                        <!-- Contenido de producto  -->\r\n                        <div>\r\n                            <div class=\"product-position\">\r\n                                #5                            <\/div>\r\n\r\n                            <h2>\r\n                                Champ\u00f4 Clareador Louro Natural                            <\/h2>\r\n                        <\/div>\r\n\r\n                        <!-- Imagen y\/o nombre de la marca -->\r\n                        <div>\r\n                                                            <img decoding=\"async\" width=\"70\" src=\"https:\/\/www.primor.eu\/media\/catalog\/category\/LOGO_tio_nacho.png\" alt=\"\" title=\"\">\r\n                                                    <\/div>\r\n\r\n                        <!-- Puntuaci\u00f3n del producto  -->\r\n                        <div class=\"rating\">\r\n                                                            <div class=\"rate\" style=\"--p:100;\"><\/div>\r\n                                <b>5\/5<\/b>\r\n                                <div class=\"rate-stars\">\r\n                                                                            <div\r\n                                            class=\"rate-star  \">\r\n                                        <\/div>\r\n                                                                            <div\r\n                                            class=\"rate-star  \">\r\n                                        <\/div>\r\n                                                                            <div\r\n                                            class=\"rate-star  \">\r\n                                        <\/div>\r\n                                                                            <div\r\n                                            class=\"rate-star  \">\r\n                                        <\/div>\r\n                                                                            <div\r\n                                            class=\"rate-star  \">\r\n                                        <\/div>\r\n                                                                    <\/div>\r\n                                                    <\/div>\r\n\r\n                        <!-- Bot\u00f3n de producto  -->\r\n                        <div>\r\n                            <span class=\"price-claim\">\r\n                                VER PRE\u00c7O                            <\/span>\r\n                        <\/div>\r\n                    <\/a>\r\n                            <\/product-list>\r\n        <\/product-table>\r\n\r\n        \n\n\n<h3 class=\"wp-block-heading\">K\u00c9RASTASE Blond Absolu Bain Ultra-Violet<\/h3>\n\n\n\n<p>Protege o cabelo dos tons amarelos indesejados, combate a polui\u00e7\u00e3o e outros agressores externos. Cont\u00e9m <strong>\u00e1cido hialur\u00f3nico<\/strong> e <strong>flor de Edelweiss<\/strong>, que limpam profundamente e hidratam, deixando o cabelo sedoso e radiante.<\/p>\n\n\n    <a class='product' target='_blank' href='https:\/\/www.primor.eu\/pt_pt\/kerastase-shampoo-bain-ultra-violet-blond-absolu-11105.html'>\r\n        <img fetchpriority=\"high\" decoding=\"async\" width=\"300\" height=\"300\" loading=\"async\" src=\"https:\/\/cdn2.primor.eu\/media\/catalog\/product\/cache\/8d3aba296f7a18b5251ee30fa5db42b2\/2\/C\/2CC03294_1_57d0.jpg\" alt=\"\" title=\"\">\r\n            <div class=\"claim\">\r\n                 COMPRAR AGORA            <\/div>\r\n        <\/a>\r\n    \n\n\n<h3 class=\"wp-block-heading\">RENE FURTERER Okara Champ\u00f4 Louro<\/h3>\n\n\n\n<p>Com <strong>extrato de Okara<\/strong> (rico em amino\u00e1cidos) e <strong>RefletLumi\u00e8re<\/strong> (casca de lim\u00e3o e cana-de-a\u00e7\u00facar), reconstr\u00f3i, nutre e devolve o brilho ao cabelo louro.<\/p>\n\n\n    <a class='product' target='_blank' href='https:\/\/www.primor.eu\/pt_pt\/rene-furterer-champo-okara-blonde-57185.html'>\r\n        <img decoding=\"async\" width=\"300\" height=\"300\" loading=\"async\" src=\"https:\/\/cdn2.primor.eu\/media\/catalog\/product\/cache\/8d3aba296f7a18b5251ee30fa5db42b2\/6\/X\/6XS11214_1_9bbd.jpg\" alt=\"\" title=\"\">\r\n            <div class=\"claim\">\r\n                 COMPRAR AGORA            <\/div>\r\n        <\/a>\r\n    \n\n\n<h3 class=\"wp-block-heading\">MOROCCANOIL Blonde Perfecting Purple Shampoo<\/h3>\n\n\n\n<p>Sem sulfatos, fosfatos ou parabenos. Neutraliza tons acobreados em cabelos louros ou grisalhos. Aplica durante 3 a 5 minutos, massajando bem.<\/p>\n\n\n    <a class='product' target='_blank' href='https:\/\/www.primor.eu\/pt_pt\/moroccanoil-champo-violeta-blonde-perfecting-purple-105665.html?#854=66528'>\r\n        <img decoding=\"async\" width=\"300\" height=\"300\" loading=\"async\" src=\"https:\/\/cdn2.primor.eu\/media\/catalog\/product\/cache\/8d3aba296f7a18b5251ee30fa5db42b2\/2\/C\/2CC03822_1_94a6.jpg\" alt=\"\" title=\"\">\r\n            <div class=\"claim\">\r\n                 COMPRAR AGORA            <\/div>\r\n        <\/a>\r\n    \n\n\n<h3 class=\"wp-block-heading\">KALLOS KJMN M\u00e1scara para Cabelos Pintados<\/h3>\n\n\n\n<p>Com \u00f3leo de sementes de linho e <strong>filtro UV<\/strong>, protege contra os danos ambientais e deixa o cabelo brilhante, macio e nutrido.<\/p>\n\n\n    <a class='product' target='_blank' href='https:\/\/www.primor.eu\/pt_pt\/kallos-mascara-capilar-para-cabelos-pintados-kjmn-9017.html'>\r\n        <img decoding=\"async\" width=\"300\" height=\"300\" loading=\"async\" src=\"https:\/\/cdn2.primor.eu\/media\/catalog\/product\/cache\/8d3aba296f7a18b5251ee30fa5db42b2\/2\/C\/2CA02745_1_1707.jpg\" alt=\"\" title=\"\">\r\n            <div class=\"claim\">\r\n                 COMPRAR AGORA            <\/div>\r\n        <\/a>\r\n    \n\n\n<h3 class=\"wp-block-heading\">REVUELE Perfect Hair Color Champ\u00f4<\/h3>\n\n\n\n<p>Formulado para cabelo pintado, prolonga a cor e o brilho. Mant\u00e9m a suavidade e fecha as cut\u00edculas para evitar perda de pigmento.<\/p>\n\n\n    <a class='product' target='_blank' href='https:\/\/www.primor.eu\/pt_pt\/revuele-champo-perfect-hair-color-9152.html'>\r\n        <img decoding=\"async\" width=\"300\" height=\"300\" loading=\"async\" src=\"https:\/\/cdn2.primor.eu\/media\/catalog\/product\/cache\/8d3aba296f7a18b5251ee30fa5db42b2\/0\/T\/0TF14974_1_e1fe.jpg\" alt=\"\" title=\"\">\r\n            <div class=\"claim\">\r\n                 COMPRAR AGORA            <\/div>\r\n        <\/a>\r\n    \n\n\n<h3 class=\"wp-block-heading\">INTEA Champ\u00f4 Reflexos Louros<\/h3>\n\n\n\n<p>Indicado para cabelo louro natural, pintado ou aclarado. Potencia os reflexos, ilumina e d\u00e1 brilho. Com <strong>extrato de camomila<\/strong> de alta concentra\u00e7\u00e3o, sem per\u00f3xido, sem silicones e sem parabenos. N\u00e3o testado em animais e com aroma suave a flores.<\/p>\n\n\n    <a class='product' target='_blank' href='https:\/\/www.primor.eu\/pt_pt\/intea-reflexoes-loiras-de-shampoo-de-camomila-8721.html'>\r\n        <img decoding=\"async\" width=\"300\" height=\"300\" loading=\"async\" src=\"https:\/\/cdn2.primor.eu\/media\/catalog\/product\/cache\/8d3aba296f7a18b5251ee30fa5db42b2\/2\/C\/2CC00016_1_cb88.jpg\" alt=\"\" title=\"\">\r\n            <div class=\"claim\">\r\n                 COMPRAR AGORA            <\/div>\r\n        <\/a>\r\n    \n\n\n<h3 class=\"wp-block-heading\">T\u00cdO NACHO Champ\u00f4 Clareador Louro Natural<\/h3>\n\n\n\n<p>Com <strong>geleia real<\/strong>, <strong>camomila<\/strong>, <strong>ginseng<\/strong>, <strong>alecrim<\/strong>, <strong>trigo<\/strong>, <strong>jojoba<\/strong> e <strong>aloe vera<\/strong>. Fortalece o cabelo e d\u00e1-lhe brilho e luminosidade.<\/p>\n\n\n    <a class='product' target='_blank' href='https:\/\/www.primor.eu\/pt_pt\/tio-nacho-champo-abrilhantador-natural-blonde-105732.html?#854=66348'>\r\n        <img decoding=\"async\" width=\"300\" height=\"300\" loading=\"async\" src=\"https:\/\/cdn2.primor.eu\/media\/catalog\/product\/cache\/8d3aba296f7a18b5251ee30fa5db42b2\/8\/4\/8420212883116_v2_1ad0.jpg\" alt=\"\" title=\"\">\r\n            <div class=\"claim\">\r\n                 COMPRAR AGORA            <\/div>\r\n        <\/a>\r\n    \n\n\n<h3 class=\"wp-block-heading\">BELKOS Champ\u00f4 Sal Blue Cabelos Louros<\/h3>\n\n\n\n<p>F\u00f3rmula Diamond-Blue com <strong>sal marinho<\/strong> e <strong>algas<\/strong>: neutraliza os tons amarelos, elimina oleosidade, d\u00e1 volume e frescura oce\u00e2nica.<\/p>\n\n\n    <a class='product' target='_blank' href='https:\/\/www.primor.eu\/pt_pt\/belkos-champo-sal-azul-cabelo-loiro-79521.html'>\r\n        <img decoding=\"async\" width=\"300\" height=\"300\" loading=\"async\" src=\"https:\/\/cdn2.primor.eu\/media\/catalog\/product\/cache\/8d3aba296f7a18b5251ee30fa5db42b2\/c\/h\/champu_de_sal_blue_cabellos_rubios1_6d11.jpg\" alt=\"\" title=\"\">\r\n            <div class=\"claim\">\r\n                 COMPRAR AGORA            <\/div>\r\n        <\/a>\r\n    \n\n\n<h3 class=\"wp-block-heading\">Klorane Champ\u00f4 de Camomila Reflexos Dourados<\/h3>\n\n\n\n<p>Champ\u00f4 de cor e brilho, que clareia e ilumina o cabelo. Introduzido em uma base emulsificante muito suave, o extrato de camomila da KLORANE d\u00e1 ao champ\u00f4 seu efeito louro: a apigenina que cont\u00e9m \u00e9 fixada nos fios de cabelo, cobrindo as escamas sem penetrar no centro do cabelo, proporcionando progressivamente belos reflexos dourados.<\/p>\n\n\n    <a class='product' target='_blank' href='https:\/\/www.primor.eu\/pt_pt\/klorane-champo-de-camomila-reflexos-dourados-107296.html?#863=67100'>\r\n        <img decoding=\"async\" width=\"300\" height=\"300\" loading=\"async\" src=\"https:\/\/cdn2.primor.eu\/media\/catalog\/product\/cache\/8d3aba296f7a18b5251ee30fa5db42b2\/6\/X\/6XS00622_1_b9b2.jpg\" alt=\"\" title=\"\">\r\n            <div class=\"claim\">\r\n                 COMPRAR AGORA            <\/div>\r\n        <\/a>\r\n    \n\n\n<h3 class=\"wp-block-heading\">L\u2019OR\u00c9AL PROFESSIONNEL Serie Expert Blondifier Gloss<\/h3>\n\n\n\n<p>Real\u00e7a a beleza dos cabelos louros. Com <strong>polifen\u00f3is de a\u00e7a\u00ed<\/strong>, limpa suavemente, nutre em profundidade e suaviza a fibra capilar.<\/p>\n\n\n    <a class='product' target='_blank' href='https:\/\/www.primor.eu\/pt_pt\/l-oreal-professionnel-champo-brilho-serie-expert-blondifier-104267.html?#854=66341'>\r\n        <img decoding=\"async\" width=\"300\" height=\"300\" loading=\"async\" src=\"https:\/\/cdn2.primor.eu\/media\/catalog\/product\/cache\/8d3aba296f7a18b5251ee30fa5db42b2\/2\/C\/2CC04094_1_b4bf.jpg\" alt=\"\" title=\"\">\r\n            <div class=\"claim\">\r\n                 COMPRAR AGORA            <\/div>\r\n        <\/a>\r\n    \n\n\n<h3 class=\"wp-block-heading\">TIMOTEI Champ\u00f4 Reflexos Dourados<\/h3>\n\n\n\n<p>Champ\u00f4 com <strong>extrato natural de camomila 100%<\/strong>, limpa, nutre e hidrata. Traz \u00e0 tona os reflexos dourados e revela a verdadeira beleza do teu cabelo. Sem parabenos.<\/p>\n\n\n    <a class='product' target='_blank' href='https:\/\/www.primor.eu\/pt_pt\/timotei-champo-reflexo-dourado-105564.html?#854=66498'>\r\n        <img decoding=\"async\" width=\"300\" height=\"300\" loading=\"async\" src=\"https:\/\/cdn2.primor.eu\/media\/catalog\/product\/cache\/8d3aba296f7a18b5251ee30fa5db42b2\/8\/7\/8710908043383_397a.jpg\" alt=\"\" title=\"\">\r\n            <div class=\"claim\">\r\n                 COMPRAR AGORA            <\/div>\r\n        <\/a>\r\n    \n\n\n<h3 class=\"wp-block-heading\">Olaplex Shampoo N4P Blonde Enhancer<\/h3>\n\n\n\n<p>Especializado em suavizar e neutralizar os tons amarelos em cabelos louros, grisalhos e descolorados. Gra\u00e7as ao poder do Bis-Aminopropyl Diglycol Dimaleate, este tratamento restaura as liga\u00e7\u00f5es quebradas do cabelo, melhorando a apar\u00eancia e a condi\u00e7\u00e3o do nosso cabelo desde o interior. Recomenda-se o uso prolongado deste champ\u00f4 Olaplex para obter resultados brilhantes e perfeitos.<\/p>\n\n\n    <a class='product' target='_blank' href='https:\/\/www.primor.eu\/pt_pt\/olaplex-shampoo-tonificante-n4p-blonde-enhancer-blonde-105777.html?#863=67018'>\r\n        <img decoding=\"async\" width=\"300\" height=\"300\" loading=\"async\" src=\"https:\/\/cdn2.primor.eu\/media\/catalog\/product\/cache\/8d3aba296f7a18b5251ee30fa5db42b2\/2\/C\/2CC04310_1_f93f.jpg\" alt=\"\" title=\"\">\r\n            <div class=\"claim\">\r\n                 COMPRAR AGORA            <\/div>\r\n        <\/a>\r\n    ","protected":false},"excerpt":{"rendered":"<p>Ter o cabelo louro implica cuidados espec\u00edficos, desde um bom champ\u00f4 e condicionador matizador, at\u00e9 uma rotina bem definida para proteg\u00ea-lo do sol. Se tens o cabelo pintado, de certeza que j\u00e1 reparaste que, com o passar das semanas, o tom oxida e tende a ficar alaranjado. Isto \u00e9 ainda mais vis\u00edvel em cabelos com [&hellip;]<\/p>\n","protected":false},"author":6,"featured_media":5273,"comment_status":"closed","ping_status":"closed","sticky":false,"template":"","format":"standard","meta":{"jnews-multi-image_gallery":[],"jnews_single_post":{"format":"standard"},"jnews_primary_category":[],"jnews_social_meta":[],"jnews_override_counter":[],"footnotes":""},"categories":[5],"tags":[],"class_list":["post-5270","post","type-post","status-publish","format-standard","has-post-thumbnail","hentry","category-cabelo"],"_links":{"self":[{"href":"https:\/\/www.primor.eu\/blog\/pt\/wp-json\/wp\/v2\/posts\/5270","targetHints":{"allow":["GET"]}}],"collection":[{"href":"https:\/\/www.primor.eu\/blog\/pt\/wp-json\/wp\/v2\/posts"}],"about":[{"href":"https:\/\/www.primor.eu\/blog\/pt\/wp-json\/wp\/v2\/types\/post"}],"author":[{"embeddable":true,"href":"https:\/\/www.primor.eu\/blog\/pt\/wp-json\/wp\/v2\/users\/6"}],"replies":[{"embeddable":true,"href":"https:\/\/www.primor.eu\/blog\/pt\/wp-json\/wp\/v2\/comments?post=5270"}],"version-history":[{"count":1,"href":"https:\/\/www.primor.eu\/blog\/pt\/wp-json\/wp\/v2\/posts\/5270\/revisions"}],"predecessor-version":[{"id":5274,"href":"https:\/\/www.primor.eu\/blog\/pt\/wp-json\/wp\/v2\/posts\/5270\/revisions\/5274"}],"wp:featuredmedia":[{"embeddable":true,"href":"https:\/\/www.primor.eu\/blog\/pt\/wp-json\/wp\/v2\/media\/5273"}],"wp:attachment":[{"href":"https:\/\/www.primor.eu\/blog\/pt\/wp-json\/wp\/v2\/media?parent=5270"}],"wp:term":[{"taxonomy":"category","embeddable":true,"href":"https:\/\/www.primor.eu\/blog\/pt\/wp-json\/wp\/v2\/categories?post=5270"},{"taxonomy":"post_tag","embeddable":true,"href":"https:\/\/www.primor.eu\/blog\/pt\/wp-json\/wp\/v2\/tags?post=5270"}],"curies":[{"name":"wp","href":"https:\/\/api.w.org\/{rel}","templated":true}]}}