
{"id":5204,"date":"2025-05-19T10:46:50","date_gmt":"2025-05-19T09:46:50","guid":{"rendered":"https:\/\/www.primor.eu\/blog\/pt\/?p=5204"},"modified":"2025-05-19T11:04:52","modified_gmt":"2025-05-19T10:04:52","slug":"melhores-metodos-depilares-axilas","status":"publish","type":"post","link":"https:\/\/www.primor.eu\/blog\/pt\/melhores-metodos-depilares-axilas\/","title":{"rendered":"Os melhores m\u00e9todos para depilares as axilas sem irrita\u00e7\u00e3o"},"content":{"rendered":"\n<p>Saber como<strong> depilar as axilas <\/strong>sem provocar aquela irrita\u00e7\u00e3o inc\u00f3moda nem sempre \u00e9 f\u00e1cil. Existem v\u00e1rias formas de o fazer e algumas s\u00e3o mais agressivas que outras, mas h\u00e1 sempre truques para<strong> reduzir ao m\u00e1ximo o desconforto<\/strong>. Neste artigo, mostramos-te as diferentes t\u00e9cnicas para depilares as axilas e quais s\u00e3o os melhores produtos para conseguires uma depila\u00e7\u00e3o eficaz e sem irrita\u00e7\u00f5es.<\/p>\n\n\n\n<h2 class=\"wp-block-heading\">Como depilar as axilas<\/h2>\n\n\n\n<p>Antes de mais nada, vamos ver os <strong>principais m\u00e9todos<\/strong> para depilares as axilas com diferentes produtos, para que possas escolher o que melhor se adapta a ti.<\/p>\n\n\n\n<p><strong>Com l\u00e2mina:<\/strong> este \u00e9 o m\u00e9todo que mais pode irritar a pele das axilas. Por isso, \u00e9 essencial escolher uma<strong> l\u00e2mina de qualidade<\/strong> para evitares passar v\u00e1rias vezes na mesma zona. Assim, consegues uma depila\u00e7\u00e3o mais suave e sem tanta agress\u00e3o.<\/p>\n\n\n\n<p><strong>Depila\u00e7\u00e3o a laser:<\/strong> se queres deixar de te preocupar com dores e irrita\u00e7\u00f5es, este \u00e9 o m\u00e9todo ideal. \u00c9 uma solu\u00e7\u00e3o definitiva e eficaz, mas tamb\u00e9m \u00e9 a op\u00e7\u00e3o mais cara e requer v\u00e1rias sess\u00f5es.<\/p>\n\n\n\n<p><strong>Com cera quente ou fria:<\/strong> depilar as axilas com cera pode ser uma<strong> excelente op\u00e7\u00e3o <\/strong>se o teu principal objetivo \u00e9 evitar irrita\u00e7\u00f5es. Al\u00e9m disso, retira o pelo pela raiz, o que prolonga os resultados.<\/p>\n\n\n\n<p><strong>Com creme depilat\u00f3rio:<\/strong> h\u00e1 f\u00f3rmulas espec\u00edficas para <strong>peles sens\u00edveis<\/strong>. Antes de aplicares o produto em toda a zona, faz um teste numa pequena \u00e1rea para garantires que n\u00e3o provoca rea\u00e7\u00e3o. Se n\u00e3o fores sens\u00edvel, \u00e9 uma alternativa indolor e com menos risco de irrita\u00e7\u00e3o do que a l\u00e2mina.<\/p>\n\n\n\n<h2 class=\"wp-block-heading\">Como evitar a irrita\u00e7\u00e3o ao depilar as axilas: cuidados extra<\/h2>\n\n\n\n<ul class=\"wp-block-list\">\n<li><strong>Esfolia a zona regularmente:<\/strong> ajuda a eliminar c\u00e9lulas mortas e pelos encravados, o que reduz bastante a irrita\u00e7\u00e3o ap\u00f3s a depila\u00e7\u00e3o. Muitas vezes a irrita\u00e7\u00e3o n\u00e3o vem da depila\u00e7\u00e3o em si, mas sim de poros inflamados ou pelos internos.<br><\/li>\n\n\n\n<li><strong>Evita usar desodorizante com \u00e1lcool logo a seguir:<\/strong> espera pelo menos at\u00e9 ao dia seguinte, j\u00e1 que a maioria cont\u00e9m ingredientes agressivos que podem danificar a pele ap\u00f3s a depila\u00e7\u00e3o.<br><\/li>\n\n\n\n<li><strong>Hidrata bem a pele das axilas:<\/strong> antes e depois da depila\u00e7\u00e3o. Assim evitas que a pele fique demasiado seca, o que pode causar ainda mais irrita\u00e7\u00e3o. Usa diariamente um bom creme hidratante ou \u00f3leos vegetais para manteres a zona sempre suave.<br><\/li>\n<\/ul>\n\n\n\n<h2 class=\"wp-block-heading\">Os melhores produtos para depilares as axilas<\/h2>\n\n\n\n<p>Para te ajudar a escolher o melhor m\u00e9todo de depila\u00e7\u00e3o, aqui tens os nossos produtos recomendados:<\/p>\n\n\n        <product-table class=\"pr-slider\">\r\n            <product-headers class=\"grid-table-rows\">\r\n                <div>Foto<\/div>\r\n                <div>Produto<\/div>\r\n                <div>Marca<\/div>\r\n                <div>Avalia\u00e7\u00f5es<\/div>\r\n                <div>Pre\u00e7o<\/div>\r\n            <\/product-headers>\r\n\r\n            <product-list>\r\n                                    <a href=\"https:\/\/www.primor.eu\/pt_pt\/daen-crema-depilatoria-corporal-aloe-vera-74537.html\" class=\"product-item grid-table-rows\" target=\"_blank\">\r\n                        <div>\r\n                            <img decoding=\"async\" class=\"product-img\" width=\"80px\" height=\"80px\" src=\"https:\/\/cdn2.primor.eu\/media\/catalog\/product\/cache\/8d3aba296f7a18b5251ee30fa5db42b2\/c\/r\/crema_depilatoria_corporal_aloe_vera_7afc.jpg\" alt=\"\" title=\"\">\r\n                        <\/div>\r\n\r\n                        <!-- Contenido de producto  -->\r\n                        <div>\r\n                            <div class=\"product-position\">\r\n                                #1 Mais Vendidos                            <\/div>\r\n\r\n                            <h2>\r\n                                Creme Depilat\u00f3rio Corporal Alo\u00e9 Vera                            <\/h2>\r\n                        <\/div>\r\n\r\n                        <!-- Imagen y\/o nombre de la marca -->\r\n                        <div>\r\n                                                            <img decoding=\"async\" width=\"70\" src=\"https:\/\/www.primor.eu\/media\/catalog\/category\/Daen.jpg\" alt=\"\" title=\"\">\r\n                                                    <\/div>\r\n\r\n                        <!-- Puntuaci\u00f3n del producto  -->\r\n                        <div class=\"rating\">\r\n                                                            <div class=\"rate\" style=\"--p:100;\"><\/div>\r\n                                <b>5\/5<\/b>\r\n                                <div class=\"rate-stars\">\r\n                                                                            <div\r\n                                            class=\"rate-star  \">\r\n                                        <\/div>\r\n                                                                            <div\r\n                                            class=\"rate-star  \">\r\n                                        <\/div>\r\n                                                                            <div\r\n                                            class=\"rate-star  \">\r\n                                        <\/div>\r\n                                                                            <div\r\n                                            class=\"rate-star  \">\r\n                                        <\/div>\r\n                                                                            <div\r\n                                            class=\"rate-star  \">\r\n                                        <\/div>\r\n                                                                    <\/div>\r\n                                                    <\/div>\r\n\r\n                        <!-- Bot\u00f3n de producto  -->\r\n                        <div>\r\n                            <span class=\"price-claim\">\r\n                                VER PRE\u00c7O                            <\/span>\r\n                        <\/div>\r\n                    <\/a>\r\n                                    <a href=\"https:\/\/www.primor.eu\/pt_pt\/anne-moller-body-essentials-desodorizante-fresh-103414.html\" class=\"product-item grid-table-rows\" target=\"_blank\">\r\n                        <div>\r\n                            <img decoding=\"async\" class=\"product-img\" width=\"80px\" height=\"80px\" src=\"https:\/\/cdn2.primor.eu\/media\/catalog\/product\/cache\/8d3aba296f7a18b5251ee30fa5db42b2\/8\/0\/8059099002015_18b4.jpg\" alt=\"\" title=\"\">\r\n                        <\/div>\r\n\r\n                        <!-- Contenido de producto  -->\r\n                        <div>\r\n                            <div class=\"product-position\">\r\n                                #2                            <\/div>\r\n\r\n                            <h2>\r\n                                Body Essentials Desodorizante Fresh                            <\/h2>\r\n                        <\/div>\r\n\r\n                        <!-- Imagen y\/o nombre de la marca -->\r\n                        <div>\r\n                                                            <img decoding=\"async\" width=\"70\" src=\"https:\/\/www.primor.eu\/media\/catalog\/category\/AnneMoller_1.png\" alt=\"\" title=\"\">\r\n                                                    <\/div>\r\n\r\n                        <!-- Puntuaci\u00f3n del producto  -->\r\n                        <div class=\"rating\">\r\n                                                            <div class=\"rate\" style=\"--p:100;\"><\/div>\r\n                                <b>5\/5<\/b>\r\n                                <div class=\"rate-stars\">\r\n                                                                            <div\r\n                                            class=\"rate-star  \">\r\n                                        <\/div>\r\n                                                                            <div\r\n                                            class=\"rate-star  \">\r\n                                        <\/div>\r\n                                                                            <div\r\n                                            class=\"rate-star  \">\r\n                                        <\/div>\r\n                                                                            <div\r\n                                            class=\"rate-star  \">\r\n                                        <\/div>\r\n                                                                            <div\r\n                                            class=\"rate-star  \">\r\n                                        <\/div>\r\n                                                                    <\/div>\r\n                                                    <\/div>\r\n\r\n                        <!-- Bot\u00f3n de producto  -->\r\n                        <div>\r\n                            <span class=\"price-claim\">\r\n                                VER PRE\u00c7O                            <\/span>\r\n                        <\/div>\r\n                    <\/a>\r\n                                    <a href=\"https:\/\/www.primor.eu\/pt_pt\/gillette-maquina-feminina-venus-breeze-plus-107461.html?#846=66145\" class=\"product-item grid-table-rows\" target=\"_blank\">\r\n                        <div>\r\n                            <img decoding=\"async\" class=\"product-img\" width=\"80px\" height=\"80px\" src=\"https:\/\/cdn2.primor.eu\/media\/catalog\/product\/cache\/8d3aba296f7a18b5251ee30fa5db42b2\/7\/7\/7702018584277_MAIN_1373.jpg\" alt=\"\" title=\"\">\r\n                        <\/div>\r\n\r\n                        <!-- Contenido de producto  -->\r\n                        <div>\r\n                            <div class=\"product-position\">\r\n                                #3                            <\/div>\r\n\r\n                            <h2>\r\n                                Women Venus Breeze M\u00e1quina Plus                            <\/h2>\r\n                        <\/div>\r\n\r\n                        <!-- Imagen y\/o nombre de la marca -->\r\n                        <div>\r\n                                                            <img decoding=\"async\" width=\"70\" src=\"https:\/\/www.primor.eu\/media\/catalog\/category\/Gillette.jpg\" alt=\"\" title=\"\">\r\n                                                    <\/div>\r\n\r\n                        <!-- Puntuaci\u00f3n del producto  -->\r\n                        <div class=\"rating\">\r\n                                                            <div class=\"rate\" style=\"--p:90;\"><\/div>\r\n                                <b>4.5\/5<\/b>\r\n                                <div class=\"rate-stars\">\r\n                                                                            <div\r\n                                            class=\"rate-star  \">\r\n                                        <\/div>\r\n                                                                            <div\r\n                                            class=\"rate-star  \">\r\n                                        <\/div>\r\n                                                                            <div\r\n                                            class=\"rate-star  \">\r\n                                        <\/div>\r\n                                                                            <div\r\n                                            class=\"rate-star  \">\r\n                                        <\/div>\r\n                                                                            <div\r\n                                            class=\"rate-star  middle\">\r\n                                        <\/div>\r\n                                                                    <\/div>\r\n                                                    <\/div>\r\n\r\n                        <!-- Bot\u00f3n de producto  -->\r\n                        <div>\r\n                            <span class=\"price-claim\">\r\n                                VER PRE\u00c7O                            <\/span>\r\n                        <\/div>\r\n                    <\/a>\r\n                            <\/product-list>\r\n        <\/product-table>\r\n\r\n        \n\n\n<h3 class=\"wp-block-heading\">Veet Depil Easy Wax<\/h3>\n\n\n\n<p>Se procuras uma forma pr\u00e1tica e eficaz de te depilares em casa, este kit pode ser o que precisas. Vem com um <strong>dispositivo autoaquec\u00edvel com tampa<\/strong>, ideal para manter a cera na temperatura perfeita durante toda a aplica\u00e7\u00e3o. Inclui uma <strong>recarga de 50 ml com aplicador roll-on<\/strong>, pensada especificamente para zonas maiores como <strong>pernas e bra\u00e7os<\/strong>, garantindo uma aplica\u00e7\u00e3o uniforme e sem desperd\u00edcio.<\/p>\n\n\n    <a class='product' target='_blank' href='https:\/\/www.primor.eu\/pt_pt\/veet-depil-easy-wax-23144.html'>\r\n        <img fetchpriority=\"high\" decoding=\"async\" width=\"300\" height=\"300\" loading=\"async\" src=\"https:\/\/cdn2.primor.eu\/media\/catalog\/product\/cache\/8d3aba296f7a18b5251ee30fa5db42b2\/1\/D\/1DP00127_1_93f9.jpg\" alt=\"\" title=\"\">\r\n            <div class=\"claim\">\r\n                 COMPRAR AGORA            <\/div>\r\n        <\/a>\r\n    \n\n\n<h3 class=\"wp-block-heading\">Gillette Women Venus Breeze M\u00e1quina Plus<\/h3>\n\n\n\n<p>O segredo de uma depila\u00e7\u00e3o mais r\u00e1pida? Venus Breeze. Basta umedecer a l\u00e2mina e os \u00f3leos hidratantes das pastilhas de gel incorporadas conseguir\u00e3o uma espuma leve e um deslizamento suave sem a necessidade de um sabonete ou gel de depila\u00e7\u00e3o adicional.<\/p>\n\n\n    <a class='product' target='_blank' href='https:\/\/www.primor.eu\/pt_pt\/gillette-maquina-feminina-venus-breeze-plus-107461.html?#846=66145'>\r\n        <img decoding=\"async\" width=\"300\" height=\"300\" loading=\"async\" src=\"https:\/\/cdn2.primor.eu\/media\/catalog\/product\/cache\/8d3aba296f7a18b5251ee30fa5db42b2\/7\/7\/7702018584277_MAIN_1373.jpg\" alt=\"\" title=\"\">\r\n            <div class=\"claim\">\r\n                 COMPRAR AGORA            <\/div>\r\n        <\/a>\r\n    \n\n\n<h3 class=\"wp-block-heading\">Daen Creme Depilat\u00f3rio Corporal Alo\u00e9 Vera<\/h3>\n\n\n\n<p>Creme Depilat\u00f3rio Corporal Aloe Vera \u00e9 um creme depilat\u00f3rio que ajuda a remover os pelos de forma eficaz e sem inc\u00f3modos com AROMA a aloe vera e LIM\u00d3N. Perfeito para usar em diferentes Partes do corpo, como pernas, bra\u00e7os, axilas.<\/p>\n\n\n    <a class='product' target='_blank' href='https:\/\/www.primor.eu\/pt_pt\/daen-crema-depilatoria-corporal-aloe-vera-74537.html'>\r\n        <img decoding=\"async\" width=\"300\" height=\"300\" loading=\"async\" src=\"https:\/\/cdn2.primor.eu\/media\/catalog\/product\/cache\/8d3aba296f7a18b5251ee30fa5db42b2\/c\/r\/crema_depilatoria_corporal_aloe_vera_7afc.jpg\" alt=\"\" title=\"\">\r\n            <div class=\"claim\">\r\n                 COMPRAR AGORA            <\/div>\r\n        <\/a>\r\n    \n\n\n<h3 class=\"wp-block-heading\">IDC INSTITUTE Esfoliante Corporal Coco e Baunilha<\/h3>\n\n\n\n<p>Com uma combina\u00e7\u00e3o requintada de coco natural e arom\u00e1tica baunilha, este esfoliante transportar-te-\u00e1 para um o\u00e1sis de suavidade e frescura. A sua f\u00f3rmula nutritiva, enriquecida com ingredientes esfoliantes suaves, elimina delicadamente as impurezas, deixando a tua pele sedosa, renovada e deliciosamente perfumada.<\/p>\n\n\n    <a class='product' target='_blank' href='https:\/\/www.primor.eu\/pt_pt\/idc-institute-esfoliante-corporal-coco-e-baunilha-103290.html'>\r\n        <img decoding=\"async\" width=\"300\" height=\"300\" loading=\"async\" src=\"https:\/\/cdn2.primor.eu\/media\/catalog\/product\/cache\/8d3aba296f7a18b5251ee30fa5db42b2\/c\/o\/coco_831b.JPG\" alt=\"\" title=\"\">\r\n            <div class=\"claim\">\r\n                 COMPRAR AGORA            <\/div>\r\n        <\/a>\r\n    \n\n\n<h3 class=\"wp-block-heading\">Anne Moller Body Essentials Desodorizante Fresh<\/h3>\n\n\n\n<p>Este desodorizante roll-on foi concebido para proporcionar uma frescura duradoura e eficaz para todos os tipos de pele. Sem \u00e1lcool, ajuda a manter a pele seca e neutraliza os odores gra\u00e7as \u00e0 sua potente a\u00e7\u00e3o antitranspirante que regula a transpira\u00e7\u00e3o.<\/p>\n\n\n    <a class='product' target='_blank' href='https:\/\/www.primor.eu\/pt_pt\/anne-moller-body-essentials-desodorizante-fresh-103414.html'>\r\n        <img decoding=\"async\" width=\"300\" height=\"300\" loading=\"async\" src=\"https:\/\/cdn2.primor.eu\/media\/catalog\/product\/cache\/8d3aba296f7a18b5251ee30fa5db42b2\/8\/0\/8059099002015_18b4.jpg\" alt=\"\" title=\"\">\r\n            <div class=\"claim\">\r\n                 COMPRAR AGORA            <\/div>\r\n        <\/a>\r\n    \n\n\n<h3 class=\"wp-block-heading\">Elizabeth Arden Green Tea Body Cream Honey Drops<\/h3>\n\n\n\n<p><strong>O Creme Corporal Green Tea Honey Drops da Elizabeth Arden<\/strong> proporciona uma hidrata\u00e7\u00e3o profunda e reparadora. Ao mesmo tempo, a sua pele \u00e9 impregnada com a fragr\u00e2ncia inconfund\u00edvel que os f\u00e3s da Elizabeth Arden adoram. E depois de o aplicar na sua pele, notar\u00e1 pequenas gotas de mel que se partem e espalham \u00e0 medida que s\u00e3o aplicadas.<\/p>\n\n\n    <a class='product' target='_blank' href='https:\/\/www.primor.eu\/pt_pt\/elizabeth-arden-creme-corporal-green-tea-gotas-de-mel-11953.html'>\r\n        <img decoding=\"async\" width=\"300\" height=\"300\" loading=\"async\" src=\"https:\/\/cdn2.primor.eu\/media\/catalog\/product\/cache\/8d3aba296f7a18b5251ee30fa5db42b2\/2\/B\/2BL01604_1_e626.jpg\" alt=\"\" title=\"\">\r\n            <div class=\"claim\">\r\n                 COMPRAR AGORA            <\/div>\r\n        <\/a>\r\n    ","protected":false},"excerpt":{"rendered":"<p>Saber como depilar as axilas sem provocar aquela irrita\u00e7\u00e3o inc\u00f3moda nem sempre \u00e9 f\u00e1cil. Existem v\u00e1rias formas de o fazer e algumas s\u00e3o mais agressivas que outras, mas h\u00e1 sempre truques para reduzir ao m\u00e1ximo o desconforto. Neste artigo, mostramos-te as diferentes t\u00e9cnicas para depilares as axilas e quais s\u00e3o os melhores produtos para conseguires [&hellip;]<\/p>\n","protected":false},"author":6,"featured_media":5205,"comment_status":"closed","ping_status":"closed","sticky":false,"template":"","format":"standard","meta":{"jnews-multi-image_gallery":[],"jnews_single_post":{"format":"standard"},"jnews_primary_category":[],"jnews_social_meta":[],"jnews_override_counter":[],"footnotes":""},"categories":[21],"tags":[],"class_list":["post-5204","post","type-post","status-publish","format-standard","has-post-thumbnail","hentry","category-bem-estar"],"_links":{"self":[{"href":"https:\/\/www.primor.eu\/blog\/pt\/wp-json\/wp\/v2\/posts\/5204","targetHints":{"allow":["GET"]}}],"collection":[{"href":"https:\/\/www.primor.eu\/blog\/pt\/wp-json\/wp\/v2\/posts"}],"about":[{"href":"https:\/\/www.primor.eu\/blog\/pt\/wp-json\/wp\/v2\/types\/post"}],"author":[{"embeddable":true,"href":"https:\/\/www.primor.eu\/blog\/pt\/wp-json\/wp\/v2\/users\/6"}],"replies":[{"embeddable":true,"href":"https:\/\/www.primor.eu\/blog\/pt\/wp-json\/wp\/v2\/comments?post=5204"}],"version-history":[{"count":3,"href":"https:\/\/www.primor.eu\/blog\/pt\/wp-json\/wp\/v2\/posts\/5204\/revisions"}],"predecessor-version":[{"id":5209,"href":"https:\/\/www.primor.eu\/blog\/pt\/wp-json\/wp\/v2\/posts\/5204\/revisions\/5209"}],"wp:featuredmedia":[{"embeddable":true,"href":"https:\/\/www.primor.eu\/blog\/pt\/wp-json\/wp\/v2\/media\/5205"}],"wp:attachment":[{"href":"https:\/\/www.primor.eu\/blog\/pt\/wp-json\/wp\/v2\/media?parent=5204"}],"wp:term":[{"taxonomy":"category","embeddable":true,"href":"https:\/\/www.primor.eu\/blog\/pt\/wp-json\/wp\/v2\/categories?post=5204"},{"taxonomy":"post_tag","embeddable":true,"href":"https:\/\/www.primor.eu\/blog\/pt\/wp-json\/wp\/v2\/tags?post=5204"}],"curies":[{"name":"wp","href":"https:\/\/api.w.org\/{rel}","templated":true}]}}