
{"id":5126,"date":"2025-05-05T12:02:42","date_gmt":"2025-05-05T11:02:42","guid":{"rendered":"https:\/\/www.primor.eu\/blog\/pt\/?p=5126"},"modified":"2025-05-05T12:02:44","modified_gmt":"2025-05-05T11:02:44","slug":"melhores-seruns-cabelo","status":"publish","type":"post","link":"https:\/\/www.primor.eu\/blog\/pt\/melhores-seruns-cabelo\/","title":{"rendered":"Diz adeus \u00e0s pontas secas com estes 10 s\u00e9runs"},"content":{"rendered":"\n<p>Sentes que as<strong> pontas do teu cabelo<\/strong> est\u00e3o secas? \u00c9 algo bastante comum e n\u00e3o precisas de te preocupar demasiado. As <strong>pontas s\u00e3o a primeira parte do cabelo a sofrer danos.<\/strong> Os alisadores , o secador, as colora\u00e7\u00f5es, a polui\u00e7\u00e3o, o passar do tempo... s\u00e3o tudo fatores que afetam diretamente a sua sa\u00fade e podem deix\u00e1-las secas, espigadas e sem vida. Mas h\u00e1 uma solu\u00e7\u00e3o: <strong>os melhores s\u00e9runs para pontas secas.<\/strong><\/p>\n\n\n\n<h2 class=\"wp-block-heading\">Porque deves usar um s\u00e9rum para pontas secas?<\/h2>\n\n\n\n<p>Um<strong> s\u00e9rum para pontas secas<\/strong> \u00e9 um produto capilar desenvolvido para combater a secura e os danos nas pontas do cabelo. Costuma<strong> conter ingredientes hidratantes e nutritivos<\/strong> que ajudam a restaurar a <strong>suavidade <\/strong>e o <strong>brilho <\/strong>das pontas, que s\u00e3o mais propensas \u00e0 desidrata\u00e7\u00e3o e \u00e0s pontas danificadas. Entre os ingredientes mais importantes, destacam-se:<\/p>\n\n\n\n<ul class=\"wp-block-list\">\n<li><strong>\u00d3leos nutritivos<\/strong>, como \u00f3leo de arg\u00e3o, \u00f3leo de coco, \u00f3leo de jojoba ou \u00f3leo de am\u00eandoas, que oferecem hidrata\u00e7\u00e3o intensa e melhoram a flexibilidade do cabelo.<br><\/li>\n\n\n\n<li><strong>Vitaminas<\/strong>, como a vitamina E, conhecida pelas suas propriedades antioxidantes e capacidade de melhorar a sa\u00fade capilar.<br><\/li>\n\n\n\n<li><strong>Silicones<\/strong>, que ajudam a selar a hidrata\u00e7\u00e3o nas pontas e proporcionam um acabamento suave.<br><\/li>\n\n\n\n<li><strong>Prote\u00ednas reparadoras<\/strong>, como a queratina ou prote\u00ednas similares que fortalecem as pontas e reduzem o aspeto espigado.<br><\/li>\n<\/ul>\n\n\n\n<h2 class=\"wp-block-heading\">Os melhores s\u00e9runs para pontas secas<\/h2>\n\n\n        <product-table class=\"pr-slider\">\r\n            <product-headers class=\"grid-table-rows\">\r\n                <div>Foto<\/div>\r\n                <div>Produto<\/div>\r\n                <div>Marca<\/div>\r\n                <div>Avalia\u00e7\u00f5es<\/div>\r\n                <div>Pre\u00e7o<\/div>\r\n            <\/product-headers>\r\n\r\n            <product-list>\r\n                                    <a href=\"https:\/\/www.primor.eu\/pt_pt\/l-oreal-professionnel-absolut-repair-gold-oleo-10-em-1-10157.html\" class=\"product-item grid-table-rows\" target=\"_blank\">\r\n                        <div>\r\n                            <img decoding=\"async\" class=\"product-img\" width=\"80px\" height=\"80px\" src=\"https:\/\/cdn2.primor.eu\/media\/catalog\/product\/cache\/8d3aba296f7a18b5251ee30fa5db42b2\/2\/C\/2CA04204_1_825f.jpg\" alt=\"\" title=\"\">\r\n                        <\/div>\r\n\r\n                        <!-- Contenido de producto  -->\r\n                        <div>\r\n                            <div class=\"product-position\">\r\n                                #1 Mais Vendidos                            <\/div>\r\n\r\n                            <h2>\r\n                                Absolut Repair Gold \u00d3leo 10 em 1                            <\/h2>\r\n                        <\/div>\r\n\r\n                        <!-- Imagen y\/o nombre de la marca -->\r\n                        <div>\r\n                                                            <img decoding=\"async\" width=\"70\" src=\"https:\/\/www.primor.eu\/media\/catalog\/category\/loreal.png\" alt=\"\" title=\"\">\r\n                                                    <\/div>\r\n\r\n                        <!-- Puntuaci\u00f3n del producto  -->\r\n                        <div class=\"rating\">\r\n                                                            <div class=\"rate\" style=\"--p:100;\"><\/div>\r\n                                <b>5\/5<\/b>\r\n                                <div class=\"rate-stars\">\r\n                                                                            <div\r\n                                            class=\"rate-star  \">\r\n                                        <\/div>\r\n                                                                            <div\r\n                                            class=\"rate-star  \">\r\n                                        <\/div>\r\n                                                                            <div\r\n                                            class=\"rate-star  \">\r\n                                        <\/div>\r\n                                                                            <div\r\n                                            class=\"rate-star  \">\r\n                                        <\/div>\r\n                                                                            <div\r\n                                            class=\"rate-star  \">\r\n                                        <\/div>\r\n                                                                    <\/div>\r\n                                                    <\/div>\r\n\r\n                        <!-- Bot\u00f3n de producto  -->\r\n                        <div>\r\n                            <span class=\"price-claim\">\r\n                                VER PRE\u00c7O                            <\/span>\r\n                        <\/div>\r\n                    <\/a>\r\n                                    <a href=\"https:\/\/www.primor.eu\/pt_pt\/kerastase-k-nutritive-8h-magic-night-serum-hidratante-para-cabelos-secos-81321.html\" class=\"product-item grid-table-rows\" target=\"_blank\">\r\n                        <div>\r\n                            <img decoding=\"async\" class=\"product-img\" width=\"80px\" height=\"80px\" src=\"https:\/\/cdn2.primor.eu\/media\/catalog\/product\/cache\/8d3aba296f7a18b5251ee30fa5db42b2\/n\/u\/nutritive_8h_magic_serum_nocturno1_8255.jpg\" alt=\"\" title=\"\">\r\n                        <\/div>\r\n\r\n                        <!-- Contenido de producto  -->\r\n                        <div>\r\n                            <div class=\"product-position\">\r\n                                #2                            <\/div>\r\n\r\n                            <h2>\r\n                                K Nutritive 8h Magic Night S\u00e9rum Hidratante para Cabelos Secos                            <\/h2>\r\n                        <\/div>\r\n\r\n                        <!-- Imagen y\/o nombre de la marca -->\r\n                        <div>\r\n                                                            <img decoding=\"async\" width=\"70\" src=\"https:\/\/www.primor.eu\/media\/catalog\/category\/k_rastane.jpg\" alt=\"\" title=\"\">\r\n                                                    <\/div>\r\n\r\n                        <!-- Puntuaci\u00f3n del producto  -->\r\n                        <div class=\"rating\">\r\n                                                            <div class=\"rate\" style=\"--p:94;\"><\/div>\r\n                                <b>4.7\/5<\/b>\r\n                                <div class=\"rate-stars\">\r\n                                                                            <div\r\n                                            class=\"rate-star  \">\r\n                                        <\/div>\r\n                                                                            <div\r\n                                            class=\"rate-star  \">\r\n                                        <\/div>\r\n                                                                            <div\r\n                                            class=\"rate-star  \">\r\n                                        <\/div>\r\n                                                                            <div\r\n                                            class=\"rate-star  \">\r\n                                        <\/div>\r\n                                                                            <div\r\n                                            class=\"rate-star  \">\r\n                                        <\/div>\r\n                                                                    <\/div>\r\n                                                    <\/div>\r\n\r\n                        <!-- Bot\u00f3n de producto  -->\r\n                        <div>\r\n                            <span class=\"price-claim\">\r\n                                VER PRE\u00c7O                            <\/span>\r\n                        <\/div>\r\n                    <\/a>\r\n                                    <a href=\"https:\/\/www.primor.eu\/pt_pt\/revlon-uniq-one-hair-treatment-coconut-nova-formula-vegan-10438.html\" class=\"product-item grid-table-rows\" target=\"_blank\">\r\n                        <div>\r\n                            <img decoding=\"async\" class=\"product-img\" width=\"80px\" height=\"80px\" src=\"https:\/\/cdn2.primor.eu\/media\/catalog\/product\/cache\/8d3aba296f7a18b5251ee30fa5db42b2\/2\/C\/2CA04493_1_e5b5.jpg\" alt=\"\" title=\"\">\r\n                        <\/div>\r\n\r\n                        <!-- Contenido de producto  -->\r\n                        <div>\r\n                            <div class=\"product-position\">\r\n                                #3                            <\/div>\r\n\r\n                            <h2>\r\n                                Uniq One Hair Treatment Coconut Nova F\u00f3rmula Vegan                            <\/h2>\r\n                        <\/div>\r\n\r\n                        <!-- Imagen y\/o nombre de la marca -->\r\n                        <div>\r\n                                                            <img decoding=\"async\" width=\"70\" src=\"https:\/\/www.primor.eu\/media\/catalog\/category\/403.jpg\" alt=\"\" title=\"\">\r\n                                                    <\/div>\r\n\r\n                        <!-- Puntuaci\u00f3n del producto  -->\r\n                        <div class=\"rating\">\r\n                                                            <div class=\"rate\" style=\"--p:96;\"><\/div>\r\n                                <b>4.8\/5<\/b>\r\n                                <div class=\"rate-stars\">\r\n                                                                            <div\r\n                                            class=\"rate-star  \">\r\n                                        <\/div>\r\n                                                                            <div\r\n                                            class=\"rate-star  \">\r\n                                        <\/div>\r\n                                                                            <div\r\n                                            class=\"rate-star  \">\r\n                                        <\/div>\r\n                                                                            <div\r\n                                            class=\"rate-star  \">\r\n                                        <\/div>\r\n                                                                            <div\r\n                                            class=\"rate-star  \">\r\n                                        <\/div>\r\n                                                                    <\/div>\r\n                                                    <\/div>\r\n\r\n                        <!-- Bot\u00f3n de producto  -->\r\n                        <div>\r\n                            <span class=\"price-claim\">\r\n                                VER PRE\u00c7O                            <\/span>\r\n                        <\/div>\r\n                    <\/a>\r\n                                    <a href=\"https:\/\/www.primor.eu\/pt_pt\/beauty-drops-tratamento-capilar-beauty-plex-one-84394.html\" class=\"product-item grid-table-rows\" target=\"_blank\">\r\n                        <div>\r\n                            <img decoding=\"async\" class=\"product-img\" width=\"80px\" height=\"80px\" src=\"https:\/\/cdn2.primor.eu\/media\/catalog\/product\/cache\/8d3aba296f7a18b5251ee30fa5db42b2\/B\/D\/BD_BONE_HAIR_TREATMENT_100ML_2000X2000_2d15.jpg\" alt=\"\" title=\"\">\r\n                        <\/div>\r\n\r\n                        <!-- Contenido de producto  -->\r\n                        <div>\r\n                            <div class=\"product-position\">\r\n                                #4                            <\/div>\r\n\r\n                            <h2>\r\n                                Beauty Plex One Hair Treatment                            <\/h2>\r\n                        <\/div>\r\n\r\n                        <!-- Imagen y\/o nombre de la marca -->\r\n                        <div>\r\n                                                            <img decoding=\"async\" width=\"70\" src=\"https:\/\/www.primor.eu\/media\/catalog\/category\/beauty_Drops.png\" alt=\"\" title=\"\">\r\n                                                    <\/div>\r\n\r\n                        <!-- Puntuaci\u00f3n del producto  -->\r\n                        <div class=\"rating\">\r\n                                                            <div class=\"rate\" style=\"--p:98;\"><\/div>\r\n                                <b>4.9\/5<\/b>\r\n                                <div class=\"rate-stars\">\r\n                                                                            <div\r\n                                            class=\"rate-star  \">\r\n                                        <\/div>\r\n                                                                            <div\r\n                                            class=\"rate-star  \">\r\n                                        <\/div>\r\n                                                                            <div\r\n                                            class=\"rate-star  \">\r\n                                        <\/div>\r\n                                                                            <div\r\n                                            class=\"rate-star  \">\r\n                                        <\/div>\r\n                                                                            <div\r\n                                            class=\"rate-star  \">\r\n                                        <\/div>\r\n                                                                    <\/div>\r\n                                                    <\/div>\r\n\r\n                        <!-- Bot\u00f3n de producto  -->\r\n                        <div>\r\n                            <span class=\"price-claim\">\r\n                                VER PRE\u00c7O                            <\/span>\r\n                        <\/div>\r\n                    <\/a>\r\n                                    <a href=\"https:\/\/www.primor.eu\/pt_pt\/bc-schwarzkopf-repair-rescue-sealed-ends-arginina-11019.html\" class=\"product-item grid-table-rows\" target=\"_blank\">\r\n                        <div>\r\n                            <img decoding=\"async\" class=\"product-img\" width=\"80px\" height=\"80px\" src=\"https:\/\/cdn2.primor.eu\/media\/catalog\/product\/cache\/8d3aba296f7a18b5251ee30fa5db42b2\/2\/C\/2CN00897_1_b681.jpg\" alt=\"\" title=\"\">\r\n                        <\/div>\r\n\r\n                        <!-- Contenido de producto  -->\r\n                        <div>\r\n                            <div class=\"product-position\">\r\n                                #5                            <\/div>\r\n\r\n                            <h2>\r\n                                Repair Rescue Sealed Ends+ Arginine                            <\/h2>\r\n                        <\/div>\r\n\r\n                        <!-- Imagen y\/o nombre de la marca -->\r\n                        <div>\r\n                                                            <img decoding=\"async\" width=\"70\" src=\"https:\/\/www.primor.eu\/media\/catalog\/category\/BC_Schwarzkopf.jpg\" alt=\"\" title=\"\">\r\n                                                    <\/div>\r\n\r\n                        <!-- Puntuaci\u00f3n del producto  -->\r\n                        <div class=\"rating\">\r\n                                                            <div class=\"rate\" style=\"--p:94;\"><\/div>\r\n                                <b>4.7\/5<\/b>\r\n                                <div class=\"rate-stars\">\r\n                                                                            <div\r\n                                            class=\"rate-star  \">\r\n                                        <\/div>\r\n                                                                            <div\r\n                                            class=\"rate-star  \">\r\n                                        <\/div>\r\n                                                                            <div\r\n                                            class=\"rate-star  \">\r\n                                        <\/div>\r\n                                                                            <div\r\n                                            class=\"rate-star  \">\r\n                                        <\/div>\r\n                                                                            <div\r\n                                            class=\"rate-star  \">\r\n                                        <\/div>\r\n                                                                    <\/div>\r\n                                                    <\/div>\r\n\r\n                        <!-- Bot\u00f3n de producto  -->\r\n                        <div>\r\n                            <span class=\"price-claim\">\r\n                                VER PRE\u00c7O                            <\/span>\r\n                        <\/div>\r\n                    <\/a>\r\n                            <\/product-list>\r\n        <\/product-table>\r\n\r\n        \n\n\n<h3 class=\"wp-block-heading\">L'Or\u00e9al Professionnel Absolut Repair Gold \u00d3leo 10 em 1<\/h3>\n\n\n\n<p>Um tratamento que nutre e regenera profundamente o cabelo, reduzindo as pontas espigadas e deixando-o com um toque suave e leve. Facilita o desembara\u00e7ar e controla a humidade.<\/p>\n\n\n    <a class='product' target='_blank' href='https:\/\/www.primor.eu\/pt_pt\/l-oreal-professionnel-absolut-repair-gold-oleo-10-em-1-10157.html'>\r\n        <img fetchpriority=\"high\" decoding=\"async\" width=\"300\" height=\"300\" loading=\"async\" src=\"https:\/\/cdn2.primor.eu\/media\/catalog\/product\/cache\/8d3aba296f7a18b5251ee30fa5db42b2\/2\/C\/2CA04204_1_825f.jpg\" alt=\"\" title=\"\">\r\n            <div class=\"claim\">\r\n                 COMPRAR AGORA            <\/div>\r\n        <\/a>\r\n    \n\n\n<h3 class=\"wp-block-heading\">Kerastase K Nutritive 8h Magic Night S\u00e9rum Hidratante para Cabelos Secos<\/h3>\n\n\n\n<p>Tratamento leave-in formulado especialmente para nutrir as pontas secas de qualquer tipo de cabelo. A sua f\u00f3rmula exclusiva em textura s\u00e9rum penetra profundamente na fibra capilar, proporcionando nutri\u00e7\u00e3o intensiva \u00e0s zonas mais fr\u00e1geis. Al\u00e9m disso, ajuda a reconstruir eficazmente a barreira protetora natural do cabelo.<\/p>\n\n\n    <a class='product' target='_blank' href='https:\/\/www.primor.eu\/pt_pt\/kerastase-k-nutritive-8h-magic-night-serum-hidratante-para-cabelos-secos-81321.html'>\r\n        <img decoding=\"async\" width=\"300\" height=\"300\" loading=\"async\" src=\"https:\/\/cdn2.primor.eu\/media\/catalog\/product\/cache\/8d3aba296f7a18b5251ee30fa5db42b2\/n\/u\/nutritive_8h_magic_serum_nocturno1_8255.jpg\" alt=\"\" title=\"\">\r\n            <div class=\"claim\">\r\n                 COMPRAR AGORA            <\/div>\r\n        <\/a>\r\n    \n\n\n<h3 class=\"wp-block-heading\">Revlon Uniq One Hair Treatment Coconut Nova F\u00f3rmula Vegan<\/h3>\n\n\n\n<p>Tratamento capilar de coco, sem enxaguar, que oferece os 10 benef\u00edcios essenciais para o cabelo:<\/p>\n\n\n\n<ul class=\"wp-block-list\">\n<li>Repara cabelo seco ou danificado.<br><\/li>\n\n\n\n<li>Brilho e controlo do frizz.<br><\/li>\n\n\n\n<li>Prote\u00e7\u00e3o t\u00e9rmica.<br><\/li>\n\n\n\n<li>Suavidade e sedosidade.<br><\/li>\n\n\n\n<li>Prote\u00e7\u00e3o da cor com filtros UVA e UVB.<br><\/li>\n\n\n\n<li>Facilita o uso da prancha e o penteado.<br><\/li>\n\n\n\n<li>Efeito desembara\u00e7ante surpreendente.<br><\/li>\n\n\n\n<li>Mant\u00e9m o penteado por mais tempo.<br><\/li>\n\n\n\n<li>Previne as pontas espigadas.<br><\/li>\n\n\n\n<li>D\u00e1 corpo e volume.<br><\/li>\n<\/ul>\n\n\n    <a class='product' target='_blank' href='https:\/\/www.primor.eu\/pt_pt\/revlon-uniq-one-hair-treatment-coconut-nova-formula-vegan-10438.html'>\r\n        <img decoding=\"async\" width=\"300\" height=\"300\" loading=\"async\" src=\"https:\/\/cdn2.primor.eu\/media\/catalog\/product\/cache\/8d3aba296f7a18b5251ee30fa5db42b2\/2\/C\/2CA04493_1_e5b5.jpg\" alt=\"\" title=\"\">\r\n            <div class=\"claim\">\r\n                 COMPRAR AGORA            <\/div>\r\n        <\/a>\r\n    \n\n\n<h3 class=\"wp-block-heading\">Beauty Drops Beauty Plex One Hair Treatment<\/h3>\n\n\n\n<p>S\u00e9rum hidratante intensivo, sem enxaguar. Oferece nutri\u00e7\u00e3o profunda para cabelos secos e danificados, sem pesar nem deixar oleoso.<\/p>\n\n\n    <a class='product' target='_blank' href='https:\/\/www.primor.eu\/pt_pt\/beauty-drops-tratamento-capilar-beauty-plex-one-84394.html'>\r\n        <img decoding=\"async\" width=\"300\" height=\"300\" loading=\"async\" src=\"https:\/\/cdn2.primor.eu\/media\/catalog\/product\/cache\/8d3aba296f7a18b5251ee30fa5db42b2\/B\/D\/BD_BONE_HAIR_TREATMENT_100ML_2000X2000_2d15.jpg\" alt=\"\" title=\"\">\r\n            <div class=\"claim\">\r\n                 COMPRAR AGORA            <\/div>\r\n        <\/a>\r\n    \n\n\n<h3 class=\"wp-block-heading\">BC Schwarzkopf Repair Rescue Sealed Ends+ Arginine<\/h3>\n\n\n\n<p>S\u00e9rum intensivo e suave para pontas seladas que nutre o cabelo poroso, d\u00e1 brilho, reduz a quebra e previne pontas espigadas.<\/p>\n\n\n    <a class='product' target='_blank' href='https:\/\/www.primor.eu\/pt_pt\/bc-schwarzkopf-repair-rescue-sealed-ends-arginina-11019.html'>\r\n        <img decoding=\"async\" width=\"300\" height=\"300\" loading=\"async\" src=\"https:\/\/cdn2.primor.eu\/media\/catalog\/product\/cache\/8d3aba296f7a18b5251ee30fa5db42b2\/2\/C\/2CN00897_1_b681.jpg\" alt=\"\" title=\"\">\r\n            <div class=\"claim\">\r\n                 COMPRAR AGORA            <\/div>\r\n        <\/a>\r\n    \n\n\n<h3 class=\"wp-block-heading\">Green Pharmacy S\u00e9rum para Pontas Quebradi\u00e7as<\/h3>\n\n\n\n<p>S\u00e9rum altamente concentrado que suaviza as pontas e evita que se quebrem. Com f\u00f3rmula leve, n\u00e3o deixa o cabelo pesado. Cont\u00e9m 100% extrato de alo\u00e9 vera e \u00f3leo de cedro para hidratar as zonas mais secas.<\/p>\n\n\n    <a class='product' target='_blank' href='https:\/\/www.primor.eu\/pt_pt\/green-pharmacy-serum-para-pontas-quebradicas-8899.html'>\r\n        <img decoding=\"async\" width=\"300\" height=\"300\" loading=\"async\" src=\"https:\/\/cdn2.primor.eu\/media\/catalog\/product\/cache\/8d3aba296f7a18b5251ee30fa5db42b2\/6\/X\/6XS08160_1_87cc.jpg\" alt=\"\" title=\"\">\r\n            <div class=\"claim\">\r\n                 COMPRAR AGORA            <\/div>\r\n        <\/a>\r\n    \n\n\n<h3 class=\"wp-block-heading\">Wella Professionals Oil Reflections \u00d3leo Iluminador Intensificador de Brilho<\/h3>\n\n\n\n<p>O\u00a0Oil Reflections da Wella Professionals\u00a0\u00e9 um s\u00e9rum para o cabelo que liberta luminosidade da raiz at\u00e9 \u00e0s pontas, ajudando a obter um brilho intenso e uma textura suave. Este s\u00e9rum para o cabelo \u00e9 enriquecido com \u00d3leo de Cam\u00e9lia e extrato de Ch\u00e1 Branco para uma hidrata\u00e7\u00e3o de longa dura\u00e7\u00e3o e um brilho intenso. Rep\u00f5e a hidrata\u00e7\u00e3o perdida nas fibras capilares.<\/p>\n\n\n    <a class='product' target='_blank' href='https:\/\/www.primor.eu\/pt_pt\/wella-oleo-reflections-oleo-iluminando-oleo-de-melhorador-de-brilho-8909.html'>\r\n        <img decoding=\"async\" width=\"300\" height=\"300\" loading=\"async\" src=\"https:\/\/cdn2.primor.eu\/media\/catalog\/product\/cache\/8d3aba296f7a18b5251ee30fa5db42b2\/2\/C\/2CA02329_1_e4bc.jpg\" alt=\"\" title=\"\">\r\n            <div class=\"claim\">\r\n                 COMPRAR AGORA            <\/div>\r\n        <\/a>\r\n    \n\n\n<h3 class=\"wp-block-heading\">Kallos KJMN S\u00e9rum Capilar para Pontas Secas<\/h3>\n\n\n\n<p>S\u00e9rum ideal para cuidar do cabelo seco ou danificado.<\/p>\n\n\n    <a class='product' target='_blank' href='https:\/\/www.primor.eu\/pt_pt\/kallos-kjmn-serum-capilar-para-pontas-secas-8995.html'>\r\n        <img decoding=\"async\" width=\"300\" height=\"300\" loading=\"async\" src=\"https:\/\/cdn2.primor.eu\/media\/catalog\/product\/cache\/8d3aba296f7a18b5251ee30fa5db42b2\/2\/C\/2CN00236_1_8a09.jpg\" alt=\"\" title=\"\">\r\n            <div class=\"claim\">\r\n                 COMPRAR AGORA            <\/div>\r\n        <\/a>\r\n    \n\n\n<h3 class=\"wp-block-heading\">Nacomi S\u00e9rum Capilar com \u00d3leo de Arg\u00e3o para Pontas Secas<\/h3>\n\n\n\n<p>Com alto teor de \u00e1cidos gordos essenciais (cerca de 80%) e tocofer\u00f3is (vitamina E), um antioxidante poderoso.<\/p>\n\n\n    <a class='product' target='_blank' href='https:\/\/www.primor.eu\/pt_pt\/nacomi-serum-capilar-com-oleo-de-arg-o-para-pontas-secas-9169.html'>\r\n        <img decoding=\"async\" width=\"300\" height=\"300\" loading=\"async\" src=\"https:\/\/cdn2.primor.eu\/media\/catalog\/product\/cache\/8d3aba296f7a18b5251ee30fa5db42b2\/2\/C\/2CN00330_1_2f9d.jpg\" alt=\"\" title=\"\">\r\n            <div class=\"claim\">\r\n                 COMPRAR AGORA            <\/div>\r\n        <\/a>\r\n    \n\n\n<h3 class=\"wp-block-heading\">Marion Fluido Contra as Pontas Danificadas com \u00d3leo de Arg\u00e3o<\/h3>\n\n\n\n<p>Fluido desenvolvido para cabelos secos e danificados. Protege contra agress\u00f5es externas, prevenindo pontas espigadas e quebra. Cont\u00e9m \u00f3leo de arg\u00e3o com certificado Ecocert para um cabelo mais saud\u00e1vel e brilhante.<\/p>\n\n\n    <a class='product' target='_blank' href='https:\/\/www.primor.eu\/pt_pt\/marion-fluido-anti-estrias-com-oleo-de-arg-o-9524.html'>\r\n        <img decoding=\"async\" width=\"300\" height=\"300\" loading=\"async\" src=\"https:\/\/cdn2.primor.eu\/media\/catalog\/product\/cache\/8d3aba296f7a18b5251ee30fa5db42b2\/2\/C\/2CA01685_1_bf86.jpg\" alt=\"\" title=\"\">\r\n            <div class=\"claim\">\r\n                 COMPRAR AGORA            <\/div>\r\n        <\/a>\r\n    ","protected":false},"excerpt":{"rendered":"<p>Sentes que as pontas do teu cabelo est\u00e3o secas? \u00c9 algo bastante comum e n\u00e3o precisas de te preocupar demasiado. As pontas s\u00e3o a primeira parte do cabelo a sofrer danos. Os alisadores , o secador, as colora\u00e7\u00f5es, a polui\u00e7\u00e3o, o passar do tempo&#8230; s\u00e3o tudo fatores que afetam diretamente a sua sa\u00fade e podem [&hellip;]<\/p>\n","protected":false},"author":6,"featured_media":5127,"comment_status":"closed","ping_status":"closed","sticky":false,"template":"","format":"standard","meta":{"jnews-multi-image_gallery":[],"jnews_single_post":{"format":"standard"},"jnews_primary_category":[],"jnews_social_meta":[],"jnews_override_counter":[],"footnotes":""},"categories":[5],"tags":[],"class_list":["post-5126","post","type-post","status-publish","format-standard","has-post-thumbnail","hentry","category-cabelo"],"_links":{"self":[{"href":"https:\/\/www.primor.eu\/blog\/pt\/wp-json\/wp\/v2\/posts\/5126","targetHints":{"allow":["GET"]}}],"collection":[{"href":"https:\/\/www.primor.eu\/blog\/pt\/wp-json\/wp\/v2\/posts"}],"about":[{"href":"https:\/\/www.primor.eu\/blog\/pt\/wp-json\/wp\/v2\/types\/post"}],"author":[{"embeddable":true,"href":"https:\/\/www.primor.eu\/blog\/pt\/wp-json\/wp\/v2\/users\/6"}],"replies":[{"embeddable":true,"href":"https:\/\/www.primor.eu\/blog\/pt\/wp-json\/wp\/v2\/comments?post=5126"}],"version-history":[{"count":1,"href":"https:\/\/www.primor.eu\/blog\/pt\/wp-json\/wp\/v2\/posts\/5126\/revisions"}],"predecessor-version":[{"id":5128,"href":"https:\/\/www.primor.eu\/blog\/pt\/wp-json\/wp\/v2\/posts\/5126\/revisions\/5128"}],"wp:featuredmedia":[{"embeddable":true,"href":"https:\/\/www.primor.eu\/blog\/pt\/wp-json\/wp\/v2\/media\/5127"}],"wp:attachment":[{"href":"https:\/\/www.primor.eu\/blog\/pt\/wp-json\/wp\/v2\/media?parent=5126"}],"wp:term":[{"taxonomy":"category","embeddable":true,"href":"https:\/\/www.primor.eu\/blog\/pt\/wp-json\/wp\/v2\/categories?post=5126"},{"taxonomy":"post_tag","embeddable":true,"href":"https:\/\/www.primor.eu\/blog\/pt\/wp-json\/wp\/v2\/tags?post=5126"}],"curies":[{"name":"wp","href":"https:\/\/api.w.org\/{rel}","templated":true}]}}