
{"id":5088,"date":"2025-04-29T08:54:47","date_gmt":"2025-04-29T07:54:47","guid":{"rendered":"https:\/\/www.primor.eu\/blog\/pt\/?p=5088"},"modified":"2025-04-29T08:54:49","modified_gmt":"2025-04-29T07:54:49","slug":"melhores-delineadores-labios-peles-negras","status":"publish","type":"post","link":"https:\/\/www.primor.eu\/blog\/pt\/melhores-delineadores-labios-peles-negras\/","title":{"rendered":"Os 6 melhores delineadores de l\u00e1bios para peles negras"},"content":{"rendered":"\n<p>Se procuras um<strong> <\/strong><a href=\"https:\/\/www.primor.eu\/pt_pt\/delineadores-de-labios-de-luxo\"><strong>delineador de l\u00e1bios<\/strong><\/a><strong> <\/strong>para<strong> peles negras<\/strong>, \u00e9 importante saberes quais s\u00e3o as cores que mais favorecem este tipo de pele. Cada tom de pele combina melhor com determinadas cores de l\u00e1bios, para que o resultado final da maquilhagem fique harmonioso. Por isso, hoje na Primor vamos mostrar-te quais s\u00e3o os melhores tons para delineadores de <a href=\"https:\/\/www.primor.eu\/pt_pt\/delineadores-de-labios-de-luxo\">l\u00e1bios <\/a>para peles negras. Tamb\u00e9m te vamos dar o ranking dos melhores produtos da nossa loja!<\/p>\n\n\n\n<h2 class=\"wp-block-heading\"><strong>Delineador de l\u00e1bios para peles negras: os melhores tons<\/strong><\/h2>\n\n\n\n<p>Antes de te apresentarmos os melhores delineadores de l\u00e1bios da nossa loja, espreita as tonalidades que mais valorizam a pele negra:<\/p>\n\n\n\n<ul class=\"wp-block-list\">\n<li>Met\u00e1licos ou dourados<br><\/li>\n\n\n\n<li>Vermelho acetinado<br><\/li>\n\n\n\n<li>Castanho chocolate<br><\/li>\n\n\n\n<li>Tons nude<br><\/li>\n\n\n\n<li>Roxo ou Beringela<br><\/li>\n\n\n\n<li>F\u00fachsia<br><\/li>\n\n\n\n<li>Laranja<br><\/li>\n\n\n\n<li>Preto<br><\/li>\n\n\n\n<li>Cor de ameixa<br><\/li>\n<\/ul>\n\n\n\n<h2 class=\"wp-block-heading\"><strong>Os melhores delineadores de l\u00e1bios para peles negras est\u00e3o na Primor<\/strong><\/h2>\n\n\n        <product-table class=\"pr-slider\">\r\n            <product-headers class=\"grid-table-rows\">\r\n                <div>Foto<\/div>\r\n                <div>Produto<\/div>\r\n                <div>Marca<\/div>\r\n                <div>Avalia\u00e7\u00f5es<\/div>\r\n                <div>Pre\u00e7o<\/div>\r\n            <\/product-headers>\r\n\r\n            <product-list>\r\n                                    <a href=\"https:\/\/www.primor.eu\/pt_pt\/idc-brilho-labial-metalico-delineador-labial-36483.html\" class=\"product-item grid-table-rows\" target=\"_blank\">\r\n                        <div>\r\n                            <img decoding=\"async\" class=\"product-img\" width=\"80px\" height=\"80px\" src=\"https:\/\/cdn2.primor.eu\/media\/catalog\/product\/cache\/8d3aba296f7a18b5251ee30fa5db42b2\/0\/M\/0ML22558_1_322a.jpg\" alt=\"\" title=\"\">\r\n                        <\/div>\r\n\r\n                        <!-- Contenido de producto  -->\r\n                        <div>\r\n                            <div class=\"product-position\">\r\n                                #1 Mais Vendidos                            <\/div>\r\n\r\n                            <h2>\r\n                                Brilho Labial & Delineador de L\u00e1bios                            <\/h2>\r\n                        <\/div>\r\n\r\n                        <!-- Imagen y\/o nombre de la marca -->\r\n                        <div>\r\n                                                            <img decoding=\"async\" width=\"70\" src=\"https:\/\/www.primor.eu\/media\/catalog\/category\/Magic_Studio.jpg\" alt=\"\" title=\"\">\r\n                                                    <\/div>\r\n\r\n                        <!-- Puntuaci\u00f3n del producto  -->\r\n                        <div class=\"rating\">\r\n                                                            <div class=\"rate\" style=\"--p:96;\"><\/div>\r\n                                <b>4.8\/5<\/b>\r\n                                <div class=\"rate-stars\">\r\n                                                                            <div\r\n                                            class=\"rate-star  \">\r\n                                        <\/div>\r\n                                                                            <div\r\n                                            class=\"rate-star  \">\r\n                                        <\/div>\r\n                                                                            <div\r\n                                            class=\"rate-star  \">\r\n                                        <\/div>\r\n                                                                            <div\r\n                                            class=\"rate-star  \">\r\n                                        <\/div>\r\n                                                                            <div\r\n                                            class=\"rate-star  \">\r\n                                        <\/div>\r\n                                                                    <\/div>\r\n                                                    <\/div>\r\n\r\n                        <!-- Bot\u00f3n de producto  -->\r\n                        <div>\r\n                            <span class=\"price-claim\">\r\n                                VER PRE\u00c7O                            <\/span>\r\n                        <\/div>\r\n                    <\/a>\r\n                                    <a href=\"https:\/\/www.primor.eu\/pt_pt\/3ina-the-automatic-lip-pencil-lapis-de-contorno-de-labios-108285.html?#803=83242\" class=\"product-item grid-table-rows\" target=\"_blank\">\r\n                        <div>\r\n                            <img decoding=\"async\" class=\"product-img\" width=\"80px\" height=\"80px\" src=\"https:\/\/cdn2.primor.eu\/media\/catalog\/product\/cache\/8d3aba296f7a18b5251ee30fa5db42b2\/8\/4\/8435446410595_1_f699.jpg\" alt=\"\" title=\"\">\r\n                        <\/div>\r\n\r\n                        <!-- Contenido de producto  -->\r\n                        <div>\r\n                            <div class=\"product-position\">\r\n                                #2                            <\/div>\r\n\r\n                            <h2>\r\n                                The Automatic Lip Pencil L\u00e1pis de Contorno de L\u00e1bios                            <\/h2>\r\n                        <\/div>\r\n\r\n                        <!-- Imagen y\/o nombre de la marca -->\r\n                        <div>\r\n                                                            <img decoding=\"async\" width=\"70\" src=\"https:\/\/www.primor.eu\/media\/catalog\/category\/3ina.jpg\" alt=\"\" title=\"\">\r\n                                                    <\/div>\r\n\r\n                        <!-- Puntuaci\u00f3n del producto  -->\r\n                        <div class=\"rating\">\r\n                                                            <div class=\"rate\" style=\"--p:94;\"><\/div>\r\n                                <b>4.7\/5<\/b>\r\n                                <div class=\"rate-stars\">\r\n                                                                            <div\r\n                                            class=\"rate-star  \">\r\n                                        <\/div>\r\n                                                                            <div\r\n                                            class=\"rate-star  \">\r\n                                        <\/div>\r\n                                                                            <div\r\n                                            class=\"rate-star  \">\r\n                                        <\/div>\r\n                                                                            <div\r\n                                            class=\"rate-star  \">\r\n                                        <\/div>\r\n                                                                            <div\r\n                                            class=\"rate-star  \">\r\n                                        <\/div>\r\n                                                                    <\/div>\r\n                                                    <\/div>\r\n\r\n                        <!-- Bot\u00f3n de producto  -->\r\n                        <div>\r\n                            <span class=\"price-claim\">\r\n                                VER PRE\u00c7O                            <\/span>\r\n                        <\/div>\r\n                    <\/a>\r\n                                    <a href=\"https:\/\/www.primor.eu\/pt_pt\/inglot-velvet-define-lip-pencil-delineador-de-labios-116248.html?#803=86546\" class=\"product-item grid-table-rows\" target=\"_blank\">\r\n                        <div>\r\n                            <img decoding=\"async\" class=\"product-img\" width=\"80px\" height=\"80px\" src=\"https:\/\/cdn2.primor.eu\/media\/catalog\/product\/cache\/8d3aba296f7a18b5251ee30fa5db42b2\/5\/9\/5901905033818_light_nude_67_1_5110.jpg\" alt=\"\" title=\"\">\r\n                        <\/div>\r\n\r\n                        <!-- Contenido de producto  -->\r\n                        <div>\r\n                            <div class=\"product-position\">\r\n                                #3                            <\/div>\r\n\r\n                            <h2>\r\n                                Velvet Define Lip Pencil Delineador de L\u00e1bios                            <\/h2>\r\n                        <\/div>\r\n\r\n                        <!-- Imagen y\/o nombre de la marca -->\r\n                        <div>\r\n                                                            <img decoding=\"async\" width=\"70\" src=\"https:\/\/www.primor.eu\/media\/catalog\/category\/inglot.png\" alt=\"\" title=\"\">\r\n                                                    <\/div>\r\n\r\n                        <!-- Puntuaci\u00f3n del producto  -->\r\n                        <div class=\"rating\">\r\n                                                            <div class=\"rate\" style=\"--p:94;\"><\/div>\r\n                                <b>4.7\/5<\/b>\r\n                                <div class=\"rate-stars\">\r\n                                                                            <div\r\n                                            class=\"rate-star  \">\r\n                                        <\/div>\r\n                                                                            <div\r\n                                            class=\"rate-star  \">\r\n                                        <\/div>\r\n                                                                            <div\r\n                                            class=\"rate-star  \">\r\n                                        <\/div>\r\n                                                                            <div\r\n                                            class=\"rate-star  \">\r\n                                        <\/div>\r\n                                                                            <div\r\n                                            class=\"rate-star  \">\r\n                                        <\/div>\r\n                                                                    <\/div>\r\n                                                    <\/div>\r\n\r\n                        <!-- Bot\u00f3n de producto  -->\r\n                        <div>\r\n                            <span class=\"price-claim\">\r\n                                VER PRE\u00c7O                            <\/span>\r\n                        <\/div>\r\n                    <\/a>\r\n                            <\/product-list>\r\n        <\/product-table>\r\n\r\n        \n\n\n<h3 class=\"wp-block-heading\"><strong>Technic Delineador de L\u00e1bios com Apontador Lipliner<\/strong><\/h3>\n\n\n\n<p>\u00c9 um l\u00e1pis de l\u00e1bios com uma textura suave e cremosa, ideal para uso di\u00e1rio. O <strong>Lipliner Delineador de L\u00e1bios com Afiador da Technic<\/strong> ajuda a condicionar, delinear e fixar o batom, garantindo uma maior durabilidade da cor. Inclui ainda um afiador com l\u00e2mina ultra-afiada.<\/p>\n\n\n\n<ul class=\"wp-block-list\">\n<li><strong>Cruelty Free<\/strong> \u2013 N\u00e3o testado em animais<br><\/li>\n\n\n\n<li><strong>Vegan Friendly<\/strong><strong><br><\/strong><\/li>\n<\/ul>\n\n\n    <a class='product' target='_blank' href='https:\/\/www.primor.eu\/pt_pt\/technic-delineador-de-labios-com-apontador-lipliner-108172.html?#803=54980'>\r\n        <img fetchpriority=\"high\" decoding=\"async\" width=\"300\" height=\"300\" loading=\"async\" src=\"https:\/\/cdn2.primor.eu\/media\/catalog\/product\/cache\/8d3aba296f7a18b5251ee30fa5db42b2\/0\/M\/0ML21820_1_b2af.jpg\" alt=\"\" title=\"\">\r\n            <div class=\"claim\">\r\n                 COMPRAR AGORA            <\/div>\r\n        <\/a>\r\n    \n\n\n<h3 class=\"wp-block-heading\"><strong>Magic Studio Brilho Labial &amp; Delineador de L\u00e1bios<\/strong><\/h3>\n\n\n\n<p>Este conjunto de 2 pe\u00e7as \u00e9 perfeito para oferecer ou para te mimar! Inclui um gloss e um delineador de l\u00e1bios, ideais para l\u00e1bios bonitos, coloridos e brilhantes. Dispon\u00edvel em 4 tons irresist\u00edveis: Vinho, Cobre, Rosa e F\u00fachsia.<\/p>\n\n\n\n<p><strong>ATEN\u00c7\u00c3O:<\/strong> Este produto \u00e9 enviado aleatoriamente em qualquer um dos modelos dispon\u00edveis. Se quiseres um tom espec\u00edfico, podes indic\u00e1-lo nas observa\u00e7\u00f5es ao finalizar a tua encomenda (sujeito \u00e0 disponibilidade de stock).<\/p>\n\n\n    <a class='product' target='_blank' href='https:\/\/www.primor.eu\/pt_pt\/idc-brilho-labial-metalico-delineador-labial-36483.html'>\r\n        <img decoding=\"async\" width=\"300\" height=\"300\" loading=\"async\" src=\"https:\/\/cdn2.primor.eu\/media\/catalog\/product\/cache\/8d3aba296f7a18b5251ee30fa5db42b2\/0\/M\/0ML22558_1_322a.jpg\" alt=\"\" title=\"\">\r\n            <div class=\"claim\">\r\n                 COMPRAR AGORA            <\/div>\r\n        <\/a>\r\n    \n\n\n<h3 class=\"wp-block-heading\"><strong>Inglot Velvet Define Lip Pencil Delineador de L\u00e1bios<\/strong><\/h3>\n\n\n\n<p>Oferece uma cor intensa e uma f\u00f3rmula cremosa que desliza suavemente, proporcionando um acabamento acetinado que real\u00e7a a forma natural dos l\u00e1bios.<\/p>\n\n\n\n<p>Com cobertura m\u00e9dia e cor duradoura, evita o ressecamento, garantindo conforto durante todo o dia. Dispon\u00edvel em quatro tons tend\u00eancia para outono-inverno: nude claro, cappuccino cremoso, rosa velho e castanho rosado. Cada delineador inclui um afiador para aplica\u00e7\u00e3o precisa.<\/p>\n\n\n    <a class='product' target='_blank' href='https:\/\/www.primor.eu\/pt_pt\/inglot-velvet-define-lip-pencil-delineador-de-labios-116248.html?#803=86546'>\r\n        <img decoding=\"async\" width=\"300\" height=\"300\" loading=\"async\" src=\"https:\/\/cdn2.primor.eu\/media\/catalog\/product\/cache\/8d3aba296f7a18b5251ee30fa5db42b2\/5\/9\/5901905033818_light_nude_67_1_5110.jpg\" alt=\"\" title=\"\">\r\n            <div class=\"claim\">\r\n                 COMPRAR AGORA            <\/div>\r\n        <\/a>\r\n    \n\n\n<h3 class=\"wp-block-heading\"><strong>Revolution Delineador de Labios Relove Lipliner<\/strong><\/h3>\n\n\n\n<p>Tudo o que precisas para criar os teus melhores looks de maquilhagem, com ingredientes de qualidade a um pre\u00e7o incr\u00edvel. Para um resultado perfeito, combina-o com o <strong>Relove Baby Gloss<\/strong>.<\/p>\n\n\n\n<ul class=\"wp-block-list\">\n<li><strong>Vegano e Cruelty Free<\/strong><strong><br><\/strong><\/li>\n\n\n\n<li>Dispon\u00edvel em 8 tons deslumbrantes:<br>\n<ul class=\"wp-block-list\">\n<li>Sweet \u2013 rosa escuro<br><\/li>\n\n\n\n<li>Sugar \u2013 castanho nude<br><\/li>\n\n\n\n<li>Wonder \u2013 castanho intenso<br><\/li>\n\n\n\n<li>Glam \u2013 rosa nude suave<br><\/li>\n\n\n\n<li>Babe \u2013 vermelho sensual<br><\/li>\n\n\n\n<li>Dream \u2013 nude claro<br><\/li>\n\n\n\n<li>Super \u2013 borgonha escuro<br><\/li>\n\n\n\n<li>Cream \u2013 nude rosado claro<br><\/li>\n<\/ul>\n<\/li>\n<\/ul>\n\n\n    <a class='product' target='_blank' href='https:\/\/www.primor.eu\/pt_pt\/revolution-relove-lipliner-lip-liner-108504.html?#803=55399'>\r\n        <img decoding=\"async\" width=\"300\" height=\"300\" loading=\"async\" src=\"https:\/\/cdn2.primor.eu\/media\/catalog\/product\/cache\/8d3aba296f7a18b5251ee30fa5db42b2\/0\/M\/0ML29595_1_9b38.jpg\" alt=\"\" title=\"\">\r\n            <div class=\"claim\">\r\n                 COMPRAR AGORA            <\/div>\r\n        <\/a>\r\n    \n\n\n<h3 class=\"wp-block-heading\"><strong>NYX Professional Make Up Perfilador de L\u00e1bios Mate Suede<\/strong><\/h3>\n\n\n\n<p>Com uma textura cremosa, \u00e9 o complemento perfeito para os teus batons, criando uma base ideal para uma aplica\u00e7\u00e3o uniforme e impec\u00e1vel. Foi desenhado para oferecer alta durabilidade, mantendo o teu look perfeito durante horas. Combina-se na perfei\u00e7\u00e3o com os batons da mesma gama para um acabamento harmonioso.<\/p>\n\n\n    <a class='product' target='_blank' href='https:\/\/www.primor.eu\/pt_pt\/nyx-professional-make-up-perfilador-de-labios-mate-suede-108256.html?#803=55983'>\r\n        <img decoding=\"async\" width=\"300\" height=\"300\" loading=\"async\" src=\"https:\/\/cdn2.primor.eu\/media\/catalog\/product\/cache\/8d3aba296f7a18b5251ee30fa5db42b2\/0\/M\/0ML24147_1_f8ed.jpg\" alt=\"\" title=\"\">\r\n            <div class=\"claim\">\r\n                 COMPRAR AGORA            <\/div>\r\n        <\/a>\r\n    \n\n\n<h3 class=\"wp-block-heading\"><strong>3ina The Automatic Lip Pencil L\u00e1pis de Contorno de L\u00e1bios<\/strong><\/h3>\n\n\n\n<p>Este delineador de l\u00e1bios tem ponta retr\u00e1til e uma textura macia e fundente, que permite um tra\u00e7o preciso e f\u00e1cil de aplicar. A f\u00f3rmula integra-se nos teus l\u00e1bios, oferecendo alta pigmenta\u00e7\u00e3o e um contorno definido e duradouro. Ajuda ainda a prolongar a dura\u00e7\u00e3o dos teus batons e a evitar que a cor desvane\u00e7a.<\/p>\n\n\n    <a class='product' target='_blank' href='https:\/\/www.primor.eu\/pt_pt\/3ina-the-automatic-lip-pencil-lapis-de-contorno-de-labios-108285.html?#803=83242'>\r\n        <img decoding=\"async\" width=\"300\" height=\"300\" loading=\"async\" src=\"https:\/\/cdn2.primor.eu\/media\/catalog\/product\/cache\/8d3aba296f7a18b5251ee30fa5db42b2\/8\/4\/8435446410595_1_f699.jpg\" alt=\"\" title=\"\">\r\n            <div class=\"claim\">\r\n                 COMPRAR AGORA            <\/div>\r\n        <\/a>\r\n    ","protected":false},"excerpt":{"rendered":"<p>Se procuras um delineador de l\u00e1bios para peles negras, \u00e9 importante saberes quais s\u00e3o as cores que mais favorecem este tipo de pele. Cada tom de pele combina melhor com determinadas cores de l\u00e1bios, para que o resultado final da maquilhagem fique harmonioso. Por isso, hoje na Primor vamos mostrar-te quais s\u00e3o os melhores tons [&hellip;]<\/p>\n","protected":false},"author":6,"featured_media":5089,"comment_status":"closed","ping_status":"closed","sticky":false,"template":"","format":"standard","meta":{"jnews-multi-image_gallery":[],"jnews_single_post":{"format":"standard"},"jnews_primary_category":[],"jnews_social_meta":[],"jnews_override_counter":[],"footnotes":""},"categories":[3],"tags":[],"class_list":["post-5088","post","type-post","status-publish","format-standard","has-post-thumbnail","hentry","category-maquilhagem"],"_links":{"self":[{"href":"https:\/\/www.primor.eu\/blog\/pt\/wp-json\/wp\/v2\/posts\/5088","targetHints":{"allow":["GET"]}}],"collection":[{"href":"https:\/\/www.primor.eu\/blog\/pt\/wp-json\/wp\/v2\/posts"}],"about":[{"href":"https:\/\/www.primor.eu\/blog\/pt\/wp-json\/wp\/v2\/types\/post"}],"author":[{"embeddable":true,"href":"https:\/\/www.primor.eu\/blog\/pt\/wp-json\/wp\/v2\/users\/6"}],"replies":[{"embeddable":true,"href":"https:\/\/www.primor.eu\/blog\/pt\/wp-json\/wp\/v2\/comments?post=5088"}],"version-history":[{"count":1,"href":"https:\/\/www.primor.eu\/blog\/pt\/wp-json\/wp\/v2\/posts\/5088\/revisions"}],"predecessor-version":[{"id":5090,"href":"https:\/\/www.primor.eu\/blog\/pt\/wp-json\/wp\/v2\/posts\/5088\/revisions\/5090"}],"wp:featuredmedia":[{"embeddable":true,"href":"https:\/\/www.primor.eu\/blog\/pt\/wp-json\/wp\/v2\/media\/5089"}],"wp:attachment":[{"href":"https:\/\/www.primor.eu\/blog\/pt\/wp-json\/wp\/v2\/media?parent=5088"}],"wp:term":[{"taxonomy":"category","embeddable":true,"href":"https:\/\/www.primor.eu\/blog\/pt\/wp-json\/wp\/v2\/categories?post=5088"},{"taxonomy":"post_tag","embeddable":true,"href":"https:\/\/www.primor.eu\/blog\/pt\/wp-json\/wp\/v2\/tags?post=5088"}],"curies":[{"name":"wp","href":"https:\/\/api.w.org\/{rel}","templated":true}]}}