
{"id":4975,"date":"2025-04-09T15:10:39","date_gmt":"2025-04-09T14:10:39","guid":{"rendered":"https:\/\/www.primor.eu\/blog\/pt\/?p=4975"},"modified":"2025-04-09T15:39:23","modified_gmt":"2025-04-09T14:39:23","slug":"ideias-para-surpreender-no-dia-da-mae-encontra-o-presente-perfeito","status":"publish","type":"post","link":"https:\/\/www.primor.eu\/blog\/pt\/ideias-para-surpreender-no-dia-da-mae-encontra-o-presente-perfeito\/","title":{"rendered":"Ideias para surpreender no Dia da M\u00e3e. Encontra o presente perfeito!"},"content":{"rendered":"\n<p>\u00danica, irrepet\u00edvel, maravilhosa, aut\u00eantica, especial. <strong>\u00c9 a mam\u00e3<\/strong>. A pessoa que nos viu crescer, que nos apoia em cada decis\u00e3o que tomamos, que discute connosco porque quer o melhor. Aquela que nos abra\u00e7a quando as coisas correm mal. E quando correm bem. Por isso, e porque sabemos que a tua m\u00e3e \u00e9 a melhor, precisas de grandes <a href=\"https:\/\/www.primor.eu\/pt_pt\/presentes-dia-da-mae\">ideias de presentes para o Dia da M\u00e3e<\/a> que lhe digam o quanto (mesmo muito!) a amas.<\/p>\n\n\n\n<h2 class=\"wp-block-heading\">Dia da M\u00e3e: quando e por que se celebra<\/h2>\n\n\n\n<p>O <strong>Dia da M\u00e3e<\/strong> \u00e9 uma festividade que homenageia a<strong> figura materna<\/strong>. Um dia para recordar o quanto amamos as nossas m\u00e3es e o qu\u00e3o fundamental \u00e9 o seu papel na nossa vida. Por isso, \u00e9 um dia para gritar ao mundo inteiro: \"Adoro-te, mam\u00e3!\"<\/p>\n\n\n\n<p>Nos Estados Unidos, a primeira sugest\u00e3o da cria\u00e7\u00e3o do Dia da M\u00e3e surgiu no<strong> s\u00e9culo XIX<\/strong>, quando a escritora <strong>Julia Ward Howe<\/strong> organizou em Boston um encontro de m\u00e3es <strong>dedicado \u00e0 paz<\/strong>. A partir daqui, a luta por homenagear as m\u00e3es foi liderada por Anna Jarvis, no in\u00edcio do s\u00e9culo XX, numa pequena cidade do Estado da Virg\u00ednia Ocidental. Anna iniciou um movimento para instituir um dia em que todas as crian\u00e7as pudessem homenagear as suas m\u00e3es. Essa luta ajudou-a a sair de uma profunda depress\u00e3o devido \u00e0 morte da sua m\u00e3e, e em pouco tempo a celebra\u00e7\u00e3o espalhou-se por todo o pa\u00eds, levando o <strong>Presidente Wilson <\/strong>a oficializar o Dia da M\u00e3e como <strong>feriado nacional<\/strong>.<\/p>\n\n\n\n<p>Com o tempo, muitos outros pa\u00edses em diferentes partes do mundo aderiram \u00e0 celebra\u00e7\u00e3o. A popularidade da festa fez com que a data se tornasse um dia lucrativo para os comerciantes, principalmente para os que vendiam <strong>cravos brancos<\/strong>, a flor que simboliza a maternidade.<\/p>\n\n\n\n<p>Na maioria da Europa, as m\u00e3es s\u00e3o homenageadas no<strong> primeiro domingo de maio<\/strong>, embora noutros casos a data coincida com o Dia da Mulher Trabalhadora.<\/p>\n\n\n\n<h2 class=\"wp-block-heading\">O que oferecer \u00e0 mam\u00e3: ideias de presente para o Dia da M\u00e3e<\/h2>\n\n\n\n<p>Na <strong>Primor <\/strong>sabemos que encontrar o <strong>presente perfeito<\/strong> para as nossas m\u00e3es pode ser uma tarefa dif\u00edcil. Ali\u00e1s, saber o que oferecer \u00e0 mam\u00e3 pode ser uma das maiores dores de cabe\u00e7a, mas lembra-te que n\u00e3o precisas de gastar muito dinheiro, apenas dedicar-lhe tempo e pensar naquilo que a possa deixar feliz. Mas se este ano te sentes generoso\/a, tamb\u00e9m temos os melhores presentes luxuosos para a mam\u00e3.<\/p>\n\n\n\n<p>Se procuras as melhores <strong>ideias de presentes originais para oferecer no Dia da M\u00e3e<\/strong>, tem em conta a personalidade da tua m\u00e3e. Por exemplo:<\/p>\n\n\n\n<ul class=\"wp-block-list\">\n<li><strong>N\u00e3o sabes o que oferecer? <\/strong>N\u00e3o te preocupes, diz-nos como \u00e9 a tua m\u00e3e, e n\u00f3s dizemos-te o que ela precisa. Mas lembra-te que os <strong>pequenos detalhes<\/strong> \u00e9 que fazem a diferen\u00e7a. <\/li>\n\n\n\n<li>\u00c9 daquelas que adora<strong> experi\u00eancias completas<\/strong>? Oferece-lhe os melhores<a href=\"https:\/\/www.primor.eu\/pt_pt\/coffrets-cosmetica-de-luxo\"> coffrets presente<\/a>. <\/li>\n\n\n\n<li>Procura a <strong>juventude eterna<\/strong>? Pode consegui-la com estes produtos de <a href=\"https:\/\/www.primor.eu\/pt_pt\/korea-republic\">skincare <\/a>ou com alguns dos melhores produtos de <a href=\"https:\/\/www.primor.eu\/pt_pt\/cosmeticos-de-luxo\">cosm\u00e9tica <\/a>para a mam\u00e3. <\/li>\n\n\n\n<li><strong>Tem um cabel\u00e3o?<\/strong> Ajuda-a a mant\u00ea-lo com os melhores <a href=\"https:\/\/www.primor.eu\/pt_pt\/coffret-de-produtos-capilares-76028\">coffrets de cuidado capilar<\/a> ou com os produtos virais para cabelo, al\u00e9m dos produtos de cabeleireiro que fazem sucesso por onde passam. <\/li>\n\n\n\n<li>\u00c9 apaixonada por <strong>maquilhagem<\/strong>? Oferece-lhe <a href=\"https:\/\/www.primor.eu\/pt_pt\/coffrets-maquilhagem-de-luxo\">coffrets de maquilhagem<\/a> ou alguns dos produtos mais virais. <\/li>\n\n\n\n<li><strong>Adora cuidar-se<\/strong>? Aposta nos nossos produtos <a href=\"https:\/\/www.primor.eu\/pt_pt\/tratamentos-corporais\">corporais <\/a>que ela vai adorar. <\/li>\n\n\n\n<li>Precisa de <strong>relaxar<\/strong>? Ajuda-a a criar um <a href=\"https:\/\/www.primor.eu\/pt_pt\/ambientadores-e-velas-casa\">spa<\/a> em casa. <\/li>\n\n\n\n<li>A tua m\u00e3e \u00e9 <strong>ecogreen<\/strong>? Respeita os seus valores com os melhores <a href=\"https:\/\/www.primor.eu\/pt_pt\/cosmetica-natural-e-organica\">presentes ecol\u00f3gicos<\/a> para a mam\u00e3.<\/li>\n<\/ul>\n\n\n\n<h2 class=\"wp-block-heading\">Perfumes para oferecer \u00e0 mam\u00e3<\/h2>\n\n\n        <product-table class=\"pr-slider\">\r\n            <product-headers class=\"grid-table-rows\">\r\n                <div>Foto<\/div>\r\n                <div>Produto<\/div>\r\n                <div>Marca<\/div>\r\n                <div>Avalia\u00e7\u00f5es<\/div>\r\n                <div>Pre\u00e7o<\/div>\r\n            <\/product-headers>\r\n\r\n            <product-list>\r\n                                    <a href=\"https:\/\/www.primor.eu\/pt_pt\/armani-giorgio-armani-coffret-my-way-para-mulher-112690.html?#863=77394\" class=\"product-item grid-table-rows\" target=\"_blank\">\r\n                        <div>\r\n                            <img decoding=\"async\" class=\"product-img\" width=\"80px\" height=\"80px\" src=\"https:\/\/cdn2.primor.eu\/media\/catalog\/product\/cache\/8d3aba296f7a18b5251ee30fa5db42b2\/3\/6\/3614274186093_1f21.jpg\" alt=\"\" title=\"\">\r\n                        <\/div>\r\n\r\n                        <!-- Contenido de producto  -->\r\n                        <div>\r\n                            <div class=\"product-position\">\r\n                                #1 Mais Vendidos                            <\/div>\r\n\r\n                            <h2>\r\n                                Coffret My Way Eau de Parfum                            <\/h2>\r\n                        <\/div>\r\n\r\n                        <!-- Imagen y\/o nombre de la marca -->\r\n                        <div>\r\n                                                            <img decoding=\"async\" width=\"70\" src=\"https:\/\/www.primor.eu\/media\/catalog\/category\/giorgio-armani.png\" alt=\"\" title=\"\">\r\n                                                    <\/div>\r\n\r\n                        <!-- Puntuaci\u00f3n del producto  -->\r\n                        <div class=\"rating\">\r\n                                                            <div class=\"rate\" style=\"--p:98;\"><\/div>\r\n                                <b>4.9\/5<\/b>\r\n                                <div class=\"rate-stars\">\r\n                                                                            <div\r\n                                            class=\"rate-star  \">\r\n                                        <\/div>\r\n                                                                            <div\r\n                                            class=\"rate-star  \">\r\n                                        <\/div>\r\n                                                                            <div\r\n                                            class=\"rate-star  \">\r\n                                        <\/div>\r\n                                                                            <div\r\n                                            class=\"rate-star  \">\r\n                                        <\/div>\r\n                                                                            <div\r\n                                            class=\"rate-star  \">\r\n                                        <\/div>\r\n                                                                    <\/div>\r\n                                                    <\/div>\r\n\r\n                        <!-- Bot\u00f3n de producto  -->\r\n                        <div>\r\n                            <span class=\"price-claim\">\r\n                                VER PRE\u00c7O                            <\/span>\r\n                        <\/div>\r\n                    <\/a>\r\n                                    <a href=\"https:\/\/www.primor.eu\/pt_pt\/shiseido-shiseido-coffret-ginza-para-mulher-112676.html?#863=79713\" class=\"product-item grid-table-rows\" target=\"_blank\">\r\n                        <div>\r\n                            <img decoding=\"async\" class=\"product-img\" width=\"80px\" height=\"80px\" src=\"https:\/\/cdn2.primor.eu\/media\/catalog\/product\/cache\/8d3aba296f7a18b5251ee30fa5db42b2\/1\/_\/1_219a.JPG\" alt=\"\" title=\"\">\r\n                        <\/div>\r\n\r\n                        <!-- Contenido de producto  -->\r\n                        <div>\r\n                            <div class=\"product-position\">\r\n                                #2                            <\/div>\r\n\r\n                            <h2>\r\n                                Coffret Ginza Eau de Parfum                            <\/h2>\r\n                        <\/div>\r\n\r\n                        <!-- Imagen y\/o nombre de la marca -->\r\n                        <div>\r\n                                                            <img decoding=\"async\" width=\"70\" src=\"https:\/\/www.primor.eu\/media\/catalog\/category\/shiseido.png\" alt=\"\" title=\"\">\r\n                                                    <\/div>\r\n\r\n                        <!-- Puntuaci\u00f3n del producto  -->\r\n                        <div class=\"rating\">\r\n                                                            <div class=\"rate\" style=\"--p:100;\"><\/div>\r\n                                <b>5\/5<\/b>\r\n                                <div class=\"rate-stars\">\r\n                                                                            <div\r\n                                            class=\"rate-star  \">\r\n                                        <\/div>\r\n                                                                            <div\r\n                                            class=\"rate-star  \">\r\n                                        <\/div>\r\n                                                                            <div\r\n                                            class=\"rate-star  \">\r\n                                        <\/div>\r\n                                                                            <div\r\n                                            class=\"rate-star  \">\r\n                                        <\/div>\r\n                                                                            <div\r\n                                            class=\"rate-star  \">\r\n                                        <\/div>\r\n                                                                    <\/div>\r\n                                                    <\/div>\r\n\r\n                        <!-- Bot\u00f3n de producto  -->\r\n                        <div>\r\n                            <span class=\"price-claim\">\r\n                                VER PRE\u00c7O                            <\/span>\r\n                        <\/div>\r\n                    <\/a>\r\n                                    <a href=\"https:\/\/www.primor.eu\/pt_pt\/yves-saint-laurent-coffret-libre-eau-de-parfum-112736.html?#863=67633\" class=\"product-item grid-table-rows\" target=\"_blank\">\r\n                        <div>\r\n                            <img decoding=\"async\" class=\"product-img\" width=\"80px\" height=\"80px\" src=\"https:\/\/cdn2.primor.eu\/media\/catalog\/product\/cache\/8d3aba296f7a18b5251ee30fa5db42b2\/3\/6\/3614274285086_1_f60c.jpg\" alt=\"\" title=\"\">\r\n                        <\/div>\r\n\r\n                        <!-- Contenido de producto  -->\r\n                        <div>\r\n                            <div class=\"product-position\">\r\n                                #3                            <\/div>\r\n\r\n                            <h2>\r\n                                Coffret Libre Eau de Parfum                            <\/h2>\r\n                        <\/div>\r\n\r\n                        <!-- Imagen y\/o nombre de la marca -->\r\n                        <div>\r\n                                                            <img decoding=\"async\" width=\"70\" src=\"https:\/\/www.primor.eu\/media\/catalog\/category\/yves.png\" alt=\"\" title=\"\">\r\n                                                    <\/div>\r\n\r\n                        <!-- Puntuaci\u00f3n del producto  -->\r\n                        <div class=\"rating\">\r\n                                                            <div class=\"rate\" style=\"--p:100;\"><\/div>\r\n                                <b>5\/5<\/b>\r\n                                <div class=\"rate-stars\">\r\n                                                                            <div\r\n                                            class=\"rate-star  \">\r\n                                        <\/div>\r\n                                                                            <div\r\n                                            class=\"rate-star  \">\r\n                                        <\/div>\r\n                                                                            <div\r\n                                            class=\"rate-star  \">\r\n                                        <\/div>\r\n                                                                            <div\r\n                                            class=\"rate-star  \">\r\n                                        <\/div>\r\n                                                                            <div\r\n                                            class=\"rate-star  \">\r\n                                        <\/div>\r\n                                                                    <\/div>\r\n                                                    <\/div>\r\n\r\n                        <!-- Bot\u00f3n de producto  -->\r\n                        <div>\r\n                            <span class=\"price-claim\">\r\n                                VER PRE\u00c7O                            <\/span>\r\n                        <\/div>\r\n                    <\/a>\r\n                            <\/product-list>\r\n        <\/product-table>\r\n\r\n        \n\n\n<h3 class=\"wp-block-heading\">Armani Coffret My Way Eau de Parfum<\/h3>\n\n\n\n<p>Este Dia da M\u00e3e, a Armani convida-te a abra\u00e7ar a alegria de oferecer e mostrar o teu amor pela m\u00e3e com este exclusivo coffret presente. Para homenagear os abra\u00e7os gentis da nossa m\u00e3e, que nos elevam e enchem de mem\u00f3rias. \u00c9 o seu encanto \u00fanico, a sua pele, o seu aroma que nos recorda todos os momentos extraordin\u00e1rios que vivemos ao seu lado. O presente perfeito!<\/p>\n\n\n    <a class='product' target='_blank' href='https:\/\/www.primor.eu\/pt_pt\/armani-giorgio-armani-coffret-my-way-para-mulher-112690.html?#863=77394'>\r\n        <img fetchpriority=\"high\" decoding=\"async\" width=\"300\" height=\"300\" loading=\"async\" src=\"https:\/\/cdn2.primor.eu\/media\/catalog\/product\/cache\/8d3aba296f7a18b5251ee30fa5db42b2\/3\/6\/3614274186093_1f21.jpg\" alt=\"\" title=\"\">\r\n            <div class=\"claim\">\r\n                 COMPRAR AGORA            <\/div>\r\n        <\/a>\r\n    \n\n\n<h3 class=\"wp-block-heading\">Shiseido Coffret Ginza Eau de Parfum<\/h3>\n\n\n\n<p>Ginza EDP da Shiseido \u00e9 um perfume que presta homenagem \u00e0 beleza, feminilidade e eleg\u00e2ncia natural da mulher. O eau de parfum Shiseido Ginza \u00e9 uma fragr\u00e2ncia floral para a mulher do S\u00e9culo XXI. Surpreende a tua m\u00e3e neste Dia da M\u00e3e com este estojo exclusivo. Vai adorar!<\/p>\n\n\n    <a class='product' target='_blank' href='https:\/\/www.primor.eu\/pt_pt\/shiseido-shiseido-coffret-ginza-para-mulher-112676.html?#863=79713'>\r\n        <img decoding=\"async\" width=\"300\" height=\"300\" loading=\"async\" src=\"https:\/\/cdn2.primor.eu\/media\/catalog\/product\/cache\/8d3aba296f7a18b5251ee30fa5db42b2\/1\/_\/1_219a.JPG\" alt=\"\" title=\"\">\r\n            <div class=\"claim\">\r\n                 COMPRAR AGORA            <\/div>\r\n        <\/a>\r\n    \n\n\n<h3 class=\"wp-block-heading\">Yves Saint Laurent Coffret Libre Eau de Parfum&nbsp;<\/h3>\n\n\n\n<p>H\u00e1 la\u00e7os que s\u00e3o inesquec\u00edveis, v\u00ednculos que n\u00e3o conhecem limites. Devolve todo esse amor incondicional e desinteressado com este coffret \u00fanico da Yves Saint Laurent, criado em colabora\u00e7\u00e3o com o artista Moritz Berg para o Dia da M\u00e3e.<\/p>\n\n\n    <a class='product' target='_blank' href='https:\/\/www.primor.eu\/pt_pt\/yves-saint-laurent-coffret-libre-eau-de-parfum-112736.html?#863=67633'>\r\n        <img decoding=\"async\" width=\"300\" height=\"300\" loading=\"async\" src=\"https:\/\/cdn2.primor.eu\/media\/catalog\/product\/cache\/8d3aba296f7a18b5251ee30fa5db42b2\/3\/6\/3614274285086_1_f60c.jpg\" alt=\"\" title=\"\">\r\n            <div class=\"claim\">\r\n                 COMPRAR AGORA            <\/div>\r\n        <\/a>\r\n    \n\n\n<h3 class=\"wp-block-heading\">Rochas Coffret Eau de Rochas Eau de Toilette<\/h3>\n\n\n\n<p>Eau de Rochas \u00e9 o s\u00edmbolo da alegria de viver e do bem-estar, uma homenagem \u00e0 frescura e \u00e0 natureza. Um perfume vanguardista no universo das \u00e1guas frescas, criado sobre um acorde de c\u00edtricos e flores. Ideal para oferecer!<\/p>\n\n\n    <a class='product' target='_blank' href='https:\/\/www.primor.eu\/pt_pt\/rochas-coffret-eau-de-toilette-para-mulher-112703.html?#863=67777'>\r\n        <img decoding=\"async\" width=\"300\" height=\"300\" loading=\"async\" src=\"https:\/\/cdn2.primor.eu\/media\/catalog\/product\/cache\/8d3aba296f7a18b5251ee30fa5db42b2\/3\/3\/3386460140553_9b56.jpg\" alt=\"\" title=\"\">\r\n            <div class=\"claim\">\r\n                 COMPRAR AGORA            <\/div>\r\n        <\/a>\r\n    \n\n\n<h3 class=\"wp-block-heading\">Prada Coffret Paradoxe Eau de Parfum<\/h3>\n\n\n\n<p>Celebra o Dia da M\u00e3e com os nossos coffrets de fragr\u00e2ncias, onde flores proibidas crescem em abund\u00e2ncia. Este ano, presta homenagem \u00e0 energia vibrante que ela irradia com um estojo de fragr\u00e2ncias Prada, que inclui Paradoxe Eau de Parfum, nos fomatos 90ml e 10ml (formato viagem) e uma lo\u00e7\u00e3o corporal.<\/p>\n\n\n    <a class='product' target='_blank' href='https:\/\/www.primor.eu\/pt_pt\/prada-paradoxe-edp-bau-112697.html?#863=79713'>\r\n        <img decoding=\"async\" width=\"300\" height=\"300\" loading=\"async\" src=\"https:\/\/cdn2.primor.eu\/media\/catalog\/product\/cache\/8d3aba296f7a18b5251ee30fa5db42b2\/3\/6\/3614274341171_1_2de6.jpg\" alt=\"\" title=\"\">\r\n            <div class=\"claim\">\r\n                 COMPRAR AGORA            <\/div>\r\n        <\/a>\r\n    \n\n\n<h3 class=\"wp-block-heading\">Mugler Coffret Angel Eau de Parfum<\/h3>\n\n\n\n<p>Surpreende a tua m\u00e3e neste Dia da M\u00e3e com um espet\u00e1culo estelar psicad\u00e9lico com este coffret da Mugler com um ousado estampado de estrelas. Sem d\u00favida, o presente perfeito!<\/p>\n\n\n    <a class='product' target='_blank' href='https:\/\/www.primor.eu\/pt_pt\/mugler-coffret-angel-eau-de-parfum-112741.html?#863=77393'>\r\n        <img decoding=\"async\" width=\"300\" height=\"300\" loading=\"async\" src=\"https:\/\/cdn2.primor.eu\/media\/catalog\/product\/cache\/8d3aba296f7a18b5251ee30fa5db42b2\/3\/6\/3614274164848_1_adc4.jpg\" alt=\"\" title=\"\">\r\n            <div class=\"claim\">\r\n                 COMPRAR AGORA            <\/div>\r\n        <\/a>\r\n    \n\n\n<h2 class=\"wp-block-heading\">Coffrets para a mam\u00e3: cosm\u00e9tica, maquilhagem e cabeleireiro<\/h2>\n\n\n        <product-table class=\"pr-slider\">\r\n            <product-headers class=\"grid-table-rows\">\r\n                <div>Foto<\/div>\r\n                <div>Produto<\/div>\r\n                <div>Marca<\/div>\r\n                <div>Avalia\u00e7\u00f5es<\/div>\r\n                <div>Pre\u00e7o<\/div>\r\n            <\/product-headers>\r\n\r\n            <product-list>\r\n                                    <a href=\"https:\/\/www.primor.eu\/pt_pt\/lancome-coffret-renergie-h-c-f-triple-serum-cuidado-dos-olhos-116022.html?#863=68636\" class=\"product-item grid-table-rows\" target=\"_blank\">\r\n                        <div>\r\n                            <img decoding=\"async\" class=\"product-img\" width=\"80px\" height=\"80px\" src=\"https:\/\/cdn2.primor.eu\/media\/catalog\/product\/cache\/8d3aba296f7a18b5251ee30fa5db42b2\/3\/6\/3614274338942_1_f506.jpg\" alt=\"\" title=\"\">\r\n                        <\/div>\r\n\r\n                        <!-- Contenido de producto  -->\r\n                        <div>\r\n                            <div class=\"product-position\">\r\n                                #1 Mais Vendidos                            <\/div>\r\n\r\n                            <h2>\r\n                                Coffret R\u00e9nergie H.C.F. Triple Serum Cuidado dos Olhos                            <\/h2>\r\n                        <\/div>\r\n\r\n                        <!-- Imagen y\/o nombre de la marca -->\r\n                        <div>\r\n                                                            <img decoding=\"async\" width=\"70\" src=\"https:\/\/www.primor.eu\/media\/catalog\/category\/lancome.png\" alt=\"\" title=\"\">\r\n                                                    <\/div>\r\n\r\n                        <!-- Puntuaci\u00f3n del producto  -->\r\n                        <div class=\"rating\">\r\n                                                            <div class=\"rate\" style=\"--p:100;\"><\/div>\r\n                                <b>5\/5<\/b>\r\n                                <div class=\"rate-stars\">\r\n                                                                            <div\r\n                                            class=\"rate-star  \">\r\n                                        <\/div>\r\n                                                                            <div\r\n                                            class=\"rate-star  \">\r\n                                        <\/div>\r\n                                                                            <div\r\n                                            class=\"rate-star  \">\r\n                                        <\/div>\r\n                                                                            <div\r\n                                            class=\"rate-star  \">\r\n                                        <\/div>\r\n                                                                            <div\r\n                                            class=\"rate-star  \">\r\n                                        <\/div>\r\n                                                                    <\/div>\r\n                                                    <\/div>\r\n\r\n                        <!-- Bot\u00f3n de producto  -->\r\n                        <div>\r\n                            <span class=\"price-claim\">\r\n                                VER PRE\u00c7O                            <\/span>\r\n                        <\/div>\r\n                    <\/a>\r\n                                    <a href=\"https:\/\/www.primor.eu\/pt_pt\/le-mini-macaron-rouge-moi-kit-de-manicura-semipermanente-76708.html\" class=\"product-item grid-table-rows\" target=\"_blank\">\r\n                        <div>\r\n                            <img decoding=\"async\" class=\"product-img\" width=\"80px\" height=\"80px\" src=\"https:\/\/cdn2.primor.eu\/media\/catalog\/product\/cache\/8d3aba296f7a18b5251ee30fa5db42b2\/r\/o\/rouge_moi_kit_de_manicura_semipermanente_21bb.jpg\" alt=\"\" title=\"\">\r\n                        <\/div>\r\n\r\n                        <!-- Contenido de producto  -->\r\n                        <div>\r\n                            <div class=\"product-position\">\r\n                                #2                            <\/div>\r\n\r\n                            <h2>\r\n                                Rouge - Moi Kit de Manicura Semipermanente                            <\/h2>\r\n                        <\/div>\r\n\r\n                        <!-- Imagen y\/o nombre de la marca -->\r\n                        <div>\r\n                                                            <p class=\"brand-name\"><b><\/b><\/p>\r\n                                                    <\/div>\r\n\r\n                        <!-- Puntuaci\u00f3n del producto  -->\r\n                        <div class=\"rating\">\r\n                                                            <div class=\"rate\" style=\"--p:100;\"><\/div>\r\n                                <b>5\/5<\/b>\r\n                                <div class=\"rate-stars\">\r\n                                                                            <div\r\n                                            class=\"rate-star  \">\r\n                                        <\/div>\r\n                                                                            <div\r\n                                            class=\"rate-star  \">\r\n                                        <\/div>\r\n                                                                            <div\r\n                                            class=\"rate-star  \">\r\n                                        <\/div>\r\n                                                                            <div\r\n                                            class=\"rate-star  \">\r\n                                        <\/div>\r\n                                                                            <div\r\n                                            class=\"rate-star  \">\r\n                                        <\/div>\r\n                                                                    <\/div>\r\n                                                    <\/div>\r\n\r\n                        <!-- Bot\u00f3n de producto  -->\r\n                        <div>\r\n                            <span class=\"price-claim\">\r\n                                VER PRE\u00c7O                            <\/span>\r\n                        <\/div>\r\n                    <\/a>\r\n                                    <a href=\"https:\/\/www.primor.eu\/pt_pt\/clarins-coffret-eau-extraordinaire-115606.html\" class=\"product-item grid-table-rows\" target=\"_blank\">\r\n                        <div>\r\n                            <img decoding=\"async\" class=\"product-img\" width=\"80px\" height=\"80px\" src=\"https:\/\/cdn2.primor.eu\/media\/catalog\/product\/cache\/8d3aba296f7a18b5251ee30fa5db42b2\/3\/6\/3666057297557_8f94.jpg\" alt=\"\" title=\"\">\r\n                        <\/div>\r\n\r\n                        <!-- Contenido de producto  -->\r\n                        <div>\r\n                            <div class=\"product-position\">\r\n                                #3                            <\/div>\r\n\r\n                            <h2>\r\n                                Coffret Eau Extraordinaire                            <\/h2>\r\n                        <\/div>\r\n\r\n                        <!-- Imagen y\/o nombre de la marca -->\r\n                        <div>\r\n                                                            <img decoding=\"async\" width=\"70\" src=\"https:\/\/www.primor.eu\/media\/catalog\/category\/clarins.png\" alt=\"\" title=\"\">\r\n                                                    <\/div>\r\n\r\n                        <!-- Puntuaci\u00f3n del producto  -->\r\n                        <div class=\"rating\">\r\n                                                            <div class=\"rate\" style=\"--p:100;\"><\/div>\r\n                                <b>5\/5<\/b>\r\n                                <div class=\"rate-stars\">\r\n                                                                            <div\r\n                                            class=\"rate-star  \">\r\n                                        <\/div>\r\n                                                                            <div\r\n                                            class=\"rate-star  \">\r\n                                        <\/div>\r\n                                                                            <div\r\n                                            class=\"rate-star  \">\r\n                                        <\/div>\r\n                                                                            <div\r\n                                            class=\"rate-star  \">\r\n                                        <\/div>\r\n                                                                            <div\r\n                                            class=\"rate-star  \">\r\n                                        <\/div>\r\n                                                                    <\/div>\r\n                                                    <\/div>\r\n\r\n                        <!-- Bot\u00f3n de producto  -->\r\n                        <div>\r\n                            <span class=\"price-claim\">\r\n                                VER PRE\u00c7O                            <\/span>\r\n                        <\/div>\r\n                    <\/a>\r\n                            <\/product-list>\r\n        <\/product-table>\r\n\r\n        \n\n\n<h3 class=\"wp-block-heading\">Lanc\u00f4me Coffret R\u00e9nergie H.C.F. Triple Serum Cuidado dos Olhos<\/h3>\n\n\n\n<p>A Lanc\u00f4me celebra as m\u00e3es extraordin\u00e1rias com este coffret de cuidado da com os olhos R\u00e9nergie em edi\u00e7\u00e3o limitada. O set inclui R\u00e9nergie Triple S\u00e9rum 50 ml, Creme R\u00e9nergie H.P.N. 300 Pept\u00eddeos 15 ml e Creme Contorno de Olhos R\u00e9nergie 5 ml.<\/p>\n\n\n    <a class='product' target='_blank' href='https:\/\/www.primor.eu\/pt_pt\/lancome-coffret-renergie-h-c-f-triple-serum-cuidado-dos-olhos-116022.html?#863=68636'>\r\n        <img decoding=\"async\" width=\"300\" height=\"300\" loading=\"async\" src=\"https:\/\/cdn2.primor.eu\/media\/catalog\/product\/cache\/8d3aba296f7a18b5251ee30fa5db42b2\/3\/6\/3614274338942_1_f506.jpg\" alt=\"\" title=\"\">\r\n            <div class=\"claim\">\r\n                 COMPRAR AGORA            <\/div>\r\n        <\/a>\r\n    \n\n\n<h3 class=\"wp-block-heading\">Le Mini Macaron Rouge &amp; Moi Kit de Manicure Semipermanente&nbsp;<\/h3>\n\n\n\n<p>A caixa da Le Mini Macaron apresenta uma rom\u00e2ntica hist\u00f3ria de amor com rosas vermelhas! Um set de manicura que inclui tudo o que a tua m\u00e3e precisa para criar a sua pr\u00f3pria manicura semipermanente, bonita e brilhante. Se a tua m\u00e3e \u00e9 f\u00e3 de maquilhagem, com este estojo vais acertar em cheio.<\/p>\n\n\n    <a class='product' target='_blank' href='https:\/\/www.primor.eu\/pt_pt\/le-mini-macaron-rouge-moi-kit-de-manicura-semipermanente-76708.html'>\r\n        <img decoding=\"async\" width=\"300\" height=\"300\" loading=\"async\" src=\"https:\/\/cdn2.primor.eu\/media\/catalog\/product\/cache\/8d3aba296f7a18b5251ee30fa5db42b2\/r\/o\/rouge_moi_kit_de_manicura_semipermanente_21bb.jpg\" alt=\"\" title=\"\">\r\n            <div class=\"claim\">\r\n                 COMPRAR AGORA            <\/div>\r\n        <\/a>\r\n    \n\n\n<h3 class=\"wp-block-heading\">Clarins Coffret Eau Extraordinaire<\/h3>\n\n\n\n<p>Este coffret re\u00fane a Eau Extraordinaire, a mais recente \u00e1gua de tratamento da Clarins, e dois cuidados corporais com o aroma revitalizante de Eau Extraordinaire: um creme corporal hidratante com manteiga de karit\u00e9 bio e um creme de banho enriquecido com \u00f3leo de am\u00eandoas doces bio.<\/p>\n\n\n    <a class='product' target='_blank' href='https:\/\/www.primor.eu\/pt_pt\/clarins-coffret-eau-extraordinaire-115606.html'>\r\n        <img decoding=\"async\" width=\"300\" height=\"300\" loading=\"async\" src=\"https:\/\/cdn2.primor.eu\/media\/catalog\/product\/cache\/8d3aba296f7a18b5251ee30fa5db42b2\/3\/6\/3666057297557_8f94.jpg\" alt=\"\" title=\"\">\r\n            <div class=\"claim\">\r\n                 COMPRAR AGORA            <\/div>\r\n        <\/a>\r\n    \n\n\n<h3 class=\"wp-block-heading\">Est\u00e9e Lauder Coffret Resilience Lifting and Firming Cream&nbsp;<\/h3>\n\n\n\n<p>Ofere\u00e7a o presente da Resili\u00eancia e estar\u00e1 no caminho certo com este estojo de cuidados de pele de edi\u00e7\u00e3o limitada <strong>da Est\u00e9e Lauder<\/strong>. Para uma pele jovem, luminosa e firme, aplique de dia e de noite. A op\u00e7\u00e3o perfeita para revitalizar a rotina de cuidados e exibir um aspeto mais jovem e radiante.<\/p>\n\n\n    <a class='product' target='_blank' href='https:\/\/www.primor.eu\/pt_pt\/estee-lauder-coffret-resilience-lifting-and-firming-cream-116422.html?#863=68638'>\r\n        <img decoding=\"async\" width=\"300\" height=\"300\" loading=\"async\" src=\"https:\/\/cdn2.primor.eu\/media\/catalog\/product\/cache\/8d3aba296f7a18b5251ee30fa5db42b2\/8\/8\/887167735194_1_0627.jpg\" alt=\"\" title=\"\">\r\n            <div class=\"claim\">\r\n                 COMPRAR AGORA            <\/div>\r\n        <\/a>\r\n    \n\n\n<h2 class=\"wp-block-heading\">Produtos de cabeleireiro para a mam\u00e3<\/h2>\n\n\n        <product-table class=\"pr-slider\">\r\n            <product-headers class=\"grid-table-rows\">\r\n                <div>Foto<\/div>\r\n                <div>Produto<\/div>\r\n                <div>Marca<\/div>\r\n                <div>Avalia\u00e7\u00f5es<\/div>\r\n                <div>Pre\u00e7o<\/div>\r\n            <\/product-headers>\r\n\r\n            <product-list>\r\n                                    <a href=\"https:\/\/www.primor.eu\/pt_pt\/kerastase-specifique-cure-anti-chute-ampolas-antiqueda-9489.html\" class=\"product-item grid-table-rows\" target=\"_blank\">\r\n                        <div>\r\n                            <img decoding=\"async\" class=\"product-img\" width=\"80px\" height=\"80px\" src=\"https:\/\/cdn2.primor.eu\/media\/catalog\/product\/cache\/8d3aba296f7a18b5251ee30fa5db42b2\/2\/C\/2CN00122_1_be3a.jpg\" alt=\"\" title=\"\">\r\n                        <\/div>\r\n\r\n                        <!-- Contenido de producto  -->\r\n                        <div>\r\n                            <div class=\"product-position\">\r\n                                #1 Mais Vendidos                            <\/div>\r\n\r\n                            <h2>\r\n                                Sp\u00e9cifique Cure Anti-Chute - Ampolas Antiqueda                            <\/h2>\r\n                        <\/div>\r\n\r\n                        <!-- Imagen y\/o nombre de la marca -->\r\n                        <div>\r\n                                                            <img decoding=\"async\" width=\"70\" src=\"https:\/\/www.primor.eu\/media\/catalog\/category\/k_rastane.jpg\" alt=\"\" title=\"\">\r\n                                                    <\/div>\r\n\r\n                        <!-- Puntuaci\u00f3n del producto  -->\r\n                        <div class=\"rating\">\r\n                                                            <div class=\"rate\" style=\"--p:94;\"><\/div>\r\n                                <b>4.7\/5<\/b>\r\n                                <div class=\"rate-stars\">\r\n                                                                            <div\r\n                                            class=\"rate-star  \">\r\n                                        <\/div>\r\n                                                                            <div\r\n                                            class=\"rate-star  \">\r\n                                        <\/div>\r\n                                                                            <div\r\n                                            class=\"rate-star  \">\r\n                                        <\/div>\r\n                                                                            <div\r\n                                            class=\"rate-star  \">\r\n                                        <\/div>\r\n                                                                            <div\r\n                                            class=\"rate-star  \">\r\n                                        <\/div>\r\n                                                                    <\/div>\r\n                                                    <\/div>\r\n\r\n                        <!-- Bot\u00f3n de producto  -->\r\n                        <div>\r\n                            <span class=\"price-claim\">\r\n                                VER PRE\u00c7O                            <\/span>\r\n                        <\/div>\r\n                    <\/a>\r\n                                    <a href=\"https:\/\/www.primor.eu\/pt_pt\/bellissima-b-travel-secador-de-cabelo-de-viagem-saco-de-toilette-84001.html\" class=\"product-item grid-table-rows\" target=\"_blank\">\r\n                        <div>\r\n                            <img decoding=\"async\" class=\"product-img\" width=\"80px\" height=\"80px\" src=\"https:\/\/cdn2.primor.eu\/media\/catalog\/product\/cache\/8d3aba296f7a18b5251ee30fa5db42b2\/b\/e\/bellisima__f8dc.jpg\" alt=\"\" title=\"\">\r\n                        <\/div>\r\n\r\n                        <!-- Contenido de producto  -->\r\n                        <div>\r\n                            <div class=\"product-position\">\r\n                                #2                            <\/div>\r\n\r\n                            <h2>\r\n                                B-Travel Secador de Cabelo de Viagem + N\u00e9cessaire                            <\/h2>\r\n                        <\/div>\r\n\r\n                        <!-- Imagen y\/o nombre de la marca -->\r\n                        <div>\r\n                                                            <p class=\"brand-name\"><b><\/b><\/p>\r\n                                                    <\/div>\r\n\r\n                        <!-- Puntuaci\u00f3n del producto  -->\r\n                        <div class=\"rating\">\r\n                                                            <div class=\"rate\" style=\"--p:100;\"><\/div>\r\n                                <b>5\/5<\/b>\r\n                                <div class=\"rate-stars\">\r\n                                                                            <div\r\n                                            class=\"rate-star  \">\r\n                                        <\/div>\r\n                                                                            <div\r\n                                            class=\"rate-star  \">\r\n                                        <\/div>\r\n                                                                            <div\r\n                                            class=\"rate-star  \">\r\n                                        <\/div>\r\n                                                                            <div\r\n                                            class=\"rate-star  \">\r\n                                        <\/div>\r\n                                                                            <div\r\n                                            class=\"rate-star  \">\r\n                                        <\/div>\r\n                                                                    <\/div>\r\n                                                    <\/div>\r\n\r\n                        <!-- Bot\u00f3n de producto  -->\r\n                        <div>\r\n                            <span class=\"price-claim\">\r\n                                VER PRE\u00c7O                            <\/span>\r\n                        <\/div>\r\n                    <\/a>\r\n                                    <a href=\"https:\/\/www.primor.eu\/pt_pt\/tresemme-conjunto-necessaire-lamellar-shine-cabelo-sem-brilho-102995.html\" class=\"product-item grid-table-rows\" target=\"_blank\">\r\n                        <div>\r\n                            <img decoding=\"async\" class=\"product-img\" width=\"80px\" height=\"80px\" src=\"https:\/\/cdn2.primor.eu\/media\/catalog\/product\/cache\/8d3aba296f7a18b5251ee30fa5db42b2\/8\/7\/8720181607547_1_c0f0.jpg\" alt=\"\" title=\"\">\r\n                        <\/div>\r\n\r\n                        <!-- Contenido de producto  -->\r\n                        <div>\r\n                            <div class=\"product-position\">\r\n                                #3                            <\/div>\r\n\r\n                            <h2>\r\n                                Conjunto N\u00e9cessaire Lamellar Shine Cabelo Sem Brilho                            <\/h2>\r\n                        <\/div>\r\n\r\n                        <!-- Imagen y\/o nombre de la marca -->\r\n                        <div>\r\n                                                            <img decoding=\"async\" width=\"70\" src=\"https:\/\/www.primor.eu\/media\/catalog\/category\/Tresemm_.jpg\" alt=\"\" title=\"\">\r\n                                                    <\/div>\r\n\r\n                        <!-- Puntuaci\u00f3n del producto  -->\r\n                        <div class=\"rating\">\r\n                                                            <div class=\"rate\" style=\"--p:96;\"><\/div>\r\n                                <b>4.8\/5<\/b>\r\n                                <div class=\"rate-stars\">\r\n                                                                            <div\r\n                                            class=\"rate-star  \">\r\n                                        <\/div>\r\n                                                                            <div\r\n                                            class=\"rate-star  \">\r\n                                        <\/div>\r\n                                                                            <div\r\n                                            class=\"rate-star  \">\r\n                                        <\/div>\r\n                                                                            <div\r\n                                            class=\"rate-star  \">\r\n                                        <\/div>\r\n                                                                            <div\r\n                                            class=\"rate-star  \">\r\n                                        <\/div>\r\n                                                                    <\/div>\r\n                                                    <\/div>\r\n\r\n                        <!-- Bot\u00f3n de producto  -->\r\n                        <div>\r\n                            <span class=\"price-claim\">\r\n                                VER PRE\u00c7O                            <\/span>\r\n                        <\/div>\r\n                    <\/a>\r\n                            <\/product-list>\r\n        <\/product-table>\r\n\r\n        \n\n\n<h3 class=\"wp-block-heading\">Kerastase Sp\u00e9cifique Cure Anti-Chute - Ampolas Antiqueda&nbsp;<\/h3>\n\n\n\n<p>Tratamento capilar intensivo, em ampolas, para reduzir visivelmente a queda do cabelo e o afinamento, melhorando a sua resist\u00eancia e reduzindo a quebra. Cont\u00e9m 10 ampolas, proporcionando um cabelo mais resistente, forte, espesso, suave, sedoso e com um aspeto mais flex\u00edvel e bonito.<\/p>\n\n\n    <a class='product' target='_blank' href='https:\/\/www.primor.eu\/pt_pt\/kerastase-specifique-cure-anti-chute-ampolas-antiqueda-9489.html'>\r\n        <img decoding=\"async\" width=\"300\" height=\"300\" loading=\"async\" src=\"https:\/\/cdn2.primor.eu\/media\/catalog\/product\/cache\/8d3aba296f7a18b5251ee30fa5db42b2\/2\/C\/2CN00122_1_be3a.jpg\" alt=\"\" title=\"\">\r\n            <div class=\"claim\">\r\n                 COMPRAR AGORA            <\/div>\r\n        <\/a>\r\n    \n\n\n<h3 class=\"wp-block-heading\">Kativa Conjunto Coconut &amp; Argan Oil Hair<\/h3>\n\n\n\n<p>Prepara um delicioso cocktail nutri-reconstrutor, combinando as propriedades revitalizantes do Coco com o poder nutritivo do \u00d3leo de Arg\u00e3o. Uma experi\u00eancia incompar\u00e1vel de cuidado total para o teu cabelo. O conte\u00fado do conjunto cont\u00e9m:<\/p>\n\n\n\n<p>KATIVA COCONUT Tratamento Reparador Intensivo 150 ml.<br>KATIVA COCONUT \u00d3leo Finalizador 60 ml.<\/p>\n\n\n    <a class='product' target='_blank' href='https:\/\/www.primor.eu\/pt_pt\/kativa-conjunto-coconut-argan-oil-hair-cocktail-nutri-reconstruc-o-102656.html'>\r\n        <img decoding=\"async\" width=\"300\" height=\"300\" loading=\"async\" src=\"https:\/\/cdn2.primor.eu\/media\/catalog\/product\/cache\/9e5ef7b71d0e79a1f437caf9153d1c82\/7\/7\/7750075066359_9c7b.png\" alt=\"\" title=\"\">\r\n            <div class=\"claim\">\r\n                 COMPRAR AGORA            <\/div>\r\n        <\/a>\r\n    \n\n\n<h3 class=\"wp-block-heading\">Bellissima B-Travel Secador de Cabelo de Viagem + N\u00e9cessaire<\/h3>\n\n\n\n<p>Secador de cabelo de viagem compacto com 1400 W de pot\u00eancia e 2 combina\u00e7\u00f5es de fluxo de ar\/temperatura, adequado para todos os tipos de cabelo. Gra\u00e7as \u00e0 dupla voltagem e \u00e0 pega dobr\u00e1vel, pode lev\u00e1-lo consigo em casa e em viagem por todo o mundo.<\/p>\n\n\n    <a class='product' target='_blank' href='https:\/\/www.primor.eu\/pt_pt\/bellissima-b-travel-secador-de-cabelo-de-viagem-saco-de-toilette-84001.html'>\r\n        <img decoding=\"async\" width=\"300\" height=\"300\" loading=\"async\" src=\"https:\/\/cdn2.primor.eu\/media\/catalog\/product\/cache\/8d3aba296f7a18b5251ee30fa5db42b2\/b\/e\/bellisima__f8dc.jpg\" alt=\"\" title=\"\">\r\n            <div class=\"claim\">\r\n                 COMPRAR AGORA            <\/div>\r\n        <\/a>\r\n    \n\n\n<h3 class=\"wp-block-heading\">Tresemm\u00e9 N\u00e9cessaire Lamellar Shine Cabelo Sem Brilho<\/h3>\n\n\n\n<p>Um coffret ideal para cuidar do cabelo e exibi-lo como nunca. Este estojo da Gliss inclui um Champ\u00f4 Lamellar Shine de 400ml, um condicionador Lamellar Shine de 400ml, um s\u00e9rum Lamellar Shine e o \u00f3leo Lamellar Shine de 75m que reparam, nutrem e reconstroem a estrutura capilar. Perfeito para oferecer!<\/p>\n\n\n    <a class='product' target='_blank' href='https:\/\/www.primor.eu\/pt_pt\/tresemme-conjunto-necessaire-lamellar-shine-cabelo-sem-brilho-102995.html'>\r\n        <img decoding=\"async\" width=\"300\" height=\"300\" loading=\"async\" src=\"https:\/\/cdn2.primor.eu\/media\/catalog\/product\/cache\/8d3aba296f7a18b5251ee30fa5db42b2\/8\/7\/8720181607547_1_c0f0.jpg\" alt=\"\" title=\"\">\r\n            <div class=\"claim\">\r\n                 COMPRAR AGORA            <\/div>\r\n        <\/a>\r\n    \n\n\n<h2 class=\"wp-block-heading\">Detalhes para a mam\u00e3<\/h2>\n\n\n        <product-table class=\"pr-slider\">\r\n            <product-headers class=\"grid-table-rows\">\r\n                <div>Foto<\/div>\r\n                <div>Produto<\/div>\r\n                <div>Marca<\/div>\r\n                <div>Avalia\u00e7\u00f5es<\/div>\r\n                <div>Pre\u00e7o<\/div>\r\n            <\/product-headers>\r\n\r\n            <product-list>\r\n                                    <a href=\"https:\/\/www.primor.eu\/pt_pt\/you-are-the-princess-princess-in-motion-termo-107912.html?#779=41222\" class=\"product-item grid-table-rows\" target=\"_blank\">\r\n                        <div>\r\n                            <img decoding=\"async\" class=\"product-img\" width=\"80px\" height=\"80px\" src=\"https:\/\/cdn2.primor.eu\/media\/catalog\/product\/cache\/8d3aba296f7a18b5251ee30fa5db42b2\/8\/4\/8445984015954_12ed.jpg\" alt=\"\" title=\"\">\r\n                        <\/div>\r\n\r\n                        <!-- Contenido de producto  -->\r\n                        <div>\r\n                            <div class=\"product-position\">\r\n                                #1 Mais Vendidos                            <\/div>\r\n\r\n                            <h2>\r\n                                Princess In Motion Termo                            <\/h2>\r\n                        <\/div>\r\n\r\n                        <!-- Imagen y\/o nombre de la marca -->\r\n                        <div>\r\n                                                            <img decoding=\"async\" width=\"70\" src=\"https:\/\/www.primor.eu\/media\/catalog\/category\/you_are_the_princess.jpg\" alt=\"\" title=\"\">\r\n                                                    <\/div>\r\n\r\n                        <!-- Puntuaci\u00f3n del producto  -->\r\n                        <div class=\"rating\">\r\n                                                            <div class=\"rate\" style=\"--p:90;\"><\/div>\r\n                                <b>4.5\/5<\/b>\r\n                                <div class=\"rate-stars\">\r\n                                                                            <div\r\n                                            class=\"rate-star  \">\r\n                                        <\/div>\r\n                                                                            <div\r\n                                            class=\"rate-star  \">\r\n                                        <\/div>\r\n                                                                            <div\r\n                                            class=\"rate-star  \">\r\n                                        <\/div>\r\n                                                                            <div\r\n                                            class=\"rate-star  \">\r\n                                        <\/div>\r\n                                                                            <div\r\n                                            class=\"rate-star  middle\">\r\n                                        <\/div>\r\n                                                                    <\/div>\r\n                                                    <\/div>\r\n\r\n                        <!-- Bot\u00f3n de producto  -->\r\n                        <div>\r\n                            <span class=\"price-claim\">\r\n                                VER PRE\u00c7O                            <\/span>\r\n                        <\/div>\r\n                    <\/a>\r\n                                    <a href=\"https:\/\/www.primor.eu\/pt_pt\/mostropi-peluche-opi-23357.html\" class=\"product-item grid-table-rows\" target=\"_blank\">\r\n                        <div>\r\n                            <img decoding=\"async\" class=\"product-img\" width=\"80px\" height=\"80px\" src=\"https:\/\/cdn2.primor.eu\/media\/catalog\/product\/cache\/8d3aba296f7a18b5251ee30fa5db42b2\/6\/V\/6VA29587_1_ee21.jpg\" alt=\"\" title=\"\">\r\n                        <\/div>\r\n\r\n                        <!-- Contenido de producto  -->\r\n                        <div>\r\n                            <div class=\"product-position\">\r\n                                #2                            <\/div>\r\n\r\n                            <h2>\r\n                                Peluche OPI                            <\/h2>\r\n                        <\/div>\r\n\r\n                        <!-- Imagen y\/o nombre de la marca -->\r\n                        <div>\r\n                                                            <img decoding=\"async\" width=\"70\" src=\"https:\/\/www.primor.eu\/media\/catalog\/category\/mostropi_Personalizado_.jpg\" alt=\"\" title=\"\">\r\n                                                    <\/div>\r\n\r\n                        <!-- Puntuaci\u00f3n del producto  -->\r\n                        <div class=\"rating\">\r\n                                                            <div class=\"rate\" style=\"--p:100;\"><\/div>\r\n                                <b>5\/5<\/b>\r\n                                <div class=\"rate-stars\">\r\n                                                                            <div\r\n                                            class=\"rate-star  \">\r\n                                        <\/div>\r\n                                                                            <div\r\n                                            class=\"rate-star  \">\r\n                                        <\/div>\r\n                                                                            <div\r\n                                            class=\"rate-star  \">\r\n                                        <\/div>\r\n                                                                            <div\r\n                                            class=\"rate-star  \">\r\n                                        <\/div>\r\n                                                                            <div\r\n                                            class=\"rate-star  \">\r\n                                        <\/div>\r\n                                                                    <\/div>\r\n                                                    <\/div>\r\n\r\n                        <!-- Bot\u00f3n de producto  -->\r\n                        <div>\r\n                            <span class=\"price-claim\">\r\n                                VER PRE\u00c7O                            <\/span>\r\n                        <\/div>\r\n                    <\/a>\r\n                                    <a href=\"https:\/\/www.primor.eu\/pt_pt\/foreo-mini-tratamento-ufo-106542.html?#863=68920\" class=\"product-item grid-table-rows\" target=\"_blank\">\r\n                        <div>\r\n                            <img decoding=\"async\" class=\"product-img\" width=\"80px\" height=\"80px\" src=\"https:\/\/cdn2.primor.eu\/media\/catalog\/product\/cache\/8d3aba296f7a18b5251ee30fa5db42b2\/6\/V\/6VA31029_1_f1dd.jpg\" alt=\"\" title=\"\">\r\n                        <\/div>\r\n\r\n                        <!-- Contenido de producto  -->\r\n                        <div>\r\n                            <div class=\"product-position\">\r\n                                #3                            <\/div>\r\n\r\n                            <h2>\r\n                                Mini tratamento Ufo                            <\/h2>\r\n                        <\/div>\r\n\r\n                        <!-- Imagen y\/o nombre de la marca -->\r\n                        <div>\r\n                                                            <img decoding=\"async\" width=\"70\" src=\"https:\/\/www.primor.eu\/media\/catalog\/category\/Foreo.jpg\" alt=\"\" title=\"\">\r\n                                                    <\/div>\r\n\r\n                        <!-- Puntuaci\u00f3n del producto  -->\r\n                        <div class=\"rating\">\r\n                                                            <div class=\"rate\" style=\"--p:100;\"><\/div>\r\n                                <b>5\/5<\/b>\r\n                                <div class=\"rate-stars\">\r\n                                                                            <div\r\n                                            class=\"rate-star  \">\r\n                                        <\/div>\r\n                                                                            <div\r\n                                            class=\"rate-star  \">\r\n                                        <\/div>\r\n                                                                            <div\r\n                                            class=\"rate-star  \">\r\n                                        <\/div>\r\n                                                                            <div\r\n                                            class=\"rate-star  \">\r\n                                        <\/div>\r\n                                                                            <div\r\n                                            class=\"rate-star  \">\r\n                                        <\/div>\r\n                                                                    <\/div>\r\n                                                    <\/div>\r\n\r\n                        <!-- Bot\u00f3n de producto  -->\r\n                        <div>\r\n                            <span class=\"price-claim\">\r\n                                VER PRE\u00c7O                            <\/span>\r\n                        <\/div>\r\n                    <\/a>\r\n                            <\/product-list>\r\n        <\/product-table>\r\n\r\n        \n\n\n<h3 class=\"wp-block-heading\">You Are The Princess Princess In Motion Termo<\/h3>\n\n\n\n<p>Para a aula, o trabalho, o gin\u00e1sio e onde quiseres! Com este termo, podes levar a tua bebida favorita para onde quiseres e mant\u00ea-la sempre quente ou fria.<\/p>\n\n\n    <a class='product' target='_blank' href='https:\/\/www.primor.eu\/pt_pt\/you-are-the-princess-princess-in-motion-termo-107912.html?#779=41222'>\r\n        <img decoding=\"async\" width=\"300\" height=\"300\" loading=\"async\" src=\"https:\/\/cdn2.primor.eu\/media\/catalog\/product\/cache\/8d3aba296f7a18b5251ee30fa5db42b2\/8\/4\/8445984015954_12ed.jpg\" alt=\"\" title=\"\">\r\n            <div class=\"claim\">\r\n                 COMPRAR AGORA            <\/div>\r\n        <\/a>\r\n    \n\n\n<h3 class=\"wp-block-heading\">Mostropi Peluche OPI<\/h3>\n\n\n\n<p>\u00c0s vezes, os presentes mais simples s\u00e3o os que mais emocionam. Surpreende a tua m\u00e3e com um peluche fofinho acompanhado de uma flor fresca, um gesto simb\u00f3lico, terno e cheio de carinho. Ideal para m\u00e3es que adoram recorda\u00e7\u00f5es com valor emocional.&nbsp;<\/p>\n\n\n    <a class='product' target='_blank' href='https:\/\/www.primor.eu\/pt_pt\/mostropi-peluche-opi-23357.html'>\r\n        <img decoding=\"async\" width=\"300\" height=\"300\" loading=\"async\" src=\"https:\/\/cdn2.primor.eu\/media\/catalog\/product\/cache\/8d3aba296f7a18b5251ee30fa5db42b2\/6\/V\/6VA29587_1_ee21.jpg\" alt=\"\" title=\"\">\r\n            <div class=\"claim\">\r\n                 COMPRAR AGORA            <\/div>\r\n        <\/a>\r\n    \n\n\n<h3 class=\"wp-block-heading\">Foreo Ufo Mini Treatment&nbsp;<\/h3>\n\n\n\n<p>O Foreo UFO Mini foi concebido para cuidares do rosto em apenas 2 minutos. Este dispositivo combina calor, luz LED e massagem T-Sonic para oferecer um verdadeiro ritual de spa em casa. Conta com uma vasta gama de tratamentos faciais profissionais que potenciam os resultados em tempo recorde. Ao utilizar o UFO Mini, beneficia-se de um efeito de hiper-infus\u00e3o, que permite que os ingredientes ativos da m\u00e1scara penetrem profundamente nas camadas da pele, deixando a pele mais suave, luminosa e revitalizada.<\/p>\n\n\n    <a class='product' target='_blank' href='https:\/\/www.primor.eu\/pt_pt\/foreo-mini-tratamento-ufo-106542.html?#863=68920'>\r\n        <img decoding=\"async\" width=\"300\" height=\"300\" loading=\"async\" src=\"https:\/\/cdn2.primor.eu\/media\/catalog\/product\/cache\/8d3aba296f7a18b5251ee30fa5db42b2\/6\/V\/6VA31029_1_f1dd.jpg\" alt=\"\" title=\"\">\r\n            <div class=\"claim\">\r\n                 COMPRAR AGORA            <\/div>\r\n        <\/a>\r\n    \n\n\n<h3 class=\"wp-block-heading\">Revolution Toy Story Alien N\u00e9cessaire<\/h3>\n\n\n\n<p>O n\u00e9cessaire Alien de Disney e Pixar\u2019s Toy Story x Revolution \u00e9 o acess\u00f3rio perfeito para guardar todos os teus essenciais de beleza. Inspirado nos ador\u00e1veis alien\u00edgenas de Toy Story, este n\u00e9cessaire de maquilhagem superfofo foi criado para armazenar toda a tua cole\u00e7\u00e3o Toy Story x Revolution \u2013 podemos ouvir um \"ooooh!\"?<\/p>\n\n\n    <a class='product' target='_blank' href='https:\/\/www.primor.eu\/pt_pt\/revolution-toy-story-alien-necessaire-117491.html'>\r\n        <img decoding=\"async\" width=\"300\" height=\"300\" loading=\"async\" src=\"https:\/\/cdn2.primor.eu\/media\/catalog\/product\/cache\/8d3aba296f7a18b5251ee30fa5db42b2\/5\/0\/5057566839525_b150.jpg\" alt=\"\" title=\"\">\r\n            <div class=\"claim\">\r\n                 COMPRAR AGORA            <\/div>\r\n        <\/a>\r\n    ","protected":false},"excerpt":{"rendered":"<p>\u00danica, irrepet\u00edvel, maravilhosa, aut\u00eantica, especial. \u00c9 a mam\u00e3. A pessoa que nos viu crescer, que nos apoia em cada decis\u00e3o que tomamos, que discute connosco porque quer o melhor. Aquela que nos abra\u00e7a quando as coisas correm mal. E quando correm bem. Por isso, e porque sabemos que a tua m\u00e3e \u00e9 a melhor, precisas [&hellip;]<\/p>\n","protected":false},"author":6,"featured_media":4979,"comment_status":"closed","ping_status":"closed","sticky":false,"template":"","format":"standard","meta":{"jnews-multi-image_gallery":[],"jnews_single_post":{"format":"standard"},"jnews_primary_category":[],"jnews_social_meta":[],"jnews_override_counter":[],"footnotes":""},"categories":[31],"tags":[],"class_list":["post-4975","post","type-post","status-publish","format-standard","has-post-thumbnail","hentry","category-ideias-de-presentes"],"_links":{"self":[{"href":"https:\/\/www.primor.eu\/blog\/pt\/wp-json\/wp\/v2\/posts\/4975","targetHints":{"allow":["GET"]}}],"collection":[{"href":"https:\/\/www.primor.eu\/blog\/pt\/wp-json\/wp\/v2\/posts"}],"about":[{"href":"https:\/\/www.primor.eu\/blog\/pt\/wp-json\/wp\/v2\/types\/post"}],"author":[{"embeddable":true,"href":"https:\/\/www.primor.eu\/blog\/pt\/wp-json\/wp\/v2\/users\/6"}],"replies":[{"embeddable":true,"href":"https:\/\/www.primor.eu\/blog\/pt\/wp-json\/wp\/v2\/comments?post=4975"}],"version-history":[{"count":7,"href":"https:\/\/www.primor.eu\/blog\/pt\/wp-json\/wp\/v2\/posts\/4975\/revisions"}],"predecessor-version":[{"id":4992,"href":"https:\/\/www.primor.eu\/blog\/pt\/wp-json\/wp\/v2\/posts\/4975\/revisions\/4992"}],"wp:featuredmedia":[{"embeddable":true,"href":"https:\/\/www.primor.eu\/blog\/pt\/wp-json\/wp\/v2\/media\/4979"}],"wp:attachment":[{"href":"https:\/\/www.primor.eu\/blog\/pt\/wp-json\/wp\/v2\/media?parent=4975"}],"wp:term":[{"taxonomy":"category","embeddable":true,"href":"https:\/\/www.primor.eu\/blog\/pt\/wp-json\/wp\/v2\/categories?post=4975"},{"taxonomy":"post_tag","embeddable":true,"href":"https:\/\/www.primor.eu\/blog\/pt\/wp-json\/wp\/v2\/tags?post=4975"}],"curies":[{"name":"wp","href":"https:\/\/api.w.org\/{rel}","templated":true}]}}