
{"id":4845,"date":"2025-03-24T15:55:26","date_gmt":"2025-03-24T15:55:26","guid":{"rendered":"https:\/\/www.primor.eu\/blog\/pt\/?p=4845"},"modified":"2025-03-24T15:58:05","modified_gmt":"2025-03-24T15:58:05","slug":"melhores-produtos-limpeza-facial","status":"publish","type":"post","link":"https:\/\/www.primor.eu\/blog\/pt\/melhores-produtos-limpeza-facial\/","title":{"rendered":"Os 13 melhores produtos de limpeza facial para uma pele sem imperfei\u00e7\u00f5es"},"content":{"rendered":"\n<p>Manter a<strong> pele saud\u00e1vel<\/strong> come\u00e7a pela limpeza: \u00e9 assim que eliminas c\u00e9lulas mortas, part\u00edculas de polui\u00e7\u00e3o, excesso de oleosidade e restos de produtos (sejam de maquilhagem ou de hidrata\u00e7\u00e3o).<\/p>\n\n\n\n<p>Estes res\u00edduos, quando se acumulam nos poros, obstruem a pele, impedindo-a de respirar e, pior ainda, dificultando a absor\u00e7\u00e3o dos produtos seguintes da tua rotina facial (cremes, s\u00e9runs, contornos...). Por isso, contar com os<strong> melhores produtos de limpeza facial<\/strong> no teu n\u00e9cessaire \u00e9 essencial.<\/p>\n\n\n\n<h2 class=\"wp-block-heading\">Tipos de produtos de limpeza facial<\/h2>\n\n\n\n<p><strong><br><\/strong> No universo da higiene e limpeza do rosto, h\u00e1 v\u00e1rias op\u00e7\u00f5es interessantes. Entre as mais comuns, destacam-se:<\/p>\n\n\n\n<ul class=\"wp-block-list\">\n<li><strong>\u00c1guas micelares<\/strong><\/li>\n<\/ul>\n\n\n\n<p>Este produto revolucion\u00e1rio \u00e9 formulado com micelas \u2014 part\u00edculas que atraem as impurezas e o sebo do rosto, \u201cisolando-os e transportando-os atrav\u00e9s da \u00e1gua para os remover da superf\u00edcie da pele\u201d.<\/p>\n\n\n\n<ul class=\"wp-block-list\">\n<li><strong>Leites e \u00f3leos de limpeza<\/strong><\/li>\n<\/ul>\n\n\n\n<p> Ideais para peles secas, j\u00e1 que hidratam e ajudam a remover a maquilhagem com facilidade.<\/p>\n\n\n\n<ul class=\"wp-block-list\">\n<li><strong>G\u00e9is e espumas de limpeza<\/strong><\/li>\n<\/ul>\n\n\n\n<p> S\u00e3o os produtos mais cl\u00e1ssicos e eficazes do mercado, especialmente recomendados para peles oleosas ou com tend\u00eancia acneica.<\/p>\n\n\n\n<h2 class=\"wp-block-heading\">Os melhores produtos de limpeza facial dispon\u00edveis na Primor<\/h2>\n\n\n        <product-table class=\"pr-slider\">\r\n            <product-headers class=\"grid-table-rows\">\r\n                <div>Foto<\/div>\r\n                <div>Produto<\/div>\r\n                <div>Marca<\/div>\r\n                <div>Avalia\u00e7\u00f5es<\/div>\r\n                <div>Pre\u00e7o<\/div>\r\n            <\/product-headers>\r\n\r\n            <product-list>\r\n                                    <a href=\"https:\/\/www.primor.eu\/pt_pt\/shiseido-shiseido-limpador-rosto-face-cleanser-para-homem-28170.html\" class=\"product-item grid-table-rows\" target=\"_blank\">\r\n                        <div>\r\n                            <img decoding=\"async\" class=\"product-img\" width=\"80px\" height=\"80px\" src=\"https:\/\/cdn2.primor.eu\/media\/catalog\/product\/cache\/8d3aba296f7a18b5251ee30fa5db42b2\/0\/T\/0TM01349_1_31f2.jpg\" alt=\"\" title=\"\">\r\n                        <\/div>\r\n\r\n                        <!-- Contenido de producto  -->\r\n                        <div>\r\n                            <div class=\"product-position\">\r\n                                #1 Mais Vendidos                            <\/div>\r\n\r\n                            <h2>\r\n                                Face Cleanser Gel de Limpeza Facial                            <\/h2>\r\n                        <\/div>\r\n\r\n                        <!-- Imagen y\/o nombre de la marca -->\r\n                        <div>\r\n                                                            <img decoding=\"async\" width=\"70\" src=\"https:\/\/www.primor.eu\/media\/catalog\/category\/shiseido.png\" alt=\"\" title=\"\">\r\n                                                    <\/div>\r\n\r\n                        <!-- Puntuaci\u00f3n del producto  -->\r\n                        <div class=\"rating\">\r\n                                                            <div class=\"rate\" style=\"--p:100;\"><\/div>\r\n                                <b>5\/5<\/b>\r\n                                <div class=\"rate-stars\">\r\n                                                                            <div\r\n                                            class=\"rate-star  \">\r\n                                        <\/div>\r\n                                                                            <div\r\n                                            class=\"rate-star  \">\r\n                                        <\/div>\r\n                                                                            <div\r\n                                            class=\"rate-star  \">\r\n                                        <\/div>\r\n                                                                            <div\r\n                                            class=\"rate-star  \">\r\n                                        <\/div>\r\n                                                                            <div\r\n                                            class=\"rate-star  \">\r\n                                        <\/div>\r\n                                                                    <\/div>\r\n                                                    <\/div>\r\n\r\n                        <!-- Bot\u00f3n de producto  -->\r\n                        <div>\r\n                            <span class=\"price-claim\">\r\n                                VER PRE\u00c7O                            <\/span>\r\n                        <\/div>\r\n                    <\/a>\r\n                                    <a href=\"https:\/\/www.primor.eu\/pt_pt\/sensai-leite-de-limpeza-purificante-e-sedoso-leite-de-limpeza-27643.html\" class=\"product-item grid-table-rows\" target=\"_blank\">\r\n                        <div>\r\n                            <img decoding=\"async\" class=\"product-img\" width=\"80px\" height=\"80px\" src=\"https:\/\/cdn2.primor.eu\/media\/catalog\/product\/cache\/8d3aba296f7a18b5251ee30fa5db42b2\/0\/T\/0TF09855_1_c352.jpg\" alt=\"\" title=\"\">\r\n                        <\/div>\r\n\r\n                        <!-- Contenido de producto  -->\r\n                        <div>\r\n                            <div class=\"product-position\">\r\n                                #2                            <\/div>\r\n\r\n                            <h2>\r\n                                Silky Purifying                            <\/h2>\r\n                        <\/div>\r\n\r\n                        <!-- Imagen y\/o nombre de la marca -->\r\n                        <div>\r\n                                                            <img decoding=\"async\" width=\"70\" src=\"https:\/\/www.primor.eu\/media\/catalog\/category\/sensai.png\" alt=\"\" title=\"\">\r\n                                                    <\/div>\r\n\r\n                        <!-- Puntuaci\u00f3n del producto  -->\r\n                        <div class=\"rating\">\r\n                                                            <div class=\"rate\" style=\"--p:100;\"><\/div>\r\n                                <b>5\/5<\/b>\r\n                                <div class=\"rate-stars\">\r\n                                                                            <div\r\n                                            class=\"rate-star  \">\r\n                                        <\/div>\r\n                                                                            <div\r\n                                            class=\"rate-star  \">\r\n                                        <\/div>\r\n                                                                            <div\r\n                                            class=\"rate-star  \">\r\n                                        <\/div>\r\n                                                                            <div\r\n                                            class=\"rate-star  \">\r\n                                        <\/div>\r\n                                                                            <div\r\n                                            class=\"rate-star  \">\r\n                                        <\/div>\r\n                                                                    <\/div>\r\n                                                    <\/div>\r\n\r\n                        <!-- Bot\u00f3n de producto  -->\r\n                        <div>\r\n                            <span class=\"price-claim\">\r\n                                VER PRE\u00c7O                            <\/span>\r\n                        <\/div>\r\n                    <\/a>\r\n                                    <a href=\"https:\/\/www.primor.eu\/pt_pt\/3ina-the-eyes-and-lips-make-up-make-up-remover-desmaquilhante-bifasico-para-olhos-e-labios-27764.html\" class=\"product-item grid-table-rows\" target=\"_blank\">\r\n                        <div>\r\n                            <img decoding=\"async\" class=\"product-img\" width=\"80px\" height=\"80px\" src=\"https:\/\/cdn2.primor.eu\/media\/catalog\/product\/cache\/8d3aba296f7a18b5251ee30fa5db42b2\/0\/M\/0MR18946_1_2ce5.jpg\" alt=\"\" title=\"\">\r\n                        <\/div>\r\n\r\n                        <!-- Contenido de producto  -->\r\n                        <div>\r\n                            <div class=\"product-position\">\r\n                                #3                            <\/div>\r\n\r\n                            <h2>\r\n                                Desmaquilhante Bif\u00e1sico de Olhos e L\u00e1bios                            <\/h2>\r\n                        <\/div>\r\n\r\n                        <!-- Imagen y\/o nombre de la marca -->\r\n                        <div>\r\n                                                            <img decoding=\"async\" width=\"70\" src=\"https:\/\/www.primor.eu\/media\/catalog\/category\/3ina.jpg\" alt=\"\" title=\"\">\r\n                                                    <\/div>\r\n\r\n                        <!-- Puntuaci\u00f3n del producto  -->\r\n                        <div class=\"rating\">\r\n                                                            <div class=\"rate\" style=\"--p:100;\"><\/div>\r\n                                <b>5\/5<\/b>\r\n                                <div class=\"rate-stars\">\r\n                                                                            <div\r\n                                            class=\"rate-star  \">\r\n                                        <\/div>\r\n                                                                            <div\r\n                                            class=\"rate-star  \">\r\n                                        <\/div>\r\n                                                                            <div\r\n                                            class=\"rate-star  \">\r\n                                        <\/div>\r\n                                                                            <div\r\n                                            class=\"rate-star  \">\r\n                                        <\/div>\r\n                                                                            <div\r\n                                            class=\"rate-star  \">\r\n                                        <\/div>\r\n                                                                    <\/div>\r\n                                                    <\/div>\r\n\r\n                        <!-- Bot\u00f3n de producto  -->\r\n                        <div>\r\n                            <span class=\"price-claim\">\r\n                                VER PRE\u00c7O                            <\/span>\r\n                        <\/div>\r\n                    <\/a>\r\n                                    <a href=\"https:\/\/www.primor.eu\/pt_pt\/cerave-agua-micelar-28058.html\" class=\"product-item grid-table-rows\" target=\"_blank\">\r\n                        <div>\r\n                            <img decoding=\"async\" class=\"product-img\" width=\"80px\" height=\"80px\" src=\"https:\/\/cdn2.primor.eu\/media\/catalog\/product\/cache\/8d3aba296f7a18b5251ee30fa5db42b2\/6\/X\/6XS11024_1_9e0c.jpg\" alt=\"\" title=\"\">\r\n                        <\/div>\r\n\r\n                        <!-- Contenido de producto  -->\r\n                        <div>\r\n                            <div class=\"product-position\">\r\n                                #4                            <\/div>\r\n\r\n                            <h2>\r\n                                \u00c1gua Micelar                            <\/h2>\r\n                        <\/div>\r\n\r\n                        <!-- Imagen y\/o nombre de la marca -->\r\n                        <div>\r\n                                                            <img decoding=\"async\" width=\"70\" src=\"https:\/\/www.primor.eu\/media\/catalog\/category\/Cerave.jpg\" alt=\"\" title=\"\">\r\n                                                    <\/div>\r\n\r\n                        <!-- Puntuaci\u00f3n del producto  -->\r\n                        <div class=\"rating\">\r\n                                                            <div class=\"rate\" style=\"--p:94;\"><\/div>\r\n                                <b>4.7\/5<\/b>\r\n                                <div class=\"rate-stars\">\r\n                                                                            <div\r\n                                            class=\"rate-star  \">\r\n                                        <\/div>\r\n                                                                            <div\r\n                                            class=\"rate-star  \">\r\n                                        <\/div>\r\n                                                                            <div\r\n                                            class=\"rate-star  \">\r\n                                        <\/div>\r\n                                                                            <div\r\n                                            class=\"rate-star  \">\r\n                                        <\/div>\r\n                                                                            <div\r\n                                            class=\"rate-star  \">\r\n                                        <\/div>\r\n                                                                    <\/div>\r\n                                                    <\/div>\r\n\r\n                        <!-- Bot\u00f3n de producto  -->\r\n                        <div>\r\n                            <span class=\"price-claim\">\r\n                                VER PRE\u00c7O                            <\/span>\r\n                        <\/div>\r\n                    <\/a>\r\n                                    <a href=\"https:\/\/www.primor.eu\/pt_pt\/bioderma-soluc-o-micelar-sensibio-h2o-107996.html?#854=66342\" class=\"product-item grid-table-rows\" target=\"_blank\">\r\n                        <div>\r\n                            <img decoding=\"async\" class=\"product-img\" width=\"80px\" height=\"80px\" src=\"https:\/\/cdn2.primor.eu\/media\/catalog\/product\/cache\/8d3aba296f7a18b5251ee30fa5db42b2\/6\/X\/6XS04050_1_ef9d.jpg\" alt=\"\" title=\"\">\r\n                        <\/div>\r\n\r\n                        <!-- Contenido de producto  -->\r\n                        <div>\r\n                            <div class=\"product-position\">\r\n                                #5                            <\/div>\r\n\r\n                            <h2>\r\n                                Solu\u00e7\u00e3o Micelar Sensibio H2O                            <\/h2>\r\n                        <\/div>\r\n\r\n                        <!-- Imagen y\/o nombre de la marca -->\r\n                        <div>\r\n                                                            <img decoding=\"async\" width=\"70\" src=\"https:\/\/www.primor.eu\/media\/catalog\/category\/Logo-Bioderma-1.png\" alt=\"\" title=\"\">\r\n                                                    <\/div>\r\n\r\n                        <!-- Puntuaci\u00f3n del producto  -->\r\n                        <div class=\"rating\">\r\n                                                            <div class=\"rate\" style=\"--p:96;\"><\/div>\r\n                                <b>4.8\/5<\/b>\r\n                                <div class=\"rate-stars\">\r\n                                                                            <div\r\n                                            class=\"rate-star  \">\r\n                                        <\/div>\r\n                                                                            <div\r\n                                            class=\"rate-star  \">\r\n                                        <\/div>\r\n                                                                            <div\r\n                                            class=\"rate-star  \">\r\n                                        <\/div>\r\n                                                                            <div\r\n                                            class=\"rate-star  \">\r\n                                        <\/div>\r\n                                                                            <div\r\n                                            class=\"rate-star  \">\r\n                                        <\/div>\r\n                                                                    <\/div>\r\n                                                    <\/div>\r\n\r\n                        <!-- Bot\u00f3n de producto  -->\r\n                        <div>\r\n                            <span class=\"price-claim\">\r\n                                VER PRE\u00c7O                            <\/span>\r\n                        <\/div>\r\n                    <\/a>\r\n                            <\/product-list>\r\n        <\/product-table>\r\n\r\n        \n\n\n<h3 class=\"wp-block-heading\">Shiseido Espuma de Limpeza Facial<\/h3>\n\n\n\n<p>Uma espuma especialmente formulada para nutrir a pele masculina, eliminando a polui\u00e7\u00e3o, a sujidade, a oleosidade e os res\u00edduos de produtos, sem comprometer o n\u00edvel de hidrata\u00e7\u00e3o da pele. Pode tamb\u00e9m ser usada como espuma de barbear.<\/p>\n\n\n    <a class='product' target='_blank' href='https:\/\/www.primor.eu\/pt_pt\/shiseido-shiseido-limpador-rosto-face-cleanser-para-homem-28170.html'>\r\n        <img fetchpriority=\"high\" decoding=\"async\" width=\"300\" height=\"300\" loading=\"async\" src=\"https:\/\/cdn2.primor.eu\/media\/catalog\/product\/cache\/8d3aba296f7a18b5251ee30fa5db42b2\/0\/T\/0TM01349_1_31f2.jpg\" alt=\"\" title=\"\">\r\n            <div class=\"claim\">\r\n                 COMPRAR AGORA            <\/div>\r\n        <\/a>\r\n    \n\n\n<h3 class=\"wp-block-heading\">Sensai Leite de Limpeza<\/h3>\n\n\n\n<p>Leite de limpeza suave que remove n\u00e3o s\u00f3 a maquilhagem e as impurezas, mas tamb\u00e9m o sebo, deixando a pele com um toque sedoso. Para melhores resultados, aquece-o ligeiramente nas m\u00e3os antes de aplicar e enxagua com bastante \u00e1gua.<\/p>\n\n\n    <a class='product' target='_blank' href='https:\/\/www.primor.eu\/pt_pt\/sensai-leite-de-limpeza-purificante-e-sedoso-leite-de-limpeza-27643.html'>\r\n        <img decoding=\"async\" width=\"300\" height=\"300\" loading=\"async\" src=\"https:\/\/cdn2.primor.eu\/media\/catalog\/product\/cache\/8d3aba296f7a18b5251ee30fa5db42b2\/0\/T\/0TF09855_1_c352.jpg\" alt=\"\" title=\"\">\r\n            <div class=\"claim\">\r\n                 COMPRAR AGORA            <\/div>\r\n        <\/a>\r\n    \n\n\n<h3 class=\"wp-block-heading\">CeraVe \u00c1gua Micelar<\/h3>\n\n\n\n<p>Obt\u00e9m uma pele limpa e fresca com esta \u00e1gua, que tamb\u00e9m \u00e9 ideal para remover eficazmente a maquilhagem e hidratar. Tem uma f\u00f3rmula desenvolvida por dermatologistas, enriquecida com 3 ceramidas essenciais que mant\u00eam a barreira protetora natural da pele em boas condi\u00e7\u00f5es.<\/p>\n\n\n    <a class='product' target='_blank' href='https:\/\/www.primor.eu\/pt_pt\/cerave-agua-micelar-28058.html'>\r\n        <img decoding=\"async\" width=\"300\" height=\"300\" loading=\"async\" src=\"https:\/\/cdn2.primor.eu\/media\/catalog\/product\/cache\/8d3aba296f7a18b5251ee30fa5db42b2\/6\/X\/6XS11024_1_9e0c.jpg\" alt=\"\" title=\"\">\r\n            <div class=\"claim\">\r\n                 COMPRAR AGORA            <\/div>\r\n        <\/a>\r\n    \n\n\n<h3 class=\"wp-block-heading\">Bioderma \u00c1gua Micelar para Pele Sens\u00edvel<\/h3>\n\n\n\n<p><strong><br><\/strong> Um dos produtos mais ic\u00f3nicos da marca, ideal para peles sens\u00edveis normais a secas. As micelas promovem uma microemuls\u00e3o eficaz das impurezas, respeitando o equil\u00edbrio cut\u00e2neo e prevenindo irrita\u00e7\u00f5es ap\u00f3s a limpeza.<\/p>\n\n\n    <a class='product' target='_blank' href='https:\/\/www.primor.eu\/pt_pt\/bioderma-soluc-o-micelar-sensibio-h2o-107996.html?#854=66342'>\r\n        <img decoding=\"async\" width=\"300\" height=\"300\" loading=\"async\" src=\"https:\/\/cdn2.primor.eu\/media\/catalog\/product\/cache\/8d3aba296f7a18b5251ee30fa5db42b2\/6\/X\/6XS04050_1_ef9d.jpg\" alt=\"\" title=\"\">\r\n            <div class=\"claim\">\r\n                 COMPRAR AGORA            <\/div>\r\n        <\/a>\r\n    \n\n\n<h3 class=\"wp-block-heading\">3mina \u00d3leo Desmaquilhante<\/h3>\n\n\n\n<p>Gra\u00e7as a ingredientes como \u00f3leos de abacate, am\u00eandoas, girassol e arroz, este \u00f3leo desmaquilhante da 3INA \u00e9 perfeito para remover a maquilhagem diariamente e iniciar a tua rotina noturna de limpeza.<\/p>\n\n\n    <a class='product' target='_blank' href='https:\/\/www.primor.eu\/pt_pt\/3ina-the-eyes-and-lips-make-up-make-up-remover-desmaquilhante-bifasico-para-olhos-e-labios-27764.html'>\r\n        <img decoding=\"async\" width=\"300\" height=\"300\" loading=\"async\" src=\"https:\/\/cdn2.primor.eu\/media\/catalog\/product\/cache\/8d3aba296f7a18b5251ee30fa5db42b2\/0\/M\/0MR18946_1_2ce5.jpg\" alt=\"\" title=\"\">\r\n            <div class=\"claim\">\r\n                 COMPRAR AGORA            <\/div>\r\n        <\/a>\r\n    \n\n\n<h3 class=\"wp-block-heading\">La Roche-Posay \u00c1gua Micelar Bif\u00e1sica Ultra<\/h3>\n\n\n\n<p>Desmaquilhante e produto de limpeza num s\u00f3 para rosto, olhos e l\u00e1bios. Respeita o equil\u00edbrio da pele sens\u00edvel sem deixar acabamento oleoso. A f\u00f3rmula \u00e9 enriquecida com glicerina para uma hidrata\u00e7\u00e3o extra.<\/p>\n\n\n    <a class='product' target='_blank' href='https:\/\/www.primor.eu\/pt_pt\/la-roche-posay-bi-phase-ultra-agua-micelar-bifasica-28336.html'>\r\n        <img decoding=\"async\" width=\"300\" height=\"300\" loading=\"async\" src=\"https:\/\/cdn2.primor.eu\/media\/catalog\/product\/cache\/8d3aba296f7a18b5251ee30fa5db42b2\/6\/X\/6XS12996_1_6f8b.jpg\" alt=\"\" title=\"\">\r\n            <div class=\"claim\">\r\n                 COMPRAR AGORA            <\/div>\r\n        <\/a>\r\n    \n\n\n<h3 class=\"wp-block-heading\">Av\u00e8ne Gel de Limpeza Facial<\/h3>\n\n\n\n<p><strong><br><\/strong> A sua base de limpeza sem sab\u00e3o atua suavemente sobre a pele, deixando-a fresca e limpa. A f\u00f3rmula cont\u00e9m um ativo seborregulador e \u00e1gua termal, proporcionando uma sensa\u00e7\u00e3o imediata de conforto.<\/p>\n\n\n    <a class='product' target='_blank' href='https:\/\/www.primor.eu\/pt_pt\/avene-cleanance-gel-de-limpeza-facial-108004.html?#863=67100'>\r\n        <img decoding=\"async\" width=\"300\" height=\"300\" loading=\"async\" src=\"https:\/\/cdn2.primor.eu\/media\/catalog\/product\/cache\/8d3aba296f7a18b5251ee30fa5db42b2\/3\/2\/3282779364256_AVENE_PROMO_CLEANANCE_GEL_LIMPIADOR_400ML_f307.png\" alt=\"\" title=\"\">\r\n            <div class=\"claim\">\r\n                 COMPRAR AGORA            <\/div>\r\n        <\/a>\r\n    \n\n\n<h3 class=\"wp-block-heading\">Clinique Sabonete Facial Suave<\/h3>\n\n\n\n<p>Este sabonete l\u00edquido remove suavemente a sujidade do rosto sem comprometer a hidrata\u00e7\u00e3o natural da pele. Deixa a pele confort\u00e1vel, limpa e preparada para o passo seguinte da tua rotina: a esfolia\u00e7\u00e3o.<\/p>\n\n\n    <a class='product' target='_blank' href='https:\/\/www.primor.eu\/pt_pt\/clinique-sabonete-facial-suave-para-peles-mistas-27880.html'>\r\n        <img decoding=\"async\" width=\"300\" height=\"300\" loading=\"async\" src=\"https:\/\/cdn2.primor.eu\/media\/catalog\/product\/cache\/8d3aba296f7a18b5251ee30fa5db42b2\/0\/T\/0TF02644_1_f3c9.jpg\" alt=\"\" title=\"\">\r\n            <div class=\"claim\">\r\n                 COMPRAR AGORA            <\/div>\r\n        <\/a>\r\n    \n\n\n<h3 class=\"wp-block-heading\">Origins Check and Balance Limpeza Facial<\/h3>\n\n\n\n<p>O produto mais vendido da marca, remove maquilhagem, impurezas e excesso de oleosidade de forma eficaz, deixando a pele com uma sensa\u00e7\u00e3o de frescura e bem-estar.<\/p>\n\n\n    <a class='product' target='_blank' href='https:\/\/www.primor.eu\/pt_pt\/origins-limpador-facial-check-and-balances-28462.html'>\r\n        <img decoding=\"async\" width=\"300\" height=\"300\" loading=\"async\" src=\"https:\/\/cdn2.primor.eu\/media\/catalog\/product\/cache\/8d3aba296f7a18b5251ee30fa5db42b2\/0\/T\/0TF21855_1_7afb.jpg\" alt=\"\" title=\"\">\r\n            <div class=\"claim\">\r\n                 COMPRAR AGORA            <\/div>\r\n        <\/a>\r\n    \n\n\n<h3 class=\"wp-block-heading\">Teen Plum 2 in 1 Always Clean Limpeza Facial<\/h3>\n\n\n\n<p>Este produto limpa e desmaquilha ao mesmo tempo. A sua f\u00f3rmula com micelas age como um \u00edman, atraindo e eliminando todas as impurezas, incluindo maquilhagem.<\/p>\n\n\n    <a class='product' target='_blank' href='https:\/\/www.primor.eu\/pt_pt\/teen-plum-2-in-1-always-clean-limpeza-facial-91882.html'>\r\n        <img decoding=\"async\" width=\"300\" height=\"300\" loading=\"async\" src=\"https:\/\/cdn2.primor.eu\/media\/catalog\/product\/cache\/9e5ef7b71d0e79a1f437caf9153d1c82\/T\/P\/TP_43594_CLEANSING_GEL_bd21.jpg\" alt=\"\" title=\"\">\r\n            <div class=\"claim\">\r\n                 COMPRAR AGORA            <\/div>\r\n        <\/a>\r\n    \n\n\n<h3 class=\"wp-block-heading\">Lanc\u00f4me Gel \u00c9clat Espuma de Limpeza Facial<\/h3>\n\n\n\n<p>Com um \u00fanico gesto, remove maquilhagem, impurezas e polui\u00e7\u00e3o, deixando a pele limpa, suave e luminosa. Transforma-se numa espuma agrad\u00e1vel ao entrar em contacto com a pele, ideal para uso di\u00e1rio.<\/p>\n\n\n    <a class='product' target='_blank' href='https:\/\/www.primor.eu\/pt_pt\/lancome-gel-eclat-facial-cleansing-espuma-de-limpeza-14170.html'>\r\n        <img decoding=\"async\" width=\"300\" height=\"300\" loading=\"async\" src=\"https:\/\/cdn2.primor.eu\/media\/catalog\/product\/cache\/8d3aba296f7a18b5251ee30fa5db42b2\/0\/T\/0TF04846_1_5834.jpg\" alt=\"\" title=\"\">\r\n            <div class=\"claim\">\r\n                 COMPRAR AGORA            <\/div>\r\n        <\/a>\r\n    \n\n\n<h3 class=\"wp-block-heading\">Est\u00e9e Lauder Espuma de Limpeza Facial Perfectly Clean<\/h3>\n\n\n\n<p>Combina ingredientes bot\u00e2nicos e minerais para uma limpeza profunda e suave. A f\u00f3rmula cremosa transforma-se rapidamente numa espuma rica que remove maquilhagem e impurezas sem secar a pele.<\/p>\n\n\n    <a class='product' target='_blank' href='https:\/\/www.primor.eu\/pt_pt\/estee-lauder-espuma-de-limpeza-facial-perfectly-clean-27738.html'>\r\n        <img decoding=\"async\" width=\"300\" height=\"300\" loading=\"async\" src=\"https:\/\/cdn2.primor.eu\/media\/catalog\/product\/cache\/8d3aba296f7a18b5251ee30fa5db42b2\/0\/T\/0TF08600_1_1d57.jpg\" alt=\"\" title=\"\">\r\n            <div class=\"claim\">\r\n                 COMPRAR AGORA            <\/div>\r\n        <\/a>\r\n    \n\n\n<h3 class=\"wp-block-heading\">ISDIN Isdinceutics \u00d3leo de Limpeza Facial<\/h3>\n\n\n\n<p>\u00d3leo de limpeza leve com textura oil-to-milk que remove eficazmente maquilhagem (at\u00e9 \u00e0 prova de \u00e1gua), protetor solar resistente, part\u00edculas de polui\u00e7\u00e3o e excesso de oleosidade.<\/p>\n\n\n    <a class='product' target='_blank' href='https:\/\/www.primor.eu\/pt_pt\/isdin-isdinceutics-oleo-de-limpeza-facial-oil-to-milk-28435.html'>\r\n        <img decoding=\"async\" width=\"300\" height=\"300\" loading=\"async\" src=\"https:\/\/cdn2.primor.eu\/media\/catalog\/product\/cache\/8d3aba296f7a18b5251ee30fa5db42b2\/6\/X\/6XS14615_1_2c4a.jpg\" alt=\"\" title=\"\">\r\n            <div class=\"claim\">\r\n                 COMPRAR AGORA            <\/div>\r\n        <\/a>\r\n    ","protected":false},"excerpt":{"rendered":"<p>Manter a pele saud\u00e1vel come\u00e7a pela limpeza: \u00e9 assim que eliminas c\u00e9lulas mortas, part\u00edculas de polui\u00e7\u00e3o, excesso de oleosidade e restos de produtos (sejam de maquilhagem ou de hidrata\u00e7\u00e3o). Estes res\u00edduos, quando se acumulam nos poros, obstruem a pele, impedindo-a de respirar e, pior ainda, dificultando a absor\u00e7\u00e3o dos produtos seguintes da tua rotina facial [&hellip;]<\/p>\n","protected":false},"author":6,"featured_media":4848,"comment_status":"closed","ping_status":"closed","sticky":false,"template":"","format":"standard","meta":{"jnews-multi-image_gallery":[],"jnews_single_post":{"format":"standard"},"jnews_primary_category":[],"jnews_social_meta":[],"jnews_override_counter":[],"footnotes":""},"categories":[4,15],"tags":[],"class_list":["post-4845","post","type-post","status-publish","format-standard","has-post-thumbnail","hentry","category-cosmetica","category-cosmetica-facial"],"_links":{"self":[{"href":"https:\/\/www.primor.eu\/blog\/pt\/wp-json\/wp\/v2\/posts\/4845","targetHints":{"allow":["GET"]}}],"collection":[{"href":"https:\/\/www.primor.eu\/blog\/pt\/wp-json\/wp\/v2\/posts"}],"about":[{"href":"https:\/\/www.primor.eu\/blog\/pt\/wp-json\/wp\/v2\/types\/post"}],"author":[{"embeddable":true,"href":"https:\/\/www.primor.eu\/blog\/pt\/wp-json\/wp\/v2\/users\/6"}],"replies":[{"embeddable":true,"href":"https:\/\/www.primor.eu\/blog\/pt\/wp-json\/wp\/v2\/comments?post=4845"}],"version-history":[{"count":2,"href":"https:\/\/www.primor.eu\/blog\/pt\/wp-json\/wp\/v2\/posts\/4845\/revisions"}],"predecessor-version":[{"id":4850,"href":"https:\/\/www.primor.eu\/blog\/pt\/wp-json\/wp\/v2\/posts\/4845\/revisions\/4850"}],"wp:featuredmedia":[{"embeddable":true,"href":"https:\/\/www.primor.eu\/blog\/pt\/wp-json\/wp\/v2\/media\/4848"}],"wp:attachment":[{"href":"https:\/\/www.primor.eu\/blog\/pt\/wp-json\/wp\/v2\/media?parent=4845"}],"wp:term":[{"taxonomy":"category","embeddable":true,"href":"https:\/\/www.primor.eu\/blog\/pt\/wp-json\/wp\/v2\/categories?post=4845"},{"taxonomy":"post_tag","embeddable":true,"href":"https:\/\/www.primor.eu\/blog\/pt\/wp-json\/wp\/v2\/tags?post=4845"}],"curies":[{"name":"wp","href":"https:\/\/api.w.org\/{rel}","templated":true}]}}