
{"id":4692,"date":"2025-03-06T10:22:55","date_gmt":"2025-03-06T10:22:55","guid":{"rendered":"https:\/\/www.primor.eu\/blog\/pt\/?p=4692"},"modified":"2025-03-06T10:22:58","modified_gmt":"2025-03-06T10:22:58","slug":"oleo-amendoas-estrias-gravidez","status":"publish","type":"post","link":"https:\/\/www.primor.eu\/blog\/pt\/oleo-amendoas-estrias-gravidez\/","title":{"rendered":"Os benef\u00edcios do \u00f3leo de am\u00eandoas para tratar as estrias na gravidez"},"content":{"rendered":"\n<p>O <strong>\u00f3leo de am\u00eandoas<\/strong> \u00e9 um grande aliado para <strong>prevenir as estrias<\/strong> que podem surgir durante a gravidez. Nesta fase t\u00e3o especial da tua vida, o teu corpo passa por transforma\u00e7\u00f5es incr\u00edveis para dar vida a um novo ser humano. No entanto, essas mudan\u00e7as podem trazer algumas marcas, como as estrias.<\/p>\n\n\n\n<p>A gravidez \u00e9 um momento \u00fanico, e o ideal \u00e9 que a vivas da forma mais tranquila poss\u00edvel, sem te preocupares demasiado com o impacto que ter\u00e1 no teu corpo. Ainda assim, cuidar da pele com produtos naturais pode ajudar-te a minimizar as estrias e manter a pele saud\u00e1vel.<\/p>\n\n\n\n<p>O <strong>\u00f3leo de am\u00eandoas<\/strong> \u00e9 uma solu\u00e7\u00e3o eficaz para <strong>prevenir<\/strong> essas marcas, ajudando a manter a pele hidratada e el\u00e1stica. Vamos descobrir os seus principais benef\u00edcios!<\/p>\n\n\n\n<h2 class=\"wp-block-heading\">Benef\u00edcios do \u00f3leo de am\u00eandoas na gravidez para prevenir as estrias<\/h2>\n\n\n\n<p>Al\u00e9m de atuar diretamente na <strong>preven\u00e7\u00e3o das estrias<\/strong>, o uso do <strong>\u00f3leo de am\u00eandoas<\/strong> oferece muitas outras vantagens para a pele durante a gravidez:<\/p>\n\n\n\n<ul class=\"wp-block-list\">\n<li><strong>Hidrata\u00e7\u00e3o intensa<\/strong> \u2013 Rico em <strong>vitamina E, \u00e1cidos gordos e antioxidantes<\/strong>, este \u00f3leo mant\u00e9m a pele profundamente hidratada, prevenindo a secura.<\/li>\n\n\n\n<li><strong>Al\u00edvio da comich\u00e3o<\/strong> \u2013 \u00c0 medida que a pele se expande, pode surgir uma sensa\u00e7\u00e3o de <strong>prurido<\/strong>; o \u00f3leo de am\u00eandoas acalma a pele e reduz este desconforto.<\/li>\n\n\n\n<li><strong>Previne estrias<\/strong> \u2013 As suas propriedades mant\u00eam a pele el\u00e1stica, ajudando a evitar o aparecimento de estrias durante o crescimento da barriga.<\/li>\n\n\n\n<li><strong>100% natural e sem qu\u00edmicos<\/strong> \u2013 Livre de subst\u00e2ncias artificiais, \u00e9 seguro para a pele e para o beb\u00e9.<\/li>\n\n\n\n<li><strong>Cuida da pele do beb\u00e9<\/strong> \u2013 Por n\u00e3o conter ingredientes qu\u00edmicos prejudiciais, este \u00f3leo \u00e9 tamb\u00e9m ideal para o cuidado da pele sens\u00edvel do rec\u00e9m-nascido.<\/li>\n<\/ul>\n\n\n\n<p>Durante a gravidez, quanto mais <strong>naturais<\/strong> forem os produtos que usas, melhor. Seja na cosm\u00e9tica ou na alimenta\u00e7\u00e3o, minimizar o contacto com qu\u00edmicos \u00e9 sempre a melhor op\u00e7\u00e3o. Por isso, investir num <strong>\u00f3leo de am\u00eandoas puro<\/strong> \u00e9 uma excelente escolha para manter a pele hidratada e prevenir estrias.<\/p>\n\n\n\n<p>A seguir, apresentamos as melhores op\u00e7\u00f5es dispon\u00edveis na <strong>Primor<\/strong> para usares durante a gravidez.<\/p>\n\n\n\n<h2 class=\"wp-block-heading\">Os melhores \u00f3leos de am\u00eandoas est\u00e3o na Primor<\/h2>\n\n\n        <product-table class=\"pr-slider\">\r\n            <product-headers class=\"grid-table-rows\">\r\n                <div>Foto<\/div>\r\n                <div>Produto<\/div>\r\n                <div>Marca<\/div>\r\n                <div>Avalia\u00e7\u00f5es<\/div>\r\n                <div>Pre\u00e7o<\/div>\r\n            <\/product-headers>\r\n\r\n            <product-list>\r\n                                    <a href=\"https:\/\/www.primor.eu\/pt_pt\/weleda-oleo-de-massagem-anti-estrias-106064.html?#863=66863\" class=\"product-item grid-table-rows\" target=\"_blank\">\r\n                        <div>\r\n                            <img decoding=\"async\" class=\"product-img\" width=\"80px\" height=\"80px\" src=\"https:\/\/cdn2.primor.eu\/media\/catalog\/product\/cache\/8d3aba296f7a18b5251ee30fa5db42b2\/2\/B\/2BL01953_1_8312.jpg\" alt=\"\" title=\"\">\r\n                        <\/div>\r\n\r\n                        <!-- Contenido de producto  -->\r\n                        <div>\r\n                            <div class=\"product-position\">\r\n                                #1 Mais Vendidos                            <\/div>\r\n\r\n                            <h2>\r\n                                \u00d3leo de Massagem Antiestrias                            <\/h2>\r\n                        <\/div>\r\n\r\n                        <!-- Imagen y\/o nombre de la marca -->\r\n                        <div>\r\n                                                            <img decoding=\"async\" width=\"70\" src=\"https:\/\/www.primor.eu\/media\/catalog\/category\/Weleda.jpg\" alt=\"\" title=\"\">\r\n                                                    <\/div>\r\n\r\n                        <!-- Puntuaci\u00f3n del producto  -->\r\n                        <div class=\"rating\">\r\n                                                            <div class=\"rate\" style=\"--p:100;\"><\/div>\r\n                                <b>5\/5<\/b>\r\n                                <div class=\"rate-stars\">\r\n                                                                            <div\r\n                                            class=\"rate-star  \">\r\n                                        <\/div>\r\n                                                                            <div\r\n                                            class=\"rate-star  \">\r\n                                        <\/div>\r\n                                                                            <div\r\n                                            class=\"rate-star  \">\r\n                                        <\/div>\r\n                                                                            <div\r\n                                            class=\"rate-star  \">\r\n                                        <\/div>\r\n                                                                            <div\r\n                                            class=\"rate-star  \">\r\n                                        <\/div>\r\n                                                                    <\/div>\r\n                                                    <\/div>\r\n\r\n                        <!-- Bot\u00f3n de producto  -->\r\n                        <div>\r\n                            <span class=\"price-claim\">\r\n                                VER PRE\u00c7O                            <\/span>\r\n                        <\/div>\r\n                    <\/a>\r\n                                    <a href=\"https:\/\/www.primor.eu\/pt_pt\/ecobeauty-oleo-de-amendoas-doces-14447.html\" class=\"product-item grid-table-rows\" target=\"_blank\">\r\n                        <div>\r\n                            <img decoding=\"async\" class=\"product-img\" width=\"80px\" height=\"80px\" src=\"https:\/\/cdn2.primor.eu\/media\/catalog\/product\/cache\/8d3aba296f7a18b5251ee30fa5db42b2\/6\/X\/6XS04697_1_3b78.jpg\" alt=\"\" title=\"\">\r\n                        <\/div>\r\n\r\n                        <!-- Contenido de producto  -->\r\n                        <div>\r\n                            <div class=\"product-position\">\r\n                                #2                            <\/div>\r\n\r\n                            <h2>\r\n                                \u00d3leo de Am\u00eandoas Doces                            <\/h2>\r\n                        <\/div>\r\n\r\n                        <!-- Imagen y\/o nombre de la marca -->\r\n                        <div>\r\n                                                            <img decoding=\"async\" width=\"70\" src=\"https:\/\/www.primor.eu\/media\/catalog\/category\/eco_beauty.jpg\" alt=\"\" title=\"\">\r\n                                                    <\/div>\r\n\r\n                        <!-- Puntuaci\u00f3n del producto  -->\r\n                        <div class=\"rating\">\r\n                                                            <div class=\"rate\" style=\"--p:96;\"><\/div>\r\n                                <b>4.8\/5<\/b>\r\n                                <div class=\"rate-stars\">\r\n                                                                            <div\r\n                                            class=\"rate-star  \">\r\n                                        <\/div>\r\n                                                                            <div\r\n                                            class=\"rate-star  \">\r\n                                        <\/div>\r\n                                                                            <div\r\n                                            class=\"rate-star  \">\r\n                                        <\/div>\r\n                                                                            <div\r\n                                            class=\"rate-star  \">\r\n                                        <\/div>\r\n                                                                            <div\r\n                                            class=\"rate-star  \">\r\n                                        <\/div>\r\n                                                                    <\/div>\r\n                                                    <\/div>\r\n\r\n                        <!-- Bot\u00f3n de producto  -->\r\n                        <div>\r\n                            <span class=\"price-claim\">\r\n                                VER PRE\u00c7O                            <\/span>\r\n                        <\/div>\r\n                    <\/a>\r\n                                    <a href=\"https:\/\/www.primor.eu\/pt_pt\/arganour-oleo-de-amendoa-doce-14661.html\" class=\"product-item grid-table-rows\" target=\"_blank\">\r\n                        <div>\r\n                            <img decoding=\"async\" class=\"product-img\" width=\"80px\" height=\"80px\" src=\"https:\/\/cdn2.primor.eu\/media\/catalog\/product\/cache\/8d3aba296f7a18b5251ee30fa5db42b2\/0\/T\/0TF12521_1_671e.jpg\" alt=\"\" title=\"\">\r\n                        <\/div>\r\n\r\n                        <!-- Contenido de producto  -->\r\n                        <div>\r\n                            <div class=\"product-position\">\r\n                                #3                            <\/div>\r\n\r\n                            <h2>\r\n                                \u00d3leo de Am\u00eandoas Doces                            <\/h2>\r\n                        <\/div>\r\n\r\n                        <!-- Imagen y\/o nombre de la marca -->\r\n                        <div>\r\n                                                            <img decoding=\"async\" width=\"70\" src=\"https:\/\/www.primor.eu\/media\/catalog\/category\/arganour.jpg\" alt=\"\" title=\"\">\r\n                                                    <\/div>\r\n\r\n                        <!-- Puntuaci\u00f3n del producto  -->\r\n                        <div class=\"rating\">\r\n                                                            <div class=\"rate\" style=\"--p:94;\"><\/div>\r\n                                <b>4.7\/5<\/b>\r\n                                <div class=\"rate-stars\">\r\n                                                                            <div\r\n                                            class=\"rate-star  \">\r\n                                        <\/div>\r\n                                                                            <div\r\n                                            class=\"rate-star  \">\r\n                                        <\/div>\r\n                                                                            <div\r\n                                            class=\"rate-star  \">\r\n                                        <\/div>\r\n                                                                            <div\r\n                                            class=\"rate-star  \">\r\n                                        <\/div>\r\n                                                                            <div\r\n                                            class=\"rate-star  \">\r\n                                        <\/div>\r\n                                                                    <\/div>\r\n                                                    <\/div>\r\n\r\n                        <!-- Bot\u00f3n de producto  -->\r\n                        <div>\r\n                            <span class=\"price-claim\">\r\n                                VER PRE\u00c7O                            <\/span>\r\n                        <\/div>\r\n                    <\/a>\r\n                            <\/product-list>\r\n        <\/product-table>\r\n\r\n        \n\n\n<h3 class=\"wp-block-heading\">Eco Beauty \u00d3leo de Am\u00eandoas Doces<\/h3>\n\n\n\n<p>O <strong>\u00d3leo de Am\u00eandoas Doces<\/strong> da <strong>Eco Beauty<\/strong> \u00e9 rico em <strong>\u00e1cidos gordos insaturados<\/strong>, tornando-se um produto altamente <strong>nutritivo e hidratante<\/strong>. \u00c9 indicado para <strong>todos os tipos de pele<\/strong>, inclusive as mais sens\u00edveis, como a pele dos beb\u00e9s, gra\u00e7as \u00e0s suas propriedades <strong>emolientes<\/strong>.<\/p>\n\n\n    <a class='product' target='_blank' href='https:\/\/www.primor.eu\/pt_pt\/ecobeauty-oleo-de-amendoas-doces-14447.html'>\r\n        <img fetchpriority=\"high\" decoding=\"async\" width=\"300\" height=\"300\" loading=\"async\" src=\"https:\/\/cdn2.primor.eu\/media\/catalog\/product\/cache\/8d3aba296f7a18b5251ee30fa5db42b2\/6\/X\/6XS04697_1_3b78.jpg\" alt=\"\" title=\"\">\r\n            <div class=\"claim\">\r\n                 COMPRAR AGORA            <\/div>\r\n        <\/a>\r\n    \n\n\n<h3 class=\"wp-block-heading\">Arganour \u00d3leo de Am\u00eandoas Doces<\/h3>\n\n\n\n<p>O <strong>\u00d3leo de Am\u00eandoas Doces<\/strong> da <strong>Arganour <\/strong>\u00e9 um \u00f3leo <strong>vegetal 100% puro<\/strong>, rico em <strong>prote\u00ednas, \u00e1cidos gordos essenciais (Omega 3 e Omega 6) e vitamina E<\/strong>.<\/p>\n\n\n\n<ul class=\"wp-block-list\">\n<li>Estimula a <strong>regenera\u00e7\u00e3o cut\u00e2nea<\/strong> e ajuda na cicatriza\u00e7\u00e3o de feridas e queimaduras.<\/li>\n\n\n\n<li>A <strong>vitamina E<\/strong> atua como um potente antioxidante, combatendo os radicais livres.<\/li>\n\n\n\n<li>Proporciona uma <strong>hidrata\u00e7\u00e3o profunda<\/strong>, nutrindo a pele e estimulando a produ\u00e7\u00e3o de <strong>colag\u00e9nio e elastina<\/strong>, melhorando a elasticidade e prevenindo <strong>estrias e rugas<\/strong>.<\/li>\n\n\n\n<li>Indicado para <strong>peles secas, at\u00f3picas, irritadas ou com psor\u00edase<\/strong>.<\/li>\n\n\n\n<li>Pode ser usado para aliviar <strong>assaduras do beb\u00e9<\/strong>.<\/li>\n<\/ul>\n\n\n\n<p>Ap\u00f3s a aplica\u00e7\u00e3o, a pele fica <strong>mais suave, firme, hidratada e el\u00e1stica<\/strong>, sendo um \u00f3timo aliado na gravidez para prevenir estrias.<\/p>\n\n\n    <a class='product' target='_blank' href='https:\/\/www.primor.eu\/pt_pt\/arganour-oleo-de-amendoa-doce-14661.html'>\r\n        <img decoding=\"async\" width=\"300\" height=\"300\" loading=\"async\" src=\"https:\/\/cdn2.primor.eu\/media\/catalog\/product\/cache\/8d3aba296f7a18b5251ee30fa5db42b2\/0\/T\/0TF12521_1_671e.jpg\" alt=\"\" title=\"\">\r\n            <div class=\"claim\">\r\n                 COMPRAR AGORA            <\/div>\r\n        <\/a>\r\n    \n\n\n<h3 class=\"wp-block-heading\">Weleda \u00d3leo de Massagem Antiestrias<\/h3>\n\n\n\n<p>O <strong>\u00d3leo de Massagem Antiestrias da WELEDA<\/strong> foi especialmente desenvolvido para <strong>prevenir e reduzir as estrias<\/strong>, deixando a pele mais <strong>suave, firme e el\u00e1stica<\/strong>. Com uma <strong>f\u00f3rmula 100% vegetal<\/strong>, este \u00f3leo corporal \u00e9 ideal para <strong>massagens di\u00e1rias<\/strong>, ajudando a <strong>refor\u00e7ar a firmeza da pele<\/strong> e a minimizar as marcas causadas pelas mudan\u00e7as naturais do corpo.<\/p>\n\n\n\n<p>Al\u00e9m de ser um aliado essencial durante a <strong>gravidez<\/strong>, tamb\u00e9m \u00e9 eficaz na <strong>redu\u00e7\u00e3o de estrias<\/strong> resultantes de <strong>varia\u00e7\u00f5es bruscas de peso<\/strong>. Atua em zonas como a barriga, coxas, n\u00e1degas e peito, promovendo uma pele mais nutrida e protegida.<\/p>\n\n\n    <a class='product' target='_blank' href='https:\/\/www.primor.eu\/pt_pt\/weleda-oleo-de-massagem-anti-estrias-106064.html?#863=66863'>\r\n        <img decoding=\"async\" width=\"300\" height=\"300\" loading=\"async\" src=\"https:\/\/cdn2.primor.eu\/media\/catalog\/product\/cache\/8d3aba296f7a18b5251ee30fa5db42b2\/2\/B\/2BL01953_1_8312.jpg\" alt=\"\" title=\"\">\r\n            <div class=\"claim\">\r\n                 COMPRAR AGORA            <\/div>\r\n        <\/a>\r\n    \n\n\n<h3 class=\"wp-block-heading\">Beauty Drops \u00d3leo de Am\u00eandoas Doces<\/h3>\n\n\n\n<p>O <strong>\u00d3leo de Am\u00eandoas Doces<\/strong> \u00e9 perfeito para <strong>nutrir, hidratar e acalmar a pele<\/strong>, proporcionando suavidade e elasticidade. Al\u00e9m disso, \u00e9 frequentemente utilizado em combina\u00e7\u00e3o com <strong>\u00f3leos essenciais<\/strong> para massagens, potenciando os seus benef\u00edcios relaxantes e revitalizantes.<\/p>\n\n\n    <a class='product' target='_blank' href='https:\/\/www.primor.eu\/pt_pt\/beauty-drops-oleo-de-amendoas-doces-98583.html'>\r\n        <img decoding=\"async\" width=\"300\" height=\"300\" loading=\"async\" src=\"https:\/\/cdn2.primor.eu\/media\/catalog\/product\/cache\/8d3aba296f7a18b5251ee30fa5db42b2\/A\/l\/Almendras_Beauty_Drops_removebg_preview_e25d.png\" alt=\"\" title=\"\">\r\n            <div class=\"claim\">\r\n                 COMPRAR AGORA            <\/div>\r\n        <\/a>\r\n    \n\n\n<p>Se procuras um produto <strong>natural, seguro e eficaz<\/strong>, o \u00f3leo de am\u00eandoas \u00e9 a solu\u00e7\u00e3o perfeita para cuidar da tua pele durante a gravidez!<\/p>\n","protected":false},"excerpt":{"rendered":"<p>O \u00f3leo de am\u00eandoas \u00e9 um grande aliado para prevenir as estrias que podem surgir durante a gravidez. Nesta fase t\u00e3o especial da tua vida, o teu corpo passa por transforma\u00e7\u00f5es incr\u00edveis para dar vida a um novo ser humano. No entanto, essas mudan\u00e7as podem trazer algumas marcas, como as estrias. A gravidez \u00e9 um [&hellip;]<\/p>\n","protected":false},"author":6,"featured_media":4693,"comment_status":"closed","ping_status":"closed","sticky":false,"template":"","format":"standard","meta":{"jnews-multi-image_gallery":[],"jnews_single_post":{"format":"standard"},"jnews_primary_category":[],"jnews_social_meta":[],"jnews_override_counter":[],"footnotes":""},"categories":[7],"tags":[],"class_list":["post-4692","post","type-post","status-publish","format-standard","has-post-thumbnail","hentry","category-bebes-e-mamas"],"_links":{"self":[{"href":"https:\/\/www.primor.eu\/blog\/pt\/wp-json\/wp\/v2\/posts\/4692","targetHints":{"allow":["GET"]}}],"collection":[{"href":"https:\/\/www.primor.eu\/blog\/pt\/wp-json\/wp\/v2\/posts"}],"about":[{"href":"https:\/\/www.primor.eu\/blog\/pt\/wp-json\/wp\/v2\/types\/post"}],"author":[{"embeddable":true,"href":"https:\/\/www.primor.eu\/blog\/pt\/wp-json\/wp\/v2\/users\/6"}],"replies":[{"embeddable":true,"href":"https:\/\/www.primor.eu\/blog\/pt\/wp-json\/wp\/v2\/comments?post=4692"}],"version-history":[{"count":1,"href":"https:\/\/www.primor.eu\/blog\/pt\/wp-json\/wp\/v2\/posts\/4692\/revisions"}],"predecessor-version":[{"id":4694,"href":"https:\/\/www.primor.eu\/blog\/pt\/wp-json\/wp\/v2\/posts\/4692\/revisions\/4694"}],"wp:featuredmedia":[{"embeddable":true,"href":"https:\/\/www.primor.eu\/blog\/pt\/wp-json\/wp\/v2\/media\/4693"}],"wp:attachment":[{"href":"https:\/\/www.primor.eu\/blog\/pt\/wp-json\/wp\/v2\/media?parent=4692"}],"wp:term":[{"taxonomy":"category","embeddable":true,"href":"https:\/\/www.primor.eu\/blog\/pt\/wp-json\/wp\/v2\/categories?post=4692"},{"taxonomy":"post_tag","embeddable":true,"href":"https:\/\/www.primor.eu\/blog\/pt\/wp-json\/wp\/v2\/tags?post=4692"}],"curies":[{"name":"wp","href":"https:\/\/api.w.org\/{rel}","templated":true}]}}