
{"id":4685,"date":"2025-03-06T09:47:00","date_gmt":"2025-03-06T09:47:00","guid":{"rendered":"https:\/\/www.primor.eu\/blog\/pt\/?p=4685"},"modified":"2026-01-29T09:04:52","modified_gmt":"2026-01-29T09:04:52","slug":"milky-nails","status":"publish","type":"post","link":"https:\/\/www.primor.eu\/blog\/pt\/milky-nails\/","title":{"rendered":"As milky nails s\u00e3o tend\u00eancia e aqui est\u00e1 como podes faz\u00ea-las em casa"},"content":{"rendered":"\n<p>As <strong>milky nails<\/strong> est\u00e3o em alta. Depois da febre das <strong>unhas latte<\/strong>, chegam as unhas com um tom branco leitoso. Pass\u00e1mos das tonalidades de um caf\u00e9 latte ou de um ch\u00e1 com um toque de leite para o branco imaculado, trazendo aquela sensa\u00e7\u00e3o de aconchego que uma ch\u00e1vena de leite quente numa tarde de inverno nos proporciona.<\/p>\n\n\n\n<p>O melhor das <strong>milky nails<\/strong> \u00e9 que esta \u00e9 uma manicure que podes fazer em casa sem grande esfor\u00e7o. Al\u00e9m disso, podes optar por uma manicure permanente ou natural, j\u00e1 que s\u00f3 precisas deste tom de verniz e de um curto espa\u00e7o de tempo.<\/p>\n\n\n\n<p>Esta tend\u00eancia \u00e9 cl\u00e1ssica, elegante, sofisticada e permite varia\u00e7\u00f5es em tons crus. Uma aposta que <strong>Chanel<\/strong> destacou para 2026 e que, sem d\u00favida, continuar\u00e1 a ser escolhida por muitas ao longo deste ano.<\/p>\n\n\n\n<h2 class=\"wp-block-heading\">Passo a passo para fazer as milky nails em casa<\/h2>\n\n\n\n<p>O mais interessante das <strong>milky nails<\/strong> \u00e9 que s\u00e3o perfeitas para qualquer ocasi\u00e3o. Podes us\u00e1-las no dia a dia, no trabalho, num casamento \u2013 at\u00e9 se fores a noiva e quiseres manter a harmonia com o branco do teu vestido \u2013 ou num evento onde escolhas tons claros ou brancos. Segue o passo a passo para consegui-las:<\/p>\n\n\n\n<ol class=\"wp-block-list\">\n<li><strong>Remove o verniz antigo<\/strong> \u2013 Mesmo que seja apenas uma base ou brilho, certifica-te de que eliminas qualquer res\u00edduo antes de come\u00e7ares.<\/li>\n\n\n\n<li><strong>Faz a manicure<\/strong> \u2013 Depois de retirares o verniz antigo, corta e lima as unhas. As <strong>milky nails<\/strong> ficam incr\u00edveis em unhas curtas, por isso, ajusta o comprimento ao teu gosto.<\/li>\n\n\n\n<li><strong>Aplica um top coat<\/strong> \u2013 Antes de pintares as unhas com o tom escolhido, aplica uma camada de <strong>top coat<\/strong>. Isto melhora a ader\u00eancia do verniz e protege as unhas com vitaminas.<\/li>\n\n\n\n<li><strong>Aplica o verniz<\/strong> \u2013 Quando a camada de <strong>top coat<\/strong> estiver seca, aplica o verniz na cor escolhida para as tuas <strong>milky nails<\/strong>.<\/li>\n\n\n\n<li><strong>Protege com mais uma camada de top coat<\/strong> \u2013 Se quiseres, aplica mais uma camada de <strong>top coat<\/strong> para selar a cor e prolongar a dura\u00e7\u00e3o da manicure.<\/li>\n\n\n\n<li><strong>Limpa os excessos<\/strong> \u2013 Remove qualquer vest\u00edgio de verniz ou base que possa ter ficado nos cantos.<\/li>\n\n\n\n<li><strong>Hidrata as cut\u00edculas<\/strong> \u2013 Finaliza a manicure aplicando um \u00f3leo especial para cut\u00edculas, garantindo um acabamento impec\u00e1vel.<\/li>\n<\/ol>\n\n\n\n<h2 class=\"wp-block-heading\">Produtos para conseguir as milky nails em casa<\/h2>\n\n\n\n<p>Para recriares esta tend\u00eancia em casa, basta escolheres um bom <strong>verniz branco leitoso<\/strong>, um <strong>top coat de qualidade<\/strong> e um <strong>\u00f3leo para cut\u00edculas<\/strong>. Podes ainda apostar numa <strong>base fortalecedora<\/strong> para proteger as unhas.<\/p>\n\n\n\n<p>Agora que j\u00e1 sabes como fazer as <strong>milky nails<\/strong>, experimenta e transforma a tua manicure com esta tend\u00eancia elegante e minimalista!<\/p>\n\n\n\n<h2 class=\"wp-block-heading\">Produtos para conseguir as milky nails em casa<\/h2>\n\n\n        <product-table class=\"pr-slider\">\r\n            <product-headers class=\"grid-table-rows\">\r\n                <div>Foto<\/div>\r\n                <div>Produto<\/div>\r\n                <div>Marca<\/div>\r\n                <div>Avalia\u00e7\u00f5es<\/div>\r\n                <div>Pre\u00e7o<\/div>\r\n            <\/product-headers>\r\n\r\n            <product-list>\r\n                                    <a href=\"https:\/\/www.primor.eu\/pt_pt\/dermacol-reparac-o-de-bases-3-em-1-74715.html\" class=\"product-item grid-table-rows\" target=\"_blank\">\r\n                        <div>\r\n                            <img decoding=\"async\" class=\"product-img\" width=\"80px\" height=\"80px\" src=\"https:\/\/cdn2.primor.eu\/media\/catalog\/product\/cache\/8d3aba296f7a18b5251ee30fa5db42b2\/0\/M\/0MM16523_1_c24a.jpg\" alt=\"\" title=\"\">\r\n                        <\/div>\r\n\r\n                        <!-- Contenido de producto  -->\r\n                        <div>\r\n                            <div class=\"product-position\">\r\n                                #1 Mais Vendidos                            <\/div>\r\n\r\n                            <h2>\r\n                                3 in 1 Reparador Base CoatnM-0MM13863                            <\/h2>\r\n                        <\/div>\r\n\r\n                        <!-- Imagen y\/o nombre de la marca -->\r\n                        <div>\r\n                                                            <img decoding=\"async\" width=\"70\" src=\"https:\/\/www.primor.eu\/media\/catalog\/category\/Dermacol.jpg\" alt=\"\" title=\"\">\r\n                                                    <\/div>\r\n\r\n                        <!-- Puntuaci\u00f3n del producto  -->\r\n                        <div class=\"rating\">\r\n                                                            <div class=\"rate\" style=\"--p:94;\"><\/div>\r\n                                <b>4.7\/5<\/b>\r\n                                <div class=\"rate-stars\">\r\n                                                                            <div\r\n                                            class=\"rate-star  \">\r\n                                        <\/div>\r\n                                                                            <div\r\n                                            class=\"rate-star  \">\r\n                                        <\/div>\r\n                                                                            <div\r\n                                            class=\"rate-star  \">\r\n                                        <\/div>\r\n                                                                            <div\r\n                                            class=\"rate-star  \">\r\n                                        <\/div>\r\n                                                                            <div\r\n                                            class=\"rate-star  \">\r\n                                        <\/div>\r\n                                                                    <\/div>\r\n                                                    <\/div>\r\n\r\n                        <!-- Bot\u00f3n de producto  -->\r\n                        <div>\r\n                            <span class=\"price-claim\">\r\n                                VER PRE\u00c7O                            <\/span>\r\n                        <\/div>\r\n                    <\/a>\r\n                            <\/product-list>\r\n        <\/product-table>\r\n\r\n        \n\n\n<p>Aqui est\u00e3o alguns produtos essenciais para recriares esta tend\u00eancia com um acabamento impec\u00e1vel e unhas saud\u00e1veis:<\/p>\n\n\n\n<h3 class=\"wp-block-heading\">Dermacol 3 in 1 Reparador Base Coat<\/h3>\n\n\n\n<p>O <strong>3 in 1 Nail Repair<\/strong> \u00e9 um fortalecedor de unhas que funciona como uma verdadeira bomba de vitaminas (<strong>E, B5, F<\/strong>) para unhas fr\u00e1geis e quebradi\u00e7as. Cont\u00e9m um complexo especial de <strong>extrato de castanha<\/strong>, que fortalece a placa da unha e ajuda a restaurar a barreira protetora, garantindo unhas perfeitamente hidratadas.<\/p>\n\n\n    <a class='product' target='_blank' href='https:\/\/www.primor.eu\/pt_pt\/dermacol-reparac-o-de-bases-3-em-1-74715.html'>\r\n        <img fetchpriority=\"high\" decoding=\"async\" width=\"300\" height=\"300\" loading=\"async\" src=\"https:\/\/cdn2.primor.eu\/media\/catalog\/product\/cache\/8d3aba296f7a18b5251ee30fa5db42b2\/0\/M\/0MM16523_1_c24a.jpg\" alt=\"\" title=\"\">\r\n            <div class=\"claim\">\r\n                 COMPRAR AGORA            <\/div>\r\n        <\/a>\r\n    \n\n\n<h3 class=\"wp-block-heading\">OPI Nail Lacquer Cole\u00e7\u00e3o Brancos e Naturais<\/h3>\n\n\n\n<p>A cole\u00e7\u00e3o <strong>Brancos e Naturais<\/strong> da <strong>OPI<\/strong> oferece uma gama de cores deslumbrantes, formuladas para um acabamento impec\u00e1vel e duradouro. Este verniz pode ser usado sozinho para um efeito natural, mas quando combinado com uma <strong>base coat OPI<\/strong> e um <strong>top coat OPI<\/strong>, garante uma manicure ou pedicure perfeita em casa. A sua <strong>f\u00f3rmula de secagem r\u00e1pida<\/strong> proporciona uma aplica\u00e7\u00e3o suave e sem falhas.<\/p>\n\n\n    <a class='product' target='_blank' href='https:\/\/www.primor.eu\/pt_pt\/opi-nail-lacquer-colec-o-brancos-e-naturais-109553.html?#803=53708'>\r\n        <img decoding=\"async\" width=\"300\" height=\"300\" loading=\"async\" src=\"https:\/\/cdn2.primor.eu\/media\/catalog\/product\/cache\/8d3aba296f7a18b5251ee30fa5db42b2\/0\/M\/0MM04786_1_e71f.jpg\" alt=\"\" title=\"\">\r\n            <div class=\"claim\">\r\n                 COMPRAR AGORA            <\/div>\r\n        <\/a>\r\n    \n\n\n<h3 class=\"wp-block-heading\">Rimmel \u00d3leo Reparador de Cut\u00edculas<\/h3>\n\n\n\n<p>O <strong>\u00f3leo reparador de cut\u00edculas<\/strong> da <strong>Rimmel London <\/strong>\u00e9 um aliado indispens\u00e1vel para manter as unhas impec\u00e1veis. Este gel suaviza e revitaliza as cut\u00edculas, protegendo-as contra a secura e melhorando instantaneamente o seu aspeto. A sua <strong>f\u00f3rmula de r\u00e1pida absor\u00e7\u00e3o<\/strong> cont\u00e9m <strong>95% de ingredientes de origem natural<\/strong>, incluindo <strong>vitamina E<\/strong>, para uma hidrata\u00e7\u00e3o intensa e duradoura. F\u00e1cil de aplicar, \u00e9 perfeito para incluir na tua rotina de cuidado de unhas.<\/p>\n\n\n    <a class='product' target='_blank' href='https:\/\/www.primor.eu\/pt_pt\/rimmel-oleo-reparador-de-cuticulas-99173.html'>\r\n        <img decoding=\"async\" width=\"300\" height=\"300\" loading=\"async\" src=\"https:\/\/cdn2.primor.eu\/media\/catalog\/product\/cache\/8d3aba296f7a18b5251ee30fa5db42b2\/M\/A\/MAIN_3616305156808_b73c.png\" alt=\"\" title=\"\">\r\n            <div class=\"claim\">\r\n                 COMPRAR AGORA            <\/div>\r\n        <\/a>\r\n    \n\n\n<p>Com estes produtos, vais conseguir uma manicure perfeita em casa e garantir que as tuas <strong>milky nails<\/strong> fiquem bonitas e saud\u00e1veis por mais tempo!<\/p>\n","protected":false},"excerpt":{"rendered":"<p>As milky nails est\u00e3o em alta. Depois da febre das unhas latte, chegam as unhas com um tom branco leitoso. Pass\u00e1mos das tonalidades de um caf\u00e9 latte ou de um ch\u00e1 com um toque de leite para o branco imaculado, trazendo aquela sensa\u00e7\u00e3o de aconchego que uma ch\u00e1vena de leite quente numa tarde de inverno [&hellip;]<\/p>\n","protected":false},"author":6,"featured_media":4686,"comment_status":"closed","ping_status":"closed","sticky":false,"template":"","format":"standard","meta":{"jnews-multi-image_gallery":[],"jnews_single_post":{"format":"standard"},"jnews_primary_category":[],"jnews_social_meta":[],"jnews_override_counter":[],"footnotes":""},"categories":[13],"tags":[],"class_list":["post-4685","post","type-post","status-publish","format-standard","has-post-thumbnail","hentry","category-manicures"],"_links":{"self":[{"href":"https:\/\/www.primor.eu\/blog\/pt\/wp-json\/wp\/v2\/posts\/4685","targetHints":{"allow":["GET"]}}],"collection":[{"href":"https:\/\/www.primor.eu\/blog\/pt\/wp-json\/wp\/v2\/posts"}],"about":[{"href":"https:\/\/www.primor.eu\/blog\/pt\/wp-json\/wp\/v2\/types\/post"}],"author":[{"embeddable":true,"href":"https:\/\/www.primor.eu\/blog\/pt\/wp-json\/wp\/v2\/users\/6"}],"replies":[{"embeddable":true,"href":"https:\/\/www.primor.eu\/blog\/pt\/wp-json\/wp\/v2\/comments?post=4685"}],"version-history":[{"count":2,"href":"https:\/\/www.primor.eu\/blog\/pt\/wp-json\/wp\/v2\/posts\/4685\/revisions"}],"predecessor-version":[{"id":6281,"href":"https:\/\/www.primor.eu\/blog\/pt\/wp-json\/wp\/v2\/posts\/4685\/revisions\/6281"}],"wp:featuredmedia":[{"embeddable":true,"href":"https:\/\/www.primor.eu\/blog\/pt\/wp-json\/wp\/v2\/media\/4686"}],"wp:attachment":[{"href":"https:\/\/www.primor.eu\/blog\/pt\/wp-json\/wp\/v2\/media?parent=4685"}],"wp:term":[{"taxonomy":"category","embeddable":true,"href":"https:\/\/www.primor.eu\/blog\/pt\/wp-json\/wp\/v2\/categories?post=4685"},{"taxonomy":"post_tag","embeddable":true,"href":"https:\/\/www.primor.eu\/blog\/pt\/wp-json\/wp\/v2\/tags?post=4685"}],"curies":[{"name":"wp","href":"https:\/\/api.w.org\/{rel}","templated":true}]}}