
{"id":4616,"date":"2025-02-21T11:49:03","date_gmt":"2025-02-21T11:49:03","guid":{"rendered":"https:\/\/www.primor.eu\/blog\/pt\/?p=4616"},"modified":"2026-01-27T16:30:46","modified_gmt":"2026-01-27T16:30:46","slug":"ideias-prendas-dia-do-pai","status":"publish","type":"post","link":"https:\/\/www.primor.eu\/blog\/pt\/ideias-prendas-dia-do-pai\/","title":{"rendered":"Prendas originais para o Dia do Pai: surpreende com ideias \u00fanicas!"},"content":{"rendered":"\n<p>O <a href=\"https:\/\/www.primor.eu\/pt_pt\/presentes-originais-dia-do-pai\"><strong>Dia do Pai<\/strong> <\/a>\u00e9 uma das datas mais especiais em fam\u00edlia, um momento para celebrar o amor que sentimos pelos nossos pais e agradecer-lhes por tudo o que fazem por n\u00f3s. Se est\u00e1s \u00e0 procura de uma<strong> ideia de presente original para surpreender o teu pai<\/strong>, na Primor temos uma vasta sele\u00e7\u00e3o dos melhores presentes para o Dia do Pai que v\u00e3o garantir o teu acerto neste <strong>19 de mar\u00e7o<\/strong>. Descobre-os agora!<\/p>\n\n\n\n<h2 class=\"wp-block-heading\">Ideias de presente para o Dia do Pai<\/h2>\n\n\n\n<p>O presente perfeito para o Dia do Pai pode variar consoante os gostos e necessidades do teu pai. Por isso, na Primor queremos oferecer-te diversas op\u00e7\u00f5es para que possas escolher entre uma grande variedade e encontrar o <strong>presente ideal<\/strong>. Aqui tens uma lista com as ideias de presentes mais originais em <a href=\"https:\/\/www.primor.eu\/pt_pt\/perfumes-homem\"><strong>perfumes <\/strong><\/a>e <a href=\"https:\/\/www.primor.eu\/pt_pt\/cosmeticos-de-homens\"><strong>cosm\u00e9tica masculina<\/strong><\/a>. N\u00e3o percas!<\/p>\n\n\n        <product-table class=\"pr-slider\">\r\n            <product-headers class=\"grid-table-rows\">\r\n                <div>Foto<\/div>\r\n                <div>Produto<\/div>\r\n                <div>Marca<\/div>\r\n                <div>Avalia\u00e7\u00f5es<\/div>\r\n                <div>Pre\u00e7o<\/div>\r\n            <\/product-headers>\r\n\r\n            <product-list>\r\n                                    <a href=\"https:\/\/www.primor.eu\/pt_pt\/carolina-herrera-coffret-bad-boy-cobalt-eau-de-parfum-112845.html?#863=67604\" class=\"product-item grid-table-rows\" target=\"_blank\">\r\n                        <div>\r\n                            <img decoding=\"async\" class=\"product-img\" width=\"80px\" height=\"80px\" src=\"https:\/\/cdn2.primor.eu\/media\/catalog\/product\/cache\/8d3aba296f7a18b5251ee30fa5db42b2\/8\/4\/8411061092552_5e1f.jpg\" alt=\"\" title=\"\">\r\n                        <\/div>\r\n\r\n                        <!-- Contenido de producto  -->\r\n                        <div>\r\n                            <div class=\"product-position\">\r\n                                #1 Mais Vendidos                            <\/div>\r\n\r\n                            <h2>\r\n                                Coffret Bad Boy Cobalt Eau de Parfum                            <\/h2>\r\n                        <\/div>\r\n\r\n                        <!-- Imagen y\/o nombre de la marca -->\r\n                        <div>\r\n                                                            <img decoding=\"async\" width=\"70\" src=\"https:\/\/www.primor.eu\/media\/catalog\/category\/carolina-herrera.png\" alt=\"\" title=\"\">\r\n                                                    <\/div>\r\n\r\n                        <!-- Puntuaci\u00f3n del producto  -->\r\n                        <div class=\"rating\">\r\n                                                            <div class=\"rate\" style=\"--p:100;\"><\/div>\r\n                                <b>5\/5<\/b>\r\n                                <div class=\"rate-stars\">\r\n                                                                            <div\r\n                                            class=\"rate-star  \">\r\n                                        <\/div>\r\n                                                                            <div\r\n                                            class=\"rate-star  \">\r\n                                        <\/div>\r\n                                                                            <div\r\n                                            class=\"rate-star  \">\r\n                                        <\/div>\r\n                                                                            <div\r\n                                            class=\"rate-star  \">\r\n                                        <\/div>\r\n                                                                            <div\r\n                                            class=\"rate-star  \">\r\n                                        <\/div>\r\n                                                                    <\/div>\r\n                                                    <\/div>\r\n\r\n                        <!-- Bot\u00f3n de producto  -->\r\n                        <div>\r\n                            <span class=\"price-claim\">\r\n                                VER PRE\u00c7O                            <\/span>\r\n                        <\/div>\r\n                    <\/a>\r\n                                    <a href=\"https:\/\/www.primor.eu\/pt_pt\/calvin-klein-estojo-eau-de-toilette-unissexo-ck-one-112701.html?#863=67775\" class=\"product-item grid-table-rows\" target=\"_blank\">\r\n                        <div>\r\n                            <img decoding=\"async\" class=\"product-img\" width=\"80px\" height=\"80px\" src=\"https:\/\/cdn2.primor.eu\/media\/catalog\/product\/cache\/8d3aba296f7a18b5251ee30fa5db42b2\/3\/6\/3616304966521_979d.jpeg\" alt=\"\" title=\"\">\r\n                        <\/div>\r\n\r\n                        <!-- Contenido de producto  -->\r\n                        <div>\r\n                            <div class=\"product-position\">\r\n                                #2                            <\/div>\r\n\r\n                            <h2>\r\n                                Coffret CK One Unissexo Eau de Toilette                            <\/h2>\r\n                        <\/div>\r\n\r\n                        <!-- Imagen y\/o nombre de la marca -->\r\n                        <div>\r\n                                                            <img decoding=\"async\" width=\"70\" src=\"https:\/\/www.primor.eu\/media\/catalog\/category\/calvin-klein.png\" alt=\"\" title=\"\">\r\n                                                    <\/div>\r\n\r\n                        <!-- Puntuaci\u00f3n del producto  -->\r\n                        <div class=\"rating\">\r\n                                                            <div class=\"rate\" style=\"--p:96;\"><\/div>\r\n                                <b>4.8\/5<\/b>\r\n                                <div class=\"rate-stars\">\r\n                                                                            <div\r\n                                            class=\"rate-star  \">\r\n                                        <\/div>\r\n                                                                            <div\r\n                                            class=\"rate-star  \">\r\n                                        <\/div>\r\n                                                                            <div\r\n                                            class=\"rate-star  \">\r\n                                        <\/div>\r\n                                                                            <div\r\n                                            class=\"rate-star  \">\r\n                                        <\/div>\r\n                                                                            <div\r\n                                            class=\"rate-star  \">\r\n                                        <\/div>\r\n                                                                    <\/div>\r\n                                                    <\/div>\r\n\r\n                        <!-- Bot\u00f3n de producto  -->\r\n                        <div>\r\n                            <span class=\"price-claim\">\r\n                                VER PRE\u00c7O                            <\/span>\r\n                        <\/div>\r\n                    <\/a>\r\n                                    <a href=\"https:\/\/www.primor.eu\/pt_pt\/nivea-men-pack-hyaluron-114017.html\" class=\"product-item grid-table-rows\" target=\"_blank\">\r\n                        <div>\r\n                            <img decoding=\"async\" class=\"product-img\" width=\"80px\" height=\"80px\" src=\"https:\/\/cdn2.primor.eu\/media\/catalog\/product\/cache\/8d3aba296f7a18b5251ee30fa5db42b2\/8\/4\/8412300052580_cefa.jpg\" alt=\"\" title=\"\">\r\n                        <\/div>\r\n\r\n                        <!-- Contenido de producto  -->\r\n                        <div>\r\n                            <div class=\"product-position\">\r\n                                #3                            <\/div>\r\n\r\n                            <h2>\r\n                                Men Pack Hyaluron                            <\/h2>\r\n                        <\/div>\r\n\r\n                        <!-- Imagen y\/o nombre de la marca -->\r\n                        <div>\r\n                                                            <img decoding=\"async\" width=\"70\" src=\"https:\/\/www.primor.eu\/media\/catalog\/category\/nivea.png\" alt=\"\" title=\"\">\r\n                                                    <\/div>\r\n\r\n                        <!-- Puntuaci\u00f3n del producto  -->\r\n                        <div class=\"rating\">\r\n                                                            <div class=\"rate\" style=\"--p:98;\"><\/div>\r\n                                <b>4.9\/5<\/b>\r\n                                <div class=\"rate-stars\">\r\n                                                                            <div\r\n                                            class=\"rate-star  \">\r\n                                        <\/div>\r\n                                                                            <div\r\n                                            class=\"rate-star  \">\r\n                                        <\/div>\r\n                                                                            <div\r\n                                            class=\"rate-star  \">\r\n                                        <\/div>\r\n                                                                            <div\r\n                                            class=\"rate-star  \">\r\n                                        <\/div>\r\n                                                                            <div\r\n                                            class=\"rate-star  \">\r\n                                        <\/div>\r\n                                                                    <\/div>\r\n                                                    <\/div>\r\n\r\n                        <!-- Bot\u00f3n de producto  -->\r\n                        <div>\r\n                            <span class=\"price-claim\">\r\n                                VER PRE\u00c7O                            <\/span>\r\n                        <\/div>\r\n                    <\/a>\r\n                                    <a href=\"https:\/\/www.primor.eu\/pt_pt\/armani-coffret-de-natal-armani-code-eau-de-toilette-112807.html?#863=67819\" class=\"product-item grid-table-rows\" target=\"_blank\">\r\n                        <div>\r\n                            <img decoding=\"async\" class=\"product-img\" width=\"80px\" height=\"80px\" src=\"https:\/\/cdn2.primor.eu\/media\/catalog\/product\/cache\/8d3aba296f7a18b5251ee30fa5db42b2\/3\/6\/3614274109962_1_7ff3.jpg\" alt=\"\" title=\"\">\r\n                        <\/div>\r\n\r\n                        <!-- Contenido de producto  -->\r\n                        <div>\r\n                            <div class=\"product-position\">\r\n                                #4                            <\/div>\r\n\r\n                            <h2>\r\n                                Coffret de Natal  Armani Code Eau de Toilette                            <\/h2>\r\n                        <\/div>\r\n\r\n                        <!-- Imagen y\/o nombre de la marca -->\r\n                        <div>\r\n                                                            <img decoding=\"async\" width=\"70\" src=\"https:\/\/www.primor.eu\/media\/catalog\/category\/giorgio-armani.png\" alt=\"\" title=\"\">\r\n                                                    <\/div>\r\n\r\n                        <!-- Puntuaci\u00f3n del producto  -->\r\n                        <div class=\"rating\">\r\n                                                            <div class=\"rate\" style=\"--p:94;\"><\/div>\r\n                                <b>4.7\/5<\/b>\r\n                                <div class=\"rate-stars\">\r\n                                                                            <div\r\n                                            class=\"rate-star  \">\r\n                                        <\/div>\r\n                                                                            <div\r\n                                            class=\"rate-star  \">\r\n                                        <\/div>\r\n                                                                            <div\r\n                                            class=\"rate-star  \">\r\n                                        <\/div>\r\n                                                                            <div\r\n                                            class=\"rate-star  \">\r\n                                        <\/div>\r\n                                                                            <div\r\n                                            class=\"rate-star  \">\r\n                                        <\/div>\r\n                                                                    <\/div>\r\n                                                    <\/div>\r\n\r\n                        <!-- Bot\u00f3n de producto  -->\r\n                        <div>\r\n                            <span class=\"price-claim\">\r\n                                VER PRE\u00c7O                            <\/span>\r\n                        <\/div>\r\n                    <\/a>\r\n                                    <a href=\"https:\/\/www.primor.eu\/pt_pt\/biotherm-coffret-masculino-force-supreme-anti-idade-e-desodorizante-94865.html\" class=\"product-item grid-table-rows\" target=\"_blank\">\r\n                        <div>\r\n                            <img decoding=\"async\" class=\"product-img\" width=\"80px\" height=\"80px\" src=\"https:\/\/cdn2.primor.eu\/media\/catalog\/product\/cache\/8d3aba296f7a18b5251ee30fa5db42b2\/8\/4\/8431240412469_1_36b7.jpg\" alt=\"\" title=\"\">\r\n                        <\/div>\r\n\r\n                        <!-- Contenido de producto  -->\r\n                        <div>\r\n                            <div class=\"product-position\">\r\n                                #5                            <\/div>\r\n\r\n                            <h2>\r\n                                Coffret Masculino Force Supreme Anti-idade e Desodorizante                            <\/h2>\r\n                        <\/div>\r\n\r\n                        <!-- Imagen y\/o nombre de la marca -->\r\n                        <div>\r\n                                                            <img decoding=\"async\" width=\"70\" src=\"https:\/\/www.primor.eu\/media\/catalog\/category\/biotherm.png\" alt=\"\" title=\"\">\r\n                                                    <\/div>\r\n\r\n                        <!-- Puntuaci\u00f3n del producto  -->\r\n                        <div class=\"rating\">\r\n                                                            <div class=\"rate\" style=\"--p:100;\"><\/div>\r\n                                <b>5\/5<\/b>\r\n                                <div class=\"rate-stars\">\r\n                                                                            <div\r\n                                            class=\"rate-star  \">\r\n                                        <\/div>\r\n                                                                            <div\r\n                                            class=\"rate-star  \">\r\n                                        <\/div>\r\n                                                                            <div\r\n                                            class=\"rate-star  \">\r\n                                        <\/div>\r\n                                                                            <div\r\n                                            class=\"rate-star  \">\r\n                                        <\/div>\r\n                                                                            <div\r\n                                            class=\"rate-star  \">\r\n                                        <\/div>\r\n                                                                    <\/div>\r\n                                                    <\/div>\r\n\r\n                        <!-- Bot\u00f3n de producto  -->\r\n                        <div>\r\n                            <span class=\"price-claim\">\r\n                                VER PRE\u00c7O                            <\/span>\r\n                        <\/div>\r\n                    <\/a>\r\n                            <\/product-list>\r\n        <\/product-table>\r\n\r\n        \n\n\n<h3 class=\"wp-block-heading\">Carolina Herrera Coffret Bad Boy Cobalt Eau de Parfum<\/h3>\n\n\n\n<p><strong>BAD BOY Cobalt Eau de Parfum<\/strong> injetando uma energia eletrizante na nova masculinidade, o conceito que cada fragr\u00e2ncia <strong>BAD BOY <\/strong>define, enquanto presta homenagem aos v\u00ednculos de fraternidade. Inspirado na for\u00e7a do cobalto e na intensidade do seu pigmento, este perfume traz uma nova dimens\u00e3o \u00e0 eleg\u00e2ncia masculina.<\/p>\n\n\n    <a class='product' target='_blank' href='https:\/\/www.primor.eu\/pt_pt\/carolina-herrera-coffret-bad-boy-cobalt-eau-de-parfum-112845.html?#863=67604'>\r\n        <img fetchpriority=\"high\" decoding=\"async\" width=\"300\" height=\"300\" loading=\"async\" src=\"https:\/\/cdn2.primor.eu\/media\/catalog\/product\/cache\/8d3aba296f7a18b5251ee30fa5db42b2\/8\/4\/8411061092552_5e1f.jpg\" alt=\"\" title=\"\">\r\n            <div class=\"claim\">\r\n                 COMPRAR AGORA            <\/div>\r\n        <\/a>\r\n    \n\n\n<h3 class=\"wp-block-heading\">Calvin Klein Coffret CK One Unissexo Eau de Toilette<\/h3>\n\n\n\n<p>Uma fragr\u00e2ncia ic\u00f3nica para os tempos modernos. Ousada e pura, democr\u00e1tica e universal.Uma fragr\u00e2ncia ck para todos. \u00c9 a fragr\u00e2ncia unissexo por excel\u00eancia, combinando notas c\u00edtricas de ch\u00e1 verde com uma refrescante rosa sobre uma base de \u00e2mbar alm\u00edscarado.<\/p>\n\n\n    <a class='product' target='_blank' href='https:\/\/www.primor.eu\/pt_pt\/calvin-klein-estojo-eau-de-toilette-unissexo-ck-one-112701.html?#863=67775'>\r\n        <img decoding=\"async\" width=\"300\" height=\"300\" loading=\"async\" src=\"https:\/\/cdn2.primor.eu\/media\/catalog\/product\/cache\/8d3aba296f7a18b5251ee30fa5db42b2\/3\/6\/3616304966521_979d.jpeg\" alt=\"\" title=\"\">\r\n            <div class=\"claim\">\r\n                 COMPRAR AGORA            <\/div>\r\n        <\/a>\r\n    \n\n\n<h3 class=\"wp-block-heading\">Nivea N\u00e9cessaire Cuidado Completo<\/h3>\n\n\n\n<p>O N\u00e9cessaire da Nivea Men Protect &amp; Care Cuidado Completo cont\u00e9m: um after shave b\u00e1lsamo hidratante de 100 ml, um creme para o rosto, m\u00e3os e corpo Nivea men de 75 ml, um desodorizante roll-on Protect &amp; Care 50 ml e um protetor hidratante com alo\u00e9 vera de 75 ml.<\/p>\n\n\n    <a class='product' target='_blank' href='https:\/\/www.primor.eu\/pt_pt\/nivea-men-pack-hyaluron-114017.html'>\r\n        <img decoding=\"async\" width=\"300\" height=\"300\" loading=\"async\" src=\"https:\/\/cdn2.primor.eu\/media\/catalog\/product\/cache\/8d3aba296f7a18b5251ee30fa5db42b2\/8\/4\/8412300052580_cefa.jpg\" alt=\"\" title=\"\">\r\n            <div class=\"claim\">\r\n                 COMPRAR AGORA            <\/div>\r\n        <\/a>\r\n    \n\n\n<h3 class=\"wp-block-heading\">Coffret Armani Code Parfum<\/h3>\n\n\n\n<p>No Dia do Pai, <strong>GIORGIO ARMANI<\/strong> presta homenagem \u00e0 sua heran\u00e7a de alta costura com este cofre inspirado num dos padr\u00f5es ic\u00f3nicos da marca. A caixa de presente \u00e9 concebida com papel inspirado no Jap\u00e3o e decorada com um estampado dourado. O presente ideal!<\/p>\n\n\n    <a class='product' target='_blank' href='https:\/\/www.primor.eu\/pt_pt\/armani-coffret-de-natal-armani-code-eau-de-toilette-112807.html?#863=67819'>\r\n        <img decoding=\"async\" width=\"300\" height=\"300\" loading=\"async\" src=\"https:\/\/cdn2.primor.eu\/media\/catalog\/product\/cache\/8d3aba296f7a18b5251ee30fa5db42b2\/3\/6\/3614274109962_1_7ff3.jpg\" alt=\"\" title=\"\">\r\n            <div class=\"claim\">\r\n                 COMPRAR AGORA            <\/div>\r\n        <\/a>\r\n    \n\n\n<h3 class=\"wp-block-heading\">Biotherm Coffret Masculino Force Supreme Anti-idade e Desodorizante<\/h3>\n\n\n\n<p>Descobre o luxo dos cuidados de pele com o exclusivo cofre de <strong>BIOTHERM<\/strong>, que inclui produtos de tecnologia avan\u00e7ada ideais para o ritual de beleza do teu pai. Este set cont\u00e9m <strong>Force Supreme Gel 50 ml<\/strong> e o desodorizante <strong>Day Control 48H Roll-On 75 ml<\/strong>.<\/p>\n\n\n    <a class='product' target='_blank' href='https:\/\/www.primor.eu\/pt_pt\/biotherm-coffret-masculino-force-supreme-anti-idade-e-desodorizante-94865.html'>\r\n        <img decoding=\"async\" width=\"300\" height=\"300\" loading=\"async\" src=\"https:\/\/cdn2.primor.eu\/media\/catalog\/product\/cache\/8d3aba296f7a18b5251ee30fa5db42b2\/8\/4\/8431240412469_1_36b7.jpg\" alt=\"\" title=\"\">\r\n            <div class=\"claim\">\r\n                 COMPRAR AGORA            <\/div>\r\n        <\/a>\r\n    \n\n\n<h3 class=\"wp-block-heading\">Yves Saint Laurent YSL Myslf Eau de Parfum Recarg\u00e1vel<\/h3>\n\n\n\n<p>Retribui todo o amor incondicional do teu pai com o perfume da <strong>YVES SAINT LAURENT<\/strong>. A primeira fragr\u00e2ncia floral amadeirada da YSL BEAUTY, criada para deixar uma marca de modernidade repleta de contrastes. O perfume masculino YSL MYSLF come\u00e7a com um acorde fresco e vibrante, composto por um cora\u00e7\u00e3o de bergamota da Cal\u00e1bria e um vert de bergamota.<\/p>\n\n\n    <a class='product' target='_blank' href='https:\/\/www.primor.eu\/pt_pt\/yves-saint-laurent-myslf-eau-de-parfum-recarregavel-112559.html?#863=71114'>\r\n        <img decoding=\"async\" width=\"300\" height=\"300\" loading=\"async\" src=\"https:\/\/cdn2.primor.eu\/media\/catalog\/product\/cache\/8d3aba296f7a18b5251ee30fa5db42b2\/1\/_\/1_01d8.JPG\" alt=\"\" title=\"\">\r\n            <div class=\"claim\">\r\n                 COMPRAR AGORA            <\/div>\r\n        <\/a>\r\n    \n\n\n<h3 class=\"wp-block-heading\">Gillette Conjunto Gillette Labs Champion Gold Edition<\/h3>\n\n\n\n<p>Oferece um barbear sem esfor\u00e7o numa s\u00f3 passagem com a m\u00e1quina de barbear GilletteLabs com barra esfoliante. A barra esfoliante, localizada \u00e0 frente das l\u00e2minas, ajuda a remover os res\u00edduos antes das l\u00e2minas. A lo\u00e7\u00e3o hidratante da GilletteLabs tem uma f\u00f3rmula que ajuda a fortalecer a barreira de hidrata\u00e7\u00e3o ao longo do tempo. O conjunto inclui um suporte magn\u00e9tico para manter a tua m\u00e1quina de barbear limpa e seca.<\/p>\n\n\n    <a class='product' target='_blank' href='https:\/\/www.primor.eu\/pt_pt\/gillette-conjunto-gillette-labs-champion-gold-edition-114908.html'>\r\n        <img decoding=\"async\" width=\"300\" height=\"300\" loading=\"async\" src=\"https:\/\/cdn2.primor.eu\/media\/catalog\/product\/cache\/8d3aba296f7a18b5251ee30fa5db42b2\/C\/a\/Captura8854_3f4e.PNG\" alt=\"\" title=\"\">\r\n            <div class=\"claim\">\r\n                 COMPRAR AGORA            <\/div>\r\n        <\/a>\r\n    \n\n\n<h3 class=\"wp-block-heading\">Calvin Klein Coffret Eternity For Men Eau de Toilette<\/h3>\n\n\n\n<p>Descobre a ess\u00eancia intemporal da masculinidade com o Conjunto Eternity Eau de Toilette de Calvin Klein. Este set elegante e sofisticado foi pensado para o homem que valoriza a frescura e a profundidade na sua fragr\u00e2ncia. A combina\u00e7\u00e3o de aromas distintos evoca um romance subtil, ideal para qualquer ocasi\u00e3o.<\/p>\n\n\n    <a class='product' target='_blank' href='https:\/\/www.primor.eu\/pt_pt\/calvin-klein-coffret-eternity-for-men-eau-de-toilette-116483.html'>\r\n        <img decoding=\"async\" width=\"300\" height=\"300\" loading=\"async\" src=\"https:\/\/cdn2.primor.eu\/media\/catalog\/product\/cache\/8d3aba296f7a18b5251ee30fa5db42b2\/3\/6\/3616305433831_33dd.png\" alt=\"\" title=\"\">\r\n            <div class=\"claim\">\r\n                 COMPRAR AGORA            <\/div>\r\n        <\/a>\r\n    \n\n\n<h3 class=\"wp-block-heading\">Police Coffret To Be Free To Dare Eau de Toilette + Body Lotion<\/h3>\n\n\n\n<p>Esta fragr\u00e2ncia \u00e9 dedicada a um homem forte e apaixonado, mestre de si mesmo e que seduz os outros com uma aura vibrante e energ\u00e9tica. Um jogo de luz e sombra caracteriza esta cria\u00e7\u00e3o, baseada numa frescura arom\u00e1tica pouco comum e num dry-down intenso e misterioso. A energia da toranja e da menta combina-se com os tons vibrantes do cardamomo.<\/p>\n\n\n    <a class='product' target='_blank' href='https:\/\/www.primor.eu\/pt_pt\/police-coffret-to-be-free-to-dare-edt-body-shampoo-86828.html'>\r\n        <img decoding=\"async\" width=\"300\" height=\"300\" loading=\"async\" src=\"https:\/\/cdn2.primor.eu\/media\/catalog\/product\/cache\/8d3aba296f7a18b5251ee30fa5db42b2\/6\/7\/679602152945_dd04.png\" alt=\"\" title=\"\">\r\n            <div class=\"claim\">\r\n                 COMPRAR AGORA            <\/div>\r\n        <\/a>\r\n    \n\n\n<p>Na <strong>Primor<\/strong>, temos o presente perfeito para todos os pais. Escolhe o que melhor combina com o teu e torna este Dia do Pai ainda mais especial!<\/p>\n\n\n\n<p><\/p>\n","protected":false},"excerpt":{"rendered":"<p>O Dia do Pai \u00e9 uma das datas mais especiais em fam\u00edlia, um momento para celebrar o amor que sentimos pelos nossos pais e agradecer-lhes por tudo o que fazem por n\u00f3s. Se est\u00e1s \u00e0 procura de uma ideia de presente original para surpreender o teu pai, na Primor temos uma vasta sele\u00e7\u00e3o dos melhores [&hellip;]<\/p>\n","protected":false},"author":6,"featured_media":4617,"comment_status":"closed","ping_status":"closed","sticky":false,"template":"","format":"standard","meta":{"jnews-multi-image_gallery":[],"jnews_single_post":{"format":"standard"},"jnews_primary_category":[],"jnews_social_meta":[],"jnews_override_counter":[],"footnotes":""},"categories":[50,31],"tags":[],"class_list":["post-4616","post","type-post","status-publish","format-standard","has-post-thumbnail","hentry","category-dia-do-pai","category-ideias-de-presentes"],"_links":{"self":[{"href":"https:\/\/www.primor.eu\/blog\/pt\/wp-json\/wp\/v2\/posts\/4616","targetHints":{"allow":["GET"]}}],"collection":[{"href":"https:\/\/www.primor.eu\/blog\/pt\/wp-json\/wp\/v2\/posts"}],"about":[{"href":"https:\/\/www.primor.eu\/blog\/pt\/wp-json\/wp\/v2\/types\/post"}],"author":[{"embeddable":true,"href":"https:\/\/www.primor.eu\/blog\/pt\/wp-json\/wp\/v2\/users\/6"}],"replies":[{"embeddable":true,"href":"https:\/\/www.primor.eu\/blog\/pt\/wp-json\/wp\/v2\/comments?post=4616"}],"version-history":[{"count":2,"href":"https:\/\/www.primor.eu\/blog\/pt\/wp-json\/wp\/v2\/posts\/4616\/revisions"}],"predecessor-version":[{"id":4710,"href":"https:\/\/www.primor.eu\/blog\/pt\/wp-json\/wp\/v2\/posts\/4616\/revisions\/4710"}],"wp:featuredmedia":[{"embeddable":true,"href":"https:\/\/www.primor.eu\/blog\/pt\/wp-json\/wp\/v2\/media\/4617"}],"wp:attachment":[{"href":"https:\/\/www.primor.eu\/blog\/pt\/wp-json\/wp\/v2\/media?parent=4616"}],"wp:term":[{"taxonomy":"category","embeddable":true,"href":"https:\/\/www.primor.eu\/blog\/pt\/wp-json\/wp\/v2\/categories?post=4616"},{"taxonomy":"post_tag","embeddable":true,"href":"https:\/\/www.primor.eu\/blog\/pt\/wp-json\/wp\/v2\/tags?post=4616"}],"curies":[{"name":"wp","href":"https:\/\/api.w.org\/{rel}","templated":true}]}}