
{"id":4573,"date":"2025-02-18T08:56:44","date_gmt":"2025-02-18T08:56:44","guid":{"rendered":"https:\/\/www.primor.eu\/blog\/pt\/?p=4573"},"modified":"2025-02-18T09:00:06","modified_gmt":"2025-02-18T09:00:06","slug":"diferencas-rotina-dia-rotina-noite","status":"publish","type":"post","link":"https:\/\/www.primor.eu\/blog\/pt\/diferencas-rotina-dia-rotina-noite\/","title":{"rendered":"Rotina de dia e a rotina de noite: os melhores cuidados para a tua pele"},"content":{"rendered":"\n<p>A <strong>rotina de dia<\/strong> e a <strong>rotina de noite<\/strong> diferem em v\u00e1rios aspetos. A tua pele n\u00e3o tem as mesmas necessidades ao longo do dia, tal como n\u00e3o vai absorver certos tratamentos da mesma forma quando te vais deitar ou quando acordas. Por isso, vamos explorar as necessidades espec\u00edficas de cada rotina e as <strong>diferen\u00e7as <\/strong>entre elas.<\/p>\n\n\n\n<h2 class=\"wp-block-heading\"><strong>Rotina de dia e rotina de noite: quais s\u00e3o as diferen\u00e7as?<\/strong><\/h2>\n\n\n\n<p>A principal diferen\u00e7a entre a rotina de dia e a rotina de noite est\u00e1 no seu objetivo. Durante o dia, a pele precisa de <strong>prote\u00e7\u00e3o <\/strong>(solar, por exemplo) contra fatores externos, enquanto \u00e0 noite, o foco est\u00e1 na repara\u00e7\u00e3o e regenera\u00e7\u00e3o celular.<\/p>\n\n\n\n<p>Durante a <strong>rotina de dia<\/strong>, a <strong>limpeza pode ser mais leve<\/strong>, pois a pele j\u00e1 foi profundamente limpa na noite anterior. O essencial \u00e9 hidratar e proteger a pele do sol e da polui\u00e7\u00e3o.<\/p>\n\n\n\n<p>Os passos principais incluem:<\/p>\n\n\n\n<ol class=\"wp-block-list\">\n<li><strong>Limpeza leve<\/strong> com um produto suave para remover o excesso de oleosidade acumulado durante a noite.<\/li>\n\n\n\n<li><strong>Equil\u00edbrio do pH<\/strong> com um t\u00f3nico facial.<\/li>\n\n\n\n<li><strong>Hidrata\u00e7\u00e3o e antioxidantes<\/strong>, utilizando um s\u00e9rum com vitamina C para iluminar a pele e proteg\u00ea-la dos radicais livres.<\/li>\n\n\n\n<li><strong>Prote\u00e7\u00e3o solar<\/strong>, que \u00e9 o \u00faltimo e indispens\u00e1vel passo antes de sair \u00e0 rua.<\/li>\n<\/ol>\n\n\n\n<p>J\u00e1 a <strong>rotina de noite<\/strong> exige uma limpeza mais profunda para remover impurezas e res\u00edduos de maquilhagem acumulados durante o dia. Aqui, o foco est\u00e1 na renova\u00e7\u00e3o celular e na repara\u00e7\u00e3o dos danos cut\u00e2neos.<\/p>\n\n\n\n<p>Os passos essenciais incluem:<\/p>\n\n\n\n<ol class=\"wp-block-list\">\n<li><strong>Dupla limpeza<\/strong> \u2013 primeiro com um \u00f3leo de limpeza para dissolver maquilhagem e impurezas \u00e0 base de \u00f3leo, seguido de uma limpeza com um produto \u00e0 base de \u00e1gua para eliminar res\u00edduos e limpar os poros em profundidade.<\/li>\n\n\n\n<li><strong>Aplica\u00e7\u00e3o do t\u00f3nico<\/strong>, que ajuda a restaurar o pH da pele e otimizar a absor\u00e7\u00e3o dos produtos seguintes.<\/li>\n\n\n\n<li><strong>Tratamentos espec\u00edficos<\/strong>, como s\u00e9runs ou cremes com ativos potentes (retinol, niacinamida ou \u00e1cidos) para tratar rugas, manchas e outros sinais de envelhecimento.<\/li>\n\n\n\n<li><strong>Hidrata\u00e7\u00e3o intensa<\/strong>, com ingredientes como o \u00e1cido hialur\u00f3nico, que ajuda a manter a pele profundamente hidratada ao longo da noite.<\/li>\n<\/ol>\n\n\n\n<p>O <strong>retinol<\/strong> e outros ingredientes sens\u00edveis \u00e0 luz devem ser sempre usados \u00e0 noite, pois podem ser fotossensibilizantes e provocar irrita\u00e7\u00f5es quando expostos ao sol.<\/p>\n\n\n\n<h2 class=\"wp-block-heading\">Como cada rotina afeta a tua pele<\/h2>\n\n\n\n<p>Agora que j\u00e1 conheces os passos de cada rotina, vejamos como cada uma impacta a tua pele:<\/p>\n\n\n\n<ul class=\"wp-block-list\">\n<li><strong>Rotina de dia:<\/strong> tem o objetivo de proteger a pele contra fatores externos e prevenir danos futuros, como a oxida\u00e7\u00e3o celular e os efeitos da exposi\u00e7\u00e3o solar (manchas, rugas prematuras, perda de firmeza). Por isso, os produtos antioxidantes e o protetor solar s\u00e3o indispens\u00e1veis.<\/li>\n\n\n\n<li><strong>Rotina de noite:<\/strong> foca-se na repara\u00e7\u00e3o da pele, corrigindo danos j\u00e1 existentes, como rugas, manchas e perda de elasticidade. Como a renova\u00e7\u00e3o celular ocorre mais ativamente durante o sono, a noite \u00e9 o momento ideal para usar ingredientes regeneradores e rejuvenescedores. Al\u00e9m disso, \u00e9 geralmente \u00e0 noite que temos mais tempo para uma rotina de skincare completa, tornando-a ainda mais eficaz.<\/li>\n<\/ul>\n\n\n\n<p>Seguir ambas as rotinas corretamente ajuda a manter a pele saud\u00e1vel, jovem e protegida a longo prazo.<\/p>\n\n\n\n<h2 class=\"wp-block-heading\">Os melhores produtos<\/h2>\n\n\n        <product-table class=\"pr-slider\">\r\n            <product-headers class=\"grid-table-rows\">\r\n                <div>Foto<\/div>\r\n                <div>Produto<\/div>\r\n                <div>Marca<\/div>\r\n                <div>Avalia\u00e7\u00f5es<\/div>\r\n                <div>Pre\u00e7o<\/div>\r\n            <\/product-headers>\r\n\r\n            <product-list>\r\n                                    <a href=\"https:\/\/www.primor.eu\/pt_pt\/estee-lauder-serum-advanced-night-repair-106279.html?#854=66330\" class=\"product-item grid-table-rows\" target=\"_blank\">\r\n                        <div>\r\n                            <img decoding=\"async\" class=\"product-img\" width=\"80px\" height=\"80px\" src=\"https:\/\/cdn2.primor.eu\/media\/catalog\/product\/cache\/8d3aba296f7a18b5251ee30fa5db42b2\/0\/T\/0TF18833_1_ca29.jpg\" alt=\"\" title=\"\">\r\n                        <\/div>\r\n\r\n                        <!-- Contenido de producto  -->\r\n                        <div>\r\n                            <div class=\"product-position\">\r\n                                #1 Mais Vendidos                            <\/div>\r\n\r\n                            <h2>\r\n                                S\u00e9rum Advanced Night Repair                            <\/h2>\r\n                        <\/div>\r\n\r\n                        <!-- Imagen y\/o nombre de la marca -->\r\n                        <div>\r\n                                                            <img decoding=\"async\" width=\"70\" src=\"https:\/\/www.primor.eu\/media\/catalog\/category\/Estee_Lauder.png\" alt=\"\" title=\"\">\r\n                                                    <\/div>\r\n\r\n                        <!-- Puntuaci\u00f3n del producto  -->\r\n                        <div class=\"rating\">\r\n                                                            <div class=\"rate\" style=\"--p:96;\"><\/div>\r\n                                <b>4.8\/5<\/b>\r\n                                <div class=\"rate-stars\">\r\n                                                                            <div\r\n                                            class=\"rate-star  \">\r\n                                        <\/div>\r\n                                                                            <div\r\n                                            class=\"rate-star  \">\r\n                                        <\/div>\r\n                                                                            <div\r\n                                            class=\"rate-star  \">\r\n                                        <\/div>\r\n                                                                            <div\r\n                                            class=\"rate-star  \">\r\n                                        <\/div>\r\n                                                                            <div\r\n                                            class=\"rate-star  \">\r\n                                        <\/div>\r\n                                                                    <\/div>\r\n                                                    <\/div>\r\n\r\n                        <!-- Bot\u00f3n de producto  -->\r\n                        <div>\r\n                            <span class=\"price-claim\">\r\n                                VER PRE\u00c7O                            <\/span>\r\n                        <\/div>\r\n                    <\/a>\r\n                                    <a href=\"https:\/\/www.primor.eu\/pt_pt\/the-ordinary-the-clear-set-89334.html\" class=\"product-item grid-table-rows\" target=\"_blank\">\r\n                        <div>\r\n                            <img decoding=\"async\" class=\"product-img\" width=\"80px\" height=\"80px\" src=\"https:\/\/cdn2.primor.eu\/media\/catalog\/product\/cache\/8d3aba296f7a18b5251ee30fa5db42b2\/7\/6\/769915233230_1_4091.jpg\" alt=\"\" title=\"\">\r\n                        <\/div>\r\n\r\n                        <!-- Contenido de producto  -->\r\n                        <div>\r\n                            <div class=\"product-position\">\r\n                                #2                            <\/div>\r\n\r\n                            <h2>\r\n                                The Clear Set                            <\/h2>\r\n                        <\/div>\r\n\r\n                        <!-- Imagen y\/o nombre de la marca -->\r\n                        <div>\r\n                                                            <img decoding=\"async\" width=\"70\" src=\"https:\/\/www.primor.eu\/media\/catalog\/category\/The_Ordinary.png\" alt=\"\" title=\"\">\r\n                                                    <\/div>\r\n\r\n                        <!-- Puntuaci\u00f3n del producto  -->\r\n                        <div class=\"rating\">\r\n                                                            <div class=\"rate\" style=\"--p:96;\"><\/div>\r\n                                <b>4.8\/5<\/b>\r\n                                <div class=\"rate-stars\">\r\n                                                                            <div\r\n                                            class=\"rate-star  \">\r\n                                        <\/div>\r\n                                                                            <div\r\n                                            class=\"rate-star  \">\r\n                                        <\/div>\r\n                                                                            <div\r\n                                            class=\"rate-star  \">\r\n                                        <\/div>\r\n                                                                            <div\r\n                                            class=\"rate-star  \">\r\n                                        <\/div>\r\n                                                                            <div\r\n                                            class=\"rate-star  \">\r\n                                        <\/div>\r\n                                                                    <\/div>\r\n                                                    <\/div>\r\n\r\n                        <!-- Bot\u00f3n de producto  -->\r\n                        <div>\r\n                            <span class=\"price-claim\">\r\n                                VER PRE\u00c7O                            <\/span>\r\n                        <\/div>\r\n                    <\/a>\r\n                                    <a href=\"https:\/\/www.primor.eu\/pt_pt\/vichy-mineral-89-106600.html?#854=66330\" class=\"product-item grid-table-rows\" target=\"_blank\">\r\n                        <div>\r\n                            <img decoding=\"async\" class=\"product-img\" width=\"80px\" height=\"80px\" src=\"https:\/\/cdn2.primor.eu\/media\/catalog\/product\/cache\/8d3aba296f7a18b5251ee30fa5db42b2\/3\/3\/3337875543248_3a8f.jpg\" alt=\"\" title=\"\">\r\n                        <\/div>\r\n\r\n                        <!-- Contenido de producto  -->\r\n                        <div>\r\n                            <div class=\"product-position\">\r\n                                #3                            <\/div>\r\n\r\n                            <h2>\r\n                                Mineral 89                            <\/h2>\r\n                        <\/div>\r\n\r\n                        <!-- Imagen y\/o nombre de la marca -->\r\n                        <div>\r\n                                                            <img decoding=\"async\" width=\"70\" src=\"https:\/\/www.primor.eu\/media\/catalog\/category\/vichy.png\" alt=\"\" title=\"\">\r\n                                                    <\/div>\r\n\r\n                        <!-- Puntuaci\u00f3n del producto  -->\r\n                        <div class=\"rating\">\r\n                                                            <div class=\"rate\" style=\"--p:98;\"><\/div>\r\n                                <b>4.9\/5<\/b>\r\n                                <div class=\"rate-stars\">\r\n                                                                            <div\r\n                                            class=\"rate-star  \">\r\n                                        <\/div>\r\n                                                                            <div\r\n                                            class=\"rate-star  \">\r\n                                        <\/div>\r\n                                                                            <div\r\n                                            class=\"rate-star  \">\r\n                                        <\/div>\r\n                                                                            <div\r\n                                            class=\"rate-star  \">\r\n                                        <\/div>\r\n                                                                            <div\r\n                                            class=\"rate-star  \">\r\n                                        <\/div>\r\n                                                                    <\/div>\r\n                                                    <\/div>\r\n\r\n                        <!-- Bot\u00f3n de producto  -->\r\n                        <div>\r\n                            <span class=\"price-claim\">\r\n                                VER PRE\u00c7O                            <\/span>\r\n                        <\/div>\r\n                    <\/a>\r\n                            <\/product-list>\r\n        <\/product-table>\r\n\r\n        \n\n\n<h3 class=\"wp-block-heading\">Est\u00e9e Lauder S\u00e9rum Advanced Night Repair Anti-Idade<\/h3>\n\n\n\n<p>O Est\u00e9e Lauder Advanced Night Repair \u00e9 um poderoso tratamento anti-idade que combate eficazmente os sinais de envelhecimento. Este s\u00e9rum exclusivo de Est\u00e9e Lauder atua durante a noite, estimulando a produ\u00e7\u00e3o natural de colag\u00e9nio e elastina, ao mesmo tempo que revitaliza as c\u00e9lulas da pele, deixando-a mais firme, saud\u00e1vel e visivelmente livre de rugas.<\/p>\n\n\n    <a class='product' target='_blank' href='https:\/\/www.primor.eu\/pt_pt\/estee-lauder-serum-advanced-night-repair-106279.html?#854=66330'>\r\n        <img fetchpriority=\"high\" decoding=\"async\" width=\"300\" height=\"300\" loading=\"async\" src=\"https:\/\/cdn2.primor.eu\/media\/catalog\/product\/cache\/8d3aba296f7a18b5251ee30fa5db42b2\/0\/T\/0TF18833_1_ca29.jpg\" alt=\"\" title=\"\">\r\n            <div class=\"claim\">\r\n                 COMPRAR AGORA            <\/div>\r\n        <\/a>\r\n    \n\n\n<h3 class=\"wp-block-heading\">Bioderma Solu\u00e7\u00e3o Micelar Sensibio H2O<\/h3>\n\n\n\n<p>A Sensibio H2O da Bioderma remove a maquilhagem \u00e0 prova d'\u00e1gua. As micelas contidas em sua f\u00f3rmula permitem uma perfeita microemuls\u00e3o de impurezas respeitando o equil\u00edbrio da pele (sem sab\u00e3o, pH fisiol\u00f3gico). Os ativos calmantes e descongestionantes da solu\u00e7\u00e3o micelar Sensibio H2O da Bioderma previne as sensa\u00e7\u00f5es de irrita\u00e7\u00e3o frequentemente associadas \u00e0 limpeza e remo\u00e7\u00e3o da maquilhagem.<\/p>\n\n\n    <a class='product' target='_blank' href='https:\/\/www.primor.eu\/pt_pt\/bioderma-soluc-o-micelar-sensibio-h2o-107996.html?#854=66342'>\r\n        <img decoding=\"async\" width=\"300\" height=\"300\" loading=\"async\" src=\"https:\/\/cdn2.primor.eu\/media\/catalog\/product\/cache\/8d3aba296f7a18b5251ee30fa5db42b2\/6\/X\/6XS04050_1_ef9d.jpg\" alt=\"\" title=\"\">\r\n            <div class=\"claim\">\r\n                 COMPRAR AGORA            <\/div>\r\n        <\/a>\r\n    \n\n\n<h3 class=\"wp-block-heading\">Vichy Mineral 89<\/h3>\n\n\n\n<p>Concentrado Reconstitutor com \u00e1cido hialur\u00f4nico da Vichy. Mineral 89 da Vichy refor\u00e7a a fun\u00e7\u00e3o de barreira da pele para proteg\u00ea-la melhor das agress\u00f5es externas e internas, deve ser usada como o primeiro passo de qualquer rotina di\u00e1ria de beleza em um ambiente urbano ou como um produto \u00fanico. Pela primeira vez, os laborat\u00f3rios Vichy alcan\u00e7aram o feito de formular sua \u00c1gua Termal Mineralizadora em uma concentra\u00e7\u00e3o de 89%, e associ\u00e1-la ao \u00c1cido Hialur\u00f4nico de origem natural.<\/p>\n\n\n    <a class='product' target='_blank' href='https:\/\/www.primor.eu\/pt_pt\/vichy-mineral-89-106600.html?#854=66330'>\r\n        <img decoding=\"async\" width=\"300\" height=\"300\" loading=\"async\" src=\"https:\/\/cdn2.primor.eu\/media\/catalog\/product\/cache\/8d3aba296f7a18b5251ee30fa5db42b2\/3\/3\/3337875543248_3a8f.jpg\" alt=\"\" title=\"\">\r\n            <div class=\"claim\">\r\n                 COMPRAR AGORA            <\/div>\r\n        <\/a>\r\n    \n\n\n<h3 class=\"wp-block-heading\">The Ordinary The Clear Set<\/h3>\n\n\n\n<p>O Clear Set oferece uma rotina espec\u00edfica para peles propensas a imperfei\u00e7\u00f5es, com o Salicylic Acid 2% Solution formulado para tratar irregularidades e prevenir obstru\u00e7\u00f5es nos poros. Com este conjunto, desfruta de uma rotina facial completa para uma pele mais limpa, equilibrada e luminosa!<\/p>\n\n\n    <a class='product' target='_blank' href='https:\/\/www.primor.eu\/pt_pt\/the-ordinary-the-clear-set-89334.html'>\r\n        <img decoding=\"async\" width=\"300\" height=\"300\" loading=\"async\" src=\"https:\/\/cdn2.primor.eu\/media\/catalog\/product\/cache\/8d3aba296f7a18b5251ee30fa5db42b2\/7\/6\/769915233230_1_4091.jpg\" alt=\"\" title=\"\">\r\n            <div class=\"claim\">\r\n                 COMPRAR AGORA            <\/div>\r\n        <\/a>\r\n    \n\n\n<h3 class=\"wp-block-heading\">L'Or\u00e9al Par\u00eds S\u00e9rum Antirrugas Noturno de Retinol Puro Revitalift Laser<\/h3>\n\n\n\n<p>O Revitalift Laser S\u00e9rum Noite com Retinol Puro corrige todo o tipo de rugas, at\u00e9 as mais profundas. Desde a primeira aplica\u00e7\u00e3o, a pele fica mais hidratada, flex\u00edvel e com um aspeto mais liso.<\/p>\n\n\n    <a class='product' target='_blank' href='https:\/\/www.primor.eu\/pt_pt\/l-oreal-paris-serum-antirrugas-noturno-de-retinol-puro-revitalift-laser-16205.html'>\r\n        <img decoding=\"async\" width=\"300\" height=\"300\" loading=\"async\" src=\"https:\/\/cdn2.primor.eu\/media\/catalog\/product\/cache\/8d3aba296f7a18b5251ee30fa5db42b2\/0\/T\/0TF19595_1_93bd.jpg\" alt=\"\" title=\"\">\r\n            <div class=\"claim\">\r\n                 COMPRAR AGORA            <\/div>\r\n        <\/a>\r\n    ","protected":false},"excerpt":{"rendered":"<p>A rotina de dia e a rotina de noite diferem em v\u00e1rios aspetos. A tua pele n\u00e3o tem as mesmas necessidades ao longo do dia, tal como n\u00e3o vai absorver certos tratamentos da mesma forma quando te vais deitar ou quando acordas. Por isso, vamos explorar as necessidades espec\u00edficas de cada rotina e as diferen\u00e7as [&hellip;]<\/p>\n","protected":false},"author":6,"featured_media":4574,"comment_status":"closed","ping_status":"closed","sticky":false,"template":"","format":"standard","meta":{"jnews-multi-image_gallery":[],"jnews_single_post":{"format":"standard"},"jnews_primary_category":[],"jnews_social_meta":[],"jnews_override_counter":[],"footnotes":""},"categories":[4],"tags":[],"class_list":["post-4573","post","type-post","status-publish","format-standard","has-post-thumbnail","hentry","category-cosmetica"],"_links":{"self":[{"href":"https:\/\/www.primor.eu\/blog\/pt\/wp-json\/wp\/v2\/posts\/4573","targetHints":{"allow":["GET"]}}],"collection":[{"href":"https:\/\/www.primor.eu\/blog\/pt\/wp-json\/wp\/v2\/posts"}],"about":[{"href":"https:\/\/www.primor.eu\/blog\/pt\/wp-json\/wp\/v2\/types\/post"}],"author":[{"embeddable":true,"href":"https:\/\/www.primor.eu\/blog\/pt\/wp-json\/wp\/v2\/users\/6"}],"replies":[{"embeddable":true,"href":"https:\/\/www.primor.eu\/blog\/pt\/wp-json\/wp\/v2\/comments?post=4573"}],"version-history":[{"count":2,"href":"https:\/\/www.primor.eu\/blog\/pt\/wp-json\/wp\/v2\/posts\/4573\/revisions"}],"predecessor-version":[{"id":4577,"href":"https:\/\/www.primor.eu\/blog\/pt\/wp-json\/wp\/v2\/posts\/4573\/revisions\/4577"}],"wp:featuredmedia":[{"embeddable":true,"href":"https:\/\/www.primor.eu\/blog\/pt\/wp-json\/wp\/v2\/media\/4574"}],"wp:attachment":[{"href":"https:\/\/www.primor.eu\/blog\/pt\/wp-json\/wp\/v2\/media?parent=4573"}],"wp:term":[{"taxonomy":"category","embeddable":true,"href":"https:\/\/www.primor.eu\/blog\/pt\/wp-json\/wp\/v2\/categories?post=4573"},{"taxonomy":"post_tag","embeddable":true,"href":"https:\/\/www.primor.eu\/blog\/pt\/wp-json\/wp\/v2\/tags?post=4573"}],"curies":[{"name":"wp","href":"https:\/\/api.w.org\/{rel}","templated":true}]}}