
{"id":4504,"date":"2025-02-11T16:59:50","date_gmt":"2025-02-11T16:59:50","guid":{"rendered":"https:\/\/www.primor.eu\/blog\/pt\/?p=4504"},"modified":"2026-01-29T09:04:58","modified_gmt":"2026-01-29T09:04:58","slug":"melhores-cosmeticos-recarregaveis","status":"publish","type":"post","link":"https:\/\/www.primor.eu\/blog\/pt\/melhores-cosmeticos-recarregaveis\/","title":{"rendered":"Sustentabilidade: estes s\u00e3o os melhores cosm\u00e9ticos recarreg\u00e1veis"},"content":{"rendered":"\n<p>Num mundo cada vez mais consciente do impacto ambiental, o setor da beleza n\u00e3o fica para tr\u00e1s, adaptando-se \u00e0s novas exig\u00eancias de sustentabilidade. Os <strong>cosm\u00e9ticos recarreg\u00e1veis<\/strong> s\u00e3o uma das grandes apostas das marcas mais inovadoras, que procuram oferecer produtos de alta qualidade sem abdicar da <strong>responsabilidade ambiental<\/strong>. Este tipo de cosm\u00e9tico n\u00e3o s\u00f3 reduz o desperd\u00edcio de embalagens, como tamb\u00e9m promove um <strong>consumo mais respons\u00e1vel<\/strong>, permitindo que os produtos sejam utilizados por mais tempo e com menor impacto no planeta.<\/p>\n\n\n\n<p>Atualmente, cada vez mais marcas aderem a esta <strong>tend\u00eancia<\/strong>, oferecendo solu\u00e7\u00f5es elegantes, funcionais e ecol\u00f3gicas. Al\u00e9m do <strong>benef\u00edcio ambiental<\/strong>, os cosm\u00e9ticos recarreg\u00e1veis <strong>n\u00e3o comprometem nem a efic\u00e1cia nem o design<\/strong>. Pelo contr\u00e1rio, muitas vezes apresentam-se em embalagens mais sofisticadas, concebidas para serem reutilizadas repetidamente, criando uma experi\u00eancia de cuidado pessoal mais consciente e duradoura.<\/p>\n\n\n\n<p>Desde cremes e s\u00e9runs at\u00e9 produtos de maquilhagem, os cosm\u00e9ticos recarreg\u00e1veis est\u00e3o a transformar a forma como entendemos a beleza, proporcionando alternativas pr\u00e1ticas e modernas para quem quer cuidar da pele e do futuro do planeta.<\/p>\n\n\n\n<h2 class=\"wp-block-heading\">Os melhores cosm\u00e9ticos recarreg\u00e1veis de 2026<\/h2>\n\n\n        <product-table class=\"pr-slider\">\r\n            <product-headers class=\"grid-table-rows\">\r\n                <div>Foto<\/div>\r\n                <div>Produto<\/div>\r\n                <div>Marca<\/div>\r\n                <div>Avalia\u00e7\u00f5es<\/div>\r\n                <div>Pre\u00e7o<\/div>\r\n            <\/product-headers>\r\n\r\n            <product-list>\r\n                                    <a href=\"https:\/\/www.primor.eu\/pt_pt\/yves-saint-laurent-ysl-or-rouge-serum-anti-envelhecimento-para-o-rosto-16519.html\" class=\"product-item grid-table-rows\" target=\"_blank\">\r\n                        <div>\r\n                            <img decoding=\"async\" class=\"product-img\" width=\"80px\" height=\"80px\" src=\"https:\/\/cdn2.primor.eu\/media\/catalog\/product\/cache\/8d3aba296f7a18b5251ee30fa5db42b2\/0\/T\/0TF20199_1_313d.jpg\" alt=\"\" title=\"\">\r\n                        <\/div>\r\n\r\n                        <!-- Contenido de producto  -->\r\n                        <div>\r\n                            <div class=\"product-position\">\r\n                                #1 Mais Vendidos                            <\/div>\r\n\r\n                            <h2>\r\n                                Or Rouge S\u00e9rum Facial Anti-Idaden0TF15336                            <\/h2>\r\n                        <\/div>\r\n\r\n                        <!-- Imagen y\/o nombre de la marca -->\r\n                        <div>\r\n                                                            <img decoding=\"async\" width=\"70\" src=\"https:\/\/www.primor.eu\/media\/catalog\/category\/yves.png\" alt=\"\" title=\"\">\r\n                                                    <\/div>\r\n\r\n                        <!-- Puntuaci\u00f3n del producto  -->\r\n                        <div class=\"rating\">\r\n                                                            <div class=\"rate\" style=\"--p:100;\"><\/div>\r\n                                <b>5\/5<\/b>\r\n                                <div class=\"rate-stars\">\r\n                                                                            <div\r\n                                            class=\"rate-star  \">\r\n                                        <\/div>\r\n                                                                            <div\r\n                                            class=\"rate-star  \">\r\n                                        <\/div>\r\n                                                                            <div\r\n                                            class=\"rate-star  \">\r\n                                        <\/div>\r\n                                                                            <div\r\n                                            class=\"rate-star  \">\r\n                                        <\/div>\r\n                                                                            <div\r\n                                            class=\"rate-star  \">\r\n                                        <\/div>\r\n                                                                    <\/div>\r\n                                                    <\/div>\r\n\r\n                        <!-- Bot\u00f3n de producto  -->\r\n                        <div>\r\n                            <span class=\"price-claim\">\r\n                                VER PRE\u00c7O                            <\/span>\r\n                        <\/div>\r\n                    <\/a>\r\n                            <\/product-list>\r\n        <\/product-table>\r\n\r\n        \n\n\n<h3 class=\"wp-block-heading\">Yves Saint Laurent Or Rouge S\u00e9rum Facial Anti-Idade<\/h3>\n\n\n\n<p>Um tratamento global que combate os 11 sinais do envelhecimento gra\u00e7as \u00e0 sua f\u00f3rmula \u00fanica com ingredientes naturais, como o pistilo de a\u00e7afr\u00e3o de Marrocos. Este s\u00e9rum atua em profundidade com \u00e1cido hialur\u00f3nico para hidratar, crocinas e crocetinas para renovar e proteger as c\u00e9lulas, e \u00e1gua de a\u00e7afr\u00e3o para facilitar a sua penetra\u00e7\u00e3o na pele. O seu design sustent\u00e1vel inclui um formato recarreg\u00e1vel e, ap\u00f3s apenas 4 semanas de uso, a pele fica mais renovada, uniforme e com menos sinais de idade.<\/p>\n\n\n    <a class='product' target='_blank' href='https:\/\/www.primor.eu\/pt_pt\/yves-saint-laurent-ysl-or-rouge-serum-anti-envelhecimento-para-o-rosto-16519.html'>\r\n        <img fetchpriority=\"high\" decoding=\"async\" width=\"300\" height=\"300\" loading=\"async\" src=\"https:\/\/cdn2.primor.eu\/media\/catalog\/product\/cache\/8d3aba296f7a18b5251ee30fa5db42b2\/0\/T\/0TF20199_1_313d.jpg\" alt=\"\" title=\"\">\r\n            <div class=\"claim\">\r\n                 COMPRAR AGORA            <\/div>\r\n        <\/a>\r\n    \n\n\n<h3 class=\"wp-block-heading\">Lanc\u00f4me Absolue Rich Cream Recarga<\/h3>\n\n\n\n<p>Uma f\u00f3rmula inovadora, regeneradora e iluminadora que utiliza o poder vital\u00edcio da Grand Rose Absolue. Inspirada na ci\u00eancia francesa dos tratamentos, esta crema combina tr\u00eas potentes extratos de rosa obtidos atrav\u00e9s de tecnologia avan\u00e7ada e m\u00e9todos tradicionais. Intensamente regeneradora, hidrata, reafirma e redensifica a pele, sendo ideal para peles secas. Com uma textura polisensorial que se transforma ao aplicar, deixa a pele nutrida, revitalizada e visivelmente mais firme, reduzindo rugas e linhas de express\u00e3o. Al\u00e9m disso, apresenta-se num frasco recarreg\u00e1vel e sustent\u00e1vel, unindo luxo e responsabilidade ambiental.<\/p>\n\n\n    <a class='product' target='_blank' href='https:\/\/www.primor.eu\/pt_pt\/lancome-absolue-rich-cream-recargavel-15241.html'>\r\n        <img decoding=\"async\" width=\"300\" height=\"300\" loading=\"async\" src=\"https:\/\/cdn2.primor.eu\/media\/catalog\/product\/cache\/8d3aba296f7a18b5251ee30fa5db42b2\/0\/T\/0TF15336_1_dcef.jpg\" alt=\"\" title=\"\">\r\n            <div class=\"claim\">\r\n                 COMPRAR AGORA            <\/div>\r\n        <\/a>\r\n    \n\n\n<h3 class=\"wp-block-heading\">Clarins Recarga Lo\u00e7\u00e3o T\u00f3nica Hidratante<\/h3>\n\n\n\n<p>Especialmente formulada para peles normais a secas, esta lo\u00e7\u00e3o aperfei\u00e7oa a remo\u00e7\u00e3o da maquilhagem enquanto hidrata profundamente. Enriquecida com extratos biol\u00f3gicos de alo\u00e9 vera e figo, proporciona uma hidrata\u00e7\u00e3o imediata e equilibrada. Al\u00e9m disso, o <strong>Microbiote Complex<\/strong> da CLARINS, que combina polifen\u00f3is da flor de a\u00e7afr\u00e3o e prebi\u00f3ticos marinhos, ajuda a manter o equil\u00edbrio da microbiota cut\u00e2nea. Com um design mais ecol\u00f3gico e uma c\u00e1psula mais leve, esta lo\u00e7\u00e3o tamb\u00e9m \u00e9 recarreg\u00e1vel, reduzindo o impacto ambiental e promovendo a sustentabilidade.<\/p>\n\n\n    <a class='product' target='_blank' href='https:\/\/www.primor.eu\/pt_pt\/clarins-recarga-loc-o-tonica-hidratante-97518.html'>\r\n        <img decoding=\"async\" width=\"300\" height=\"300\" loading=\"async\" src=\"https:\/\/cdn2.primor.eu\/media\/catalog\/product\/cache\/8d3aba296f7a18b5251ee30fa5db42b2\/3\/6\/3666057217289_c344.jpg\" alt=\"\" title=\"\">\r\n            <div class=\"claim\">\r\n                 COMPRAR AGORA            <\/div>\r\n        <\/a>\r\n    \n\n\n<h3 class=\"wp-block-heading\">Yves Saint Laurent Pure Shots Perfect Plumper<\/h3>\n\n\n\n<p>Descobre a nova recarga do creme antienvelhecimento YVES SAINT LAURENT Pure Shots Perfect Plumper Cream, uma tecnologia inovadora que infunde a dose di\u00e1ria ideal de energizer, em sinergia com o creme hidratante de flor de laranjeira marroquina, para preencher e rejuvenescer a pele.<\/p>\n\n\n    <a class='product' target='_blank' href='https:\/\/www.primor.eu\/pt_pt\/yves-saint-laurent-pure-shots-perfect-plumper-cream-creme-anti-envelhecimento-recargavel-14055.html'>\r\n        <img decoding=\"async\" width=\"300\" height=\"300\" loading=\"async\" src=\"https:\/\/cdn2.primor.eu\/media\/catalog\/product\/cache\/8d3aba296f7a18b5251ee30fa5db42b2\/0\/T\/0TF18515_1_320f.jpg\" alt=\"\" title=\"\">\r\n            <div class=\"claim\">\r\n                 COMPRAR AGORA            <\/div>\r\n        <\/a>\r\n    \n\n\n<h3 class=\"wp-block-heading\">Av\u00e8ne Hyaluron Activ B3 Creme Regenera\u00e7\u00e3o Celular Recarga<\/h3>\n\n\n\n<p>\u00c9 um creme reparador antienvelhecimento adequado para todos os tipos de pele, mesmo as sens\u00edveis com rugas ou linhas de express\u00e3o. Este creme regenerador cont\u00e9m uma elevada concentra\u00e7\u00e3o de \u00e1cido hialur\u00f3nico e niacinamida, que estimula as c\u00e9lulas e prolonga a sua vida. Mais firme, mais RADIANTE e as rugas s\u00e3o corrigidas. Tem uma textura aveludada que proporciona conforto e bem-estar \u00e0 pele. Proporciona uma sensa\u00e7\u00e3o refrescante no momento. 92% dos ingredientes s\u00e3o de origem NATURAL e a embalagem cont\u00e9m eco recarga para encher quando terminar.<\/p>\n\n\n    <a class='product' target='_blank' href='https:\/\/www.primor.eu\/pt_pt\/avene-hyaluron-activ-b3-creme-regenerac-o-celular-recarrega-72325.html'>\r\n        <img decoding=\"async\" width=\"300\" height=\"300\" loading=\"async\" src=\"https:\/\/cdn2.primor.eu\/media\/catalog\/product\/cache\/8d3aba296f7a18b5251ee30fa5db42b2\/6\/X\/6XS15231_1_c55c.jpg\" alt=\"\" title=\"\">\r\n            <div class=\"claim\">\r\n                 COMPRAR AGORA            <\/div>\r\n        <\/a>\r\n    \n\n\n<h3 class=\"wp-block-heading\">La Roche-Posay Lipikar Syndet AP+ Recarga<\/h3>\n\n\n\n<p>Creme limpador ultra-suave para peles com tend\u00eancia ao eczema, sem perfume. Indicado para rec\u00e9m-nascidos, beb\u00e9s, crian\u00e7as e adultos com pele at\u00f3pica e com tend\u00eancia ao eczema. Hidratante: hidrata para acalmar a pele irritada e aliviar a comich\u00e3o.<\/p>\n\n\n    <a class='product' target='_blank' href='https:\/\/www.primor.eu\/pt_pt\/la-roche-posay-lipikar-syndet-ap-106135.html?#863=67100'>\r\n        <img decoding=\"async\" width=\"300\" height=\"300\" loading=\"async\" src=\"https:\/\/cdn2.primor.eu\/media\/catalog\/product\/cache\/8d3aba296f7a18b5251ee30fa5db42b2\/3\/3\/3337875537315_1f67.jpg\" alt=\"\" title=\"\">\r\n            <div class=\"claim\">\r\n                 COMPRAR AGORA            <\/div>\r\n        <\/a>\r\n    ","protected":false},"excerpt":{"rendered":"<p>Num mundo cada vez mais consciente do impacto ambiental, o setor da beleza n\u00e3o fica para tr\u00e1s, adaptando-se \u00e0s novas exig\u00eancias de sustentabilidade. Os cosm\u00e9ticos recarreg\u00e1veis s\u00e3o uma das grandes apostas das marcas mais inovadoras, que procuram oferecer produtos de alta qualidade sem abdicar da responsabilidade ambiental. Este tipo de cosm\u00e9tico n\u00e3o s\u00f3 reduz o [&hellip;]<\/p>\n","protected":false},"author":6,"featured_media":4505,"comment_status":"closed","ping_status":"closed","sticky":false,"template":"","format":"standard","meta":{"jnews-multi-image_gallery":[],"jnews_single_post":{"format":"standard"},"jnews_primary_category":[],"jnews_social_meta":[],"jnews_override_counter":[],"footnotes":""},"categories":[4],"tags":[],"class_list":["post-4504","post","type-post","status-publish","format-standard","has-post-thumbnail","hentry","category-cosmetica"],"_links":{"self":[{"href":"https:\/\/www.primor.eu\/blog\/pt\/wp-json\/wp\/v2\/posts\/4504","targetHints":{"allow":["GET"]}}],"collection":[{"href":"https:\/\/www.primor.eu\/blog\/pt\/wp-json\/wp\/v2\/posts"}],"about":[{"href":"https:\/\/www.primor.eu\/blog\/pt\/wp-json\/wp\/v2\/types\/post"}],"author":[{"embeddable":true,"href":"https:\/\/www.primor.eu\/blog\/pt\/wp-json\/wp\/v2\/users\/6"}],"replies":[{"embeddable":true,"href":"https:\/\/www.primor.eu\/blog\/pt\/wp-json\/wp\/v2\/comments?post=4504"}],"version-history":[{"count":4,"href":"https:\/\/www.primor.eu\/blog\/pt\/wp-json\/wp\/v2\/posts\/4504\/revisions"}],"predecessor-version":[{"id":6287,"href":"https:\/\/www.primor.eu\/blog\/pt\/wp-json\/wp\/v2\/posts\/4504\/revisions\/6287"}],"wp:featuredmedia":[{"embeddable":true,"href":"https:\/\/www.primor.eu\/blog\/pt\/wp-json\/wp\/v2\/media\/4505"}],"wp:attachment":[{"href":"https:\/\/www.primor.eu\/blog\/pt\/wp-json\/wp\/v2\/media?parent=4504"}],"wp:term":[{"taxonomy":"category","embeddable":true,"href":"https:\/\/www.primor.eu\/blog\/pt\/wp-json\/wp\/v2\/categories?post=4504"},{"taxonomy":"post_tag","embeddable":true,"href":"https:\/\/www.primor.eu\/blog\/pt\/wp-json\/wp\/v2\/tags?post=4504"}],"curies":[{"name":"wp","href":"https:\/\/api.w.org\/{rel}","templated":true}]}}