
{"id":4494,"date":"2025-02-11T13:03:50","date_gmt":"2025-02-11T13:03:50","guid":{"rendered":"https:\/\/www.primor.eu\/blog\/pt\/?p=4494"},"modified":"2025-02-11T13:03:51","modified_gmt":"2025-02-11T13:03:51","slug":"cuida-pele-retinol-vitamina-b3","status":"publish","type":"post","link":"https:\/\/www.primor.eu\/blog\/pt\/cuida-pele-retinol-vitamina-b3\/","title":{"rendered":"Cuida da tua pele com retinol e vitamina B3 da OLAY"},"content":{"rendered":"\n<p>Despertar com uma pele rejuvenescida e luminosa \u00e9 o desejo de muitas mulheres que procuram cuidar da pele de forma eficaz. Para conseguir esse objetivo, \u00e9 essencial escolher produtos com benef\u00edcios potentes e duradouros. Hoje, vamos falar-te de um desses produtos: os <strong>cremes faciais de noite com retinol e vitamina B3.<\/strong><\/p>\n\n\n\n<h2 class=\"wp-block-heading\">Descobre o segredo para uma pele rejuvenescida<\/h2>\n\n\n\n<p>A f\u00f3rmula destes cremes combina dois ingredientes principais: <strong>retinol<\/strong> e <strong>vitamina B3 (niacinamida)<\/strong>, que atuam em conjunto para proporcionar uma hidrata\u00e7\u00e3o profunda e duradoura durante 24 horas. Esta poderosa combina\u00e7\u00e3o n\u00e3o s\u00f3 hidrata a pele, como tamb\u00e9m melhora significativamente a sua apar\u00eancia e sa\u00fade geral.<\/p>\n\n\n\n<p>O <strong>retinol<\/strong>, um derivado da <strong>vitamina A<\/strong>, \u00e9 conhecido pelas suas propriedades antienvelhecimento. Estimula a produ\u00e7\u00e3o de <strong>colag\u00e9nio <\/strong>e <strong>elastina<\/strong>, ajudando a reduzir a apar\u00eancia de rugas e linhas finas. Al\u00e9m disso, promove a renova\u00e7\u00e3o celular, melhorando a textura da pele e deixando-a mais suave e uniforme.<\/p>\n\n\n\n<p>Por outro lado, a <strong>vitamina B3<\/strong>, tamb\u00e9m conhecida como niacinamida, \u00e9 um potente antioxidante que protege a pele contra os danos dos radicais livres. Al\u00e9m disso, fortalece a barreira cut\u00e2nea, tornando-a mais resistente \u00e0s agress\u00f5es externas e prevenindo a perda de hidrata\u00e7\u00e3o.<\/p>\n\n\n\n<p>A combina\u00e7\u00e3o de <strong>retinol e vitamina B3<\/strong> nestes cremes faciais de noite proporciona m\u00faltiplos benef\u00edcios para a pele: melhora a luminosidade, a firmeza e a elasticidade, reduz a apar\u00eancia de manchas e poros e promove uma pele mais uniforme e radiante.<\/p>\n\n\n\n<h2 class=\"wp-block-heading\">Combate os sinais da idade com retinol e vitamina B3<\/h2>\n\n\n\n<p>Desperta com uma pele mais suave e luminosa com a <strong>Olay Regenerist Retinol 24 Creme Facial de Noite<\/strong>. A sua f\u00f3rmula combina dois ingredientes altamente eficazes: <strong>vitamina B3 (niacinamida) e complexo retinoide<\/strong>, garantindo <strong>24 horas de hidrata\u00e7\u00e3o<\/strong>. Este creme facial de noite com retinol melhora visivelmente <strong>rugas e linhas de express\u00e3o, textura da pele, luminosidade, firmeza, manchas e poros<\/strong>. Al\u00e9m disso, \u00e9 adequado para uso di\u00e1rio em <strong>peles secas, oleosas e normais<\/strong>.<br><br>A f\u00f3rmula deste creme de rosto Retinol 24 n\u00e3o tem perfume nem corantes. Experimenta o Creme de Noite Olay Retinol 24 durante 28 dias.<\/p>\n\n\n\n<p>Descobre o poder do retinol e vitamina B3 e transforma a tua pele com OLAY!<\/p>\n\n\n    <a class='product' target='_blank' href='https:\/\/www.primor.eu\/pt_pt\/olay-regenerist-retinol24-retinol-creme-de-noite-hidratante-13856.html'>\r\n        <img fetchpriority=\"high\" decoding=\"async\" width=\"300\" height=\"300\" loading=\"async\" src=\"https:\/\/cdn2.primor.eu\/media\/catalog\/product\/cache\/8d3aba296f7a18b5251ee30fa5db42b2\/0\/T\/0TF19553_1_a799.jpg\" alt=\"\" title=\"\">\r\n            <div class=\"claim\">\r\n                 COMPRAR AGORA            <\/div>\r\n        <\/a>\r\n    ","protected":false},"excerpt":{"rendered":"<p>Despertar com uma pele rejuvenescida e luminosa \u00e9 o desejo de muitas mulheres que procuram cuidar da pele de forma eficaz. Para conseguir esse objetivo, \u00e9 essencial escolher produtos com benef\u00edcios potentes e duradouros. Hoje, vamos falar-te de um desses produtos: os cremes faciais de noite com retinol e vitamina B3. Descobre o segredo para [&hellip;]<\/p>\n","protected":false},"author":6,"featured_media":4495,"comment_status":"closed","ping_status":"closed","sticky":false,"template":"","format":"standard","meta":{"jnews-multi-image_gallery":[],"jnews_single_post":{"format":"standard"},"jnews_primary_category":[],"jnews_social_meta":[],"jnews_override_counter":[],"footnotes":""},"categories":[4],"tags":[],"class_list":["post-4494","post","type-post","status-publish","format-standard","has-post-thumbnail","hentry","category-cosmetica"],"_links":{"self":[{"href":"https:\/\/www.primor.eu\/blog\/pt\/wp-json\/wp\/v2\/posts\/4494","targetHints":{"allow":["GET"]}}],"collection":[{"href":"https:\/\/www.primor.eu\/blog\/pt\/wp-json\/wp\/v2\/posts"}],"about":[{"href":"https:\/\/www.primor.eu\/blog\/pt\/wp-json\/wp\/v2\/types\/post"}],"author":[{"embeddable":true,"href":"https:\/\/www.primor.eu\/blog\/pt\/wp-json\/wp\/v2\/users\/6"}],"replies":[{"embeddable":true,"href":"https:\/\/www.primor.eu\/blog\/pt\/wp-json\/wp\/v2\/comments?post=4494"}],"version-history":[{"count":1,"href":"https:\/\/www.primor.eu\/blog\/pt\/wp-json\/wp\/v2\/posts\/4494\/revisions"}],"predecessor-version":[{"id":4496,"href":"https:\/\/www.primor.eu\/blog\/pt\/wp-json\/wp\/v2\/posts\/4494\/revisions\/4496"}],"wp:featuredmedia":[{"embeddable":true,"href":"https:\/\/www.primor.eu\/blog\/pt\/wp-json\/wp\/v2\/media\/4495"}],"wp:attachment":[{"href":"https:\/\/www.primor.eu\/blog\/pt\/wp-json\/wp\/v2\/media?parent=4494"}],"wp:term":[{"taxonomy":"category","embeddable":true,"href":"https:\/\/www.primor.eu\/blog\/pt\/wp-json\/wp\/v2\/categories?post=4494"},{"taxonomy":"post_tag","embeddable":true,"href":"https:\/\/www.primor.eu\/blog\/pt\/wp-json\/wp\/v2\/tags?post=4494"}],"curies":[{"name":"wp","href":"https:\/\/api.w.org\/{rel}","templated":true}]}}