
{"id":4467,"date":"2025-02-10T12:07:00","date_gmt":"2025-02-10T12:07:00","guid":{"rendered":"https:\/\/www.primor.eu\/blog\/pt\/?p=4467"},"modified":"2025-02-10T12:07:02","modified_gmt":"2025-02-10T12:07:02","slug":"melhores-cortes-cabelos-brancos","status":"publish","type":"post","link":"https:\/\/www.primor.eu\/blog\/pt\/melhores-cortes-cabelos-brancos\/","title":{"rendered":"Os 6 melhores cortes de cabelo para deixar crescer os cabelos brancos nas mulheres"},"content":{"rendered":"\n<p>Os melhores<strong> cortes de cabelo<\/strong> para os <strong>cabelos brancos<\/strong> nas mulheres s\u00e3o aqueles que permitem que cres\u00e7am naturalmente, sem transi\u00e7\u00f5es bruscas. Se est\u00e1s \u00e0 procura dos cortes mais adequados para este processo, \u00e9 porque decidiste deixar de pintar os cabelos e assumir os teus fios grisalhos.<\/p>\n\n\n\n<p>Se for esse o caso, est\u00e1s com sorte! Cada vez mais mulheres optam por abandonar as tintas e exibir os seus cabelos brancos com toda a eleg\u00e2ncia que eles trazem. No entanto, sabemos que alguns cortes favorecem essa transi\u00e7\u00e3o e <strong>real\u00e7am<\/strong> ainda mais o <strong>charme <\/strong>dos fios grisalhos.Afinal, um cabelo longo e grisalho transmite uma imagem distinta de um bob ou de um corte m\u00e9dio bem estruturado. Vamos ver quais s\u00e3o as melhores op\u00e7\u00f5es para assumires os teus cabelos brancos com estilo e harmonia.<\/p>\n\n\n\n<h2 class=\"wp-block-heading\">Pixie<\/h2>\n\n\n\n<p>O corte de cabelo <strong>pixie<\/strong> tornou-se uma grande tend\u00eancia, acompanhando a ascens\u00e3o do estilo andr\u00f3gino. Assim como nos anos 70 e 80, quando os pap\u00e9is de g\u00e9nero come\u00e7aram a ser menos r\u00edgidos, a androginia voltou a estar na moda.<\/p>\n\n\n\n<p>Al\u00e9m disso, o pixie \u00e9 perfeito para deixar crescer os cabelos brancos. Como \u00e9 curto, a transi\u00e7\u00e3o ocorre de forma gradual e natural, com o tom dos fios a uniformizar-se mais facilmente. Al\u00e9m de estiloso, este corte \u00e9 tamb\u00e9m extremamente pr\u00e1tico e confort\u00e1vel.<\/p>\n\n\n\n<h2 class=\"wp-block-heading\">Pixie longo com franja<\/h2>\n\n\n\n<p>Se gostas da ideia do pixie mas tens receio de um corte muito curto, o <strong>pixie longo com franja<\/strong> pode ser a solu\u00e7\u00e3o ideal. Ele mant\u00e9m um pouco mais de comprimento e a franja confere movimento e um toque feminino e sofisticado.<\/p>\n\n\n\n<p>Este corte \u00e9 uma \u00f3tima op\u00e7\u00e3o para a transi\u00e7\u00e3o capilar, pois real\u00e7a os tons prateados e brancos, criando um efeito moderno e elegante.<\/p>\n\n\n\n<h2 class=\"wp-block-heading\">Carr\u00e9<\/h2>\n\n\n\n<p>O <strong>carr\u00e9<\/strong> \u00e9 um dos cortes tend\u00eancia das \u00faltimas temporadas e continua a ser uma excelente escolha. Trata-se de um corte geom\u00e9trico e reto, geralmente na altura do maxilar, que lembra um cabelo de comprimento m\u00e9dio.<\/p>\n\n\n\n<p>Este estilo \u00e9 elegante e vers\u00e1til, al\u00e9m de destacar o brilho natural dos cabelos grisalhos.<\/p>\n\n\n\n<h2 class=\"wp-block-heading\">Long bob<\/h2>\n\n\n\n<p>Se gostas do bob mas preferes um pouco mais de comprimento, o <strong>long bob<\/strong> pode ser a escolha perfeita. Esta vers\u00e3o mais longa do cl\u00e1ssico bob traz um toque sofisticado e remete ao <strong>chic franc\u00eas<\/strong> irresist\u00edvel.<\/p>\n\n\n\n<p>A grande vantagem deste corte \u00e9 a sua versatilidade: pode ser usado liso ou com ondas suaves, adaptando-se a diferentes estilos. Al\u00e9m disso, \u00e9 ideal para quem quer deixar crescer os cabelos brancos sem perder a sofistica\u00e7\u00e3o.<\/p>\n\n\n\n<h2 class=\"wp-block-heading\">Bob<\/h2>\n\n\n\n<p>Se preferes o <strong>bob cl\u00e1ssico<\/strong>, n\u00e3o precisas abrir m\u00e3o da ideia de um corte mais radical. Pelo contr\u00e1rio, este \u00e9 um dos cortes que melhor real\u00e7a os cabelos brancos.<\/p>\n\n\n\n<p>O bob \u00e9 uma excelente escolha para quem procura um visual elegante, moderno e intemporal. Al\u00e9m disso, adapta-se a diferentes formatos de rosto e pode ser personalizado com pontas assim\u00e9tricas para um toque mais contempor\u00e2neo.<\/p>\n\n\n\n<p>N\u00e3o \u00e9 por acaso que os fios grisalhos combinados com cortes bob s\u00e3o dos mais pedidos nos melhores sal\u00f5es.<\/p>\n\n\n\n<h2 class=\"wp-block-heading\">Cabelo de comprimento m\u00e9dio<\/h2>\n\n\n\n<p>O cabelo de comprimento m\u00e9dio \u00e9 uma das melhores op\u00e7\u00f5es para quem est\u00e1 a deixar crescer os cabelos brancos. Optar por um corte na altura dos ombros pode ser uma excelente escolha, al\u00e9m de ser muito vers\u00e1til. \u00c9 ideal para quem deseja a liberdade de usar o cabelo solto ou apanhado, al\u00e9m de favorecer rostos alongados ou ovais.<\/p>\n\n\n\n<p>Independentemente do corte que escolhas, o mais importante \u00e9 sentires-te bem com o teu cabelo. Os cabelos brancos podem ser um verdadeiro reflexo de confian\u00e7a e estilo \u2013 basta encontrares o corte que melhor combina contigo!<\/p>\n","protected":false},"excerpt":{"rendered":"<p>Os melhores cortes de cabelo para os cabelos brancos nas mulheres s\u00e3o aqueles que permitem que cres\u00e7am naturalmente, sem transi\u00e7\u00f5es bruscas. Se est\u00e1s \u00e0 procura dos cortes mais adequados para este processo, \u00e9 porque decidiste deixar de pintar os cabelos e assumir os teus fios grisalhos. Se for esse o caso, est\u00e1s com sorte! Cada [&hellip;]<\/p>\n","protected":false},"author":6,"featured_media":4469,"comment_status":"closed","ping_status":"closed","sticky":false,"template":"","format":"standard","meta":{"jnews-multi-image_gallery":[],"jnews_single_post":{"format":"standard"},"jnews_primary_category":[],"jnews_social_meta":[],"jnews_override_counter":[],"footnotes":""},"categories":[5],"tags":[],"class_list":["post-4467","post","type-post","status-publish","format-standard","has-post-thumbnail","hentry","category-cabelo"],"_links":{"self":[{"href":"https:\/\/www.primor.eu\/blog\/pt\/wp-json\/wp\/v2\/posts\/4467","targetHints":{"allow":["GET"]}}],"collection":[{"href":"https:\/\/www.primor.eu\/blog\/pt\/wp-json\/wp\/v2\/posts"}],"about":[{"href":"https:\/\/www.primor.eu\/blog\/pt\/wp-json\/wp\/v2\/types\/post"}],"author":[{"embeddable":true,"href":"https:\/\/www.primor.eu\/blog\/pt\/wp-json\/wp\/v2\/users\/6"}],"replies":[{"embeddable":true,"href":"https:\/\/www.primor.eu\/blog\/pt\/wp-json\/wp\/v2\/comments?post=4467"}],"version-history":[{"count":1,"href":"https:\/\/www.primor.eu\/blog\/pt\/wp-json\/wp\/v2\/posts\/4467\/revisions"}],"predecessor-version":[{"id":4470,"href":"https:\/\/www.primor.eu\/blog\/pt\/wp-json\/wp\/v2\/posts\/4467\/revisions\/4470"}],"wp:featuredmedia":[{"embeddable":true,"href":"https:\/\/www.primor.eu\/blog\/pt\/wp-json\/wp\/v2\/media\/4469"}],"wp:attachment":[{"href":"https:\/\/www.primor.eu\/blog\/pt\/wp-json\/wp\/v2\/media?parent=4467"}],"wp:term":[{"taxonomy":"category","embeddable":true,"href":"https:\/\/www.primor.eu\/blog\/pt\/wp-json\/wp\/v2\/categories?post=4467"},{"taxonomy":"post_tag","embeddable":true,"href":"https:\/\/www.primor.eu\/blog\/pt\/wp-json\/wp\/v2\/tags?post=4467"}],"curies":[{"name":"wp","href":"https:\/\/api.w.org\/{rel}","templated":true}]}}