
{"id":4453,"date":"2025-02-07T11:11:56","date_gmt":"2025-02-07T11:11:56","guid":{"rendered":"https:\/\/www.primor.eu\/blog\/pt\/?p=4453"},"modified":"2025-02-07T11:18:33","modified_gmt":"2025-02-07T11:18:33","slug":"produtos-labios-inverno","status":"publish","type":"post","link":"https:\/\/www.primor.eu\/blog\/pt\/produtos-labios-inverno\/","title":{"rendered":"Todos os cuidados e produtos que os teus l\u00e1bios precisam no inverno"},"content":{"rendered":"\n<p>O <strong>inverno <\/strong>chegou e, com ele, os temidos l\u00e1bios gretados, secos e repuxados. O frio, o vento e o aquecimento afetam a nossa pele de formas que nem sempre antecipamos, especialmente numa zona t\u00e3o delicada como os <strong>l\u00e1bios<\/strong>. E, apesar de muitas vezes os esquecermos na nossa rotina de cuidados, os l\u00e1bios tamb\u00e9m precisam de aten\u00e7\u00e3o especial nesta \u00e9poca do ano. Mas n\u00e3o te preocupes, porque hoje trago-te todos os truques, produtos e cuidados para manter os teus l\u00e1bios bonitos, suaves e hidratados durante o inverno.<\/p>\n\n\n\n<h2 class=\"wp-block-heading\">Como cuidar dos teus l\u00e1bios no inverno<\/h2>\n\n\n\n<h3 class=\"wp-block-heading\">1. Hidratar, hidratar e hidratar<\/h3>\n\n\n\n<p>A primeira coisa que deves ter em mente \u00e9 que a <strong>hidrata\u00e7\u00e3o <\/strong>\u00e9 o segredo. O frio e o aquecimento fazem com que a humidade dos teus l\u00e1bios evapore mais rapidamente do que o normal, o que pode levar \u00e0 desidrata\u00e7\u00e3o e, consequentemente, a gretas e fissuras. Por isso, \u00e9 essencial que a tua rotina de inverno inclua um bom <strong>b\u00e1lsamo labial<\/strong> com ingredientes como <strong>manteiga de karit\u00e9<\/strong>, <strong>\u00f3leo de coco<\/strong> ou<strong> vitamina E<\/strong>. Estes ingredientes s\u00e3o perfeitos para restaurar a barreira lip\u00eddica dos l\u00e1bios, protegendo-os da desidrata\u00e7\u00e3o.<\/p>\n\n\n\n<h3 class=\"wp-block-heading\">2. Esfoliar, mas com suavidade<\/h3>\n\n\n\n<p>Antes de aplicares qualquer produto hidratante, \u00e9 importante remover as c\u00e9lulas mortas que se podem acumular nos teus l\u00e1bios. Esfoliar os l\u00e1bios uma ou duas vezes por semana ajuda a mant\u00ea-los suaves e lisos. Mas aten\u00e7\u00e3o, n\u00e3o exageres na esfolia\u00e7\u00e3o, pois a pele dos l\u00e1bios \u00e9 muito fina e sens\u00edvel. Usa esfoliantes suaves, como<strong> scrubs labiais<\/strong> com a\u00e7\u00facares finos, ou faz um caseiro com mel e a\u00e7\u00facar. \u00c9 perfeito para eliminar a pele seca sem causar danos.<\/p>\n\n\n\n<h3 class=\"wp-block-heading\">3. Prote\u00e7\u00e3o solar, sim, at\u00e9 no inverno<\/h3>\n\n\n\n<p>Mesmo que n\u00e3o pare\u00e7a, os <strong>raios UV <\/strong>continuam a ser um perigo para os teus l\u00e1bios no inverno. O sol reflete na neve e na \u00e1gua, o que pode provocar queimaduras, mesmo em dias frios. Por isso, n\u00e3o te esque\u00e7as de aplicar um<strong> b\u00e1lsamo labial com prote\u00e7\u00e3o solar<\/strong> (SPF 15 ou superior). Al\u00e9m de hidratar, este passo proteger\u00e1 os teus l\u00e1bios dos danos solares e evitar\u00e1 que fiquem secos ou gretados devido \u00e0 exposi\u00e7\u00e3o.<\/p>\n\n\n\n<h3 class=\"wp-block-heading\">4. Usa produtos ricos em ceramidas e antioxidantes<\/h3>\n\n\n\n<p>Se sentires que os teus l\u00e1bios est\u00e3o constantemente secos, \u00e9 sinal de que precisam de um refor\u00e7o extra de nutri\u00e7\u00e3o. Procura produtos com <strong>ceramidas <\/strong>ou<strong> \u00e1cido hialur\u00f3nico<\/strong>, que ajudam a manter a barreira cut\u00e2nea e a melhorar a reten\u00e7\u00e3o de humidade. Os <strong>antioxidantes<\/strong>, como a<strong> vitamina C<\/strong> ou <strong>E<\/strong>, tamb\u00e9m s\u00e3o \u00f3timos aliados, pois protegem os l\u00e1bios dos danos ambientais e promovem a regenera\u00e7\u00e3o celular.<\/p>\n\n\n\n<h3 class=\"wp-block-heading\">5. M\u00e1scaras labiais: uma vez por semana n\u00e3o faz mal<\/h3>\n\n\n\n<p>Se os teus l\u00e1bios estiverem mesmo muito secos, n\u00e3o hesites em incluir uma <strong>m\u00e1scara labial <\/strong>na tua rotina. Estas m\u00e1scaras s\u00e3o formuladas para nutrir profundamente os l\u00e1bios e restaurar a sua suavidade e elasticidade. Muitas cont\u00eam ingredientes como manteiga de <strong>cacau, mel <\/strong>ou<strong> \u00f3leo de oliva<\/strong>, que n\u00e3o s\u00f3 hidratam, como tamb\u00e9m reparam. Basta deix\u00e1-las atuar durante alguns minutos e sentir\u00e1s os teus l\u00e1bios completamente regenerados.<\/p>\n\n\n\n<h3 class=\"wp-block-heading\">6. N\u00e3o te esque\u00e7as de beber \u00e1gua<\/h3>\n\n\n\n<p>Pode parecer b\u00e1sico, mas muitas vezes esquecemo-nos de que a hidrata\u00e7\u00e3o tamb\u00e9m vem de dentro. No inverno, as temperaturas baixas fazem com que sintamos menos sede, mas \u00e9 fundamental continuares a beber \u00e1gua ao longo do dia para manter a pele e os l\u00e1bios hidratados. Se notares que os teus l\u00e1bios est\u00e3o constantemente secos, faz um esfor\u00e7o extra para aumentar a ingest\u00e3o de l\u00edquidos.<\/p>\n\n\n\n<h2 class=\"wp-block-heading\">Produtos recomendados<\/h2>\n\n\n        <product-table class=\"pr-slider\">\r\n            <product-headers class=\"grid-table-rows\">\r\n                <div>Foto<\/div>\r\n                <div>Produto<\/div>\r\n                <div>Marca<\/div>\r\n                <div>Avalia\u00e7\u00f5es<\/div>\r\n                <div>Pre\u00e7o<\/div>\r\n            <\/product-headers>\r\n\r\n            <product-list>\r\n                                    <a href=\"https:\/\/www.primor.eu\/pt_pt\/avene-cold-cream-balsamo-labial-de-hidratac-o-intensa-36552.html\" class=\"product-item grid-table-rows\" target=\"_blank\">\r\n                        <div>\r\n                            <img decoding=\"async\" class=\"product-img\" width=\"80px\" height=\"80px\" src=\"https:\/\/cdn2.primor.eu\/media\/catalog\/product\/cache\/8d3aba296f7a18b5251ee30fa5db42b2\/6\/X\/6XS09206_1_4fae.jpg\" alt=\"\" title=\"\">\r\n                        <\/div>\r\n\r\n                        <!-- Contenido de producto  -->\r\n                        <div>\r\n                            <div class=\"product-position\">\r\n                                #1 Mais Vendidos                            <\/div>\r\n\r\n                            <h2>\r\n                                Cold Cream B\u00e1lsamo Labial Hidrata\u00e7\u00e3o Intensa                            <\/h2>\r\n                        <\/div>\r\n\r\n                        <!-- Imagen y\/o nombre de la marca -->\r\n                        <div>\r\n                                                            <img decoding=\"async\" width=\"70\" src=\"https:\/\/www.primor.eu\/media\/catalog\/category\/Avene.png\" alt=\"\" title=\"\">\r\n                                                    <\/div>\r\n\r\n                        <!-- Puntuaci\u00f3n del producto  -->\r\n                        <div class=\"rating\">\r\n                                                            <div class=\"rate\" style=\"--p:96;\"><\/div>\r\n                                <b>4.8\/5<\/b>\r\n                                <div class=\"rate-stars\">\r\n                                                                            <div\r\n                                            class=\"rate-star  \">\r\n                                        <\/div>\r\n                                                                            <div\r\n                                            class=\"rate-star  \">\r\n                                        <\/div>\r\n                                                                            <div\r\n                                            class=\"rate-star  \">\r\n                                        <\/div>\r\n                                                                            <div\r\n                                            class=\"rate-star  \">\r\n                                        <\/div>\r\n                                                                            <div\r\n                                            class=\"rate-star  \">\r\n                                        <\/div>\r\n                                                                    <\/div>\r\n                                                    <\/div>\r\n\r\n                        <!-- Bot\u00f3n de producto  -->\r\n                        <div>\r\n                            <span class=\"price-claim\">\r\n                                VER PRE\u00c7O                            <\/span>\r\n                        <\/div>\r\n                    <\/a>\r\n                                    <a href=\"https:\/\/www.primor.eu\/pt_pt\/carmex-click-stick-balsamo-labial-hidratante-spf15-106239.html?#748=36524\" class=\"product-item grid-table-rows\" target=\"_blank\">\r\n                        <div>\r\n                            <img decoding=\"async\" class=\"product-img\" width=\"80px\" height=\"80px\" src=\"https:\/\/cdn2.primor.eu\/media\/catalog\/product\/cache\/8d3aba296f7a18b5251ee30fa5db42b2\/0\/0\/0083078511173__1__7f0c.jpg\" alt=\"\" title=\"\">\r\n                        <\/div>\r\n\r\n                        <!-- Contenido de producto  -->\r\n                        <div>\r\n                            <div class=\"product-position\">\r\n                                #2                            <\/div>\r\n\r\n                            <h2>\r\n                                Click Stick B\u00e1lsamo Labial Hidratante SPF15                            <\/h2>\r\n                        <\/div>\r\n\r\n                        <!-- Imagen y\/o nombre de la marca -->\r\n                        <div>\r\n                                                            <img decoding=\"async\" width=\"70\" src=\"https:\/\/www.primor.eu\/media\/catalog\/category\/CARMEX.jpg\" alt=\"\" title=\"\">\r\n                                                    <\/div>\r\n\r\n                        <!-- Puntuaci\u00f3n del producto  -->\r\n                        <div class=\"rating\">\r\n                                                            <div class=\"rate\" style=\"--p:98;\"><\/div>\r\n                                <b>4.9\/5<\/b>\r\n                                <div class=\"rate-stars\">\r\n                                                                            <div\r\n                                            class=\"rate-star  \">\r\n                                        <\/div>\r\n                                                                            <div\r\n                                            class=\"rate-star  \">\r\n                                        <\/div>\r\n                                                                            <div\r\n                                            class=\"rate-star  \">\r\n                                        <\/div>\r\n                                                                            <div\r\n                                            class=\"rate-star  \">\r\n                                        <\/div>\r\n                                                                            <div\r\n                                            class=\"rate-star  \">\r\n                                        <\/div>\r\n                                                                    <\/div>\r\n                                                    <\/div>\r\n\r\n                        <!-- Bot\u00f3n de producto  -->\r\n                        <div>\r\n                            <span class=\"price-claim\">\r\n                                VER PRE\u00c7O                            <\/span>\r\n                        <\/div>\r\n                    <\/a>\r\n                                    <a href=\"https:\/\/www.primor.eu\/pt_pt\/liposan-balsamo-labial-hyaluron-plus-rose-77885.html\" class=\"product-item grid-table-rows\" target=\"_blank\">\r\n                        <div>\r\n                            <img decoding=\"async\" class=\"product-img\" width=\"80px\" height=\"80px\" src=\"https:\/\/cdn2.primor.eu\/media\/catalog\/product\/cache\/8d3aba296f7a18b5251ee30fa5db42b2\/b\/a\/balsamo_labial_hyaluron_plus_rose_be4b.jpg\" alt=\"\" title=\"\">\r\n                        <\/div>\r\n\r\n                        <!-- Contenido de producto  -->\r\n                        <div>\r\n                            <div class=\"product-position\">\r\n                                #3                            <\/div>\r\n\r\n                            <h2>\r\n                                B\u00e1lsamo Labial Hyaluron Plus Ros\u00e9                            <\/h2>\r\n                        <\/div>\r\n\r\n                        <!-- Imagen y\/o nombre de la marca -->\r\n                        <div>\r\n                                                            <img decoding=\"async\" width=\"70\" src=\"https:\/\/www.primor.eu\/media\/catalog\/category\/liposan.jpg\" alt=\"\" title=\"\">\r\n                                                    <\/div>\r\n\r\n                        <!-- Puntuaci\u00f3n del producto  -->\r\n                        <div class=\"rating\">\r\n                                                            <div class=\"rate\" style=\"--p:94;\"><\/div>\r\n                                <b>4.7\/5<\/b>\r\n                                <div class=\"rate-stars\">\r\n                                                                            <div\r\n                                            class=\"rate-star  \">\r\n                                        <\/div>\r\n                                                                            <div\r\n                                            class=\"rate-star  \">\r\n                                        <\/div>\r\n                                                                            <div\r\n                                            class=\"rate-star  \">\r\n                                        <\/div>\r\n                                                                            <div\r\n                                            class=\"rate-star  \">\r\n                                        <\/div>\r\n                                                                            <div\r\n                                            class=\"rate-star  \">\r\n                                        <\/div>\r\n                                                                    <\/div>\r\n                                                    <\/div>\r\n\r\n                        <!-- Bot\u00f3n de producto  -->\r\n                        <div>\r\n                            <span class=\"price-claim\">\r\n                                VER PRE\u00c7O                            <\/span>\r\n                        <\/div>\r\n                    <\/a>\r\n                                    <a href=\"https:\/\/www.primor.eu\/pt_pt\/skinlabo-esfoliante-labial-97180.html\" class=\"product-item grid-table-rows\" target=\"_blank\">\r\n                        <div>\r\n                            <img decoding=\"async\" class=\"product-img\" width=\"80px\" height=\"80px\" src=\"https:\/\/cdn2.primor.eu\/media\/catalog\/product\/cache\/8d3aba296f7a18b5251ee30fa5db42b2\/C\/o\/Copia_di_LIP_SCRUB_15__1__removebg_preview_fe74.png\" alt=\"\" title=\"\">\r\n                        <\/div>\r\n\r\n                        <!-- Contenido de producto  -->\r\n                        <div>\r\n                            <div class=\"product-position\">\r\n                                #4                            <\/div>\r\n\r\n                            <h2>\r\n                                Esfoliante Labial                            <\/h2>\r\n                        <\/div>\r\n\r\n                        <!-- Imagen y\/o nombre de la marca -->\r\n                        <div>\r\n                                                            <p class=\"brand-name\"><b><\/b><\/p>\r\n                                                    <\/div>\r\n\r\n                        <!-- Puntuaci\u00f3n del producto  -->\r\n                        <div class=\"rating\">\r\n                                                            <div class=\"rate\" style=\"--p:96;\"><\/div>\r\n                                <b>4.8\/5<\/b>\r\n                                <div class=\"rate-stars\">\r\n                                                                            <div\r\n                                            class=\"rate-star  \">\r\n                                        <\/div>\r\n                                                                            <div\r\n                                            class=\"rate-star  \">\r\n                                        <\/div>\r\n                                                                            <div\r\n                                            class=\"rate-star  \">\r\n                                        <\/div>\r\n                                                                            <div\r\n                                            class=\"rate-star  \">\r\n                                        <\/div>\r\n                                                                            <div\r\n                                            class=\"rate-star  \">\r\n                                        <\/div>\r\n                                                                    <\/div>\r\n                                                    <\/div>\r\n\r\n                        <!-- Bot\u00f3n de producto  -->\r\n                        <div>\r\n                            <span class=\"price-claim\">\r\n                                VER PRE\u00c7O                            <\/span>\r\n                        <\/div>\r\n                    <\/a>\r\n                                    <a href=\"https:\/\/www.primor.eu\/pt_pt\/nuxe-balsamo-hidratante-labial-very-rose-74290.html\" class=\"product-item grid-table-rows\" target=\"_blank\">\r\n                        <div>\r\n                            <img decoding=\"async\" class=\"product-img\" width=\"80px\" height=\"80px\" src=\"https:\/\/cdn2.primor.eu\/media\/catalog\/product\/cache\/8d3aba296f7a18b5251ee30fa5db42b2\/6\/X\/6XS15358_1_9b66.jpg\" alt=\"\" title=\"\">\r\n                        <\/div>\r\n\r\n                        <!-- Contenido de producto  -->\r\n                        <div>\r\n                            <div class=\"product-position\">\r\n                                #5                            <\/div>\r\n\r\n                            <h2>\r\n                                B\u00e1lsamo Hidratante Labial Very Rose                            <\/h2>\r\n                        <\/div>\r\n\r\n                        <!-- Imagen y\/o nombre de la marca -->\r\n                        <div>\r\n                                                            <img decoding=\"async\" width=\"70\" src=\"https:\/\/www.primor.eu\/media\/catalog\/category\/Nuxe_Personalizado_.jpg\" alt=\"\" title=\"\">\r\n                                                    <\/div>\r\n\r\n                        <!-- Puntuaci\u00f3n del producto  -->\r\n                        <div class=\"rating\">\r\n                                                            <div class=\"rate\" style=\"--p:100;\"><\/div>\r\n                                <b>5\/5<\/b>\r\n                                <div class=\"rate-stars\">\r\n                                                                            <div\r\n                                            class=\"rate-star  \">\r\n                                        <\/div>\r\n                                                                            <div\r\n                                            class=\"rate-star  \">\r\n                                        <\/div>\r\n                                                                            <div\r\n                                            class=\"rate-star  \">\r\n                                        <\/div>\r\n                                                                            <div\r\n                                            class=\"rate-star  \">\r\n                                        <\/div>\r\n                                                                            <div\r\n                                            class=\"rate-star  \">\r\n                                        <\/div>\r\n                                                                    <\/div>\r\n                                                    <\/div>\r\n\r\n                        <!-- Bot\u00f3n de producto  -->\r\n                        <div>\r\n                            <span class=\"price-claim\">\r\n                                VER PRE\u00c7O                            <\/span>\r\n                        <\/div>\r\n                    <\/a>\r\n                            <\/product-list>\r\n        <\/product-table>\r\n\r\n        \n\n\n<h3 class=\"wp-block-heading\">Av\u00e8ne Cold Cream B\u00e1lsamo Labial Hidrata\u00e7\u00e3o Intensa<\/h3>\n\n\n\n<p>Este b\u00e1lsamo labial da Av\u00e8ne, enriquecido com \u00f3leos, ceras e manteiga de karit\u00e9, proporciona uma nutri\u00e7\u00e3o intensa aos seus l\u00e1bios, deixando-os cuidados, bell, macios e sem fissuras. Formulado com ingredientes 100% naturais e \u00f3leo de jojoba, ajuda a reparar as c\u00e9lulas da pele e \u00e9 especialmente ben\u00e9fico para os l\u00e1bios danificados ou secos.<\/p>\n\n\n    <a class='product' target='_blank' href='https:\/\/www.primor.eu\/pt_pt\/avene-cold-cream-balsamo-labial-de-hidratac-o-intensa-36552.html'>\r\n        <img fetchpriority=\"high\" decoding=\"async\" width=\"300\" height=\"300\" loading=\"async\" src=\"https:\/\/cdn2.primor.eu\/media\/catalog\/product\/cache\/8d3aba296f7a18b5251ee30fa5db42b2\/6\/X\/6XS09206_1_4fae.jpg\" alt=\"\" title=\"\">\r\n            <div class=\"claim\">\r\n                 COMPRAR AGORA            <\/div>\r\n        <\/a>\r\n    \n\n\n<h3 class=\"wp-block-heading\">Carmex Click Stick B\u00e1lsamo Labial Hidratante SPF15<\/h3>\n\n\n\n<p>Este b\u00e1lsamo labial \u00e9 uma defesa completa para os seus l\u00e1bios, proporcionando prote\u00e7\u00e3o e hidrata\u00e7\u00e3o \u00e0 pele delicada. A sua f\u00f3rmula avan\u00e7ada n\u00e3o s\u00f3 repara os l\u00e1bios gretados, como tamb\u00e9m previne o aparecimento de pequenas fissuras causadas pela secura ambiental.<\/p>\n\n\n    <a class='product' target='_blank' href='https:\/\/www.primor.eu\/pt_pt\/carmex-click-stick-balsamo-labial-hidratante-spf15-106239.html?#748=36524'>\r\n        <img decoding=\"async\" width=\"300\" height=\"300\" loading=\"async\" src=\"https:\/\/cdn2.primor.eu\/media\/catalog\/product\/cache\/8d3aba296f7a18b5251ee30fa5db42b2\/0\/0\/0083078511173__1__7f0c.jpg\" alt=\"\" title=\"\">\r\n            <div class=\"claim\">\r\n                 COMPRAR AGORA            <\/div>\r\n        <\/a>\r\n    \n\n\n<h3 class=\"wp-block-heading\">Liposan B\u00e1lsamo labial Hyaluron Plus Ros\u00e9<\/h3>\n\n\n\n<p>A nossa nova f\u00f3rmula ultraleve, enriquecida com \u00c1cido Hialur\u00f3nico, hidrata os l\u00e1bios desde o interior e mant\u00e9m-nos profundamente hidratados durante 24 horas. O resultado: l\u00e1bios visivelmente mais suaves e volumosos. Sabias que o \u00c1cido Hialur\u00f3nico \u00e9 um ingrediente hidratante altamente eficaz, capaz de reter \u00e1gua e estimular a produ\u00e7\u00e3o natural de \u00c1cido Hialur\u00f3nico na pele? N\u00e3o esperes mais e d\u00e1 um impulso de hidrata\u00e7\u00e3o aos teus l\u00e1bios com Liposan Hyaluron Lip Moisture Plus!<\/p>\n\n\n    <a class='product' target='_blank' href='https:\/\/www.primor.eu\/pt_pt\/liposan-balsamo-labial-hyaluron-plus-rose-77885.html'>\r\n        <img decoding=\"async\" width=\"300\" height=\"300\" loading=\"async\" src=\"https:\/\/cdn2.primor.eu\/media\/catalog\/product\/cache\/8d3aba296f7a18b5251ee30fa5db42b2\/b\/a\/balsamo_labial_hyaluron_plus_rose_be4b.jpg\" alt=\"\" title=\"\">\r\n            <div class=\"claim\">\r\n                 COMPRAR AGORA            <\/div>\r\n        <\/a>\r\n    \n\n\n<h3 class=\"wp-block-heading\">SkinLabo Esfoliante Labial<\/h3>\n\n\n\n<p>Esfoliante com uma poderosa a\u00e7\u00e3o esfoliante \u00e0 base de microcristais de a\u00e7\u00facar. Reduz as fissuras e deixa os l\u00e1bios macios e mais volumosos, real\u00e7ando a sua cor natural.<\/p>\n\n\n    <a class='product' target='_blank' href='https:\/\/www.primor.eu\/pt_pt\/skinlabo-esfoliante-labial-97180.html'>\r\n        <img decoding=\"async\" width=\"300\" height=\"300\" loading=\"async\" src=\"https:\/\/cdn2.primor.eu\/media\/catalog\/product\/cache\/8d3aba296f7a18b5251ee30fa5db42b2\/C\/o\/Copia_di_LIP_SCRUB_15__1__removebg_preview_fe74.png\" alt=\"\" title=\"\">\r\n            <div class=\"claim\">\r\n                 COMPRAR AGORA            <\/div>\r\n        <\/a>\r\n    \n\n\n<h3 class=\"wp-block-heading\">Dermacol Esfoliante Facial e Labial de Manga<\/h3>\n\n\n\n<p>Esfoliante facial e labial com um incr\u00edvel aroma de manga. Limpa profundamente a pele, remove as impurezas e suaviza a textura. Regenera e protege a pele, sendo mesmo adequado para peles sens\u00edveis. Deixa os l\u00e1bios aveludados e macios.<\/p>\n\n\n    <a class='product' target='_blank' href='https:\/\/www.primor.eu\/pt_pt\/dermacol-esfoliante-facial-e-labial-de-manga-17278.html'>\r\n        <img decoding=\"async\" width=\"300\" height=\"300\" loading=\"async\" src=\"https:\/\/cdn2.primor.eu\/media\/catalog\/product\/cache\/8d3aba296f7a18b5251ee30fa5db42b2\/0\/M\/0MR21197_1_791d.jpg\" alt=\"\" title=\"\">\r\n            <div class=\"claim\">\r\n                 COMPRAR AGORA            <\/div>\r\n        <\/a>\r\n    \n\n\n<h3 class=\"wp-block-heading\">Nuxe B\u00e1lsamo Hidratante Labial Very Rose<\/h3>\n\n\n\n<p>Este b\u00e1lsamo de l\u00e1bios hidratante \u00e9 composto por extrato de \u00f3leo de Rosa, formulado com 100% de ingredientes de origem NATURAL. Oferece-nos um momento de prazer gra\u00e7as \u00e0 sua textura fundente e \u00e0 sua deliciosa fragr\u00e2ncia com viciantes notas de avainhalanche. Incrivelmente suaves e iluminados com um delicado brilho rosado, prontos para serem mordidos!<\/p>\n\n\n    <a class='product' target='_blank' href='https:\/\/www.primor.eu\/pt_pt\/nuxe-balsamo-hidratante-labial-very-rose-74290.html'>\r\n        <img decoding=\"async\" width=\"300\" height=\"300\" loading=\"async\" src=\"https:\/\/cdn2.primor.eu\/media\/catalog\/product\/cache\/8d3aba296f7a18b5251ee30fa5db42b2\/6\/X\/6XS15358_1_9b66.jpg\" alt=\"\" title=\"\">\r\n            <div class=\"claim\">\r\n                 COMPRAR AGORA            <\/div>\r\n        <\/a>\r\n    ","protected":false},"excerpt":{"rendered":"<p>O inverno chegou e, com ele, os temidos l\u00e1bios gretados, secos e repuxados. O frio, o vento e o aquecimento afetam a nossa pele de formas que nem sempre antecipamos, especialmente numa zona t\u00e3o delicada como os l\u00e1bios. E, apesar de muitas vezes os esquecermos na nossa rotina de cuidados, os l\u00e1bios tamb\u00e9m precisam de [&hellip;]<\/p>\n","protected":false},"author":6,"featured_media":4454,"comment_status":"closed","ping_status":"closed","sticky":false,"template":"","format":"standard","meta":{"jnews-multi-image_gallery":[],"jnews_single_post":{"format":"standard"},"jnews_primary_category":[],"jnews_social_meta":[],"jnews_override_counter":[],"footnotes":""},"categories":[8],"tags":[],"class_list":["post-4453","post","type-post","status-publish","format-standard","has-post-thumbnail","hentry","category-dicas-de-beleza"],"_links":{"self":[{"href":"https:\/\/www.primor.eu\/blog\/pt\/wp-json\/wp\/v2\/posts\/4453","targetHints":{"allow":["GET"]}}],"collection":[{"href":"https:\/\/www.primor.eu\/blog\/pt\/wp-json\/wp\/v2\/posts"}],"about":[{"href":"https:\/\/www.primor.eu\/blog\/pt\/wp-json\/wp\/v2\/types\/post"}],"author":[{"embeddable":true,"href":"https:\/\/www.primor.eu\/blog\/pt\/wp-json\/wp\/v2\/users\/6"}],"replies":[{"embeddable":true,"href":"https:\/\/www.primor.eu\/blog\/pt\/wp-json\/wp\/v2\/comments?post=4453"}],"version-history":[{"count":3,"href":"https:\/\/www.primor.eu\/blog\/pt\/wp-json\/wp\/v2\/posts\/4453\/revisions"}],"predecessor-version":[{"id":4457,"href":"https:\/\/www.primor.eu\/blog\/pt\/wp-json\/wp\/v2\/posts\/4453\/revisions\/4457"}],"wp:featuredmedia":[{"embeddable":true,"href":"https:\/\/www.primor.eu\/blog\/pt\/wp-json\/wp\/v2\/media\/4454"}],"wp:attachment":[{"href":"https:\/\/www.primor.eu\/blog\/pt\/wp-json\/wp\/v2\/media?parent=4453"}],"wp:term":[{"taxonomy":"category","embeddable":true,"href":"https:\/\/www.primor.eu\/blog\/pt\/wp-json\/wp\/v2\/categories?post=4453"},{"taxonomy":"post_tag","embeddable":true,"href":"https:\/\/www.primor.eu\/blog\/pt\/wp-json\/wp\/v2\/tags?post=4453"}],"curies":[{"name":"wp","href":"https:\/\/api.w.org\/{rel}","templated":true}]}}