
{"id":4296,"date":"2025-01-20T11:11:04","date_gmt":"2025-01-20T11:11:04","guid":{"rendered":"https:\/\/www.primor.eu\/blog\/pt\/?p=4296"},"modified":"2025-01-20T11:11:06","modified_gmt":"2025-01-20T11:11:06","slug":"blue-monday","status":"publish","type":"post","link":"https:\/\/www.primor.eu\/blog\/pt\/blue-monday\/","title":{"rendered":"O dia mais triste do ano: o Blue Monday. Aqui tens alguns conselhos para super\u00e1-lo"},"content":{"rendered":"\n<p>A terceira segunda-feira de janeiro \u00e9 conhecida em todo o mundo como <strong>Blue Monday<\/strong>, ou <strong>o dia mais triste do ano<\/strong>. Embora este conceito tenha surgido de uma f\u00f3rmula sem base cient\u00edfica, muitas pessoas sentem uma certa <strong>melancolia <\/strong>durante este per\u00edodo. As raz\u00f5es s\u00e3o variadas e, mesmo que n\u00e3o estejamos todos de acordo, uma coisa \u00e9 clara: nem tudo est\u00e1 perdido! Neste artigo da Primor, damos-te os melhores conselhos para superar o Blue Monday.<\/p>\n\n\n\n<h2 class=\"wp-block-heading\">Melhores conselhos para superar o Blue Monday<\/h2>\n\n\n\n<h3 class=\"wp-block-heading\">1. Come\u00e7a o dia com gratid\u00e3o<\/h3>\n\n\n\n<p>Em vez de te concentrares no que te falta ou no que ainda n\u00e3o conseguiste, reflete sobre as coisas boas que j\u00e1 tens na tua vida. Dedica alguns minutos para escrever num di\u00e1rio tr\u00eas coisas pelas quais te sentes grato. Este simples exerc\u00edcio ajuda-te a redirecionar a tua mente para pensamentos positivos e a aliviar o stress. A mudan\u00e7a de perspetiva permitir\u00e1 que enfrentes o dia com mais otimismo.<\/p>\n\n\n\n<h3 class=\"wp-block-heading\">2. Faz exerc\u00edcio f\u00edsico<\/h3>\n\n\n\n<p>O movimento \u00e9 um poderoso aliado contra o des\u00e2nimo. O exerc\u00edcio f\u00edsico liberta endorfinas, as hormonas respons\u00e1veis pela sensa\u00e7\u00e3o de bem-estar. N\u00e3o precisas de passar horas no gin\u00e1sio para notar os efeitos: uma caminhada ao ar livre, uma sess\u00e3o de yoga ou at\u00e9 dan\u00e7ar em casa podem melhorar o teu humor. E, se o tempo permitir, aproveita o sol para obter vitamina D, essencial para a regula\u00e7\u00e3o do \u00e2nimo.<\/p>\n\n\n\n<h3 class=\"wp-block-heading\">3. Os teus entes queridos s\u00e3o indispens\u00e1veis<\/h3>\n\n\n\n<p>O apoio emocional \u00e9 fundamental para enfrentar o Blue Monday. Conversar com um amigo ou familiar, seja pessoalmente ou atrav\u00e9s de uma videochamada, pode trazer conforto e lembrar-te que n\u00e3o est\u00e1s sozinho. Partilhar sentimentos ou simplesmente dar umas boas gargalhadas com algu\u00e9m pr\u00f3ximo pode transformar um dia cinzento numa experi\u00eancia mais leve. Se puderes, planeia uma atividade social simples, como tomar um caf\u00e9 ou fazer um passeio, para te reconectares com quem mais te importa.<\/p>\n\n\n\n<h3 class=\"wp-block-heading\">4. Descobre novos hobbies<\/h3>\n\n\n\n<p>Ler um bom livro, ouvir m\u00fasica inspiradora, preparar uma receita especial ou assistir \u00e0 tua s\u00e9rie favorita s\u00e3o formas simples de reconectares contigo mesmo e desfrutares de pequenos momentos de felicidade. Complementa estas atividades com alimentos que promovem o bom humor, como chocolate preto, frutos secos ou banana. Uma alimenta\u00e7\u00e3o equilibrada n\u00e3o s\u00f3 te d\u00e1 energia como tamb\u00e9m influencia diretamente o teu bem-estar emocional.<\/p>\n\n\n\n<h3 class=\"wp-block-heading\">5. Respeita o teu ritmo<\/h3>\n\n\n\n<p>Se sentes que o in\u00edcio do ano foi esmagador ou que n\u00e3o cumpriste os teus objetivos, redefinir as metas pode ajudar-te a aliviar a press\u00e3o. Divide os objetivos em etapas menores e mais alcan\u00e7\u00e1veis, e lembra-te de que podes sempre recome\u00e7ar. A perfei\u00e7\u00e3o n\u00e3o \u00e9 o objetivo, o importante \u00e9 o progresso.<\/p>\n\n\n\n<h3 class=\"wp-block-heading\">6. N\u00e3o sejas t\u00e3o duro contigo mesmo<\/h3>\n\n\n\n<p>Lembra-te de ser gentil contigo. \u00c9 normal ter dias menos bons, e n\u00e3o precisas de te julgar por isso. Pratica o autocuidado, seja com um banho relaxante, uma sesta ou simplesmente uma pausa. Al\u00e9m disso, ajudar os outros pode dar-te uma sensa\u00e7\u00e3o de prop\u00f3sito. Realizar pequenos atos de bondade pode proporcionar uma alegria inesperada e refor\u00e7ar o teu sentimento de conex\u00e3o.<\/p>\n","protected":false},"excerpt":{"rendered":"<p>A terceira segunda-feira de janeiro \u00e9 conhecida em todo o mundo como Blue Monday, ou o dia mais triste do ano. Embora este conceito tenha surgido de uma f\u00f3rmula sem base cient\u00edfica, muitas pessoas sentem uma certa melancolia durante este per\u00edodo. As raz\u00f5es s\u00e3o variadas e, mesmo que n\u00e3o estejamos todos de acordo, uma coisa [&hellip;]<\/p>\n","protected":false},"author":6,"featured_media":4297,"comment_status":"closed","ping_status":"closed","sticky":false,"template":"","format":"standard","meta":{"jnews-multi-image_gallery":[],"jnews_single_post":{"format":"standard"},"jnews_primary_category":[],"jnews_social_meta":[],"jnews_override_counter":[],"footnotes":""},"categories":[21],"tags":[],"class_list":["post-4296","post","type-post","status-publish","format-standard","has-post-thumbnail","hentry","category-bem-estar"],"_links":{"self":[{"href":"https:\/\/www.primor.eu\/blog\/pt\/wp-json\/wp\/v2\/posts\/4296","targetHints":{"allow":["GET"]}}],"collection":[{"href":"https:\/\/www.primor.eu\/blog\/pt\/wp-json\/wp\/v2\/posts"}],"about":[{"href":"https:\/\/www.primor.eu\/blog\/pt\/wp-json\/wp\/v2\/types\/post"}],"author":[{"embeddable":true,"href":"https:\/\/www.primor.eu\/blog\/pt\/wp-json\/wp\/v2\/users\/6"}],"replies":[{"embeddable":true,"href":"https:\/\/www.primor.eu\/blog\/pt\/wp-json\/wp\/v2\/comments?post=4296"}],"version-history":[{"count":1,"href":"https:\/\/www.primor.eu\/blog\/pt\/wp-json\/wp\/v2\/posts\/4296\/revisions"}],"predecessor-version":[{"id":4298,"href":"https:\/\/www.primor.eu\/blog\/pt\/wp-json\/wp\/v2\/posts\/4296\/revisions\/4298"}],"wp:featuredmedia":[{"embeddable":true,"href":"https:\/\/www.primor.eu\/blog\/pt\/wp-json\/wp\/v2\/media\/4297"}],"wp:attachment":[{"href":"https:\/\/www.primor.eu\/blog\/pt\/wp-json\/wp\/v2\/media?parent=4296"}],"wp:term":[{"taxonomy":"category","embeddable":true,"href":"https:\/\/www.primor.eu\/blog\/pt\/wp-json\/wp\/v2\/categories?post=4296"},{"taxonomy":"post_tag","embeddable":true,"href":"https:\/\/www.primor.eu\/blog\/pt\/wp-json\/wp\/v2\/tags?post=4296"}],"curies":[{"name":"wp","href":"https:\/\/api.w.org\/{rel}","templated":true}]}}