
{"id":4281,"date":"2025-01-17T10:00:00","date_gmt":"2025-01-17T10:00:00","guid":{"rendered":"https:\/\/www.primor.eu\/blog\/pt\/?p=4281"},"modified":"2025-01-16T11:43:23","modified_gmt":"2025-01-16T11:43:23","slug":"tabaco-afeta-pele-cabelo","status":"publish","type":"post","link":"https:\/\/www.primor.eu\/blog\/pt\/tabaco-afeta-pele-cabelo\/","title":{"rendered":"Como o tabaco afeta a beleza: desde a pele at\u00e9 ao cabelo"},"content":{"rendered":"\n<p>Sabes que <strong>o tabaco n\u00e3o faz bem<\/strong>, mas j\u00e1 pensaste no impacto que tem na tua beleza? O tabaco afeta negativamente a beleza, acelerando o envelhecimento e comprometendo a apar\u00eancia da pele, cabelo e muito mais. Neste artigo da Primor explicamos como o tabaco prejudica a tua sa\u00fade e beleza, e o que podes fazer para mitigar os seus efeitos.<\/p>\n\n\n\n<h2 class=\"wp-block-heading\">Como o tabaco afeta a tua sa\u00fade e beleza<\/h2>\n\n\n\n<h3 class=\"wp-block-heading\">Envelhecimento prematuro da pele<\/h3>\n\n\n\n<ul class=\"wp-block-list\">\n<li><strong>Redu\u00e7\u00e3o do colag\u00e9nio e elastina:<\/strong> O tabaco diminui a produ\u00e7\u00e3o destas prote\u00ednas essenciais, causando flacidez e aparecimento de rugas.<\/li>\n\n\n\n<li><strong>Rugas do fumador:<\/strong> As linhas finas ao redor da boca s\u00e3o t\u00edpicas em fumadores devido ao movimento repetitivo dos l\u00e1bios e \u00e0 perda de elasticidade.<\/li>\n\n\n\n<li><strong>Pele sem brilho:<\/strong> A circula\u00e7\u00e3o sangu\u00ednea \u00e9 reduzida pelo tabaco, limitando o oxig\u00e9nio e os nutrientes que chegam \u00e0 pele, o que resulta numa apar\u00eancia cinzenta e apagada.<\/li>\n<\/ul>\n\n\n\n<h3 class=\"wp-block-heading\">Perda de hidrata\u00e7\u00e3o e secura<\/h3>\n\n\n\n<ul class=\"wp-block-list\">\n<li><strong>Efeito desidratante:<\/strong> Os qu\u00edmicos do tabaco danificam a barreira cut\u00e2nea, deixando a pele seca e \u00e1spera.<\/li>\n\n\n\n<li><strong>Maior risco de problemas de pele:<\/strong> Fumar pode agravar condi\u00e7\u00f5es como psor\u00edase e aumentar a sensibilidade da pele.<\/li>\n<\/ul>\n\n\n\n<h3 class=\"wp-block-heading\">Manchas na pele e nos dentes<\/h3>\n\n\n\n<ul class=\"wp-block-list\">\n<li><strong>Hiperpigmenta\u00e7\u00e3o:<\/strong> As toxinas do tabaco podem causar manchas escuras na pele, especialmente nas m\u00e3os, l\u00e1bios e rosto.<\/li>\n\n\n\n<li><strong>Dentes manchados:<\/strong> A nicotina e o alcatr\u00e3o tingem os dentes de amarelo ou castanho, comprometendo a apar\u00eancia do sorriso.<\/li>\n<\/ul>\n\n\n\n<h3 class=\"wp-block-heading\">Danos ao cabelo<\/h3>\n\n\n\n<ul class=\"wp-block-list\">\n<li><strong>Queda de cabelo:<\/strong> O fluxo sangu\u00edneo reduzido afeta os fol\u00edculos capilares, enfraquecendo o cabelo e aumentando a queda.<\/li>\n\n\n\n<li><strong>Cabelo opaco e quebradi\u00e7o:<\/strong> As toxinas prejudicam os nutrientes que chegam ao couro cabeludo, deixando o cabelo sem brilho e mais propenso \u00e0 quebra.<\/li>\n\n\n\n<li><strong>Cabelos brancos precoces:<\/strong> O stress oxidativo provocado pelo tabaco aumenta a probabilidade de surgirem cabelos brancos em idade jovem.<\/li>\n<\/ul>\n\n\n\n<h3 class=\"wp-block-heading\">L\u00e1bios secos e descoloridos<\/h3>\n\n\n\n<ul class=\"wp-block-list\">\n<li><strong>Desidrata\u00e7\u00e3o:<\/strong> Os l\u00e1bios perdem humidade, ficando gretados e sem vida.<\/li>\n\n\n\n<li><strong>Escurecimento:<\/strong> A exposi\u00e7\u00e3o cont\u00ednua ao fumo pode causar hiperpigmenta\u00e7\u00e3o nos l\u00e1bios.<\/li>\n<\/ul>\n\n\n\n<h3 class=\"wp-block-heading\">Unhas fr\u00e1geis e dedos amarelados<\/h3>\n\n\n\n<ul class=\"wp-block-list\">\n<li><strong>Unhas quebradi\u00e7as:<\/strong> As toxinas enfraquecem a estrutura das unhas, tornando-as mais suscet\u00edveis a partir.<\/li>\n\n\n\n<li><strong>Dedos manchados:<\/strong> A nicotina deixa os dedos com uma tonalidade amarelada dif\u00edcil de remover.<\/li>\n<\/ul>\n\n\n\n<h3 class=\"wp-block-heading\">Olhos cansados e olheiras<\/h3>\n\n\n\n<ul class=\"wp-block-list\">\n<li><strong>Falta de luminosidade nos olhos:<\/strong> A redu\u00e7\u00e3o do fluxo sangu\u00edneo afeta a apar\u00eancia dos olhos, deixando-os ba\u00e7os.<\/li>\n\n\n\n<li><strong>Olheiras e papos:<\/strong> Fumar compromete a qualidade do sono e favorece a reten\u00e7\u00e3o de l\u00edquidos, acentuando as olheiras e papos.<\/li>\n<\/ul>\n\n\n\n<h3 class=\"wp-block-heading\">Impacto no peso e na figura<\/h3>\n\n\n\n<p>Fumar pode alterar a distribui\u00e7\u00e3o de gordura no corpo, levando \u00e0 acumula\u00e7\u00e3o na zona abdominal, o que pode prejudicar o aspeto tonificado.<\/p>\n\n\n\n<h3 class=\"wp-block-heading\">Cicatriza\u00e7\u00e3o mais lenta<\/h3>\n\n\n\n<p>Fumadores demoram mais tempo a curar feridas e les\u00f5es, j\u00e1 que o tabaco retarda a regenera\u00e7\u00e3o celular.<\/p>\n\n\n\n<h3 class=\"wp-block-heading\">Mau odor persistente<\/h3>\n\n\n\n<p>O cheiro do fumo adere \u00e0 pele e ao cabelo, tornando dif\u00edcil elimin\u00e1-lo mesmo com produtos de cuidado.<\/p>\n\n\n\n<h3 class=\"wp-block-heading\">Como mitigar os danos do tabaco<\/h3>\n\n\n\n<ul class=\"wp-block-list\">\n<li><strong>Deixar de fumar:<\/strong> Este \u00e9 o passo mais importante para reverter alguns danos.<\/li>\n\n\n\n<li><strong>Cuidar bem da pele:<\/strong> Usa produtos antioxidantes como vitamina C e retinol para combater os radicais livres e regenerar a pele.<\/li>\n\n\n\n<li><strong>Hidratar constantemente:<\/strong> Aplica cremes ricos em \u00e1cido hialur\u00f3nico e bebe bastante \u00e1gua.<\/li>\n\n\n\n<li><strong>Usar prote\u00e7\u00e3o solar:<\/strong> Protege a pele dos danos adicionais causados pelo sol.<\/li>\n\n\n\n<li><strong>Adotar uma dieta rica em antioxidantes:<\/strong> Inclui frutas, vegetais e alimentos ricos em vitaminas E e C para fortalecer a pele e o cabelo.<\/li>\n\n\n\n<li><strong>Investir em tratamentos dermatol\u00f3gicos:<\/strong> Peelings qu\u00edmicos, laser e terapias de colag\u00e9nio podem melhorar a textura da pele e reduzir manchas.<\/li>\n<\/ul>\n","protected":false},"excerpt":{"rendered":"<p>Sabes que o tabaco n\u00e3o faz bem, mas j\u00e1 pensaste no impacto que tem na tua beleza? O tabaco afeta negativamente a beleza, acelerando o envelhecimento e comprometendo a apar\u00eancia da pele, cabelo e muito mais. Neste artigo da Primor explicamos como o tabaco prejudica a tua sa\u00fade e beleza, e o que podes fazer [&hellip;]<\/p>\n","protected":false},"author":6,"featured_media":4282,"comment_status":"closed","ping_status":"closed","sticky":false,"template":"","format":"standard","meta":{"jnews-multi-image_gallery":[],"jnews_single_post":{"format":"standard"},"jnews_primary_category":[],"jnews_social_meta":[],"jnews_override_counter":[],"footnotes":""},"categories":[21],"tags":[],"class_list":["post-4281","post","type-post","status-publish","format-standard","has-post-thumbnail","hentry","category-bem-estar"],"_links":{"self":[{"href":"https:\/\/www.primor.eu\/blog\/pt\/wp-json\/wp\/v2\/posts\/4281","targetHints":{"allow":["GET"]}}],"collection":[{"href":"https:\/\/www.primor.eu\/blog\/pt\/wp-json\/wp\/v2\/posts"}],"about":[{"href":"https:\/\/www.primor.eu\/blog\/pt\/wp-json\/wp\/v2\/types\/post"}],"author":[{"embeddable":true,"href":"https:\/\/www.primor.eu\/blog\/pt\/wp-json\/wp\/v2\/users\/6"}],"replies":[{"embeddable":true,"href":"https:\/\/www.primor.eu\/blog\/pt\/wp-json\/wp\/v2\/comments?post=4281"}],"version-history":[{"count":2,"href":"https:\/\/www.primor.eu\/blog\/pt\/wp-json\/wp\/v2\/posts\/4281\/revisions"}],"predecessor-version":[{"id":4284,"href":"https:\/\/www.primor.eu\/blog\/pt\/wp-json\/wp\/v2\/posts\/4281\/revisions\/4284"}],"wp:featuredmedia":[{"embeddable":true,"href":"https:\/\/www.primor.eu\/blog\/pt\/wp-json\/wp\/v2\/media\/4282"}],"wp:attachment":[{"href":"https:\/\/www.primor.eu\/blog\/pt\/wp-json\/wp\/v2\/media?parent=4281"}],"wp:term":[{"taxonomy":"category","embeddable":true,"href":"https:\/\/www.primor.eu\/blog\/pt\/wp-json\/wp\/v2\/categories?post=4281"},{"taxonomy":"post_tag","embeddable":true,"href":"https:\/\/www.primor.eu\/blog\/pt\/wp-json\/wp\/v2\/tags?post=4281"}],"curies":[{"name":"wp","href":"https:\/\/api.w.org\/{rel}","templated":true}]}}