
{"id":4254,"date":"2025-01-08T11:52:18","date_gmt":"2025-01-08T11:52:18","guid":{"rendered":"https:\/\/www.primor.eu\/blog\/pt\/?p=4254"},"modified":"2025-01-08T11:52:19","modified_gmt":"2025-01-08T11:52:19","slug":"rotina-facial-para-peles-negras","status":"publish","type":"post","link":"https:\/\/www.primor.eu\/blog\/pt\/rotina-facial-para-peles-negras\/","title":{"rendered":"Esta rotina facial \u00e9 perfeita para peles negras: todos os produtos de que precisas"},"content":{"rendered":"\n<p>Se tens pele negra e procuras uma rotina facial adaptada \u00e0s tuas necessidades espec\u00edficas, aqui tens um guia completo com os produtos essenciais para manter a tua pele saud\u00e1vel, hidratada e luminosa.<\/p>\n\n\n\n<p>Aten\u00e7\u00e3o: esta rotina foi desenhada para abordar particularidades da pele negra, como a tend\u00eancia \u00e0 secura, hiperpigmenta\u00e7\u00e3o e sensibilidade a produtos agressivos. No entanto, cada pele \u00e9 \u00fanica, por isso, se tiveres preocupa\u00e7\u00f5es espec\u00edficas, o ideal \u00e9 consultar um especialista.<\/p>\n\n\n\n<h2 class=\"wp-block-heading\">A melhor rotina facial para peles negras<\/h2>\n\n\n\n<h3 class=\"wp-block-heading\">De manh\u00e3<\/h3>\n\n\n\n<p><strong>Limpeza suave:<\/strong> Come\u00e7a o dia com um produto de limpeza suave que elimine as impurezas sem ressecar a pele.<\/p>\n\n\n\n<p><strong>T\u00f3nico equilibrante:<\/strong> Usa um t\u00f3nico sem \u00e1lcool para equilibrar o pH da pele e prepar\u00e1-la para os pr\u00f3ximos passos.<\/p>\n\n\n\n<p><strong>S\u00e9rum antioxidante:<\/strong> Um s\u00e9rum com vitamina C \u00e9 perfeito para prevenir manchas escuras e dar luminosidade \u00e0 pele.<\/p>\n\n\n\n<p><strong>Hidratante leve:<\/strong> Escolhe um hidratante que retenha a humidade sem deixar a pele oleosa.<\/p>\n\n\n\n<p><strong>Protetor solar:<\/strong> Este passo \u00e9 indispens\u00e1vel para prevenir a hiperpigmenta\u00e7\u00e3o e proteger a pele do envelhecimento. Opta por protetores solares que n\u00e3o deixem res\u00edduos brancos.<\/p>\n\n\n\n<h3 class=\"wp-block-heading\">\u00c0 noite<\/h3>\n\n\n\n<p><strong>Limpeza profunda:<\/strong> \u00c0 noite, remove maquilhagem, suor e res\u00edduos com uma dupla limpeza. Usa primeiro um \u00f3leo ou b\u00e1lsamo desmaquilhante e, depois, um produto de limpeza suave como o da manh\u00e3.<\/p>\n\n\n\n<p><strong>Esfolia\u00e7\u00e3o qu\u00edmica (2-3 vezes por semana):<\/strong> Opta por esfoliantes suaves com AHA ou BHA para renovar a pele sem causar irrita\u00e7\u00e3o.<\/p>\n\n\n\n<p><strong>Tratamento para hiperpigmenta\u00e7\u00e3o (se necess\u00e1rio): <\/strong>Aplica um produto espec\u00edfico para reduzir manchas escuras.<\/p>\n\n\n\n<p><strong>Hidratante rico ou s\u00e9rum nutritivo:<\/strong> Usa uma creme mais densa ou um s\u00e9rum nutritivo para uma hidrata\u00e7\u00e3o profunda.<\/p>\n\n\n\n<p><strong>\u00d3leo facial:<\/strong> Se a tua pele precisar de uma dose extra de hidrata\u00e7\u00e3o, aplica algumas gotas de \u00f3leo facial.<\/p>\n\n\n\n<h2 class=\"wp-block-heading\">Dicas \u00fateis para cuidares da tua pele<\/h2>\n\n\n\n<p><strong>S\u00ea consistente:<\/strong> A consist\u00eancia \u00e9 a chave para qualquer rotina de cuidado da pele. Mesmo os melhores produtos n\u00e3o far\u00e3o milagres se n\u00e3o forem usados regularmente. Segue a tua rotina di\u00e1ria para veres resultados vis\u00edveis ao longo do tempo.<\/p>\n\n\n\n<p><strong>Evita produtos agressivos:<\/strong> A pele negra \u00e9 mais suscet\u00edvel \u00e0 hiperpigmenta\u00e7\u00e3o, por isso \u00e9 essencial evitar produtos que possam irrit\u00e1-la. Exfoliantes f\u00edsicos e produtos com altos n\u00edveis de \u00e1lcool devem ser evitados, pois podem causar secura, irrita\u00e7\u00e3o ou manchas. Prefere sempre produtos suaves e espec\u00edficos para o teu tipo de pele.<\/p>\n\n\n\n<p><strong>Consulta um dermatologista:<\/strong> Se tiveres problemas como acne severo, manchas persistentes ou cicatrizes queloides, procura um dermatologista para um tratamento personalizado.<\/p>\n\n\n\n<p><strong>Hidrata o corpo tamb\u00e9m:<\/strong> N\u00e3o te esque\u00e7as de cuidar da pele do corpo. Usa lo\u00e7\u00f5es ou cremes ricos, como os que cont\u00eam manteiga de karit\u00e9, para hidratar e restaurar a elasticidade da pele, especialmente em climas secos ou frios.<\/p>\n","protected":false},"excerpt":{"rendered":"<p>Se tens pele negra e procuras uma rotina facial adaptada \u00e0s tuas necessidades espec\u00edficas, aqui tens um guia completo com os produtos essenciais para manter a tua pele saud\u00e1vel, hidratada e luminosa. Aten\u00e7\u00e3o: esta rotina foi desenhada para abordar particularidades da pele negra, como a tend\u00eancia \u00e0 secura, hiperpigmenta\u00e7\u00e3o e sensibilidade a produtos agressivos. No [&hellip;]<\/p>\n","protected":false},"author":6,"featured_media":4255,"comment_status":"closed","ping_status":"closed","sticky":false,"template":"","format":"standard","meta":{"jnews-multi-image_gallery":[],"jnews_single_post":{"format":"standard"},"jnews_primary_category":[],"jnews_social_meta":[],"jnews_override_counter":[],"footnotes":""},"categories":[4],"tags":[],"class_list":["post-4254","post","type-post","status-publish","format-standard","has-post-thumbnail","hentry","category-cosmetica"],"_links":{"self":[{"href":"https:\/\/www.primor.eu\/blog\/pt\/wp-json\/wp\/v2\/posts\/4254","targetHints":{"allow":["GET"]}}],"collection":[{"href":"https:\/\/www.primor.eu\/blog\/pt\/wp-json\/wp\/v2\/posts"}],"about":[{"href":"https:\/\/www.primor.eu\/blog\/pt\/wp-json\/wp\/v2\/types\/post"}],"author":[{"embeddable":true,"href":"https:\/\/www.primor.eu\/blog\/pt\/wp-json\/wp\/v2\/users\/6"}],"replies":[{"embeddable":true,"href":"https:\/\/www.primor.eu\/blog\/pt\/wp-json\/wp\/v2\/comments?post=4254"}],"version-history":[{"count":1,"href":"https:\/\/www.primor.eu\/blog\/pt\/wp-json\/wp\/v2\/posts\/4254\/revisions"}],"predecessor-version":[{"id":4256,"href":"https:\/\/www.primor.eu\/blog\/pt\/wp-json\/wp\/v2\/posts\/4254\/revisions\/4256"}],"wp:featuredmedia":[{"embeddable":true,"href":"https:\/\/www.primor.eu\/blog\/pt\/wp-json\/wp\/v2\/media\/4255"}],"wp:attachment":[{"href":"https:\/\/www.primor.eu\/blog\/pt\/wp-json\/wp\/v2\/media?parent=4254"}],"wp:term":[{"taxonomy":"category","embeddable":true,"href":"https:\/\/www.primor.eu\/blog\/pt\/wp-json\/wp\/v2\/categories?post=4254"},{"taxonomy":"post_tag","embeddable":true,"href":"https:\/\/www.primor.eu\/blog\/pt\/wp-json\/wp\/v2\/tags?post=4254"}],"curies":[{"name":"wp","href":"https:\/\/api.w.org\/{rel}","templated":true}]}}