
{"id":4246,"date":"2025-01-17T11:00:36","date_gmt":"2025-01-17T11:00:36","guid":{"rendered":"https:\/\/www.primor.eu\/blog\/pt\/?p=4246"},"modified":"2025-01-08T11:02:57","modified_gmt":"2025-01-08T11:02:57","slug":"secar-cabelo-sem-danificar","status":"publish","type":"post","link":"https:\/\/www.primor.eu\/blog\/pt\/secar-cabelo-sem-danificar\/","title":{"rendered":"A t\u00e9cnica definitiva para secar o cabelo sem o danificar"},"content":{"rendered":"\n<p>Secar o cabelo corretamente \u00e9 essencial para manter a sa\u00fade capilar e evitar problemas como frizz, quebra ou secura excessiva. A forma como secas o cabelo, os produtos utilizados e as ferramentas escolhidas fazem toda a diferen\u00e7a no resultado final. Neste artigo da Primor, explicamos a t\u00e9cnica ideal para<strong> secar o cabelo sem o danificar<\/strong>, com dicas e produtos que ir\u00e3o proteger e real\u00e7ar a beleza natural do teu cabelo.<\/p>\n\n\n\n<h2 class=\"wp-block-heading\">Como secar o cabelo sem o danificar: passo a passo<\/h2>\n\n\n\n<h3 class=\"wp-block-heading\">N\u00e3o esfregues o cabelo com a toalha<\/h3>\n\n\n\n<p>Um dos erros mais comuns ao secar o cabelo \u00e9 esfreg\u00e1-lo vigorosamente com a toalha, o que pode causar <strong>frizz<\/strong>, <strong>quebra <\/strong>e <strong>ressecamento<\/strong>.<\/p>\n\n\n\n<ul class=\"wp-block-list\">\n<li><strong>T\u00e9cnica correta. <\/strong>Em vez de esfregar, pressiona suavemente a toalha contra o cabelo para absorver o excesso de \u00e1gua. Opta por uma <strong>toalha de microfibra<\/strong> ou at\u00e9 uma <strong>t-shirt de algod\u00e3o<\/strong>, ao serem mais suaves e reduzem a fric\u00e7\u00e3o.\u00a0<\/li>\n\n\n\n<li><strong>Evita toalhas de felpo<\/strong>, pois podem agredirem as cut\u00edculas capilares.\u00a0<\/li>\n<\/ul>\n\n\n\n<h3 class=\"wp-block-heading\">Aplica um protetor t\u00e9rmico ou condicionador sem enxaguar<\/h3>\n\n\n\n<p>Antes de expor o cabelo ao calor de secadores ou outras ferramentas t\u00e9rmicas, \u00e9 essencial proteg\u00ea-lo para evitar danos causados pelas altas temperaturas:<\/p>\n\n\n\n<ul class=\"wp-block-list\">\n<li><strong>Condicionador sem enxaguar: <\/strong>ideal para hidratar e desembara\u00e7ar, proporcionando uma prote\u00e7\u00e3o extra.<\/li>\n\n\n\n<li><strong>Protetor t\u00e9rmico: <\/strong>aplica um protetor t\u00e9rmico de <strong>meio \u00e0s pontas<\/strong> para criar uma barreira protetora e reduzir os danos causados pelo calor.<\/li>\n<\/ul>\n\n\n\n<p><strong>Dica extra:<\/strong> Escolhe protetores t\u00e9rmicos com ingredientes nutritivos, como <strong>\u00f3leos vegetais<\/strong> ou <strong>queratina<\/strong>, para proteger e fortalecer o cabelo ao mesmo tempo.<\/p>\n\n\n\n<h3 class=\"wp-block-heading\">Usa o secador a baixa temperatura<\/h3>\n\n\n\n<p>O calor excessivo \u00e9 uma das principais causas de <strong>desidrata\u00e7\u00e3o<\/strong> e <strong>danos irrevers\u00edveis<\/strong> no cabelo. Embora possa ser tentador usar temperaturas altas para secar mais r\u00e1pido, a longo prazo pode fragilizar a fibra capilar.<\/p>\n\n\n\n<ul class=\"wp-block-list\">\n<li><strong>T\u00e9cnica correta<\/strong>: opta por uma temperatura m\u00e9dia ou baixa. No final da secagem, utiliza o jato de ar frio para selar as cut\u00edculas e aumentar o brilho.<\/li>\n<\/ul>\n\n\n\n<p><strong>Para cabelos encaracolados:<\/strong> Usa um <strong>difusor<\/strong>, que distribui o calor de forma mais uniforme, preservando a forma dos carac\u00f3is e minimizando o frizz.<\/p>\n\n\n\n<h3 class=\"wp-block-heading\">Evita secar o cabelo completamente molhado<\/h3>\n\n\n\n<p>O cabelo est\u00e1 mais <strong>fr\u00e1gil e el\u00e1stico<\/strong> quando molhado, o que o torna mais suscet\u00edvel a quebras. Come\u00e7ar a usar o secador com o cabelo ainda encharcado pode aumentar esse risco.<\/p>\n\n\n\n<ul class=\"wp-block-list\">\n<li><strong>T\u00e9cnica correta.<\/strong> Deixa o cabelo secar <strong>naturalmente<\/strong> durante alguns minutos antes de usar o secador. Come\u00e7a a secagem pela <strong>raiz<\/strong> e avan\u00e7a em dire\u00e7\u00e3o \u00e0s pontas. Mant\u00e9m o secador a uma dist\u00e2ncia segura (cerca de 15-20 cm) para evitar calor direto no couro cabeludo.<\/li>\n<\/ul>\n\n\n\n<h3 class=\"wp-block-heading\">Escolhe um secador de qualidade e com tecnologia avan\u00e7ada<\/h3>\n\n\n\n<p>A qualidade do secador faz toda a diferen\u00e7a para manter o cabelo protegido. Secadores de baixa qualidade tendem a emitir calor de forma descontrolada, o que pode causar danos e ressecar o cabelo.<\/p>\n\n\n\n<p>Caracter\u00edsticas a procurar:<\/p>\n\n\n\n<ul class=\"wp-block-list\">\n<li><strong>Tecnologia i\u00f3nica: <\/strong>reduz a eletricidade est\u00e1tica e controla o frizz.<\/li>\n\n\n\n<li><strong>Revestimento de cer\u00e2mica ou turmalina: <\/strong>distribui o calor de forma mais uniforme e protege a hidrata\u00e7\u00e3o natural do cabelo.<\/li>\n\n\n\n<li><strong>Controlo de temperatura:<\/strong> permite ajustar o calor para diferentes tipos de cabelo.<\/li>\n<\/ul>\n\n\n\n<p><strong>Dica extra:<\/strong> Se usas o secador com frequ\u00eancia, investir num modelo profissional pode proteger o teu cabelo a longo prazo.<\/p>\n\n\n\n<h3 class=\"wp-block-heading\"><strong>Resumo das dicas essenciais para secar o cabelo sem danos:<\/strong><\/h3>\n\n\n\n<ul class=\"wp-block-list\">\n<li><strong>Evita fric\u00e7\u00e3o:<\/strong> seca o cabelo com suavidade usando uma toalha de microfibra.<\/li>\n\n\n\n<li><strong>Protetor t\u00e9rmico:<\/strong> aplica sempre um antes de utilizar qualquer ferramenta de calor.<\/li>\n\n\n\n<li><strong>Temperatura controlada:<\/strong> usa o secador a temperatura m\u00e9dia ou baixa.<\/li>\n\n\n\n<li><strong>Pr\u00e9-secado natural:<\/strong> deixa o cabelo secar ao ar durante alguns minutos antes de usar calor.<\/li>\n\n\n\n<li><strong>Secador de qualidade:<\/strong> opta por tecnologia i\u00f3nica e cer\u00e2mica para proteger o cabelo.<\/li>\n<\/ul>\n\n\n\n<p>Seguir esta rotina n\u00e3o s\u00f3 proteger\u00e1 o teu cabelo, como tamb\u00e9m ajudar\u00e1 a mant\u00ea-lo mais <strong>suave<\/strong>, <strong>hidratado<\/strong> e com um <strong>brilho natural<\/strong> por mais tempo.<\/p>\n","protected":false},"excerpt":{"rendered":"<p>Secar o cabelo corretamente \u00e9 essencial para manter a sa\u00fade capilar e evitar problemas como frizz, quebra ou secura excessiva. A forma como secas o cabelo, os produtos utilizados e as ferramentas escolhidas fazem toda a diferen\u00e7a no resultado final. Neste artigo da Primor, explicamos a t\u00e9cnica ideal para secar o cabelo sem o danificar, [&hellip;]<\/p>\n","protected":false},"author":5,"featured_media":4247,"comment_status":"closed","ping_status":"closed","sticky":false,"template":"","format":"standard","meta":{"jnews-multi-image_gallery":[],"jnews_single_post":{"format":"standard"},"jnews_primary_category":[],"jnews_social_meta":[],"jnews_override_counter":[],"footnotes":""},"categories":[5],"tags":[],"class_list":["post-4246","post","type-post","status-publish","format-standard","has-post-thumbnail","hentry","category-cabelo"],"_links":{"self":[{"href":"https:\/\/www.primor.eu\/blog\/pt\/wp-json\/wp\/v2\/posts\/4246","targetHints":{"allow":["GET"]}}],"collection":[{"href":"https:\/\/www.primor.eu\/blog\/pt\/wp-json\/wp\/v2\/posts"}],"about":[{"href":"https:\/\/www.primor.eu\/blog\/pt\/wp-json\/wp\/v2\/types\/post"}],"author":[{"embeddable":true,"href":"https:\/\/www.primor.eu\/blog\/pt\/wp-json\/wp\/v2\/users\/5"}],"replies":[{"embeddable":true,"href":"https:\/\/www.primor.eu\/blog\/pt\/wp-json\/wp\/v2\/comments?post=4246"}],"version-history":[{"count":1,"href":"https:\/\/www.primor.eu\/blog\/pt\/wp-json\/wp\/v2\/posts\/4246\/revisions"}],"predecessor-version":[{"id":4248,"href":"https:\/\/www.primor.eu\/blog\/pt\/wp-json\/wp\/v2\/posts\/4246\/revisions\/4248"}],"wp:featuredmedia":[{"embeddable":true,"href":"https:\/\/www.primor.eu\/blog\/pt\/wp-json\/wp\/v2\/media\/4247"}],"wp:attachment":[{"href":"https:\/\/www.primor.eu\/blog\/pt\/wp-json\/wp\/v2\/media?parent=4246"}],"wp:term":[{"taxonomy":"category","embeddable":true,"href":"https:\/\/www.primor.eu\/blog\/pt\/wp-json\/wp\/v2\/categories?post=4246"},{"taxonomy":"post_tag","embeddable":true,"href":"https:\/\/www.primor.eu\/blog\/pt\/wp-json\/wp\/v2\/tags?post=4246"}],"curies":[{"name":"wp","href":"https:\/\/api.w.org\/{rel}","templated":true}]}}