
{"id":4242,"date":"2025-01-16T10:57:49","date_gmt":"2025-01-16T10:57:49","guid":{"rendered":"https:\/\/www.primor.eu\/blog\/pt\/?p=4242"},"modified":"2025-01-08T11:00:07","modified_gmt":"2025-01-08T11:00:07","slug":"efeitos-aquecimento-cabelo-pele","status":"publish","type":"post","link":"https:\/\/www.primor.eu\/blog\/pt\/efeitos-aquecimento-cabelo-pele\/","title":{"rendered":"Estes s\u00e3o os 6 efeitos que o aquecimento pode ter na pele e no cabelo"},"content":{"rendered":"\n<p>O uso de aquecimento durante o inverno \u00e9 praticamente indispens\u00e1vel para manter o conforto, mas os seus<strong> efeitos negativos sobre a pele e o cabelo<\/strong> s\u00e3o frequentemente ignorados. O ar quente e seco, especialmente em ambientes fechados, retira a humidade natural do ar, resultando em desidrata\u00e7\u00e3o e fragilidade. Neste artigo da Primor, explicamos os principais efeitos do aquecimento e como os podes prevenir para manter a pele e o cabelo saud\u00e1veis.<\/p>\n\n\n\n<h2 class=\"wp-block-heading\">Efeitos do aquecimento na pele<\/h2>\n\n\n\n<h3 class=\"wp-block-heading\">Desidrata\u00e7\u00e3o da pele<\/h3>\n\n\n\n<p>O aquecimento retira a <strong>humidade <\/strong>do ar, afetando a barreira cut\u00e2nea, que \u00e9 respons\u00e1vel por reter a <strong>hidrata\u00e7\u00e3o <\/strong>natural da pele. Isso pode levar a secura extrema, desconforto e sensa\u00e7\u00e3o de repuxamento.<\/p>\n\n\n\n<ul class=\"wp-block-list\">\n<li><strong>Sintomas. <\/strong>Pele \u00e1spera, seca e sem luminosidade. Sensa\u00e7\u00e3o de repuxamento e descama\u00e7\u00e3o e gretas em \u00e1reas sens\u00edveis como l\u00e1bios e m\u00e3os.\u00a0<\/li>\n\n\n\n<li><strong>Como prevenir.<\/strong> Utilizar <strong>cremes hidratantes <\/strong>com <strong>glicerina<\/strong>, <strong>\u00e1cido hialur\u00f3nico <\/strong>e <strong>\u00f3leos vegetais<\/strong>. Aplica o hidratante logo ap\u00f3s o banho, com a pele ainda h\u00famida, para maximizar a reten\u00e7\u00e3o de \u00e1gua. Usa um <strong>humidificador <\/strong>em casa para restaurar a humidade do ar.<\/li>\n<\/ul>\n\n\n\n<h3 class=\"wp-block-heading\">Agravamento de problemas cut\u00e2neos<\/h3>\n\n\n\n<p>O ar seco pode agravar condi\u00e7\u00f5es como eczema, ros\u00e1cea e dermatite, devido \u00e0 perda de hidrata\u00e7\u00e3o e ao stress ambiental.&nbsp;<\/p>\n\n\n\n<ul class=\"wp-block-list\">\n<li><strong>Sintomas<\/strong>. Vermelhid\u00e3o, irrita\u00e7\u00e3o, comich\u00e3o e ardor, agravamento de crises de pele sens\u00edvel.\u00a0<\/li>\n\n\n\n<li><strong>Como prevenir. <\/strong>Opta por produtos hipoalerg\u00e9nico e sem fragr\u00e2ncias. Evita esfoliantes agressivos e produtos com \u00e1lcool. Hidrata a pele com produtos \u00e0 base de ceramidas e manteiga de karit\u00e9.\u00a0<\/li>\n<\/ul>\n\n\n\n<h3 class=\"wp-block-heading\">Aparecimento de linhas finas e rugas<\/h3>\n\n\n\n<p>A desidrata\u00e7\u00e3o constante pode afetar a elasticidade da pele, resultando no aparecimento precoce de <strong>linhas finas e rugas<\/strong>.<\/p>\n\n\n\n<ul class=\"wp-block-list\">\n<li><strong>Sintomas<\/strong>. Pele ba\u00e7a e com textura irregular, linhas finas vis\u00edveis, especialmente em torno dos olhos e boca.\u00a0\u00a0<\/li>\n\n\n\n<li><strong>Como prevenir.<\/strong> Utiliza s\u00e9runs com <strong>\u00e1cido hialur\u00f3nico<\/strong> e <strong>p\u00e9ptidos<\/strong> para hidratar e melhorar a firmeza. Adiciona <strong>vitamina C<\/strong> para iluminar e combater o stress oxidativo. Inclui retinol na rotina noturna para estimular a produ\u00e7\u00e3o de colag\u00e9nio.<\/li>\n<\/ul>\n\n\n\n<h2 class=\"wp-block-heading\">Efeitos do aquecimento no cabelo<\/h2>\n\n\n\n<h3 class=\"wp-block-heading\">Cabelo seco e quebradi\u00e7o<\/h3>\n\n\n\n<p>O ar quente e seco afeta o cabelo de forma semelhante \u00e0 pele, removendo a sua humidade natural, tornando-o mais seco e fr\u00e1gil.<\/p>\n\n\n\n<ul class=\"wp-block-list\">\n<li><strong>Sintomas<\/strong>. Cabelo ba\u00e7o e sem vida, pontas espigadas e frizz e dificuldade em pentear.<\/li>\n\n\n\n<li><strong>Como prevenir<\/strong>. Utiliza champ\u00f4s e m\u00e1scaras <strong>hidratantes<\/strong> enriquecidos com <strong>\u00f3leos naturais<\/strong> e <strong>manteiga de karit\u00e9<\/strong>. Aplica um <strong>\u00f3leo capilar<\/strong> nas pontas para selar a hidrata\u00e7\u00e3o. Evita lavagens excessivas e limita o uso de ferramentas de calor.<\/li>\n<\/ul>\n\n\n\n<h3 class=\"wp-block-heading\">Perda de volume<\/h3>\n\n\n\n<p>O cabelo desidratado tende a perder elasticidade, ficando mais <strong>pesado e liso<\/strong>, especialmente em cabelos finos.<\/p>\n\n\n\n<ul class=\"wp-block-list\">\n<li><strong>Sintomas<\/strong>. Falta de volume e elasticidade e cabelo com aspeto \u201ccolado\u201d \u00e0 raiz.<\/li>\n\n\n\n<li><strong>Como prevenir.<\/strong> Usa champ\u00f4s volumizadores que n\u00e3o pesem. Aplica um <strong>spray de volume<\/strong> nas ra\u00edzes. Evita produtos demasiado ricos ou oleosos na raiz do cabelo.<\/li>\n<\/ul>\n\n\n\n<h3 class=\"wp-block-heading\">Frizz e elasticidade est\u00e1tica<\/h3>\n\n\n\n<p>O ar seco aumenta a eletricidade est\u00e1tica, resultando em cabelo <strong>arrepiado e descontrolado<\/strong>.<\/p>\n\n\n\n<ul class=\"wp-block-list\">\n<li><strong>Sintomas<\/strong>. Frizz vis\u00edvel e desorganizado e dificuldade em manter o cabelo alinhado.<\/li>\n\n\n\n<li><strong>Como prevenir<\/strong>. Utiliza um <strong>s\u00e9rum anti-frizz<\/strong> ou \u00f3leo de <strong>arg\u00e3o<\/strong> para suavizar os fios. Aplica um <strong>spray antiest\u00e1tico<\/strong> nas pontas. Um <strong>humidificador<\/strong> no ambiente pode ajudar a manter a humidade no ar e reduzir a eletricidade est\u00e1tica.\u00a0<\/li>\n<\/ul>\n\n\n\n<h3 class=\"wp-block-heading\"><strong>Dicas extra para proteger a pele e o cabelo durante o inverno:<\/strong><\/h3>\n\n\n\n<ul class=\"wp-block-list\">\n<li><strong>Hidrata\u00e7\u00e3o interna: <\/strong>bebe bastante \u00e1gua para manter a pele e o cabelo hidratados de dentro para fora.<\/li>\n\n\n\n<li><strong>Evita banhos quentes prolongados:<\/strong> podem ressecar ainda mais a pele.<\/li>\n\n\n\n<li><strong>Alimenta-te bem:<\/strong> inclui alimentos ricos em \u00f3mega-3 e antioxidantes, como nozes e abacate, para fortalecer a pele e o cabelo.<\/li>\n\n\n\n<li><strong>Adapta a tua rotina:<\/strong> opta por produtos mais nutritivos e reparadores durante o inverno.<\/li>\n<\/ul>\n\n\n\n<p>Cuidar da pele e do cabelo durante os meses mais frios \u00e9 essencial para evitar os efeitos negativos do aquecimento. Com as escolhas certas, \u00e9 poss\u00edvel manter uma apar\u00eancia saud\u00e1vel, luminosa e protegida durante todo o inverno.<\/p>\n","protected":false},"excerpt":{"rendered":"<p>O uso de aquecimento durante o inverno \u00e9 praticamente indispens\u00e1vel para manter o conforto, mas os seus efeitos negativos sobre a pele e o cabelo s\u00e3o frequentemente ignorados. O ar quente e seco, especialmente em ambientes fechados, retira a humidade natural do ar, resultando em desidrata\u00e7\u00e3o e fragilidade. Neste artigo da Primor, explicamos os principais [&hellip;]<\/p>\n","protected":false},"author":5,"featured_media":4243,"comment_status":"closed","ping_status":"closed","sticky":false,"template":"","format":"standard","meta":{"jnews-multi-image_gallery":[],"jnews_single_post":{"format":"standard"},"jnews_primary_category":[],"jnews_social_meta":[],"jnews_override_counter":[],"footnotes":""},"categories":[5,8],"tags":[],"class_list":["post-4242","post","type-post","status-publish","format-standard","has-post-thumbnail","hentry","category-cabelo","category-dicas-de-beleza"],"_links":{"self":[{"href":"https:\/\/www.primor.eu\/blog\/pt\/wp-json\/wp\/v2\/posts\/4242","targetHints":{"allow":["GET"]}}],"collection":[{"href":"https:\/\/www.primor.eu\/blog\/pt\/wp-json\/wp\/v2\/posts"}],"about":[{"href":"https:\/\/www.primor.eu\/blog\/pt\/wp-json\/wp\/v2\/types\/post"}],"author":[{"embeddable":true,"href":"https:\/\/www.primor.eu\/blog\/pt\/wp-json\/wp\/v2\/users\/5"}],"replies":[{"embeddable":true,"href":"https:\/\/www.primor.eu\/blog\/pt\/wp-json\/wp\/v2\/comments?post=4242"}],"version-history":[{"count":1,"href":"https:\/\/www.primor.eu\/blog\/pt\/wp-json\/wp\/v2\/posts\/4242\/revisions"}],"predecessor-version":[{"id":4244,"href":"https:\/\/www.primor.eu\/blog\/pt\/wp-json\/wp\/v2\/posts\/4242\/revisions\/4244"}],"wp:featuredmedia":[{"embeddable":true,"href":"https:\/\/www.primor.eu\/blog\/pt\/wp-json\/wp\/v2\/media\/4243"}],"wp:attachment":[{"href":"https:\/\/www.primor.eu\/blog\/pt\/wp-json\/wp\/v2\/media?parent=4242"}],"wp:term":[{"taxonomy":"category","embeddable":true,"href":"https:\/\/www.primor.eu\/blog\/pt\/wp-json\/wp\/v2\/categories?post=4242"},{"taxonomy":"post_tag","embeddable":true,"href":"https:\/\/www.primor.eu\/blog\/pt\/wp-json\/wp\/v2\/tags?post=4242"}],"curies":[{"name":"wp","href":"https:\/\/api.w.org\/{rel}","templated":true}]}}