
{"id":4209,"date":"2025-01-08T15:00:00","date_gmt":"2025-01-08T15:00:00","guid":{"rendered":"https:\/\/www.primor.eu\/blog\/pt\/?p=4209"},"modified":"2025-01-08T10:36:46","modified_gmt":"2025-01-08T10:36:46","slug":"erros-comuns-cosmetica-facial","status":"publish","type":"post","link":"https:\/\/www.primor.eu\/blog\/pt\/erros-comuns-cosmetica-facial\/","title":{"rendered":"Os erros mais comuns (que todas j\u00e1 cometemos) relacionados com a cosm\u00e9tica facial"},"content":{"rendered":"\n<p>Todas n\u00f3s j\u00e1 ca\u00edmos em <strong>erros nos cuidados faciais <\/strong>pelo menos uma vez! Mas para que n\u00e3o voltes a cometer esses deslizes, neste artigo da Primor explicamos-te os erros mais comuns na rotina de beleza e como evit\u00e1-los para manteres uma pele saud\u00e1vel e luminosa.<\/p>\n\n\n\n<h2 class=\"wp-block-heading\">Erros mais comuns na rotina de cuidados faciais<\/h2>\n\n\n\n<h3 class=\"wp-block-heading\">Dormir com maquilhagem<\/h3>\n\n\n\n<ul class=\"wp-block-list\">\n<li><strong>Por qu\u00e9 es un error.<\/strong> Dormir com maquilhagem obstrui os poros, favorecendo o aparecimento de acne e deixando a pele ba\u00e7a. Al\u00e9m disso, interfere no processo natural de regenera\u00e7\u00e3o celular durante a noite.<\/li>\n\n\n\n<li><strong>Como evit\u00e1-lo?. <\/strong>Remove sempre a maquilhagem com um desmaquilhante suave, de prefer\u00eancia bif\u00e1sico ou \u00e0 base de \u00e1gua micelar, seguido de um gel de limpeza adaptado ao teu tipo de pele.<\/li>\n<\/ul>\n\n\n\n<h3 class=\"wp-block-heading\">N\u00e3o usar protetor solar diariamente<\/h3>\n\n\n\n<ul class=\"wp-block-list\">\n<li><strong>Porque \u00e9 um erro?.<\/strong> A exposi\u00e7\u00e3o aos raios UV acelera o envelhecimento cut\u00e2neo, provoca manchas e aumenta o risco de cancro da pele.<\/li>\n\n\n\n<li><strong>Como evit\u00e1-lo?.<\/strong> Aplica um protetor solar de amplo espetro todos os dias, mesmo quando est\u00e1 nublado ou se estiveres em interiores com exposi\u00e7\u00e3o solar indireta.<\/li>\n<\/ul>\n\n\n\n<h3 class=\"wp-block-heading\">Escolher produtos sem conhecer o teu tipo de pele<\/h3>\n\n\n\n<ul class=\"wp-block-list\">\n<li><strong>Porque \u00e9 um erro?.<\/strong> Utilizar cosm\u00e9ticos inadequados pode agravar problemas como secura, oleosidade ou sensibilidade.<\/li>\n\n\n\n<li><strong>Como evit\u00e1-lo?.<\/strong> Identifica se a tua pele \u00e9 seca, oleosa, mista ou sens\u00edvel e escolhe produtos formulados para as suas necessidades. Se n\u00e3o tiveres a certeza, h\u00e1 testes simples que te podem ajudar a descobrir.<\/li>\n<\/ul>\n\n\n\n<h3 class=\"wp-block-heading\">Esfoliar em excesso<\/h3>\n\n\n\n<ul class=\"wp-block-list\">\n<li><strong>Porque \u00e9 um erro?.<\/strong> O excesso de esfolia\u00e7\u00e3o pode danificar a barreira cut\u00e2nea, provocando irrita\u00e7\u00e3o, vermelhid\u00e3o e at\u00e9 borbulhas.\u00a0<\/li>\n\n\n\n<li><strong>Como evit\u00e1-lo?.<\/strong> Esfolia no m\u00e1ximo 1 a 2 vezes por semana e opta por f\u00f3rmulas suaves, como as que cont\u00eam \u00e1cido l\u00e1ctico ou enzimas naturais.<\/li>\n<\/ul>\n\n\n\n<h3 class=\"wp-block-heading\">N\u00e3o limpar os pinc\u00e9is de maquilhagem<\/h3>\n\n\n\n<ul class=\"wp-block-list\">\n<li><strong>Porque \u00e9 um erro?. <\/strong>Os pinc\u00e9is sujos acumulam bact\u00e9rias, res\u00edduos de produtos e oleosidade, podendo causar infe\u00e7\u00f5es e erup\u00e7\u00f5es cut\u00e2neas.<\/li>\n\n\n\n<li><strong>Como evit\u00e1-lo?.<\/strong> Lava os teus pinc\u00e9is semanalmente com um sabonete neutro ou um produto de limpeza espec\u00edfico.<\/li>\n<\/ul>\n\n\n\n<h3 class=\"wp-block-heading\">N\u00e3o aplicar os produtos na ordem correta<\/h3>\n\n\n\n<ul class=\"wp-block-list\">\n<li><strong>Porque \u00e9 um erro?.<\/strong> A ordem incorreta pode comprometer a efic\u00e1cia dos produtos e, em alguns casos, causar rea\u00e7\u00f5es adversas.<\/li>\n\n\n\n<li><strong>Como evit\u00e1-lo?.<\/strong> Segue esta sequ\u00eancia: limpeza, t\u00f3nico, s\u00e9rum, creme hidratante e protetor solar (de manh\u00e3).\u00a0<\/li>\n<\/ul>\n\n\n\n<h3 class=\"wp-block-heading\">Espremer borbulhas ou pontos negros<\/h3>\n\n\n\n<ul class=\"wp-block-list\">\n<li><strong>Porque \u00e9 um erro?. <\/strong>Espremer borbulhas pode causar cicatrizes, infe\u00e7\u00f5es e agravar a inflama\u00e7\u00e3o.<\/li>\n\n\n\n<li><strong>Como evit\u00e1-lo?. <\/strong>Opta por produtos com \u00e1cido salic\u00edlico ou per\u00f3xido de benzo\u00edlo e, em casos persistentes, consulta um dermatologista.\u00a0<\/li>\n<\/ul>\n\n\n\n<h3 class=\"wp-block-heading\">N\u00e3o hidratar a pele oleosa<\/h3>\n\n\n\n<ul class=\"wp-block-list\">\n<li><strong>Porque \u00e9 um erro?.<\/strong> Ignorar a hidrata\u00e7\u00e3o pode levar a um efeito rebote, aumentando a produ\u00e7\u00e3o de oleosidade.\u00a0<\/li>\n\n\n\n<li><strong>Como evit\u00e1-lo<\/strong>. Escolhe hidratantes leves e n\u00e3o comedog\u00e9nicos, com ingredientes como o \u00e1cido hialur\u00f3nico.<\/li>\n<\/ul>\n\n\n\n<h3 class=\"wp-block-heading\">N\u00e3o remover corretamente o protetor solar<\/h3>\n\n\n\n<ul class=\"wp-block-list\">\n<li><strong>Porque \u00e9 um erro?.<\/strong> Os protetores solares, especialmente os resistentes \u00e0 \u00e1gua, podem acumular-se nos poros se n\u00e3o forem removidos corretamente.<\/li>\n\n\n\n<li><strong>Como evit\u00e1-lo<\/strong>. Adota a t\u00e9cnica de dupla limpeza: primeiro um \u00f3leo de limpeza e depois um gel ou espuma \u00e0 base de \u00e1gua.<\/li>\n<\/ul>\n\n\n\n<h3 class=\"wp-block-heading\">Trocar de produtos com demasiada frequ\u00eancia<\/h3>\n\n\n\n<ul class=\"wp-block-list\">\n<li><strong>Porque \u00e9 um erro?.<\/strong> A pele precisa de tempo para se adaptar a um novo produto e mostrar resultados vis\u00edveis.<\/li>\n\n\n\n<li><strong>Como evit\u00e1-lo<\/strong>. Mant\u00e9m uma rotina consistente durante pelo menos 4 a 6 semanas antes de decidir se o produto funciona ou n\u00e3o para ti.<\/li>\n<\/ul>\n\n\n\n<h3 class=\"wp-block-heading\">Aplicar produtos no contorno dos olhos agressivamente<\/h3>\n\n\n\n<ul class=\"wp-block-list\">\n<li><strong>Porque \u00e9 um erro?.<\/strong>\u00a0 A pele na zona do contorno ocular \u00e9 muito delicada, e movimentos bruscos podem causar rugas prematuras.<\/li>\n\n\n\n<li><strong>Como evit\u00e1-lo<\/strong>. Aplica o creme de contorno ocular com o dedo anelar, dando leves toques, sem arrastar a pele.<\/li>\n<\/ul>\n\n\n\n<h3 class=\"wp-block-heading\">Usar demasiados produtos ao mesmo tempo<\/h3>\n\n\n\n<ul class=\"wp-block-list\">\n<li><strong>Porque \u00e9 um erro?.<\/strong> O excesso de produtos pode sobrecarregar a pele, provocar irrita\u00e7\u00f5es e reduzir a efic\u00e1cia dos ativos.<\/li>\n\n\n\n<li><strong>Como evit\u00e1-lo<\/strong>. Simplifica a tua rotina e foca-te no essencial: limpeza, hidrata\u00e7\u00e3o e prote\u00e7\u00e3o solar. Evitar estes erros comuns vai ajudar-te a manter uma pele mais saud\u00e1vel, luminosa e equilibrada. Lembra-te: a consist\u00eancia e o uso de produtos adequados ao teu tipo de pele s\u00e3o a chave para uma rotina de beleza eficaz!<\/li>\n<\/ul>\n","protected":false},"excerpt":{"rendered":"<p>Todas n\u00f3s j\u00e1 ca\u00edmos em erros nos cuidados faciais pelo menos uma vez! Mas para que n\u00e3o voltes a cometer esses deslizes, neste artigo da Primor explicamos-te os erros mais comuns na rotina de beleza e como evit\u00e1-los para manteres uma pele saud\u00e1vel e luminosa. Erros mais comuns na rotina de cuidados faciais Dormir com [&hellip;]<\/p>\n","protected":false},"author":5,"featured_media":4210,"comment_status":"closed","ping_status":"closed","sticky":false,"template":"","format":"standard","meta":{"jnews-multi-image_gallery":[],"jnews_single_post":{"format":"standard"},"jnews_primary_category":[],"jnews_social_meta":[],"jnews_override_counter":[],"footnotes":""},"categories":[4,16,15,22,8,19],"tags":[],"class_list":["post-4209","post","type-post","status-publish","format-standard","has-post-thumbnail","hentry","category-cosmetica","category-cosmetica-corporal","category-cosmetica-facial","category-creme-antienvelhecimento","category-dicas-de-beleza","category-pele-sensivel-cosmetica"],"_links":{"self":[{"href":"https:\/\/www.primor.eu\/blog\/pt\/wp-json\/wp\/v2\/posts\/4209","targetHints":{"allow":["GET"]}}],"collection":[{"href":"https:\/\/www.primor.eu\/blog\/pt\/wp-json\/wp\/v2\/posts"}],"about":[{"href":"https:\/\/www.primor.eu\/blog\/pt\/wp-json\/wp\/v2\/types\/post"}],"author":[{"embeddable":true,"href":"https:\/\/www.primor.eu\/blog\/pt\/wp-json\/wp\/v2\/users\/5"}],"replies":[{"embeddable":true,"href":"https:\/\/www.primor.eu\/blog\/pt\/wp-json\/wp\/v2\/comments?post=4209"}],"version-history":[{"count":2,"href":"https:\/\/www.primor.eu\/blog\/pt\/wp-json\/wp\/v2\/posts\/4209\/revisions"}],"predecessor-version":[{"id":4228,"href":"https:\/\/www.primor.eu\/blog\/pt\/wp-json\/wp\/v2\/posts\/4209\/revisions\/4228"}],"wp:featuredmedia":[{"embeddable":true,"href":"https:\/\/www.primor.eu\/blog\/pt\/wp-json\/wp\/v2\/media\/4210"}],"wp:attachment":[{"href":"https:\/\/www.primor.eu\/blog\/pt\/wp-json\/wp\/v2\/media?parent=4209"}],"wp:term":[{"taxonomy":"category","embeddable":true,"href":"https:\/\/www.primor.eu\/blog\/pt\/wp-json\/wp\/v2\/categories?post=4209"},{"taxonomy":"post_tag","embeddable":true,"href":"https:\/\/www.primor.eu\/blog\/pt\/wp-json\/wp\/v2\/tags?post=4209"}],"curies":[{"name":"wp","href":"https:\/\/api.w.org\/{rel}","templated":true}]}}