
{"id":4189,"date":"2025-01-01T11:00:00","date_gmt":"2025-01-01T11:00:00","guid":{"rendered":"https:\/\/www.primor.eu\/blog\/pt\/?p=4189"},"modified":"2024-12-30T12:11:28","modified_gmt":"2024-12-30T12:11:28","slug":"pintar-cabelo-afro","status":"publish","type":"post","link":"https:\/\/www.primor.eu\/blog\/pt\/pintar-cabelo-afro\/","title":{"rendered":"Passo a passo: como pintar o teu cabelo afro"},"content":{"rendered":"\n<p>Se procuras <strong>dicas <\/strong>para <strong>pintar <\/strong>o <strong>cabelo afro<\/strong>, est\u00e1s no lugar certo. \u00c9 importante lembrar que este tipo de cabelo tem necessidades espec\u00edficas, como uma maior hidrata\u00e7\u00e3o. O cabelo encaracolado tende a ser seco, caracter\u00edstica que no cabelo afro pode ser ainda mais acentuada.<\/p>\n\n\n\n<p>Por isso, as dicas para pintar o cabelo afro s\u00e3o essenciais para evitar danos e manter a sa\u00fade dos fios. Vamos explicar-te o que deves considerar ao<strong> escolher a tinta<\/strong> e o<strong> passo a passo <\/strong>para pintares o teu cabelo afro em casa. Tamb\u00e9m inclu\u00edmos <strong>cuidados p\u00f3s-colora\u00e7\u00e3o<\/strong> para manter o cabelo saud\u00e1vel.<\/p>\n\n\n\n<h2 class=\"wp-block-heading\">Dicas para pintar o cabelo afro: antes de come\u00e7ar<\/h2>\n\n\n\n<p>Como j\u00e1 mencion\u00e1mos, a natureza do cabelo afro exige cuidados especiais. Quando falamos de cabelo encaracolado, quase sempre nos referimos a fios muito secos. Por isso, \u00e9 fundamental escolher uma <strong>tinta que n\u00e3o resseque demasiado <\/strong>e considerar outros fatores importantes.<\/p>\n\n\n\n<p>Al\u00e9m disso, se a colora\u00e7\u00e3o exigir uma descolora\u00e7\u00e3o muito intensa, o ideal \u00e9 procurar um\/a profissional. Este tipo de processo pode secar demasiado o cabelo, por isso \u00e9 melhor que um especialista avalie a melhor solu\u00e7\u00e3o para ti e para as necessidades espec\u00edficas do teu cabelo.<\/p>\n\n\n\n<h2 class=\"wp-block-heading\">Passo a passo para pintar o cabelo afro<\/h2>\n\n\n\n<p>Depois de considerar os cuidados necess\u00e1rios, segue este guia para pintares o teu cabelo afro em casa:<\/p>\n\n\n\n<ol class=\"wp-block-list\">\n<li><strong>N\u00e3o laves o cabelo imediatamente antes de pint\u00e1-lo<\/strong>: Lave-o dois dias antes. Assim, os \u00f3leos naturais do couro cabeludo formam uma barreira protetora contra os poss\u00edveis danos do processo.<\/li>\n\n\n\n<li><strong>Re\u00fane os materiais<\/strong>:\n<ul class=\"wp-block-list\">\n<li>Tinta de cabelo<\/li>\n\n\n\n<li>Luvas protetoras<\/li>\n\n\n\n<li>Pente de dentes largos<\/li>\n\n\n\n<li>Toalha velha ou capa protetora<\/li>\n\n\n\n<li>Vaselina ou \u00f3leo para proteger a pele ao redor da cabe\u00e7a e do rosto<\/li>\n\n\n\n<li>Pincel para aplica\u00e7\u00e3o<\/li>\n\n\n\n<li>Ganchos ou presilhas para separar o cabelo em se\u00e7\u00f5es<\/li>\n\n\n\n<li>Champ\u00f4 e condicionador para cabelo pintado<\/li>\n<\/ul>\n<\/li>\n\n\n\n<li><strong>Prepara a tinta<\/strong>: Mistura-a de acordo com as instru\u00e7\u00f5es do fabricante.<\/li>\n\n\n\n<li><strong>Divide o cabelo<\/strong>: Separa o cabelo em 4 a 6 partes, prendendo as outras com ganchos ou presilhas.<\/li>\n\n\n\n<li><strong>Protege a pele<\/strong>: Aplica vaselina ou \u00f3leo ao redor do cabelo, na testa e na nuca, para evitar manchas de tinta na pele. Usa uma toalha ou capa para proteger os ombros e escolhe uma roupa velha.<\/li>\n\n\n\n<li><strong>Aplica a tinta das ra\u00edzes \u00e0s pontas<\/strong>: Trabalha cada uma das se\u00e7\u00f5es separadamente.<\/li>\n\n\n\n<li><strong>Deixa o produto atuar<\/strong>: Respeita o tempo de a\u00e7\u00e3o indicado nas instru\u00e7\u00f5es do fabricante.<\/li>\n\n\n\n<li><strong>Enxagua bem<\/strong>: Lava o cabelo at\u00e9 remover completamente a tinta e aplica uma m\u00e1scara ou produtos hidratantes.<\/li>\n<\/ol>\n\n\n\n<h2 class=\"wp-block-heading\">Dicas para pintar o cabelo afro: cuidados posteriores<\/h2>\n\n\n\n<p>Outro ponto importante a considerar nos <strong>cuidados posteriores <\/strong>ao tingimento do cabelo afro \u00e9 a manuten\u00e7\u00e3o da hidrata\u00e7\u00e3o. Como j\u00e1 mencion\u00e1mos, o ideal \u00e9 optar por tintas o mais <strong>naturais <\/strong>poss\u00edvel e que n\u00e3o ressequem o cabelo afro.<\/p>\n\n\n\n<p>No entanto, \u00e9 essencial lembrar que qualquer tinta tende a <strong>ressecar <\/strong>ligeiramente o cabelo. Por isso, \u00e9 fundamental que, ap\u00f3s pint\u00e1-lo, adotes uma rotina di\u00e1ria de cuidados utilizando <strong>produtos hidratantes <\/strong>e o mais naturais poss\u00edvel. Os produtos do m\u00e9todo curly podem ser uma excelente escolha, j\u00e1 que s\u00e3o livres de \u00e1lcool, silicones e parabenos que poderiam danificar os teus fios.<\/p>\n\n\n\n<p>Al\u00e9m disso, <strong>evita <\/strong>ao m\u00e1ximo o uso de ferramentas de calor, como<strong> prachas e secadores<\/strong>. Outro cuidado essencial \u00e9 proteger o cabelo durante a noite com len\u00e7os de seda ou cetim. Isso ajudar\u00e1 a preservar a hidrata\u00e7\u00e3o dos fios e a prevenir o frizz, mantendo o cabelo saud\u00e1vel e bonito por mais tempo.<\/p>\n","protected":false},"excerpt":{"rendered":"<p>Se procuras dicas para pintar o cabelo afro, est\u00e1s no lugar certo. \u00c9 importante lembrar que este tipo de cabelo tem necessidades espec\u00edficas, como uma maior hidrata\u00e7\u00e3o. O cabelo encaracolado tende a ser seco, caracter\u00edstica que no cabelo afro pode ser ainda mais acentuada. Por isso, as dicas para pintar o cabelo afro s\u00e3o essenciais [&hellip;]<\/p>\n","protected":false},"author":6,"featured_media":4190,"comment_status":"closed","ping_status":"closed","sticky":false,"template":"","format":"standard","meta":{"jnews-multi-image_gallery":[],"jnews_single_post":{"format":"standard"},"jnews_primary_category":[],"jnews_social_meta":[],"jnews_override_counter":[],"footnotes":""},"categories":[5],"tags":[],"class_list":["post-4189","post","type-post","status-publish","format-standard","has-post-thumbnail","hentry","category-cabelo"],"_links":{"self":[{"href":"https:\/\/www.primor.eu\/blog\/pt\/wp-json\/wp\/v2\/posts\/4189","targetHints":{"allow":["GET"]}}],"collection":[{"href":"https:\/\/www.primor.eu\/blog\/pt\/wp-json\/wp\/v2\/posts"}],"about":[{"href":"https:\/\/www.primor.eu\/blog\/pt\/wp-json\/wp\/v2\/types\/post"}],"author":[{"embeddable":true,"href":"https:\/\/www.primor.eu\/blog\/pt\/wp-json\/wp\/v2\/users\/6"}],"replies":[{"embeddable":true,"href":"https:\/\/www.primor.eu\/blog\/pt\/wp-json\/wp\/v2\/comments?post=4189"}],"version-history":[{"count":1,"href":"https:\/\/www.primor.eu\/blog\/pt\/wp-json\/wp\/v2\/posts\/4189\/revisions"}],"predecessor-version":[{"id":4191,"href":"https:\/\/www.primor.eu\/blog\/pt\/wp-json\/wp\/v2\/posts\/4189\/revisions\/4191"}],"wp:featuredmedia":[{"embeddable":true,"href":"https:\/\/www.primor.eu\/blog\/pt\/wp-json\/wp\/v2\/media\/4190"}],"wp:attachment":[{"href":"https:\/\/www.primor.eu\/blog\/pt\/wp-json\/wp\/v2\/media?parent=4189"}],"wp:term":[{"taxonomy":"category","embeddable":true,"href":"https:\/\/www.primor.eu\/blog\/pt\/wp-json\/wp\/v2\/categories?post=4189"},{"taxonomy":"post_tag","embeddable":true,"href":"https:\/\/www.primor.eu\/blog\/pt\/wp-json\/wp\/v2\/tags?post=4189"}],"curies":[{"name":"wp","href":"https:\/\/api.w.org\/{rel}","templated":true}]}}