
{"id":4171,"date":"2025-01-02T13:00:13","date_gmt":"2025-01-02T13:00:13","guid":{"rendered":"https:\/\/www.primor.eu\/blog\/pt\/?p=4171"},"modified":"2024-12-26T13:02:05","modified_gmt":"2024-12-26T13:02:05","slug":"dicas-cuidados-cabelo-afro","status":"publish","type":"post","link":"https:\/\/www.primor.eu\/blog\/pt\/dicas-cuidados-cabelo-afro\/","title":{"rendered":"Cabelo afro: dicas para um cuidado perfeito"},"content":{"rendered":"\n<p>Cuidar do c<strong>abelo afro<\/strong> exige uma rotina espec\u00edfica. Devido \u00e0s suas caracter\u00edsticas \u00fanicas, os fios crespos necessitam de mais aten\u00e7\u00e3o do que os cabelos lisos ou ondulados. Especialmente os cabelos muito crespos, como no caso do cabelo afro, que requerem ainda mais cuidado. Por isso, \u00e9 essencial seguires as dicas certas para conseguires um cabelo deslumbrante. Hoje, na Primor, vamos aprofundar-nos nos cuidados ideais para o cabelo afro, para que possas am\u00e1-lo mais a cada dia.<\/p>\n\n\n\n<h2 class=\"wp-block-heading\">Cuidados com o cabelo afro: especifica\u00e7\u00f5es e necessidades<\/h2>\n\n\n\n<p>Assim como a pele precisa de cuidados espec\u00edficos consoante o seu tipo, o cabelo tamb\u00e9m necessita de tratamentos adequados \u00e0 sua natureza. No caso do cabelo afro, as principais necessidades incluem <strong>hidrata\u00e7\u00e3o profunda<\/strong>, controlo do frizz e outros cuidados que explicamos em detalhe abaixo:<\/p>\n\n\n\n<h3 class=\"wp-block-heading\">Hidrata\u00e7\u00e3o extrema<\/h3>\n\n\n\n<p>A hidrata\u00e7\u00e3o \u00e9 a base para o cuidado do cabelo afro. Os cabelos crespos t\u00eam tend\u00eancia a ser mais secos, e no caso do cabelo afro, essa caracter\u00edstica \u00e9 ainda mais acentuada. Por isso, deves investir em m\u00e1scaras, s\u00e9runs ou \u00f3leos vegetais altamente hidratantes, com ingredientes nutritivos. Produtos sem enxaguamento s\u00e3o \u00f3timos para manter a defini\u00e7\u00e3o dos carac\u00f3is e a hidrata\u00e7\u00e3o entre lavagens.<\/p>\n\n\n\n<h3 class=\"wp-block-heading\">Utiliza\u00e7\u00e3o de produtos espec\u00edficos<\/h3>\n\n\n\n<p>Para al\u00e9m de garantires que os produtos tenham propriedades hidratantes, \u00e9 fundamental evitar f\u00f3rmulas com \u00e1lcool, parabenos ou qu\u00edmicos que possam ressecar os fios. Opta por produtos o mais naturais poss\u00edvel. Se preferires, podes aderir ao m\u00e9todo curly, concebido para cabelos crespos, uma vez que os produtos deste m\u00e9todo costumam cumprir esses requisitos.<\/p>\n\n\n\n<h3 class=\"wp-block-heading\">Lavagens menos frequentes<\/h3>\n\n\n\n<p>Devido \u00e0 tend\u00eancia do cabelo afro para o ressecamento, o ideal \u00e9 n\u00e3o o lavares com demasiada frequ\u00eancia. Duas vezes por semana s\u00e3o suficientes. Quanto mais seco o cabelo, menos \u00f3leo \u00e9 produzido pelo couro cabeludo, o que significa que ele demora mais a sujar-se. Reduzir as lavagens ajuda a preservar os \u00f3leos naturais e evita o ressecamento excessivo. Escolhe um champ\u00f4 sem sulfatos, que \u00e9 menos agressivo e respeita a natureza do teu cabelo.<\/p>\n\n\n\n<h3 class=\"wp-block-heading\">Controlo do frizz<\/h3>\n\n\n\n<p>Controlar o frizz \u00e9 outro aspeto fundamental. Para isso, \u00e9 importante selar a hidrata\u00e7\u00e3o com \u00f3leos naturais como \u00f3leo de coco, arg\u00e3o, jojoba ou manteiga de karit\u00e9, logo ap\u00f3s aplicares os produtos hidratantes. Existem tamb\u00e9m produtos espec\u00edficos no mercado destinados ao controlo do frizz.<\/p>\n\n\n\n<h3 class=\"wp-block-heading\">Evita o calor do secador<\/h3>\n\n\n\n<p>Um dos cuidados indispens\u00e1veis para o cabelo afro \u00e9 evitar o uso de secadores e pranchas t\u00e9rmicas. Al\u00e9m de ressecarem e danificarem os fios, esses aparelhos comprometem a defini\u00e7\u00e3o dos carac\u00f3is. Para secar o cabelo, desembara\u00e7a-o ainda molhado com um pente de dentes largos e deixa-o secar naturalmente ao ar livre.<\/p>\n\n\n\n<h3 class=\"wp-block-heading\">Rotina noturna<\/h3>\n\n\n\n<p>Cuidar do cabelo \u00e0 noite tamb\u00e9m faz parte da rotina ideal para o cabelo afro. Protege os fios com uma touca de seda ou usa uma fronha de cetim, ou seda para reduzir o atrito e evitar o frizz. Outra op\u00e7\u00e3o \u00e9 enrolar o cabelo com um len\u00e7o de seda antes de dormir. Nos dias de lavagem, aplica um \u00f3leo ou s\u00e9rum hidratante \u00e0 noite para intensificar a hidrata\u00e7\u00e3o.<\/p>\n\n\n\n<p>Com estas dicas, cuidar do teu cabelo afro ser\u00e1 mais simples e eficaz, garantindo fios saud\u00e1veis, bem hidratados e cheios de vida!<\/p>\n","protected":false},"excerpt":{"rendered":"<p>Cuidar do cabelo afro exige uma rotina espec\u00edfica. Devido \u00e0s suas caracter\u00edsticas \u00fanicas, os fios crespos necessitam de mais aten\u00e7\u00e3o do que os cabelos lisos ou ondulados. Especialmente os cabelos muito crespos, como no caso do cabelo afro, que requerem ainda mais cuidado. Por isso, \u00e9 essencial seguires as dicas certas para conseguires um cabelo [&hellip;]<\/p>\n","protected":false},"author":5,"featured_media":4172,"comment_status":"closed","ping_status":"closed","sticky":false,"template":"","format":"standard","meta":{"jnews-multi-image_gallery":[],"jnews_single_post":{"format":"standard"},"jnews_primary_category":[],"jnews_social_meta":[],"jnews_override_counter":[],"footnotes":""},"categories":[5],"tags":[],"class_list":["post-4171","post","type-post","status-publish","format-standard","has-post-thumbnail","hentry","category-cabelo"],"_links":{"self":[{"href":"https:\/\/www.primor.eu\/blog\/pt\/wp-json\/wp\/v2\/posts\/4171","targetHints":{"allow":["GET"]}}],"collection":[{"href":"https:\/\/www.primor.eu\/blog\/pt\/wp-json\/wp\/v2\/posts"}],"about":[{"href":"https:\/\/www.primor.eu\/blog\/pt\/wp-json\/wp\/v2\/types\/post"}],"author":[{"embeddable":true,"href":"https:\/\/www.primor.eu\/blog\/pt\/wp-json\/wp\/v2\/users\/5"}],"replies":[{"embeddable":true,"href":"https:\/\/www.primor.eu\/blog\/pt\/wp-json\/wp\/v2\/comments?post=4171"}],"version-history":[{"count":1,"href":"https:\/\/www.primor.eu\/blog\/pt\/wp-json\/wp\/v2\/posts\/4171\/revisions"}],"predecessor-version":[{"id":4173,"href":"https:\/\/www.primor.eu\/blog\/pt\/wp-json\/wp\/v2\/posts\/4171\/revisions\/4173"}],"wp:featuredmedia":[{"embeddable":true,"href":"https:\/\/www.primor.eu\/blog\/pt\/wp-json\/wp\/v2\/media\/4172"}],"wp:attachment":[{"href":"https:\/\/www.primor.eu\/blog\/pt\/wp-json\/wp\/v2\/media?parent=4171"}],"wp:term":[{"taxonomy":"category","embeddable":true,"href":"https:\/\/www.primor.eu\/blog\/pt\/wp-json\/wp\/v2\/categories?post=4171"},{"taxonomy":"post_tag","embeddable":true,"href":"https:\/\/www.primor.eu\/blog\/pt\/wp-json\/wp\/v2\/tags?post=4171"}],"curies":[{"name":"wp","href":"https:\/\/api.w.org\/{rel}","templated":true}]}}