
{"id":4161,"date":"2024-12-30T11:06:58","date_gmt":"2024-12-30T11:06:58","guid":{"rendered":"https:\/\/www.primor.eu\/blog\/pt\/?p=4161"},"modified":"2024-12-26T11:26:42","modified_gmt":"2024-12-26T11:26:42","slug":"maquilhagem-reuniao-teletrabalho","status":"publish","type":"post","link":"https:\/\/www.primor.eu\/blog\/pt\/maquilhagem-reuniao-teletrabalho\/","title":{"rendered":"Reuni\u00e3o de teletrabalho inesperada? Maquilhagem e penteado que te salvam em minutos"},"content":{"rendered":"\n<p>Quem nunca passou por aquele momento de p\u00e2nico ao receber uma notifica\u00e7\u00e3o para uma reuni\u00e3o de teletrabalho de \u00faltima hora? Est\u00e1s em modo relaxado, talvez de pijama ou com uma t-shirt confort\u00e1vel que j\u00e1 levas a usar h\u00e1 horas, e de repente surge a mensagem: \u201cReuni\u00e3o em 15 minutos, vemos-nos?\u201d. N\u00e3o te preocupes! Mesmo sem tempo para uma transforma\u00e7\u00e3o completa, h\u00e1 truques de maquilhagem e penteado que te ajudam a estar impec\u00e1vel em tempo recorde. E neste artigo revelamos-te todos os segredos.<\/p>\n\n\n\n<h2 class=\"wp-block-heading\">Maquilhagem em 5 minutos<\/h2>\n\n\n\n<p>O essencial \u00e9 que a maquilhagem seja <strong>r\u00e1pida<\/strong> e eficaz. N\u00e3o precisas de um look complexo ou de t\u00e9cnicas de alta precis\u00e3o; o foco est\u00e1 em trazer frescura e luminosidade ao rosto. Segue esta rotina express que vai salvar-te em momentos de urg\u00eancia:<\/p>\n\n\n\n<h3 class=\"wp-block-heading\">Passo 1: Hidrata\u00e7\u00e3o e primer<\/h3>\n\n\n\n<p>Mesmo sem tempo para uma rotina de skincare completa, aplica um creme hidratante que d\u00ea luminosidade ao teu rosto. Se tiveres um primer que reduza os poros e ajude a fixar a maquilhagem, utiliza-o. Este passo simples faz toda a diferen\u00e7a para garantir um acabamento duradouro.<\/p>\n\n\n\n<h3 class=\"wp-block-heading\">Passo 2: Base leve e corretor<\/h3>\n\n\n\n<p>Opta por uma base leve, como uma BB cream ou uma base fluida, para uniformizar o tom de pele de forma r\u00e1pida. Se tiveres olheiras ou pequenas imperfei\u00e7\u00f5es, aplica um corretor f\u00e1cil de esfumar. Este toque de frescura ilumina instantaneamente o rosto.<\/p>\n\n\n\n<h3 class=\"wp-block-heading\">Passo 3: Cor nas bochechas e l\u00e1bios<\/h3>\n\n\n\n<p>Para evitar um aspeto cansado, utiliza um blush em creme ou em stick. Estes produtos s\u00e3o pr\u00e1ticos, d\u00e3o cor natural \u00e0s bochechas e podem ser aplicados tamb\u00e9m nos l\u00e1bios. Escolhe tons rosados ou p\u00eassego, que favorecem qualquer tom de pele e garantem um ar saud\u00e1vel. Se o tempo for muito curto, um b\u00e1lsamo com cor \u00e9 uma excelente alternativa.<\/p>\n\n\n\n<h3 class=\"wp-block-heading\">Passo 4: M\u00e1scara de pestanas<\/h3>\n\n\n\n<p>Uma camada de m\u00e1scara de pestanas transforma o olhar em segundos, deixando-te com um ar mais desperto e cuidado. Se tiveres mais um minuto, aplica iluminador no canto interno dos olhos para abrir ainda mais o olhar.<\/p>\n\n\n\n<h3 class=\"wp-block-heading\">Passo 5: Fixar a maquilhagem<\/h3>\n\n\n\n<p>Finaliza com um spray fixador para garantir que a maquilhagem se mant\u00e9m intacta durante toda a reuni\u00e3o. Este produto \u00e9 indispens\u00e1vel numa rotina r\u00e1pida, evitando retoques desnecess\u00e1rios.<\/p>\n\n\n\n<h2 class=\"wp-block-heading\">Penteado em 5 minutos<\/h2>\n\n\n\n<p>Quando o tempo \u00e9 limitado, aposta num penteado simples, mas arrumado, que transmita uma imagem profissional sem esfor\u00e7o.<\/p>\n\n\n\n<h3 class=\"wp-block-heading\">Op\u00e7\u00e3o 1: Coque alto e descontra\u00eddo<\/h3>\n\n\n\n<p>O coque desalinhado \u00e9 pr\u00e1tico e elegante. Junta o cabelo num coque alto e prende-o com um el\u00e1stico. Solta alguns fios para um look mais natural e, se puderes, aplica um pouco de laca para fixar e dar volume<\/p>\n\n\n\n<h3 class=\"wp-block-heading\">Op\u00e7\u00e3o 2: Tran\u00e7a r\u00e1pida<\/h3>\n\n\n\n<p>As tran\u00e7as s\u00e3o sempre uma escolha sofisticada e r\u00e1pida. Faz uma tran\u00e7a lateral ou duas tran\u00e7as pequenas (uma de cada lado) e deixa-as soltas para um aspeto descontra\u00eddo. Este penteado combina praticidade com estilo.<\/p>\n\n\n\n<h3 class=\"wp-block-heading\">Op\u00e7\u00e3o 3: Ondas naturais<\/h3>\n\n\n\n<p>As ondas estilo praia s\u00e3o um cl\u00e1ssico f\u00e1cil de criar. Com um modelador ou uma prancha de alisar, faz ondas suaves em algumas mechas e desfaz com os dedos para um look natural. \u00c9 uma op\u00e7\u00e3o r\u00e1pida e moderna.<\/p>\n\n\n\n<h3 class=\"wp-block-heading\">Op\u00e7\u00e3o 4: Efeito \u201csa\u00ed agora do banho\u201d<\/h3>\n\n\n\n<p>Se n\u00e3o tiveres tempo para algo mais elaborado, aposta num visual natural. Usa um spray texturizante ou um gel leve para dar volume e controlar os fios. Este estilo descontra\u00eddo transmite uma imagem relaxada, mas profissional.<\/p>\n","protected":false},"excerpt":{"rendered":"<p>Quem nunca passou por aquele momento de p\u00e2nico ao receber uma notifica\u00e7\u00e3o para uma reuni\u00e3o de teletrabalho de \u00faltima hora? Est\u00e1s em modo relaxado, talvez de pijama ou com uma t-shirt confort\u00e1vel que j\u00e1 levas a usar h\u00e1 horas, e de repente surge a mensagem: \u201cReuni\u00e3o em 15 minutos, vemos-nos?\u201d. N\u00e3o te preocupes! Mesmo sem [&hellip;]<\/p>\n","protected":false},"author":5,"featured_media":4162,"comment_status":"closed","ping_status":"closed","sticky":false,"template":"","format":"standard","meta":{"jnews-multi-image_gallery":[],"jnews_single_post":{"format":"standard"},"jnews_primary_category":[],"jnews_social_meta":[],"jnews_override_counter":[],"footnotes":""},"categories":[3],"tags":[],"class_list":["post-4161","post","type-post","status-publish","format-standard","has-post-thumbnail","hentry","category-maquilhagem"],"_links":{"self":[{"href":"https:\/\/www.primor.eu\/blog\/pt\/wp-json\/wp\/v2\/posts\/4161","targetHints":{"allow":["GET"]}}],"collection":[{"href":"https:\/\/www.primor.eu\/blog\/pt\/wp-json\/wp\/v2\/posts"}],"about":[{"href":"https:\/\/www.primor.eu\/blog\/pt\/wp-json\/wp\/v2\/types\/post"}],"author":[{"embeddable":true,"href":"https:\/\/www.primor.eu\/blog\/pt\/wp-json\/wp\/v2\/users\/5"}],"replies":[{"embeddable":true,"href":"https:\/\/www.primor.eu\/blog\/pt\/wp-json\/wp\/v2\/comments?post=4161"}],"version-history":[{"count":1,"href":"https:\/\/www.primor.eu\/blog\/pt\/wp-json\/wp\/v2\/posts\/4161\/revisions"}],"predecessor-version":[{"id":4163,"href":"https:\/\/www.primor.eu\/blog\/pt\/wp-json\/wp\/v2\/posts\/4161\/revisions\/4163"}],"wp:featuredmedia":[{"embeddable":true,"href":"https:\/\/www.primor.eu\/blog\/pt\/wp-json\/wp\/v2\/media\/4162"}],"wp:attachment":[{"href":"https:\/\/www.primor.eu\/blog\/pt\/wp-json\/wp\/v2\/media?parent=4161"}],"wp:term":[{"taxonomy":"category","embeddable":true,"href":"https:\/\/www.primor.eu\/blog\/pt\/wp-json\/wp\/v2\/categories?post=4161"},{"taxonomy":"post_tag","embeddable":true,"href":"https:\/\/www.primor.eu\/blog\/pt\/wp-json\/wp\/v2\/tags?post=4161"}],"curies":[{"name":"wp","href":"https:\/\/api.w.org\/{rel}","templated":true}]}}