
{"id":4122,"date":"2024-12-23T08:00:00","date_gmt":"2024-12-23T08:00:00","guid":{"rendered":"https:\/\/www.primor.eu\/blog\/pt\/?p=4122"},"modified":"2024-12-19T08:40:45","modified_gmt":"2024-12-19T08:40:45","slug":"alimentacao-consciente","status":"publish","type":"post","link":"https:\/\/www.primor.eu\/blog\/pt\/alimentacao-consciente\/","title":{"rendered":"Alimenta\u00e7\u00e3o consciente: o que \u00e9, como funciona e quais s\u00e3o os seus benef\u00edcios"},"content":{"rendered":"\n<p>Vivemos numa \u00e9poca em que, constantemente, somos bombardeados com dietas, regras alimentares e recomenda\u00e7\u00f5es sobre o que devemos comer. Neste contexto, surge a <strong>alimenta\u00e7\u00e3o consciente<\/strong>, uma tend\u00eancia que nos convida a fazer uma pausa e refletir sobre a nossa rela\u00e7\u00e3o com a comida.<\/p>\n\n\n\n<p>Longe de ser apenas mais uma dieta, a alimenta\u00e7\u00e3o consciente baseia-se numa <strong>forma mais equilibrada e saud\u00e1vel de nos alimentarmos<\/strong>, prestando aten\u00e7\u00e3o plena ao que comemos, \u00e0 forma como o fazemos e, acima de tudo, a como nos sentimos durante e ap\u00f3s as refei\u00e7\u00f5es. Mas, afinal, o que significa exatamente porque \u00e9 que este conceito se tornou t\u00e3o relevante? Explicamos tudo neste artigo da <strong>Primor<\/strong>.<\/p>\n\n\n\n<h2 class=\"wp-block-heading\">O que \u00e9 a alimenta\u00e7\u00e3o consciente?<\/h2>\n\n\n\n<p>A <strong>alimenta\u00e7\u00e3o consciente <\/strong>\u00e9 uma abordagem baseada na <strong>aten\u00e7\u00e3o plena<\/strong>, tamb\u00e9m conhecida como <strong>mindfulness<\/strong>, aplicada ao ato de comer. Consiste em estar consciente das tuas escolhas alimentares, do processo de comer e de como te sentes antes, durante e depois das refei\u00e7\u00f5es. N\u00e3o se trata de restringir alimentos nem de seguir um regime rigoroso, mas sim de desfrutar da comida e compreender como esta impacta o teu corpo e a tua mente.<\/p>\n\n\n\n<p>Com este m\u00e9todo, procura-se restabelecer uma rela\u00e7\u00e3o saud\u00e1vel com o ato de comer, sem pressas nem distra\u00e7\u00f5es. Comer com aten\u00e7\u00e3o plena implica saborear cada peda\u00e7o, ouvir os sinais de fome e saciedade do teu corpo e respeitar os teus pr\u00f3prios limites. Esta abordagem tamb\u00e9m promove a compreens\u00e3o das emo\u00e7\u00f5es associadas \u00e0 alimenta\u00e7\u00e3o, ajudando-te a evitar comer por stress, ansiedade ou t\u00e9dio.<\/p>\n\n\n\n<h2 class=\"wp-block-heading\">Benef\u00edcios da alimenta\u00e7\u00e3o consciente<\/h2>\n\n\n\n<h3 class=\"wp-block-heading\">Melhora a digest\u00e3o<\/h3>\n\n\n\n<p>Ao comermos de forma mais lenta e com aten\u00e7\u00e3o plena, damos ao nosso sistema digestivo o tempo necess\u00e1rio para processar os alimentos corretamente. A alimenta\u00e7\u00e3o consciente pode reduzir a indigest\u00e3o e outros problemas digestivos, permitindo que o corpo assimile melhor a comida.<\/p>\n\n\n\n<h3 class=\"wp-block-heading\">Ajuda a prevenir o excesso de comida<\/h3>\n\n\n\n<p>Este m\u00e9todo incentiva a comer apenas quando sentimos fome real e a parar assim que estamos saciados. Assim, evita-se comer em excesso, o que n\u00e3o s\u00f3 contribui para o controlo do peso, como tamb\u00e9m reduz a sensa\u00e7\u00e3o de enfartamento e desconforto ap\u00f3s as refei\u00e7\u00f5es.<\/p>\n\n\n\n<h3 class=\"wp-block-heading\">Melhora a rela\u00e7\u00e3o com a comida<\/h3>\n\n\n\n<p>Comer com aten\u00e7\u00e3o plena permite-nos desfrutar da comida sem sentimentos de culpa. Ao afastarmos as dietas restritivas e regras r\u00edgidas sobre o que podemos ou n\u00e3o comer, conseguimos voltar a conectar-nos com a alimenta\u00e7\u00e3o de uma forma mais saud\u00e1vel, deixando para tr\u00e1s as restri\u00e7\u00f5es e o stress associado.<\/p>\n\n\n\n<h3 class=\"wp-block-heading\">Reduz o stress e a ansiedade<\/h3>\n\n\n\n<p>Praticar a alimenta\u00e7\u00e3o consciente torna-nos mais conscientes das nossas emo\u00e7\u00f5es e de como estas afetam a nossa rela\u00e7\u00e3o com a comida. Desta forma, conseguimos gerir melhor o stress e a ansiedade sem recorrer \u00e0 comida como fonte de conforto, o que promove a sa\u00fade mental e emocional a longo prazo.<\/p>\n\n\n\n<h3 class=\"wp-block-heading\">Promove uma alimenta\u00e7\u00e3o equilibrada<\/h3>\n\n\n\n<p>A alimenta\u00e7\u00e3o consciente n\u00e3o exige seguir uma dieta r\u00edgida, mas sim fazer escolhas mais saud\u00e1veis e equilibradas intuitivamente. Ao estarmos mais conectados com as nossas necessidades f\u00edsicas e emocionais, tomamos decis\u00f5es alimentares que beneficiam a nossa sa\u00fade de forma geral.<\/p>\n\n\n\n<h2 class=\"wp-block-heading\">Como come\u00e7ar com a alimenta\u00e7\u00e3o consciente<\/h2>\n\n\n\n<ol class=\"wp-block-list\">\n<li><strong>Faz uma pausa antes de comer. <\/strong>Antes de iniciares a refei\u00e7\u00e3o, para um momento para respirar e refletir. S\u00ea consciente de como te sentes e questiona-te: tens fome verdadeira ou est\u00e1s a comer por h\u00e1bito, ou por causa de uma emo\u00e7\u00e3o?<\/li>\n\n\n\n<li><strong>Come sem distra\u00e7\u00f5es. <\/strong>Evita distra\u00e7\u00f5es como o telem\u00f3vel, a televis\u00e3o ou o computador enquanto est\u00e1s a comer. Dedica toda a tua aten\u00e7\u00e3o \u00e0 refei\u00e7\u00e3o e ao momento presente.<\/li>\n\n\n\n<li><strong>Come devagar. <\/strong>Mastiga bem os alimentos e saboreia cada peda\u00e7o. Aproveita o processo de forma tranquila e relaxada, dando ao teu corpo o tempo necess\u00e1rio para se conectar com a refei\u00e7\u00e3o.<\/li>\n\n\n\n<li><strong>Ouve os sinais do teu corpo. <\/strong>Presta aten\u00e7\u00e3o \u00e0s mensagens do teu corpo: reconhece quando tens fome e para de comer quando te sentes satisfeita, mas n\u00e3o cheia. Este equil\u00edbrio \u00e9 essencial para o bem-estar.<\/li>\n\n\n\n<li><strong>Reflete sobre como te sentes depois de comer. <\/strong>Observa o impacto da comida no teu corpo e no teu estado emocional.\u00a0<\/li>\n<\/ol>\n\n\n\n<p>Compreender como os alimentos influenciam o teu bem-estar \u00e9 um passo importante para uma rela\u00e7\u00e3o mais saud\u00e1vel com a alimenta\u00e7\u00e3o.<\/p>\n","protected":false},"excerpt":{"rendered":"<p>Vivemos numa \u00e9poca em que, constantemente, somos bombardeados com dietas, regras alimentares e recomenda\u00e7\u00f5es sobre o que devemos comer. Neste contexto, surge a alimenta\u00e7\u00e3o consciente, uma tend\u00eancia que nos convida a fazer uma pausa e refletir sobre a nossa rela\u00e7\u00e3o com a comida. Longe de ser apenas mais uma dieta, a alimenta\u00e7\u00e3o consciente baseia-se numa [&hellip;]<\/p>\n","protected":false},"author":5,"featured_media":4123,"comment_status":"closed","ping_status":"closed","sticky":false,"template":"","format":"standard","meta":{"jnews-multi-image_gallery":[],"jnews_single_post":{"format":"standard"},"jnews_primary_category":[],"jnews_social_meta":[],"jnews_override_counter":[],"footnotes":""},"categories":[21],"tags":[],"class_list":["post-4122","post","type-post","status-publish","format-standard","has-post-thumbnail","hentry","category-bem-estar"],"_links":{"self":[{"href":"https:\/\/www.primor.eu\/blog\/pt\/wp-json\/wp\/v2\/posts\/4122","targetHints":{"allow":["GET"]}}],"collection":[{"href":"https:\/\/www.primor.eu\/blog\/pt\/wp-json\/wp\/v2\/posts"}],"about":[{"href":"https:\/\/www.primor.eu\/blog\/pt\/wp-json\/wp\/v2\/types\/post"}],"author":[{"embeddable":true,"href":"https:\/\/www.primor.eu\/blog\/pt\/wp-json\/wp\/v2\/users\/5"}],"replies":[{"embeddable":true,"href":"https:\/\/www.primor.eu\/blog\/pt\/wp-json\/wp\/v2\/comments?post=4122"}],"version-history":[{"count":1,"href":"https:\/\/www.primor.eu\/blog\/pt\/wp-json\/wp\/v2\/posts\/4122\/revisions"}],"predecessor-version":[{"id":4124,"href":"https:\/\/www.primor.eu\/blog\/pt\/wp-json\/wp\/v2\/posts\/4122\/revisions\/4124"}],"wp:featuredmedia":[{"embeddable":true,"href":"https:\/\/www.primor.eu\/blog\/pt\/wp-json\/wp\/v2\/media\/4123"}],"wp:attachment":[{"href":"https:\/\/www.primor.eu\/blog\/pt\/wp-json\/wp\/v2\/media?parent=4122"}],"wp:term":[{"taxonomy":"category","embeddable":true,"href":"https:\/\/www.primor.eu\/blog\/pt\/wp-json\/wp\/v2\/categories?post=4122"},{"taxonomy":"post_tag","embeddable":true,"href":"https:\/\/www.primor.eu\/blog\/pt\/wp-json\/wp\/v2\/tags?post=4122"}],"curies":[{"name":"wp","href":"https:\/\/api.w.org\/{rel}","templated":true}]}}