
{"id":4097,"date":"2024-12-23T11:00:00","date_gmt":"2024-12-23T11:00:00","guid":{"rendered":"https:\/\/www.primor.eu\/blog\/pt\/?p=4097"},"modified":"2025-04-01T12:08:20","modified_gmt":"2025-04-01T11:08:20","slug":"corte-cabelo-dolce-vita","status":"publish","type":"post","link":"https:\/\/www.primor.eu\/blog\/pt\/corte-cabelo-dolce-vita\/","title":{"rendered":"Corte de cabelo Dolce Vita: a nova tend\u00eancia para os cabelos"},"content":{"rendered":"\n<p>Se \u00e9s f\u00e3 de tend\u00eancias capilares, provavelmente j\u00e1 ouviste falar do <strong>Corte Dolce Vita<\/strong>, o novo estilo que est\u00e1 a conquistar as passerelles, as redes sociais e os sal\u00f5es de beleza em todo o mundo. Este corte, inspirado na eleg\u00e2ncia dos anos 60, promete ser um dos favoritos da temporada. Mas aten\u00e7\u00e3o: nem todas conseguem us\u00e1-lo com a mesma facilidade. O que torna o Corte Dolce Vita t\u00e3o especial e por que motivo, apesar de ser incr\u00edvel, n\u00e3o fica bem a todas? Descobre tudo neste artigo da Primor.<\/p>\n\n\n\n<h2 class=\"wp-block-heading\">O que \u00e9 o Corte Dolce Vita?<\/h2>\n\n\n\n<p>O <strong>Corte Dolce Vita<\/strong> \u00e9 uma vers\u00e3o moderna do cl\u00e1ssico bob, inspirado na est\u00e9tica sofisticada dos anos 60, mas com um toque mais natural e descontra\u00eddo. Este corte \u00e9 ligeiramente mais comprido que o bob tradicional, terminando logo abaixo do maxilar, criando uma silhueta suave e delicada. A sua ess\u00eancia est\u00e1 nas camadas bem definidas e no volume subtil a partir da raiz, oferecendo um acabamento estruturado, mas leve.<\/p>\n\n\n\n<p>\u00c9 um corte que combina frescura, descontra\u00e7\u00e3o e sofistica\u00e7\u00e3o. Perfeito para quem procura um estilo que una modernidade a um toque retro. Se te inspiras em \u00edcones de beleza como <strong>Sophia Loren<\/strong> ou <strong>Brigitte Bardot<\/strong>, este corte \u00e9 ideal para ti.<\/p>\n\n\n\n<h2 class=\"wp-block-heading\">A quem fica bem?<\/h2>\n\n\n\n<p>Embora esta tend\u00eancia tenha um toque elegante e fresco, nem todos os tipos de rosto e cabelo a favorecem. Por isso, destaca-se especialmente em:<\/p>\n\n\n\n<h3 class=\"wp-block-heading\">Rostos ovais ou alongados<\/h3>\n\n\n\n<p>Se tens um rosto oval, este corte ser\u00e1 o teu melhor aliado. As camadas suaves que contornam o maxilar criam um equil\u00edbrio perfeito nas propor\u00e7\u00f5es do rosto. Para rostos alongados, o <strong>Corte Dolce Vita<\/strong> tamb\u00e9m funciona bem, j\u00e1 que o comprimento do cabelo ao n\u00edvel das ma\u00e7\u00e3s do rosto ajuda a criar uma apar\u00eancia mais equilibrada.<\/p>\n\n\n\n<h3 class=\"wp-block-heading\">Cabelos finos ou ligeiramente ondulados<\/h3>\n\n\n\n<p>Este corte foi pensado para dar volume aos cabelos finos. Por isso, se tens cabelo liso ou com ondas suaves, o <strong>Corte Dolce Vita<\/strong> \u00e9 perfeito. As camadas adicionam movimento e fazem o cabelo parecer mais cheio e encorpado. Para cabelos muito encaracolados, o resultado pode n\u00e3o ser t\u00e3o natural, pois o corte exige uma certa suavidade que se perde em carac\u00f3is muito marcados.<\/p>\n\n\n\n<h2 class=\"wp-block-heading\">A quem n\u00e3o favorece tanto?<\/h2>\n\n\n\n<p>Apesar de ser vers\u00e1til, este corte n\u00e3o \u00e9 para todas:<\/p>\n\n\n\n<h3 class=\"wp-block-heading\">Rostos redondos ou largos<\/h3>\n\n\n\n<p>Se o teu rosto \u00e9 redondo ou muito largo, o <strong>Corte Dolce Vita<\/strong> pode n\u00e3o ser a melhor escolha. O volume nas laterais pode acentuar ainda mais a redondeza do rosto. Para evitar esse efeito, opta por um corte mais reto ou com menos volume lateral, que seja mais favorecedor.<\/p>\n\n\n\n<h3 class=\"wp-block-heading\">Cabelos muito grossos ou encaracolados<\/h3>\n\n\n\n<p>O <strong>Corte Dolce Vita<\/strong> funciona melhor em cabelos finos ou ligeiramente ondulados. Cabelos muito grossos ou encaracolados podem perder a defini\u00e7\u00e3o das camadas e apresentar um volume dif\u00edcil de gerir. Nestes casos, ser\u00e1 necess\u00e1rio recorrer a produtos para alisar ou controlar o cabelo, o que pode ser mais trabalhoso. Se tens cabelo encaracolado, um bob mais comprido ou um corte em camadas suaves pode ser mais indicado.<\/p>\n\n\n\n<h3 class=\"wp-block-heading\">Pouca paci\u00eancia para manuten\u00e7\u00e3o<\/h3>\n\n\n\n<p>Este corte exige manuten\u00e7\u00e3o regular. Se preferes um estilo f\u00e1cil de cuidar, este pode n\u00e3o ser o ideal. As camadas precisam de ser retocadas para manter a forma, e o volume natural do estilo pode requerer ajuda de produtos como mousse ou spray texturizante. Se n\u00e3o queres estar constantemente a ajustar o look, um corte mais simples e de baixa manuten\u00e7\u00e3o pode ser a melhor op\u00e7\u00e3o.<\/p>\n","protected":false},"excerpt":{"rendered":"<p>Se \u00e9s f\u00e3 de tend\u00eancias capilares, provavelmente j\u00e1 ouviste falar do Corte Dolce Vita, o novo estilo que est\u00e1 a conquistar as passerelles, as redes sociais e os sal\u00f5es de beleza em todo o mundo. Este corte, inspirado na eleg\u00e2ncia dos anos 60, promete ser um dos favoritos da temporada. Mas aten\u00e7\u00e3o: nem todas conseguem [&hellip;]<\/p>\n","protected":false},"author":6,"featured_media":4098,"comment_status":"closed","ping_status":"closed","sticky":false,"template":"","format":"standard","meta":{"jnews-multi-image_gallery":[],"jnews_single_post":{"format":"standard"},"jnews_primary_category":[],"jnews_social_meta":[],"jnews_override_counter":[],"footnotes":""},"categories":[8],"tags":[],"class_list":["post-4097","post","type-post","status-publish","format-standard","has-post-thumbnail","hentry","category-dicas-de-beleza"],"_links":{"self":[{"href":"https:\/\/www.primor.eu\/blog\/pt\/wp-json\/wp\/v2\/posts\/4097","targetHints":{"allow":["GET"]}}],"collection":[{"href":"https:\/\/www.primor.eu\/blog\/pt\/wp-json\/wp\/v2\/posts"}],"about":[{"href":"https:\/\/www.primor.eu\/blog\/pt\/wp-json\/wp\/v2\/types\/post"}],"author":[{"embeddable":true,"href":"https:\/\/www.primor.eu\/blog\/pt\/wp-json\/wp\/v2\/users\/6"}],"replies":[{"embeddable":true,"href":"https:\/\/www.primor.eu\/blog\/pt\/wp-json\/wp\/v2\/comments?post=4097"}],"version-history":[{"count":1,"href":"https:\/\/www.primor.eu\/blog\/pt\/wp-json\/wp\/v2\/posts\/4097\/revisions"}],"predecessor-version":[{"id":4099,"href":"https:\/\/www.primor.eu\/blog\/pt\/wp-json\/wp\/v2\/posts\/4097\/revisions\/4099"}],"wp:featuredmedia":[{"embeddable":true,"href":"https:\/\/www.primor.eu\/blog\/pt\/wp-json\/wp\/v2\/media\/4098"}],"wp:attachment":[{"href":"https:\/\/www.primor.eu\/blog\/pt\/wp-json\/wp\/v2\/media?parent=4097"}],"wp:term":[{"taxonomy":"category","embeddable":true,"href":"https:\/\/www.primor.eu\/blog\/pt\/wp-json\/wp\/v2\/categories?post=4097"},{"taxonomy":"post_tag","embeddable":true,"href":"https:\/\/www.primor.eu\/blog\/pt\/wp-json\/wp\/v2\/tags?post=4097"}],"curies":[{"name":"wp","href":"https:\/\/api.w.org\/{rel}","templated":true}]}}