
{"id":4064,"date":"2024-12-18T10:07:39","date_gmt":"2024-12-18T10:07:39","guid":{"rendered":"https:\/\/www.primor.eu\/blog\/pt\/?p=4064"},"modified":"2024-12-18T10:27:03","modified_gmt":"2024-12-18T10:27:03","slug":"presentes-natal-maquilhagem","status":"publish","type":"post","link":"https:\/\/www.primor.eu\/blog\/pt\/presentes-natal-maquilhagem\/","title":{"rendered":"11 ideias de presentes de Natal para quem adora makeup"},"content":{"rendered":"\n<p>Encontrar o presente perfeito n\u00e3o \u00e9 tarefa f\u00e1cil. No entanto, se a tua pessoa especial \u00e9 uma verdadeira f\u00e3 de maquilhagem, apostar em <strong>presentes <\/strong><strong><em>makeup<\/em><\/strong><strong> no Natal<\/strong> \u00e9 uma aposta segura que a vai encher de alegria. Na Primor, contamos com uma vasta gama de marcas de maquilhagem que oferecem uma<strong> imensa variedade de produtos em diferentes cores, texturas e acabamentos.<\/strong><\/p>\n\n\n\n<p>Desde as novidades mais comentadas nas redes sociais at\u00e9 produtos ic\u00f3nicos das tuas marcas favoritas, vais encontrar op\u00e7\u00f5es irresist\u00edveis. Fica atento, pois algumas das nossas <strong>promo\u00e7\u00f5es de maquilhagem<\/strong> t\u00eam uma dura\u00e7\u00e3o limitada de apenas 24 horas.<\/p>\n\n\n\n<h2 class=\"wp-block-heading\">6 Passos para fazer com que a maquilhagem dure mais<\/h2>\n\n\n\n<p>Para que a tua maquilhagem dure mais no Natal (e em qualquer outra \u00e9poca do ano), estes s\u00e3o os 6 truques recomendados por especialistas que deves seguir \u00e0 risca.<\/p>\n\n\n\n<ul class=\"wp-block-list\">\n<li><strong>Limpa bem o rosto.<\/strong><strong><br><\/strong>Tudo come\u00e7a pela base, e na cosm\u00e9tica, isso significa uma boa limpeza. Se conseguires, faz uma dupla limpeza. Se n\u00e3o limpares bem a pele, de nada servir\u00e1 o que aplicares depois. Isto aplica-se tanto \u00e0 tua rotina di\u00e1ria como ao momento de maquilhagem. Ou seja, se queres que a tua maquilhagem dure mesmo, limpa bem o rosto. E claro, nunca te deites sem te desmaquilhar!<\/li>\n\n\n\n<li><strong>Usa um hidratante.<\/strong><strong><br><\/strong>Pode parecer algo simples, mas hidratar o rosto antes de aplicar maquilhagem faz toda a diferen\u00e7a. Porqu\u00ea? Porque ajuda a evitar que a base seque ou que a pele se descame. Quanto mais hidratada estiver a pele, mais uniforme ficar\u00e1 a base, mais tempo durar\u00e1 a maquilhagem e mais bonita e luminosa ficar\u00e1 a pele. O truque \u00e9 escolher um hidratante adequado ao teu tipo de pele, um bom s\u00e9rum e um creme de contorno de olhos.<\/li>\n\n\n\n<li><strong>Esfolia a pele uma ou duas vezes por semana.<\/strong><strong><br><\/strong>Uma boa esfolia\u00e7\u00e3o, feita com cuidado, uma ou duas vezes por semana, vai dar firmeza e luminosidade \u00e0 tua pele. Al\u00e9m disso, este passo \u00e9 essencial para prolongar a dura\u00e7\u00e3o da maquilhagem, pois remove impurezas e excesso de oleosidade, deixando a pele lisa e pronta para receber a maquilhagem.<\/li>\n\n\n\n<li><strong>Usa um primer de maquilhagem.<\/strong><strong><br><\/strong>Aplicar um <em>primer<\/em> antes da maquilhagem vai aumentar significativamente a sua dura\u00e7\u00e3o e melhorar o acabamento. Depois de hidratar a pele, aplica uma prebase que disfar\u00e7a os poros, atenua imperfei\u00e7\u00f5es, alisa o rosto e cria uma barreira entre a pele e a base. Assim, n\u00e3o s\u00f3 consegues uma textura mais uniforme, como tamb\u00e9m prolongas a durabilidade da maquilhagem.<\/li>\n\n\n\n<li><strong>Opta por produtos <\/strong><strong><em>waterproof<\/em><\/strong><strong> e de longa dura\u00e7\u00e3o.<\/strong><strong><br><\/strong>Escolhe bases e produtos com uma cobertura m\u00e9dia-alta e de longa dura\u00e7\u00e3o para que fiquem impec\u00e1veis durante todo o dia. Encontrar a base perfeita pode ser um desafio, mas deves optar por aquela que mais combina com o teu estilo de vida e tom de pele. Independentemente do que aconte\u00e7a, aposta sempre em cosm\u00e9ticos de longa dura\u00e7\u00e3o.<\/li>\n\n\n\n<li><strong>Sela e fixa a maquilhagem.<\/strong><strong><br><\/strong>Quando terminares de te maquilhar, aplica um fixador. Este \u00e9 o \u00faltimo passo e a chave para manter a maquilhagem intacta durante mais tempo. Os sprays fixadores garantem que tudo se mant\u00e9m no lugar, mantendo o teu look impec\u00e1vel ao longo do dia ou da noite.<\/li>\n<\/ul>\n\n\n\n<h2 class=\"wp-block-heading\">4 dicas para te maquilhares no Natal<\/h2>\n\n\n\n<p>Muitas (e muitos!) cometem o erro de exagerar na maquilhagem durante as festas. <strong>Stop!<\/strong> N\u00e3o o fa\u00e7as. Lembra-te do que dizia Chanel: menos \u00e9 mais. Estas 4 dicas v\u00e3o ajudar-te a conseguir um <em>look<\/em> deslumbrante neste Natal.<\/p>\n\n\n\n<ul class=\"wp-block-list\">\n<li><strong>O corretor:<\/strong> H\u00e1 quem diga que \u00e9 o \u00fanico produto de maquilhagem de que precisa \u2014 e n\u00e3o \u00e9 exagero! Os corretores s\u00e3o essenciais para disfar\u00e7ar olheiras, papos e imperfei\u00e7\u00f5es, podendo mesmo salvar-te em muitos momentos. No entanto, nem todos os corretores s\u00e3o iguais. Com um ritmo de vida acelerado, aposta em corretores que n\u00e3o craquelam, com cobertura m\u00e9dia e que sejam resistentes \u00e0 \u00e1gua, ao suor e \u00e0 humidade.<\/li>\n\n\n\n<li><strong>Aten\u00e7\u00e3o ao blush<\/strong>: Se bem aplicado, o blush pode transformar-te e dar-te um \u00abefeito boa cara\u00bb instant\u00e2neo. O truque? Aplica-o com modera\u00e7\u00e3o e n\u00e3o exageres. Usa uma brocha grande e aplica-o com movimentos circulares. Isto vai permitir-te construir a intensidade aos poucos, deixando um acabamento natural, rejuvenescido e luminoso. Evita aplic\u00e1-lo perto das asas do nariz para n\u00e3o criares um aspeto cansado.<\/li>\n\n\n\n<li><strong>Os olhos. Aposta no brilho<\/strong>: O melhor <em>look<\/em> de Natal \u00e9 aquele que destaca o olhar. Se queres p\u00f4r o foco nos teus olhos, usa sombras <em>glitter<\/em> e n\u00e3o te esque\u00e7as da zona do canal lacrimal. Este truque \u00e9 simples, r\u00e1pido e eficaz, ajudando-te a abrir e real\u00e7ar o olhar. Por outro lado, se preferes destacar os l\u00e1bios, opta por sombras mate em tons <em>nude<\/em>, garantindo um resultado elegante e sofisticado.<\/li>\n\n\n\n<li><strong>Os l\u00e1bios<\/strong>: Os l\u00e1bios devem complementar os olhos, dependendo da tua escolha. Se decidiste deixar os olhos discretos, aposta no cl\u00e1ssico vermelho, a cor da paix\u00e3o \u2014 existem imensos batons vermelhos perfeitos para ti. Se, pelo contr\u00e1rio, optaste por um olhar brilhante e intenso, usa tons castanhos ou <em>nude<\/em> nos l\u00e1bios para manter o equil\u00edbrio.<\/li>\n<\/ul>\n\n\n\n<h2 class=\"wp-block-heading\">Ideias de presentes de maquilhagem para o Natal<\/h2>\n\n\n\n<p>Se decidiste oferecer algum produto de maquilhagem neste Natal, estas s\u00e3o algumas das novidades e produtos ic\u00f3nicos favoritos das verdadeiras f\u00e3s de makeup<\/p>\n\n\n        <product-table class=\"pr-slider\">\r\n            <product-headers class=\"grid-table-rows\">\r\n                <div>Foto<\/div>\r\n                <div>Produto<\/div>\r\n                <div>Marca<\/div>\r\n                <div>Avalia\u00e7\u00f5es<\/div>\r\n                <div>Pre\u00e7o<\/div>\r\n            <\/product-headers>\r\n\r\n            <product-list>\r\n                                    <a href=\"https:\/\/www.primor.eu\/pt_pt\/nyx-professional-make-up-paleta-de-sombras-ultimate-utopia-71030.html\" class=\"product-item grid-table-rows\" target=\"_blank\">\r\n                        <div>\r\n                            <img decoding=\"async\" class=\"product-img\" width=\"80px\" height=\"80px\" src=\"https:\/\/cdn2.primor.eu\/media\/catalog\/product\/cache\/8d3aba296f7a18b5251ee30fa5db42b2\/0\/M\/0MO24278_1_916c.jpg\" alt=\"\" title=\"\">\r\n                        <\/div>\r\n\r\n                        <!-- Contenido de producto  -->\r\n                        <div>\r\n                            <div class=\"product-position\">\r\n                                #1 Mais Vendidos                            <\/div>\r\n\r\n                            <h2>\r\n                                Paleta de sombras Ultimate Utopia                            <\/h2>\r\n                        <\/div>\r\n\r\n                        <!-- Imagen y\/o nombre de la marca -->\r\n                        <div>\r\n                                                            <img decoding=\"async\" width=\"70\" src=\"https:\/\/www.primor.eu\/media\/catalog\/category\/nyx.png\" alt=\"\" title=\"\">\r\n                                                    <\/div>\r\n\r\n                        <!-- Puntuaci\u00f3n del producto  -->\r\n                        <div class=\"rating\">\r\n                                                            <div class=\"rate\" style=\"--p:100;\"><\/div>\r\n                                <b>5\/5<\/b>\r\n                                <div class=\"rate-stars\">\r\n                                                                            <div\r\n                                            class=\"rate-star  \">\r\n                                        <\/div>\r\n                                                                            <div\r\n                                            class=\"rate-star  \">\r\n                                        <\/div>\r\n                                                                            <div\r\n                                            class=\"rate-star  \">\r\n                                        <\/div>\r\n                                                                            <div\r\n                                            class=\"rate-star  \">\r\n                                        <\/div>\r\n                                                                            <div\r\n                                            class=\"rate-star  \">\r\n                                        <\/div>\r\n                                                                    <\/div>\r\n                                                    <\/div>\r\n\r\n                        <!-- Bot\u00f3n de producto  -->\r\n                        <div>\r\n                            <span class=\"price-claim\">\r\n                                VER PRE\u00c7O                            <\/span>\r\n                        <\/div>\r\n                    <\/a>\r\n                                    <a href=\"https:\/\/www.primor.eu\/pt_pt\/guerlain-terracotta-x-noir-g-set-de-maquilhagem-86682.html\" class=\"product-item grid-table-rows\" target=\"_blank\">\r\n                        <div>\r\n                            <img decoding=\"async\" class=\"product-img\" width=\"80px\" height=\"80px\" src=\"https:\/\/cdn2.primor.eu\/media\/catalog\/product\/cache\/8d3aba296f7a18b5251ee30fa5db42b2\/3\/3\/3346470441835_e14d.jpg\" alt=\"\" title=\"\">\r\n                        <\/div>\r\n\r\n                        <!-- Contenido de producto  -->\r\n                        <div>\r\n                            <div class=\"product-position\">\r\n                                #2                            <\/div>\r\n\r\n                            <h2>\r\n                                Terracotta x Noir G set de maquilhagem                            <\/h2>\r\n                        <\/div>\r\n\r\n                        <!-- Imagen y\/o nombre de la marca -->\r\n                        <div>\r\n                                                            <img decoding=\"async\" width=\"70\" src=\"https:\/\/www.primor.eu\/media\/catalog\/category\/Guerlain.png\" alt=\"\" title=\"\">\r\n                                                    <\/div>\r\n\r\n                        <!-- Puntuaci\u00f3n del producto  -->\r\n                        <div class=\"rating\">\r\n                                                            <div class=\"rate\" style=\"--p:100;\"><\/div>\r\n                                <b>5\/5<\/b>\r\n                                <div class=\"rate-stars\">\r\n                                                                            <div\r\n                                            class=\"rate-star  \">\r\n                                        <\/div>\r\n                                                                            <div\r\n                                            class=\"rate-star  \">\r\n                                        <\/div>\r\n                                                                            <div\r\n                                            class=\"rate-star  \">\r\n                                        <\/div>\r\n                                                                            <div\r\n                                            class=\"rate-star  \">\r\n                                        <\/div>\r\n                                                                            <div\r\n                                            class=\"rate-star  \">\r\n                                        <\/div>\r\n                                                                    <\/div>\r\n                                                    <\/div>\r\n\r\n                        <!-- Bot\u00f3n de producto  -->\r\n                        <div>\r\n                            <span class=\"price-claim\">\r\n                                VER PRE\u00c7O                            <\/span>\r\n                        <\/div>\r\n                    <\/a>\r\n                                    <a href=\"https:\/\/www.primor.eu\/pt_pt\/yves-saint-laurent-coffret-touche-eclat-e-mini-rouge-pur-couture-115521.html\" class=\"product-item grid-table-rows\" target=\"_blank\">\r\n                        <div>\r\n                            <img decoding=\"async\" class=\"product-img\" width=\"80px\" height=\"80px\" src=\"https:\/\/cdn2.primor.eu\/media\/catalog\/product\/cache\/8d3aba296f7a18b5251ee30fa5db42b2\/3\/6\/3614274285017_1_25d6.jpg\" alt=\"\" title=\"\">\r\n                        <\/div>\r\n\r\n                        <!-- Contenido de producto  -->\r\n                        <div>\r\n                            <div class=\"product-position\">\r\n                                #3                            <\/div>\r\n\r\n                            <h2>\r\n                                Coffret Touche \u00c9clat e Mini Rouge Pur Couture                            <\/h2>\r\n                        <\/div>\r\n\r\n                        <!-- Imagen y\/o nombre de la marca -->\r\n                        <div>\r\n                                                            <img decoding=\"async\" width=\"70\" src=\"https:\/\/www.primor.eu\/media\/catalog\/category\/yves.png\" alt=\"\" title=\"\">\r\n                                                    <\/div>\r\n\r\n                        <!-- Puntuaci\u00f3n del producto  -->\r\n                        <div class=\"rating\">\r\n                                                            <div class=\"rate\" style=\"--p:100;\"><\/div>\r\n                                <b>5\/5<\/b>\r\n                                <div class=\"rate-stars\">\r\n                                                                            <div\r\n                                            class=\"rate-star  \">\r\n                                        <\/div>\r\n                                                                            <div\r\n                                            class=\"rate-star  \">\r\n                                        <\/div>\r\n                                                                            <div\r\n                                            class=\"rate-star  \">\r\n                                        <\/div>\r\n                                                                            <div\r\n                                            class=\"rate-star  \">\r\n                                        <\/div>\r\n                                                                            <div\r\n                                            class=\"rate-star  \">\r\n                                        <\/div>\r\n                                                                    <\/div>\r\n                                                    <\/div>\r\n\r\n                        <!-- Bot\u00f3n de producto  -->\r\n                        <div>\r\n                            <span class=\"price-claim\">\r\n                                VER PRE\u00c7O                            <\/span>\r\n                        <\/div>\r\n                    <\/a>\r\n                                    <a href=\"https:\/\/www.primor.eu\/pt_pt\/clinique-coffret-de-mascaras-de-pestanas-de-high-impact-116427.html?#863=68636\" class=\"product-item grid-table-rows\" target=\"_blank\">\r\n                        <div>\r\n                            <img decoding=\"async\" class=\"product-img\" width=\"80px\" height=\"80px\" src=\"https:\/\/cdn2.primor.eu\/media\/catalog\/product\/cache\/8d3aba296f7a18b5251ee30fa5db42b2\/1\/9\/192333224847_1_0614.jpg\" alt=\"\" title=\"\">\r\n                        <\/div>\r\n\r\n                        <!-- Contenido de producto  -->\r\n                        <div>\r\n                            <div class=\"product-position\">\r\n                                #4                            <\/div>\r\n\r\n                            <h2>\r\n                                Coffret de M\u00e1scaras de Pestanas de High Impact                            <\/h2>\r\n                        <\/div>\r\n\r\n                        <!-- Imagen y\/o nombre de la marca -->\r\n                        <div>\r\n                                                            <img decoding=\"async\" width=\"70\" src=\"https:\/\/www.primor.eu\/media\/catalog\/category\/clinique.png\" alt=\"\" title=\"\">\r\n                                                    <\/div>\r\n\r\n                        <!-- Puntuaci\u00f3n del producto  -->\r\n                        <div class=\"rating\">\r\n                                                            <div class=\"rate\" style=\"--p:98;\"><\/div>\r\n                                <b>4.9\/5<\/b>\r\n                                <div class=\"rate-stars\">\r\n                                                                            <div\r\n                                            class=\"rate-star  \">\r\n                                        <\/div>\r\n                                                                            <div\r\n                                            class=\"rate-star  \">\r\n                                        <\/div>\r\n                                                                            <div\r\n                                            class=\"rate-star  \">\r\n                                        <\/div>\r\n                                                                            <div\r\n                                            class=\"rate-star  \">\r\n                                        <\/div>\r\n                                                                            <div\r\n                                            class=\"rate-star  \">\r\n                                        <\/div>\r\n                                                                    <\/div>\r\n                                                    <\/div>\r\n\r\n                        <!-- Bot\u00f3n de producto  -->\r\n                        <div>\r\n                            <span class=\"price-claim\">\r\n                                VER PRE\u00c7O                            <\/span>\r\n                        <\/div>\r\n                    <\/a>\r\n                                    <a href=\"https:\/\/www.primor.eu\/pt_pt\/mac-coffret-mascaras-labios-lashes-110667.html?#803=59020\" class=\"product-item grid-table-rows\" target=\"_blank\">\r\n                        <div>\r\n                            <img decoding=\"async\" class=\"product-img\" width=\"80px\" height=\"80px\" src=\"https:\/\/cdn2.primor.eu\/media\/catalog\/product\/cache\/8d3aba296f7a18b5251ee30fa5db42b2\/0\/T\/0TO01040_1_8fea.jpg\" alt=\"\" title=\"\">\r\n                        <\/div>\r\n\r\n                        <!-- Contenido de producto  -->\r\n                        <div>\r\n                            <div class=\"product-position\">\r\n                                #5                            <\/div>\r\n\r\n                            <h2>\r\n                                Coffret M\u00e1scaras + L\u00e1bios Lashes                            <\/h2>\r\n                        <\/div>\r\n\r\n                        <!-- Imagen y\/o nombre de la marca -->\r\n                        <div>\r\n                                                            <img decoding=\"async\" width=\"70\" src=\"https:\/\/www.primor.eu\/media\/catalog\/category\/Mac.png\" alt=\"\" title=\"\">\r\n                                                    <\/div>\r\n\r\n                        <!-- Puntuaci\u00f3n del producto  -->\r\n                        <div class=\"rating\">\r\n                                                            <div class=\"rate\" style=\"--p:100;\"><\/div>\r\n                                <b>5\/5<\/b>\r\n                                <div class=\"rate-stars\">\r\n                                                                            <div\r\n                                            class=\"rate-star  \">\r\n                                        <\/div>\r\n                                                                            <div\r\n                                            class=\"rate-star  \">\r\n                                        <\/div>\r\n                                                                            <div\r\n                                            class=\"rate-star  \">\r\n                                        <\/div>\r\n                                                                            <div\r\n                                            class=\"rate-star  \">\r\n                                        <\/div>\r\n                                                                            <div\r\n                                            class=\"rate-star  \">\r\n                                        <\/div>\r\n                                                                    <\/div>\r\n                                                    <\/div>\r\n\r\n                        <!-- Bot\u00f3n de producto  -->\r\n                        <div>\r\n                            <span class=\"price-claim\">\r\n                                VER PRE\u00c7O                            <\/span>\r\n                        <\/div>\r\n                    <\/a>\r\n                            <\/product-list>\r\n        <\/product-table>\r\n\r\n        \n\n\n<h3 class=\"wp-block-heading\">NYX Professional Make Up Paleta de Sombras Ultimate Utopia<\/h3>\n\n\n\n<p><br>Viaje para esta vers\u00e3o do para\u00edso com a paleta de sombras Ultimate Utopia da NYX Professional Makeup. Esta paleta de 40 sombras de olhos incrivelmente cremosas, tons super saturados em acabamentos met\u00e1licos e matte.<\/p>\n\n\n    <a class='product' target='_blank' href='https:\/\/www.primor.eu\/pt_pt\/nyx-professional-make-up-paleta-de-sombras-ultimate-utopia-71030.html'>\r\n        <img fetchpriority=\"high\" decoding=\"async\" width=\"300\" height=\"300\" loading=\"async\" src=\"https:\/\/cdn2.primor.eu\/media\/catalog\/product\/cache\/8d3aba296f7a18b5251ee30fa5db42b2\/0\/M\/0MO24278_1_916c.jpg\" alt=\"\" title=\"\">\r\n            <div class=\"claim\">\r\n                 COMPRAR AGORA            <\/div>\r\n        <\/a>\r\n    \n\n\n<h3 class=\"wp-block-heading\">Terracotta x Noir G Set de Maquilhagem<\/h3>\n\n\n\n<p><br>O duo essencial para um efeito de <em>boa cara<\/em>. Os lend\u00e1rios p\u00f3s bronzeadores TERRACOTTA no tom <em>best-seller<\/em> 03 \u2013 Medium Warm reproduzem um bronzeado leve e natural de forma inimit\u00e1vel. Inclui tamb\u00e9m a m\u00e1scara NOIR G da GUERLAIN para um acabamento intenso e vibrante nas tuas pestanas.<\/p>\n\n\n    <a class='product' target='_blank' href='https:\/\/www.primor.eu\/pt_pt\/guerlain-terracotta-x-noir-g-set-de-maquilhagem-86682.html'>\r\n        <img decoding=\"async\" width=\"300\" height=\"300\" loading=\"async\" src=\"https:\/\/cdn2.primor.eu\/media\/catalog\/product\/cache\/8d3aba296f7a18b5251ee30fa5db42b2\/3\/3\/3346470441835_e14d.jpg\" alt=\"\" title=\"\">\r\n            <div class=\"claim\">\r\n                 COMPRAR AGORA            <\/div>\r\n        <\/a>\r\n    \n\n\n<h3 class=\"wp-block-heading\">Coffret Touche \u00c9clat e Mini Rouge Pur Couture<\/h3>\n\n\n\n<p><strong><br><\/strong>Envolve-te em flores douradas com os ic\u00f3nicos cofres de Yves Saint Laurent Beauty e descobre os teus favoritos numa aventura invernal. Inclui o Touche \u00c9clat Tono 2 e o Mini Rouge Pur Couture Nude Muse. Ideal para oferecer!<\/p>\n\n\n    <a class='product' target='_blank' href='https:\/\/www.primor.eu\/pt_pt\/yves-saint-laurent-coffret-touche-eclat-e-mini-rouge-pur-couture-115521.html'>\r\n        <img decoding=\"async\" width=\"300\" height=\"300\" loading=\"async\" src=\"https:\/\/cdn2.primor.eu\/media\/catalog\/product\/cache\/8d3aba296f7a18b5251ee30fa5db42b2\/3\/6\/3614274285017_1_25d6.jpg\" alt=\"\" title=\"\">\r\n            <div class=\"claim\">\r\n                 COMPRAR AGORA            <\/div>\r\n        <\/a>\r\n    \n\n\n<h3 class=\"wp-block-heading\">Clinique Coffret de M\u00e1scaras de Pestanas de High Impact<\/h3>\n\n\n\n<p><strong><br><\/strong>O kit perfeito para uma mirada intensa e definida nas festas de Natal. Inclui a ic\u00f3nica m\u00e1scara HIGH IMPACT, um l\u00e1pis de olhos intenso e o desmaquilhante TAKE THE DAY OFF para p\u00e1lpebras, pestanas e l\u00e1bios.<\/p>\n\n\n    <a class='product' target='_blank' href='https:\/\/www.primor.eu\/pt_pt\/clinique-coffret-de-mascaras-de-pestanas-de-high-impact-116427.html?#863=68636'>\r\n        <img decoding=\"async\" width=\"300\" height=\"300\" loading=\"async\" src=\"https:\/\/cdn2.primor.eu\/media\/catalog\/product\/cache\/8d3aba296f7a18b5251ee30fa5db42b2\/1\/9\/192333224847_1_0614.jpg\" alt=\"\" title=\"\">\r\n            <div class=\"claim\">\r\n                 COMPRAR AGORA            <\/div>\r\n        <\/a>\r\n    \n\n\n<h3 class=\"wp-block-heading\">MAC Coffret M\u00e1scaras + L\u00e1bios Lashes<\/h3>\n\n\n\n<p>Este mini duo da MAC inclui o batom Lustreglass Sheer-Shine no tom Hug Me, que proporciona cor e brilho, e uma m\u00e1scara de pestanas em formato mini para dar volume e alongar as pestanas. Um presente ideal!<\/p>\n\n\n    <a class='product' target='_blank' href='https:\/\/www.primor.eu\/pt_pt\/mac-coffret-mascaras-labios-lashes-110667.html?#803=59020'>\r\n        <img decoding=\"async\" width=\"300\" height=\"300\" loading=\"async\" src=\"https:\/\/cdn2.primor.eu\/media\/catalog\/product\/cache\/8d3aba296f7a18b5251ee30fa5db42b2\/0\/T\/0TO01040_1_8fea.jpg\" alt=\"\" title=\"\">\r\n            <div class=\"claim\">\r\n                 COMPRAR AGORA            <\/div>\r\n        <\/a>\r\n    \n\n\n<h3 class=\"wp-block-heading\">3INA Coffret The Glow One<\/h3>\n\n\n\n<p>Kit para um look pop e intenso com muito pouco: The 24H Level Up Mascara, The No-Rules Cream Highlighter eTr\u00eas produtos best-seller em tons ic\u00f3nicos para olhos, l\u00e1bios e bochechas.<\/p>\n\n\n\n<ul class=\"wp-block-list\">\n<li>Tudo o que precisas para criar um look cl\u00e1ssico.<\/li>\n\n\n\n<li>Caixa reutiliz\u00e1vel para guardar a tua maquilhagem.<\/li>\n\n\n\n<li>\u00a0The Color Lip Glow 244.<\/li>\n<\/ul>\n\n\n    <a class='product' target='_blank' href='https:\/\/www.primor.eu\/pt_pt\/3ina-conjunto-the-glow-one-115031.html'>\r\n        <img decoding=\"async\" width=\"300\" height=\"300\" loading=\"async\" src=\"https:\/\/cdn2.primor.eu\/media\/catalog\/product\/cache\/8d3aba296f7a18b5251ee30fa5db42b2\/8\/4\/8435446421645_1_9b98.jpg\" alt=\"\" title=\"\">\r\n            <div class=\"claim\">\r\n                 COMPRAR AGORA            <\/div>\r\n        <\/a>\r\n    \n\n\n<h3 class=\"wp-block-heading\">Le Mini MacaronKit de Manicure Semi-Permanente Alca\u00e7uz<\/h3>\n\n\n\n<p>O nosso kit de manicura semi-permanente Le Mini Macaron cont\u00e9m tudo o que \u00e9 necess\u00e1rio para fazer a sua pr\u00f3pria manicura em casa em apenas 15 minutos.<\/p>\n\n\n    <a class='product' target='_blank' href='https:\/\/www.primor.eu\/pt_pt\/le-mini-macaron-kit-de-manicure-semi-permanente-alcacuz-76707.html'>\r\n        <img decoding=\"async\" width=\"300\" height=\"300\" loading=\"async\" src=\"https:\/\/cdn2.primor.eu\/media\/catalog\/product\/cache\/8d3aba296f7a18b5251ee30fa5db42b2\/l\/i\/licorice_kit_de_manicura_semipermanente_5db3.jpg\" alt=\"\" title=\"\">\r\n            <div class=\"claim\">\r\n                 COMPRAR AGORA            <\/div>\r\n        <\/a>\r\n    \n\n\n<h3 class=\"wp-block-heading\">Real Techniques Conjunto de Pinc\u00e9is Essentials<\/h3>\n\n\n\n<p>O conjunto de pinc\u00e9is ideal para conseguir o <em>look<\/em> perfeito. Com cortes inovadores e design multifun\u00e7\u00f5es, estes pinc\u00e9is s\u00e3o ideais para definir, detalhar ou real\u00e7ar os contornos, oferecendo um acabamento profissional. Perfeitos para bases, contornos, iluminadores, blush, delineadores e batons. Ela vai adorar.<\/p>\n\n\n    <a class='product' target='_blank' href='https:\/\/www.primor.eu\/pt_pt\/real-techniques-conjunto-de-pinceis-essentials-para-artistas-7796.html'>\r\n        <img decoding=\"async\" width=\"300\" height=\"300\" loading=\"async\" src=\"https:\/\/cdn2.primor.eu\/media\/catalog\/product\/cache\/8d3aba296f7a18b5251ee30fa5db42b2\/6\/V\/6VA20078_1_1953.jpg\" alt=\"\" title=\"\">\r\n            <div class=\"claim\">\r\n                 COMPRAR AGORA            <\/div>\r\n        <\/a>\r\n    \n\n\n<h3 class=\"wp-block-heading\">W7 Paleta de Sombras e Pigmentos Prensados Mardi Gras<\/h3>\n\n\n\n<p>O presente ideal para os amantes de <em>makeup<\/em>. A paleta de sombras W7 cont\u00e9m 40 tons ultra pigmentados: 31 sombras mate, 3 metalizadas e 6 <em>shimmer<\/em>. Sombras muito f\u00e1ceis de aplicar, que garantem um acabamento profissional a um pre\u00e7o incr\u00edvel.<\/p>\n\n\n    <a class='product' target='_blank' href='https:\/\/www.primor.eu\/pt_pt\/w7-paleta-de-sombras-e-pigmentos-prensados-mardi-gras-39773.html'>\r\n        <img decoding=\"async\" width=\"300\" height=\"300\" loading=\"async\" src=\"https:\/\/cdn2.primor.eu\/media\/catalog\/product\/cache\/8d3aba296f7a18b5251ee30fa5db42b2\/0\/M\/0MO22074_1_fd87.jpg\" alt=\"\" title=\"\">\r\n            <div class=\"claim\">\r\n                 COMPRAR AGORA            <\/div>\r\n        <\/a>\r\n    \n\n\n<h3 class=\"wp-block-heading\">Coffret de Paleta de Sombras e MacSatck In Hindsight Eye<\/h3>\n\n\n\n<p>Este conjunto de edi\u00e7\u00e3o especial inclui uma paleta de edi\u00e7\u00e3o limitada com 6 novos tons, desde tons neutros a tons bronze, acabamentos mate e acetinados, com a nossa m\u00e1scara n\u00famero 1, macstack m\u00e1scara.<\/p>\n\n\n    <a class='product' target='_blank' href='https:\/\/www.primor.eu\/pt_pt\/mac-kit-de-edic-o-especial-in-hindsight-86277.html'>\r\n        <img decoding=\"async\" width=\"300\" height=\"300\" loading=\"async\" src=\"https:\/\/cdn2.primor.eu\/media\/catalog\/product\/cache\/8d3aba296f7a18b5251ee30fa5db42b2\/7\/7\/773602692569_1_890d.jpg\" alt=\"\" title=\"\">\r\n            <div class=\"claim\">\r\n                 COMPRAR AGORA            <\/div>\r\n        <\/a>\r\n    \n\n\n<h3 class=\"wp-block-heading\">Coffret Grand Entrance M\u00e1scara<\/h3>\n\n\n\n<p>Este trio inclui os elementos essenciais para criar olhares cativantes e esfumados. Cont\u00e9m o delineador HIGH DRAMA em Smokey Black, desenhado para definir e esbater com precis\u00e3o, e a m\u00e1scara de pestanas GRAND ENTRANCE da ELIZABETH ARDEN em Stunning Black.<\/p>\n\n\n    <a class='product' target='_blank' href='https:\/\/www.primor.eu\/pt_pt\/elizabeth-arden-coffret-grand-entrance-mascara-97603.html'>\r\n        <img decoding=\"async\" width=\"300\" height=\"300\" loading=\"async\" src=\"https:\/\/cdn2.primor.eu\/media\/catalog\/product\/cache\/8d3aba296f7a18b5251ee30fa5db42b2\/0\/8\/085805262396_a77d.JPG\" alt=\"\" title=\"\">\r\n            <div class=\"claim\">\r\n                 COMPRAR AGORA            <\/div>\r\n        <\/a>\r\n    ","protected":false},"excerpt":{"rendered":"<p>Encontrar o presente perfeito n\u00e3o \u00e9 tarefa f\u00e1cil. No entanto, se a tua pessoa especial \u00e9 uma verdadeira f\u00e3 de maquilhagem, apostar em presentes makeup no Natal \u00e9 uma aposta segura que a vai encher de alegria. Na Primor, contamos com uma vasta gama de marcas de maquilhagem que oferecem uma imensa variedade de produtos [&hellip;]<\/p>\n","protected":false},"author":6,"featured_media":4076,"comment_status":"closed","ping_status":"closed","sticky":false,"template":"","format":"standard","meta":{"jnews-multi-image_gallery":[],"jnews_single_post":{"format":"standard"},"jnews_primary_category":[],"jnews_social_meta":[],"jnews_override_counter":[],"footnotes":""},"categories":[31],"tags":[],"class_list":["post-4064","post","type-post","status-publish","format-standard","has-post-thumbnail","hentry","category-ideias-de-presentes"],"_links":{"self":[{"href":"https:\/\/www.primor.eu\/blog\/pt\/wp-json\/wp\/v2\/posts\/4064","targetHints":{"allow":["GET"]}}],"collection":[{"href":"https:\/\/www.primor.eu\/blog\/pt\/wp-json\/wp\/v2\/posts"}],"about":[{"href":"https:\/\/www.primor.eu\/blog\/pt\/wp-json\/wp\/v2\/types\/post"}],"author":[{"embeddable":true,"href":"https:\/\/www.primor.eu\/blog\/pt\/wp-json\/wp\/v2\/users\/6"}],"replies":[{"embeddable":true,"href":"https:\/\/www.primor.eu\/blog\/pt\/wp-json\/wp\/v2\/comments?post=4064"}],"version-history":[{"count":2,"href":"https:\/\/www.primor.eu\/blog\/pt\/wp-json\/wp\/v2\/posts\/4064\/revisions"}],"predecessor-version":[{"id":4080,"href":"https:\/\/www.primor.eu\/blog\/pt\/wp-json\/wp\/v2\/posts\/4064\/revisions\/4080"}],"wp:featuredmedia":[{"embeddable":true,"href":"https:\/\/www.primor.eu\/blog\/pt\/wp-json\/wp\/v2\/media\/4076"}],"wp:attachment":[{"href":"https:\/\/www.primor.eu\/blog\/pt\/wp-json\/wp\/v2\/media?parent=4064"}],"wp:term":[{"taxonomy":"category","embeddable":true,"href":"https:\/\/www.primor.eu\/blog\/pt\/wp-json\/wp\/v2\/categories?post=4064"},{"taxonomy":"post_tag","embeddable":true,"href":"https:\/\/www.primor.eu\/blog\/pt\/wp-json\/wp\/v2\/tags?post=4064"}],"curies":[{"name":"wp","href":"https:\/\/api.w.org\/{rel}","templated":true}]}}