
{"id":4009,"date":"2024-12-12T16:01:48","date_gmt":"2024-12-12T16:01:48","guid":{"rendered":"https:\/\/www.primor.eu\/blog\/pt\/?p=4009"},"modified":"2024-12-16T16:54:33","modified_gmt":"2024-12-16T16:54:33","slug":"melhores-bases-maquilhagem-pele-rosacea","status":"publish","type":"post","link":"https:\/\/www.primor.eu\/blog\/pt\/melhores-bases-maquilhagem-pele-rosacea\/","title":{"rendered":"As 3 melhores bases de maquilhagem para cuidar de uma pele com ros\u00e1cea"},"content":{"rendered":"\n<p>Escolher a base de maquilhagem certa para pele com ros\u00e1cea \u00e9 <strong>essencial<\/strong>, j\u00e1 que esta condi\u00e7\u00e3o torna a pele mais sens\u00edvel e propensa a vermelhid\u00e3o. Neste artigo da Primor, explico-te quais as caracter\u00edsticas que deves procurar e que ingredientes evitar para proteger e real\u00e7ar a tua pele sem a irritar.<\/p>\n\n\n\n<h2 class=\"wp-block-heading\">Caracter\u00edsticas que deve ter uma base de maquilhagem para pele com ros\u00e1cea<\/h2>\n\n\n\n<ul class=\"wp-block-list\">\n<li><strong>Cobertura ajust\u00e1vel e natural<\/strong>\n<ul class=\"wp-block-list\">\n<li>Procura bases com cobertura m\u00e9dia a alta, mas com uma textura leve, para cobrir a vermelhid\u00e3o sem que a maquilhagem pare\u00e7a pesada.<\/li>\n\n\n\n<li>Bases com acabamentos naturais ou acetinados s\u00e3o ideais, pois n\u00e3o destacam a textura da pele.<\/li>\n<\/ul>\n<\/li>\n\n\n\n<li><strong>F\u00f3rmulas espec\u00edficas para pele sens\u00edvel<\/strong>\n<ul class=\"wp-block-list\">\n<li>R\u00f3tulos como \u201chipoalerg\u00e9nico\u201d, \u201csem fragr\u00e2ncias\u201d ou \u201cdermatologicamente testado\u201d s\u00e3o fundamentais para evitar irrita\u00e7\u00f5es..<\/li>\n<\/ul>\n<\/li>\n\n\n\n<li><strong>SPF incorporado. <\/strong>A prote\u00e7\u00e3o solar \u00e9 indispens\u00e1vel, uma vez que os raios UV agravam a ros\u00e1cea. Escolhe bases com um SPF 30 ou superior, preferencialmente com filtros minerais como di\u00f3xido de tit\u00e2nio ou \u00f3xido de zinco.<\/li>\n\n\n\n<li><strong>Ingredientes calmantes. <\/strong>Procura f\u00f3rmulas que incluam ingredientes que reduzam a inflama\u00e7\u00e3o e acalmem a pele, como:\n<ul class=\"wp-block-list\">\n<li><strong>Niacinamida<\/strong>: acalma a vermelhid\u00e3o e fortalece a barreira cut\u00e2nea.<\/li>\n\n\n\n<li><strong>Extracto de t\u00e9 verde<\/strong>: com propriedades antioxidantes e calmantes.<\/li>\n\n\n\n<li><strong>Alo\u00e9 vera:<\/strong> hidrata e alivia a irrita\u00e7\u00e3o.&nbsp;<\/li>\n\n\n\n<li><strong>Centella asi\u00e1tica<\/strong>: promove a regenera\u00e7\u00e3o e acalma a pele.&nbsp;<\/li>\n<\/ul>\n<\/li>\n\n\n\n<li><strong>Textura hidratante, mas leve.<\/strong> A pele com ros\u00e1cea tende a ser mais seca, por isso \u00e9 importante escolher uma base com propriedades hidratantes, mas que n\u00e3o seja oleosa ou pesada.<\/li>\n\n\n\n<li><strong>Pigmentos verdes corretivos<\/strong>. Algumas bases espec\u00edficas para pele com ros\u00e1cea possuem um sub-tom verde que ajuda a neutralizar a vermelhid\u00e3o, garantindo um tom uniforme.&nbsp;<\/li>\n<\/ul>\n\n\n\n<h2 class=\"wp-block-heading\">Ingredientes que deves evitar numa base para pele com ros\u00e1cea<\/h2>\n\n\n\n<ul class=\"wp-block-list\">\n<li><strong>Fragr\u00e2ncias<\/strong>. Tanto as fragr\u00e2ncias naturais como as sint\u00e9ticas podem irritar a pele sens\u00edvel. Prefere f\u00f3rmulas sem perfume.<\/li>\n\n\n\n<li><strong>\u00c1lcool desidratante.<\/strong> Ingredientes como \u00e1lcool denat ou etanol podem ressecar e sensibilizar ainda mais a pele.<\/li>\n\n\n\n<li><strong>Parabenos<\/strong>. Embora nem sempre causem irrita\u00e7\u00e3o, muitas pessoas com ros\u00e1cea evitam-nos como medida preventiva.<\/li>\n\n\n\n<li><strong>Silicones em excesso<\/strong>. Apesar de seguras, altas concentra\u00e7\u00f5es de silicones podem obstruir os poros e causar desconforto na pele sens\u00edvel.<\/li>\n\n\n\n<li><strong>\u00c1cidos fortes<\/strong>. Evita bases que contenham AHA, BHA ou retinoides, pois podem ser demasiado agressivos e exacerbar a ros\u00e1cea.&nbsp;<\/li>\n<\/ul>\n\n\n\n<h2 class=\"wp-block-heading\">As melhores bases de maquilhagem para pele com ros\u00e1cea<\/h2>\n\n\n        <product-table class=\"pr-slider\">\r\n            <product-headers class=\"grid-table-rows\">\r\n                <div>Foto<\/div>\r\n                <div>Produto<\/div>\r\n                <div>Marca<\/div>\r\n                <div>Avalia\u00e7\u00f5es<\/div>\r\n                <div>Pre\u00e7o<\/div>\r\n            <\/product-headers>\r\n\r\n            <product-list>\r\n                                    <a href=\"https:\/\/www.primor.eu\/pt_pt\/vichy-base-de-maquilhagem-corretora-dermablend-109111.html?#803=48423\" class=\"product-item grid-table-rows\" target=\"_blank\">\r\n                        <div>\r\n                            <img decoding=\"async\" class=\"product-img\" width=\"80px\" height=\"80px\" src=\"https:\/\/cdn2.primor.eu\/media\/catalog\/product\/cache\/8d3aba296f7a18b5251ee30fa5db42b2\/3\/3\/3337871316594_80bd.jpg\" alt=\"\" title=\"\">\r\n                        <\/div>\r\n\r\n                        <!-- Contenido de producto  -->\r\n                        <div>\r\n                            <div class=\"product-position\">\r\n                                #1 Mais Vendidos                            <\/div>\r\n\r\n                            <h2>\r\n                                Base de Maquilhagem Corretora Dermablend                            <\/h2>\r\n                        <\/div>\r\n\r\n                        <!-- Imagen y\/o nombre de la marca -->\r\n                        <div>\r\n                                                            <img decoding=\"async\" width=\"70\" src=\"https:\/\/www.primor.eu\/media\/catalog\/category\/vichy.png\" alt=\"\" title=\"\">\r\n                                                    <\/div>\r\n\r\n                        <!-- Puntuaci\u00f3n del producto  -->\r\n                        <div class=\"rating\">\r\n                                                            <div class=\"rate\" style=\"--p:92;\"><\/div>\r\n                                <b>4.6\/5<\/b>\r\n                                <div class=\"rate-stars\">\r\n                                                                            <div\r\n                                            class=\"rate-star  \">\r\n                                        <\/div>\r\n                                                                            <div\r\n                                            class=\"rate-star  \">\r\n                                        <\/div>\r\n                                                                            <div\r\n                                            class=\"rate-star  \">\r\n                                        <\/div>\r\n                                                                            <div\r\n                                            class=\"rate-star  \">\r\n                                        <\/div>\r\n                                                                            <div\r\n                                            class=\"rate-star  \">\r\n                                        <\/div>\r\n                                                                    <\/div>\r\n                                                    <\/div>\r\n\r\n                        <!-- Bot\u00f3n de producto  -->\r\n                        <div>\r\n                            <span class=\"price-claim\">\r\n                                VER PRE\u00c7O                            <\/span>\r\n                        <\/div>\r\n                    <\/a>\r\n                                    <a href=\"https:\/\/www.primor.eu\/pt_pt\/la-roche-posay-redermic-c-creme-fps-25-13443.html\" class=\"product-item grid-table-rows\" target=\"_blank\">\r\n                        <div>\r\n                            <img decoding=\"async\" class=\"product-img\" width=\"80px\" height=\"80px\" src=\"https:\/\/cdn2.primor.eu\/media\/catalog\/product\/cache\/8d3aba296f7a18b5251ee30fa5db42b2\/6\/X\/6XS03453_1_7010.jpg\" alt=\"\" title=\"\">\r\n                        <\/div>\r\n\r\n                        <!-- Contenido de producto  -->\r\n                        <div>\r\n                            <div class=\"product-position\">\r\n                                #2                            <\/div>\r\n\r\n                            <h2>\r\n                                Redermic C Creme FPS-25                            <\/h2>\r\n                        <\/div>\r\n\r\n                        <!-- Imagen y\/o nombre de la marca -->\r\n                        <div>\r\n                                                            <img decoding=\"async\" width=\"70\" src=\"https:\/\/www.primor.eu\/media\/catalog\/category\/la-roche-posay.png\" alt=\"\" title=\"\">\r\n                                                    <\/div>\r\n\r\n                        <!-- Puntuaci\u00f3n del producto  -->\r\n                        <div class=\"rating\">\r\n                                                            <div class=\"rate\" style=\"--p:94;\"><\/div>\r\n                                <b>4.7\/5<\/b>\r\n                                <div class=\"rate-stars\">\r\n                                                                            <div\r\n                                            class=\"rate-star  \">\r\n                                        <\/div>\r\n                                                                            <div\r\n                                            class=\"rate-star  \">\r\n                                        <\/div>\r\n                                                                            <div\r\n                                            class=\"rate-star  \">\r\n                                        <\/div>\r\n                                                                            <div\r\n                                            class=\"rate-star  \">\r\n                                        <\/div>\r\n                                                                            <div\r\n                                            class=\"rate-star  \">\r\n                                        <\/div>\r\n                                                                    <\/div>\r\n                                                    <\/div>\r\n\r\n                        <!-- Bot\u00f3n de producto  -->\r\n                        <div>\r\n                            <span class=\"price-claim\">\r\n                                VER PRE\u00c7O                            <\/span>\r\n                        <\/div>\r\n                    <\/a>\r\n                                    <a href=\"https:\/\/www.primor.eu\/pt_pt\/dermacol-base-de-maquilhagem-make-up-cover-108796.html?#803=49144\" class=\"product-item grid-table-rows\" target=\"_blank\">\r\n                        <div>\r\n                            <img decoding=\"async\" class=\"product-img\" width=\"80px\" height=\"80px\" src=\"https:\/\/cdn2.primor.eu\/media\/catalog\/product\/cache\/8d3aba296f7a18b5251ee30fa5db42b2\/0\/M\/0MR12815_1_841e.jpg\" alt=\"\" title=\"\">\r\n                        <\/div>\r\n\r\n                        <!-- Contenido de producto  -->\r\n                        <div>\r\n                            <div class=\"product-position\">\r\n                                #3                            <\/div>\r\n\r\n                            <h2>\r\n                                Base de Maquilhagem Make-Up Cover                            <\/h2>\r\n                        <\/div>\r\n\r\n                        <!-- Imagen y\/o nombre de la marca -->\r\n                        <div>\r\n                                                            <img decoding=\"async\" width=\"70\" src=\"https:\/\/www.primor.eu\/media\/catalog\/category\/Dermacol.jpg\" alt=\"\" title=\"\">\r\n                                                    <\/div>\r\n\r\n                        <!-- Puntuaci\u00f3n del producto  -->\r\n                        <div class=\"rating\">\r\n                                                            <div class=\"rate\" style=\"--p:88;\"><\/div>\r\n                                <b>4.4\/5<\/b>\r\n                                <div class=\"rate-stars\">\r\n                                                                            <div\r\n                                            class=\"rate-star  \">\r\n                                        <\/div>\r\n                                                                            <div\r\n                                            class=\"rate-star  \">\r\n                                        <\/div>\r\n                                                                            <div\r\n                                            class=\"rate-star  \">\r\n                                        <\/div>\r\n                                                                            <div\r\n                                            class=\"rate-star  \">\r\n                                        <\/div>\r\n                                                                            <div\r\n                                            class=\"rate-star  \">\r\n                                        <\/div>\r\n                                                                    <\/div>\r\n                                                    <\/div>\r\n\r\n                        <!-- Bot\u00f3n de producto  -->\r\n                        <div>\r\n                            <span class=\"price-claim\">\r\n                                VER PRE\u00c7O                            <\/span>\r\n                        <\/div>\r\n                    <\/a>\r\n                            <\/product-list>\r\n        <\/product-table>\r\n\r\n        \n\n\n<h3 class=\"wp-block-heading\">Vichy Dermablend Base de Maquilhagem<\/h3>\n\n\n\n<p>Esta base oferece uma cobertura completa que vai desde imperfei\u00e7\u00f5es leves at\u00e9 mais severas, como veias, manchas, tatuagens ou cicatrizes. Apesar da alta cobertura, n\u00e3o cria efeito m\u00e1scara e \u00e9 extremamente resistente. A f\u00f3rmula inclui \u00f3leos e agentes hidratantes que suavizam a pele, deixam-na hidratada e com um acabamento mate.<\/p>\n\n\n    <a class='product' target='_blank' href='https:\/\/www.primor.eu\/pt_pt\/vichy-base-de-maquilhagem-corretora-dermablend-109111.html?#803=48423'>\r\n        <img fetchpriority=\"high\" decoding=\"async\" width=\"300\" height=\"300\" loading=\"async\" src=\"https:\/\/cdn2.primor.eu\/media\/catalog\/product\/cache\/8d3aba296f7a18b5251ee30fa5db42b2\/3\/3\/3337871316594_80bd.jpg\" alt=\"\" title=\"\">\r\n            <div class=\"claim\">\r\n                 COMPRAR AGORA            <\/div>\r\n        <\/a>\r\n    \n\n\n\n<h3 class=\"wp-block-heading\">La Roche Posay CC Cream<\/h3>\n\n\n\n<p>O grande destaque desta CC Cream \u00e9 a sua capacidade de corrigir os sinais caracter\u00edsticos de pele sens\u00edvel: sensa\u00e7\u00e3o de repuxamento, vermelhid\u00e3o e desidrata\u00e7\u00e3o. Da linha <strong>Rosaliac<\/strong>, especialmente desenvolvida para pele sens\u00edvel com tend\u00eancia a vermelhid\u00e3o, esta CC Cream uniformiza o tom e proporciona um aspeto saud\u00e1vel e luminoso.<\/p>\n\n\n    <a class='product' target='_blank' href='https:\/\/www.primor.eu\/pt_pt\/la-roche-posay-redermic-c-creme-fps-25-13443.html'>\r\n        <img decoding=\"async\" width=\"300\" height=\"300\" loading=\"async\" src=\"https:\/\/cdn2.primor.eu\/media\/catalog\/product\/cache\/8d3aba296f7a18b5251ee30fa5db42b2\/6\/X\/6XS03453_1_7010.jpg\" alt=\"\" title=\"\">\r\n            <div class=\"claim\">\r\n                 COMPRAR AGORA            <\/div>\r\n        <\/a>\r\n    \n\n\n\n<h3 class=\"wp-block-heading\">Dermacol Base de Maquilhagem Make-Up Cover&nbsp;<\/h3>\n\n\n\n<p>Com coenzima Q10 na f\u00f3rmula, esta base protege e cuida da pele durante 24 horas. Resiste ao contacto com roupa ou dispositivos m\u00f3veis, mantendo-se intacta. Al\u00e9m disso, elimina os sinais de cansa\u00e7o, oferecendo um aspeto natural que dura todo o dia e a noite.<\/p>\n\n\n    <a class='product' target='_blank' href='https:\/\/www.primor.eu\/pt_pt\/dermacol-base-de-maquilhagem-make-up-cover-108796.html?#803=49144'>\r\n        <img decoding=\"async\" width=\"300\" height=\"300\" loading=\"async\" src=\"https:\/\/cdn2.primor.eu\/media\/catalog\/product\/cache\/8d3aba296f7a18b5251ee30fa5db42b2\/0\/M\/0MR12815_1_841e.jpg\" alt=\"\" title=\"\">\r\n            <div class=\"claim\">\r\n                 COMPRAR AGORA            <\/div>\r\n        <\/a>\r\n    \n\n\n\n<p>Estas bases s\u00e3o excelentes op\u00e7\u00f5es para quem procura maquilhagem de longa dura\u00e7\u00e3o, com cobertura eficaz e f\u00f3rmulas adaptadas \u00e0 pele sens\u00edvel com ros\u00e1cea. Proporcionam conforto, prote\u00e7\u00e3o e um acabamento impec\u00e1vel!<\/p>\n","protected":false},"excerpt":{"rendered":"<p>Escolher a base de maquilhagem certa para pele com ros\u00e1cea \u00e9 essencial, j\u00e1 que esta condi\u00e7\u00e3o torna a pele mais sens\u00edvel e propensa a vermelhid\u00e3o. Neste artigo da Primor, explico-te quais as caracter\u00edsticas que deves procurar e que ingredientes evitar para proteger e real\u00e7ar a tua pele sem a irritar. Caracter\u00edsticas que deve ter uma [&hellip;]<\/p>\n","protected":false},"author":5,"featured_media":4010,"comment_status":"closed","ping_status":"closed","sticky":false,"template":"","format":"standard","meta":{"jnews-multi-image_gallery":[],"jnews_single_post":{"format":"standard"},"jnews_primary_category":[],"jnews_social_meta":[],"jnews_override_counter":[],"footnotes":""},"categories":[3],"tags":[],"class_list":["post-4009","post","type-post","status-publish","format-standard","has-post-thumbnail","hentry","category-maquilhagem"],"_links":{"self":[{"href":"https:\/\/www.primor.eu\/blog\/pt\/wp-json\/wp\/v2\/posts\/4009","targetHints":{"allow":["GET"]}}],"collection":[{"href":"https:\/\/www.primor.eu\/blog\/pt\/wp-json\/wp\/v2\/posts"}],"about":[{"href":"https:\/\/www.primor.eu\/blog\/pt\/wp-json\/wp\/v2\/types\/post"}],"author":[{"embeddable":true,"href":"https:\/\/www.primor.eu\/blog\/pt\/wp-json\/wp\/v2\/users\/5"}],"replies":[{"embeddable":true,"href":"https:\/\/www.primor.eu\/blog\/pt\/wp-json\/wp\/v2\/comments?post=4009"}],"version-history":[{"count":2,"href":"https:\/\/www.primor.eu\/blog\/pt\/wp-json\/wp\/v2\/posts\/4009\/revisions"}],"predecessor-version":[{"id":4036,"href":"https:\/\/www.primor.eu\/blog\/pt\/wp-json\/wp\/v2\/posts\/4009\/revisions\/4036"}],"wp:featuredmedia":[{"embeddable":true,"href":"https:\/\/www.primor.eu\/blog\/pt\/wp-json\/wp\/v2\/media\/4010"}],"wp:attachment":[{"href":"https:\/\/www.primor.eu\/blog\/pt\/wp-json\/wp\/v2\/media?parent=4009"}],"wp:term":[{"taxonomy":"category","embeddable":true,"href":"https:\/\/www.primor.eu\/blog\/pt\/wp-json\/wp\/v2\/categories?post=4009"},{"taxonomy":"post_tag","embeddable":true,"href":"https:\/\/www.primor.eu\/blog\/pt\/wp-json\/wp\/v2\/tags?post=4009"}],"curies":[{"name":"wp","href":"https:\/\/api.w.org\/{rel}","templated":true}]}}