
{"id":3700,"date":"2024-11-27T14:00:00","date_gmt":"2024-11-27T14:00:00","guid":{"rendered":"https:\/\/www.primor.eu\/blog\/pt\/?p=3700"},"modified":"2024-11-29T09:12:22","modified_gmt":"2024-11-29T09:12:22","slug":"serum-olheiras","status":"publish","type":"post","link":"https:\/\/www.primor.eu\/blog\/pt\/serum-olheiras\/","title":{"rendered":"Esquece o corretor: o que precisas \u00e9 de um s\u00e9rum para olheiras"},"content":{"rendered":"\n<p>As olheiras e os sinais de cansa\u00e7o podem ser um pesadelo, mas h\u00e1 uma solu\u00e7\u00e3o eficaz que vai al\u00e9m dos corretores e tratamentos invasivos: o <strong>s\u00e9rum para olheiras<\/strong>. Este aliado poderoso ajuda a combater a acumula\u00e7\u00e3o de stress, a falta de sono, a congest\u00e3o e a perda de brilho, revitalizando a zona do contorno dos olhos.<\/p>\n\n\n\n<p>Celebridades como Nieves \u00c1lvarez e Jennifer L\u00f3pez j\u00e1 confessaram ser f\u00e3s deste tipo de produto, que oferece resultados vis\u00edveis, como a redu\u00e7\u00e3o de olheiras, bolsas e linhas de express\u00e3o, ao mesmo tempo que ilumina e hidrata.<\/p>\n\n\n\n<p>Se queres melhorar a apar\u00eancia do rosto de forma duradoura e pr\u00e1tica, investir num s\u00e9rum para olheiras \u00e9 a melhor decis\u00e3o. Aqui tens algumas op\u00e7\u00f5es dispon\u00edveis para experimentar, com diferentes f\u00f3rmulas adaptadas \u00e0s tuas necessidades:<\/p>\n\n\n\n<h2 class=\"wp-block-heading\">Op\u00e7\u00f5es de s\u00e9runs para olheiras na Primor<\/h2>\n\n\n\n<h3 class=\"wp-block-heading\">Bolsas e Olheiras Contorno dos Olhos \u2013 Remescar<\/h3>\n\n\n\n<p><strong>O que faz?<\/strong> reduz bolsas e olheiras at\u00e9 75% imediatamente gra\u00e7as \u00e0 tecnologia EYESYL.<\/p>\n\n\n\n<p><strong>Ingredientes principais:<\/strong> minerais de argila e um complexo de bi-pept\u00eddeos que firmam a pele, eliminam l\u00edquidos acumulados e reduzem contra\u00e7\u00f5es musculares, semelhante ao efeito do botox.<\/p>\n\n\n\n<p><strong>Ideal para:<\/strong> quem procura resultados r\u00e1pidos e eficazes.<\/p>\n\n\n\n    <a class='product' target='_blank' href='https:\/\/www.primor.eu\/pt_pt\/remescar-sacos-de-contorno-dos-olhos-e-circulos-escuros-14782.html'>\r\n        <img fetchpriority=\"high\" decoding=\"async\" width=\"300\" height=\"300\" loading=\"async\" src=\"https:\/\/cdn2.primor.eu\/media\/catalog\/product\/cache\/8d3aba296f7a18b5251ee30fa5db42b2\/6\/X\/6XS08373_1_ccca.jpg\" alt=\"\" title=\"\">\r\n            <div class=\"claim\">\r\n                 COMPRAR AGORA            <\/div>\r\n        <\/a>\r\n    \n\n\n\n<h3 class=\"wp-block-heading\">Even Better Creme Corretor de Olheiras - Clinique<\/h3>\n\n\n\n<p><strong>Benef\u00edcios:<\/strong> reduz as olheiras em 30% ap\u00f3s 12 semanas de uso regular.<\/p>\n\n\n\n<p><strong>Destaques:<\/strong> inclui difusores \u00f3ticos para iluminar instantaneamente qualquer tom de pele e fortalecer a pele, tornando-a menos fina. O aplicador refrescante proporciona conforto e suavidade durante a aplica\u00e7\u00e3o.<\/p>\n\n\n\n<p><strong>Ideal para:<\/strong> quem deseja reduzir olheiras enquanto ilumina a pele de forma natural.<\/p>\n\n\n\n    <a class='product' target='_blank' href='https:\/\/www.primor.eu\/pt_pt\/clinique-even-better-creme-corretor-de-olheiras-spf15-15040.html'>\r\n        <img decoding=\"async\" width=\"300\" height=\"300\" loading=\"async\" src=\"https:\/\/cdn2.primor.eu\/media\/catalog\/product\/cache\/8d3aba296f7a18b5251ee30fa5db42b2\/0\/T\/0TF07994_1_764c.jpg\" alt=\"\" title=\"\">\r\n            <div class=\"claim\">\r\n                 COMPRAR AGORA            <\/div>\r\n        <\/a>\r\n    \n\n\n\n<h3 class=\"wp-block-heading\">S\u00e9rum Reafirmante Contorno dos Olhos \u2013 Olay<\/h3>\n\n\n\n<p><strong>O que faz?<\/strong> reduz linhas de express\u00e3o e reafirma a pele com um complexo avan\u00e7ado de aminopept\u00eddeos.<\/p>\n\n\n\n<p><strong>F\u00f3rmula:<\/strong> sem fragr\u00e2ncia, hidrata instantaneamente e regenera a superf\u00edcie da pele, proporcionando um aspeto jovem e firme.<\/p>\n\n\n\n<p><strong>Ideal para:<\/strong> quem quer combater a flacidez e manter a pele hidratada.<\/p>\n\n\n\n    <a class='product' target='_blank' href='https:\/\/www.primor.eu\/pt_pt\/olay-serum-de-olhos-refirmante-14734.html'>\r\n        <img decoding=\"async\" width=\"300\" height=\"300\" loading=\"async\" src=\"https:\/\/cdn2.primor.eu\/media\/catalog\/product\/cache\/8d3aba296f7a18b5251ee30fa5db42b2\/0\/T\/0TF13077_1_98d2.jpg\" alt=\"\" title=\"\">\r\n            <div class=\"claim\">\r\n                 COMPRAR AGORA            <\/div>\r\n        <\/a>\r\n    \n\n\n\n<h3 class=\"wp-block-heading\">Solu\u00e7\u00e3o de Cafe\u00edna 5% + EGCG \u2013 The Ordinary<\/h3>\n\n\n\n<p><strong>Como funciona?<\/strong> reduz olheiras e inflama\u00e7\u00f5es com uma f\u00f3rmula de 5% de cafe\u00edna e Epigalocatequina Gallatyl Glucoside (EGCG).<\/p>\n\n\n\n<p><strong>Extras:<\/strong> estudos indicam que tamb\u00e9m pode ajudar a reduzir a celulite.<\/p>\n\n\n\n<p><strong>Ideal para:<\/strong> quem procura um s\u00e9rum multifuncional eficaz e acess\u00edvel.<\/p>\n\n\n\n    <a class='product' target='_blank' href='https:\/\/www.primor.eu\/pt_pt\/the-ordinary-contorno-de-olhos-com-cafeina-5-egcg-14770.html'>\r\n        <img decoding=\"async\" width=\"300\" height=\"300\" loading=\"async\" src=\"https:\/\/cdn2.primor.eu\/media\/catalog\/product\/cache\/8d3aba296f7a18b5251ee30fa5db42b2\/6\/X\/6XS08958_1_0394.jpg\" alt=\"\" title=\"\">\r\n            <div class=\"claim\">\r\n                 COMPRAR AGORA            <\/div>\r\n        <\/a>\r\n    \n\n\n\n<h3 class=\"wp-block-heading\">Advanced G\u00e9nifique Creme Contorno dos Olhos \u2013 Lanc\u00f4me<\/h3>\n\n\n\n<p><strong>F\u00f3rmula avan\u00e7ada:<\/strong> combina 7 extratos de probi\u00f3ticos e prebi\u00f3ticos para revitalizar e fortalecer a pele em apenas 7 dias.<\/p>\n\n\n\n<p><strong>Resultados:<\/strong> reduz linhas de express\u00e3o, olheiras e devolve luminosidade \u00e0 pele.<\/p>\n\n\n\n<p><strong>Ideal para:<\/strong> quem quer um olhar mais jovem e radiante em pouco tempo.<\/p>\n\n\n\n    <a class='product' target='_blank' href='https:\/\/www.primor.eu\/pt_pt\/lancome-creme-de-contorno-de-olhos-advanced-genifique-16166.html'>\r\n        <img decoding=\"async\" width=\"300\" height=\"300\" loading=\"async\" src=\"https:\/\/cdn2.primor.eu\/media\/catalog\/product\/cache\/8d3aba296f7a18b5251ee30fa5db42b2\/0\/T\/0TF19912_1_fac3.jpg\" alt=\"\" title=\"\">\r\n            <div class=\"claim\">\r\n                 COMPRAR AGORA            <\/div>\r\n        <\/a>\r\n    \n\n\n\n<h3 class=\"wp-block-heading\">Bye Bye Under Eye Bag Tratamento Anti-Olheiras \u2013 IT Cosmetics<\/h3>\n\n\n\n<p><strong>Diferencial:<\/strong> solu\u00e7\u00e3o di\u00e1ria para olheiras moderadas a graves, incha\u00e7o e pele enrugada sob os olhos.<\/p>\n\n\n\n<p><strong>Ideal para:<\/strong> quem busca um tratamento espec\u00edfico e intenso para os sinais mais evidentes de cansa\u00e7o.<\/p>\n\n\n\n    <a class='product' target='_blank' href='https:\/\/www.primor.eu\/pt_pt\/it-cosmetics-tratamento-anti-olheiras-bye-bye-para-o-saco-do-olho-84161.html'>\r\n        <img decoding=\"async\" width=\"300\" height=\"300\" loading=\"async\" src=\"https:\/\/cdn2.primor.eu\/media\/catalog\/product\/cache\/8d3aba296f7a18b5251ee30fa5db42b2\/1\/_\/1_8fcf.JPG\" alt=\"\" title=\"\">\r\n            <div class=\"claim\">\r\n                 COMPRAR AGORA            <\/div>\r\n        <\/a>\r\n    \n\n\n\n<h3 class=\"wp-block-heading\">Caffeine Eye Cream \u2013 Mario Badescu<\/h3>\n\n\n\n<p><strong>Propriedades:<\/strong> rica em cafe\u00edna, esta f\u00f3rmula hidrata e revitaliza a pele, com uma textura leve e de r\u00e1pida absor\u00e7\u00e3o.<\/p>\n\n\n\n<p><strong>Ideal para:<\/strong> quem prefere cremes hidratantes leves que combatam olheiras e incha\u00e7os.<\/p>\n\n\n\n    <a class='product' target='_blank' href='https:\/\/www.primor.eu\/pt_pt\/mario-badescu-caffeine-eye-cream-tratamento-revitalizante-para-as-olheiras-60547.html'>\r\n        <img decoding=\"async\" width=\"300\" height=\"300\" loading=\"async\" src=\"https:\/\/cdn2.primor.eu\/media\/catalog\/product\/cache\/8d3aba296f7a18b5251ee30fa5db42b2\/0\/T\/0TF22605_1_6e3b.jpg\" alt=\"\" title=\"\">\r\n            <div class=\"claim\">\r\n                 COMPRAR AGORA            <\/div>\r\n        <\/a>\r\n    \n","protected":false},"excerpt":{"rendered":"<p>As olheiras e os sinais de cansa\u00e7o podem ser um pesadelo, mas h\u00e1 uma solu\u00e7\u00e3o eficaz que vai al\u00e9m dos corretores e tratamentos invasivos: o s\u00e9rum para olheiras. Este aliado poderoso ajuda a combater a acumula\u00e7\u00e3o de stress, a falta de sono, a congest\u00e3o e a perda de brilho, revitalizando a zona do contorno dos [&hellip;]<\/p>\n","protected":false},"author":5,"featured_media":3701,"comment_status":"closed","ping_status":"closed","sticky":false,"template":"","format":"standard","meta":{"jnews-multi-image_gallery":[],"jnews_single_post":{"format":"standard"},"jnews_primary_category":[],"jnews_social_meta":[],"jnews_override_counter":[],"footnotes":""},"categories":[3],"tags":[],"class_list":["post-3700","post","type-post","status-publish","format-standard","has-post-thumbnail","hentry","category-maquilhagem"],"_links":{"self":[{"href":"https:\/\/www.primor.eu\/blog\/pt\/wp-json\/wp\/v2\/posts\/3700","targetHints":{"allow":["GET"]}}],"collection":[{"href":"https:\/\/www.primor.eu\/blog\/pt\/wp-json\/wp\/v2\/posts"}],"about":[{"href":"https:\/\/www.primor.eu\/blog\/pt\/wp-json\/wp\/v2\/types\/post"}],"author":[{"embeddable":true,"href":"https:\/\/www.primor.eu\/blog\/pt\/wp-json\/wp\/v2\/users\/5"}],"replies":[{"embeddable":true,"href":"https:\/\/www.primor.eu\/blog\/pt\/wp-json\/wp\/v2\/comments?post=3700"}],"version-history":[{"count":1,"href":"https:\/\/www.primor.eu\/blog\/pt\/wp-json\/wp\/v2\/posts\/3700\/revisions"}],"predecessor-version":[{"id":3702,"href":"https:\/\/www.primor.eu\/blog\/pt\/wp-json\/wp\/v2\/posts\/3700\/revisions\/3702"}],"wp:featuredmedia":[{"embeddable":true,"href":"https:\/\/www.primor.eu\/blog\/pt\/wp-json\/wp\/v2\/media\/3701"}],"wp:attachment":[{"href":"https:\/\/www.primor.eu\/blog\/pt\/wp-json\/wp\/v2\/media?parent=3700"}],"wp:term":[{"taxonomy":"category","embeddable":true,"href":"https:\/\/www.primor.eu\/blog\/pt\/wp-json\/wp\/v2\/categories?post=3700"},{"taxonomy":"post_tag","embeddable":true,"href":"https:\/\/www.primor.eu\/blog\/pt\/wp-json\/wp\/v2\/tags?post=3700"}],"curies":[{"name":"wp","href":"https:\/\/api.w.org\/{rel}","templated":true}]}}