
{"id":3460,"date":"2024-11-13T09:00:00","date_gmt":"2024-11-13T09:00:00","guid":{"rendered":"https:\/\/www.primor.eu\/blog\/pt\/?p=3460"},"modified":"2024-10-30T08:28:13","modified_gmt":"2024-10-30T08:28:13","slug":"produtos-caracois","status":"publish","type":"post","link":"https:\/\/www.primor.eu\/blog\/pt\/produtos-caracois\/","title":{"rendered":"Produtos para cabelo encaracolado: carac\u00f3is el\u00e1sticos, suaves e bem definidos"},"content":{"rendered":"\n<p>Cuidar do cabelo com produtos adequados \u00e9 essencial para mant\u00ea-lo hidratado, saud\u00e1vel e <strong>sem frizz<\/strong>. No caso dos <strong>cabelos encaracolados<\/strong>, \u00e9 ainda mais importante usar produtos espec\u00edficos, j\u00e1 que tendem a ser mais secos do que outros tipos de cabelo, o que facilita o frizz e faz com que possam parecer descuidados. Estes s\u00e3o alguns dos melhores <a href=\"https:\/\/www.primor.eu\/pt_pt\/produtos-para-cabelo-encaracolado-68804\">produtos para cabelo encaracolado<\/a> que deixar\u00e3o os teus carac\u00f3is sempre<strong> suaves<\/strong>, <strong>el\u00e1sticos<\/strong> e <strong>bem definidos<\/strong>.<\/p>\n\n\n\n<p>Champ\u00f4s, m\u00e1scaras, <strong>cremes <\/strong>ou <strong>\u00f3leos<\/strong> s\u00e3o alguns dos produtos para cabelo encaracolado que ajudam a manter os<strong> carac\u00f3is definidos<\/strong>, <strong>suaves<\/strong> e <strong>el\u00e1sticos<\/strong>. Estes produtos devem ser altamente hidratantes, pois os cabelos encaracolados secam facilmente e ficam frisados, especialmente em climas com muita humidade. Descobre os melhores produtos para ter <strong>carac\u00f3is impec\u00e1veis<\/strong> todos os dias, mesmo quando chove ou h\u00e1 muita humidade no ar.<\/p>\n\n\n\n<h2 class=\"wp-block-heading\">Os melhores produtos para cabelo encaracolado na Primor<\/h2>\n\n\n        <product-table >\r\n            <product-headers class=\"grid-table-rows\">\r\n                <div>Foto<\/div>\r\n                <div>Produto<\/div>\r\n                <div>Marca<\/div>\r\n                <div>Avalia\u00e7\u00f5es<\/div>\r\n                <div>Pre\u00e7o<\/div>\r\n            <\/product-headers>\r\n\r\n            <product-list>\r\n                                    <a href=\"https:\/\/www.primor.eu\/pt_pt\/revlon-champo-para-cabelos-encaracolados-pro-you-the-twister-9061.html\" class=\"product-item grid-table-rows\" target=\"_blank\">\r\n                        <div>\r\n                            <img decoding=\"async\" class=\"product-img\" width=\"80px\" height=\"80px\" src=\"https:\/\/www.primor.eu\/blog\/pt\/wp-content\/uploads\/2024\/10\/2CC03734_1_9d5d.jpg\" alt=\"\" title=\"\">\r\n                        <\/div>\r\n\r\n                        <!-- Contenido de producto  -->\r\n                        <div>\r\n                            <div class=\"product-position\">\r\n                                #1 Mais Vendidos                            <\/div>\r\n\r\n                            <h2>\r\n                                Champ\u00f4 Pro You The Twister da Revlon                            <\/h2>\r\n                        <\/div>\r\n\r\n                        <!-- Imagen y\/o nombre de la marca -->\r\n                        <div>\r\n                                                            <img decoding=\"async\" width=\"70\" src=\"https:\/\/www.primor.eu\/blog\/pt\/wp-content\/uploads\/2024\/09\/403.jpg\" alt=\"\" title=\"\">\r\n                                                    <\/div>\r\n\r\n                        <!-- Puntuaci\u00f3n del producto  -->\r\n                        <div class=\"rating\">\r\n                                                            <div class=\"rate\" style=\"--p:100;\"><\/div>\r\n                                <b>5\/5<\/b>\r\n                                <div class=\"rate-stars\">\r\n                                                                            <div\r\n                                            class=\"rate-star  \">\r\n                                        <\/div>\r\n                                                                            <div\r\n                                            class=\"rate-star  \">\r\n                                        <\/div>\r\n                                                                            <div\r\n                                            class=\"rate-star  \">\r\n                                        <\/div>\r\n                                                                            <div\r\n                                            class=\"rate-star  \">\r\n                                        <\/div>\r\n                                                                            <div\r\n                                            class=\"rate-star  \">\r\n                                        <\/div>\r\n                                                                    <\/div>\r\n                                                    <\/div>\r\n\r\n                        <!-- Bot\u00f3n de producto  -->\r\n                        <div>\r\n                            <span class=\"price-claim\">\r\n                                VER PRE\u00c7O                            <\/span>\r\n                        <\/div>\r\n                    <\/a>\r\n                                    <a href=\"https:\/\/www.primor.eu\/pt_pt\/herbal-champo-cachos-professional-care-8614.html\" class=\"product-item grid-table-rows\" target=\"_blank\">\r\n                        <div>\r\n                            <img decoding=\"async\" class=\"product-img\" width=\"80px\" height=\"80px\" src=\"https:\/\/www.primor.eu\/blog\/pt\/wp-content\/uploads\/2024\/10\/6XS05703_1_0590.jpg\" alt=\"\" title=\"\">\r\n                        <\/div>\r\n\r\n                        <!-- Contenido de producto  -->\r\n                        <div>\r\n                            <div class=\"product-position\">\r\n                                #2                            <\/div>\r\n\r\n                            <h2>\r\n                                Champ\u00f4 Curls Professional Care da Herbal                            <\/h2>\r\n                        <\/div>\r\n\r\n                        <!-- Imagen y\/o nombre de la marca -->\r\n                        <div>\r\n                                                            <img decoding=\"async\" width=\"70\" src=\"https:\/\/www.primor.eu\/blog\/pt\/wp-content\/uploads\/2024\/09\/HERBAL.jpg\" alt=\"\" title=\"\">\r\n                                                    <\/div>\r\n\r\n                        <!-- Puntuaci\u00f3n del producto  -->\r\n                        <div class=\"rating\">\r\n                                                            <div class=\"rate\" style=\"--p:100;\"><\/div>\r\n                                <b>5\/5<\/b>\r\n                                <div class=\"rate-stars\">\r\n                                                                            <div\r\n                                            class=\"rate-star  \">\r\n                                        <\/div>\r\n                                                                            <div\r\n                                            class=\"rate-star  \">\r\n                                        <\/div>\r\n                                                                            <div\r\n                                            class=\"rate-star  \">\r\n                                        <\/div>\r\n                                                                            <div\r\n                                            class=\"rate-star  \">\r\n                                        <\/div>\r\n                                                                            <div\r\n                                            class=\"rate-star  \">\r\n                                        <\/div>\r\n                                                                    <\/div>\r\n                                                    <\/div>\r\n\r\n                        <!-- Bot\u00f3n de producto  -->\r\n                        <div>\r\n                            <span class=\"price-claim\">\r\n                                VER PRE\u00c7O                            <\/span>\r\n                        <\/div>\r\n                    <\/a>\r\n                                    <a href=\"https:\/\/www.primor.eu\/pt_pt\/revuele-miss-o-caracois-champo-nutritivo-10972.html\" class=\"product-item grid-table-rows\" target=\"_blank\">\r\n                        <div>\r\n                            <img decoding=\"async\" class=\"product-img\" width=\"80px\" height=\"80px\" src=\"https:\/\/www.primor.eu\/blog\/pt\/wp-content\/uploads\/2024\/10\/2CC04562_1_40f6.jpg\" alt=\"\" title=\"\">\r\n                        <\/div>\r\n\r\n                        <!-- Contenido de producto  -->\r\n                        <div>\r\n                            <div class=\"product-position\">\r\n                                #3                            <\/div>\r\n\r\n                            <h2>\r\n                                Champ\u00f4 Mission Curls Up da Revuele                            <\/h2>\r\n                        <\/div>\r\n\r\n                        <!-- Imagen y\/o nombre de la marca -->\r\n                        <div>\r\n                                                            <img decoding=\"async\" width=\"70\" src=\"https:\/\/www.primor.eu\/blog\/pt\/wp-content\/uploads\/2024\/09\/989_revuele_1.png\" alt=\"\" title=\"\">\r\n                                                    <\/div>\r\n\r\n                        <!-- Puntuaci\u00f3n del producto  -->\r\n                        <div class=\"rating\">\r\n                                                            <div class=\"rate\" style=\"--p:100;\"><\/div>\r\n                                <b>5\/5<\/b>\r\n                                <div class=\"rate-stars\">\r\n                                                                            <div\r\n                                            class=\"rate-star  \">\r\n                                        <\/div>\r\n                                                                            <div\r\n                                            class=\"rate-star  \">\r\n                                        <\/div>\r\n                                                                            <div\r\n                                            class=\"rate-star  \">\r\n                                        <\/div>\r\n                                                                            <div\r\n                                            class=\"rate-star  \">\r\n                                        <\/div>\r\n                                                                            <div\r\n                                            class=\"rate-star  \">\r\n                                        <\/div>\r\n                                                                    <\/div>\r\n                                                    <\/div>\r\n\r\n                        <!-- Bot\u00f3n de producto  -->\r\n                        <div>\r\n                            <span class=\"price-claim\">\r\n                                VER PRE\u00c7O                            <\/span>\r\n                        <\/div>\r\n                    <\/a>\r\n                                    <a href=\"https:\/\/www.primor.eu\/pt_pt\/pantene-hidrocreme-cachos-definidos-8574.html\" class=\"product-item grid-table-rows\" target=\"_blank\">\r\n                        <div>\r\n                            <img decoding=\"async\" class=\"product-img\" width=\"80px\" height=\"80px\" src=\"https:\/\/www.primor.eu\/blog\/pt\/wp-content\/uploads\/2024\/10\/2CA00735_1_f4dd.jpg\" alt=\"\" title=\"\">\r\n                        <\/div>\r\n\r\n                        <!-- Contenido de producto  -->\r\n                        <div>\r\n                            <div class=\"product-position\">\r\n                                #4                            <\/div>\r\n\r\n                            <h2>\r\n                                Modelador de carac\u00f3is da Pantene                            <\/h2>\r\n                        <\/div>\r\n\r\n                        <!-- Imagen y\/o nombre de la marca -->\r\n                        <div>\r\n                                                            <img decoding=\"async\" width=\"70\" src=\"https:\/\/www.primor.eu\/blog\/pt\/wp-content\/uploads\/2024\/09\/Pantene.jpg\" alt=\"\" title=\"\">\r\n                                                    <\/div>\r\n\r\n                        <!-- Puntuaci\u00f3n del producto  -->\r\n                        <div class=\"rating\">\r\n                                                            <div class=\"rate\" style=\"--p:100;\"><\/div>\r\n                                <b>5\/5<\/b>\r\n                                <div class=\"rate-stars\">\r\n                                                                            <div\r\n                                            class=\"rate-star  \">\r\n                                        <\/div>\r\n                                                                            <div\r\n                                            class=\"rate-star  \">\r\n                                        <\/div>\r\n                                                                            <div\r\n                                            class=\"rate-star  \">\r\n                                        <\/div>\r\n                                                                            <div\r\n                                            class=\"rate-star  \">\r\n                                        <\/div>\r\n                                                                            <div\r\n                                            class=\"rate-star  \">\r\n                                        <\/div>\r\n                                                                    <\/div>\r\n                                                    <\/div>\r\n\r\n                        <!-- Bot\u00f3n de producto  -->\r\n                        <div>\r\n                            <span class=\"price-claim\">\r\n                                VER PRE\u00c7O                            <\/span>\r\n                        <\/div>\r\n                    <\/a>\r\n                                    <a href=\"https:\/\/www.primor.eu\/pt_pt\/l-oreal-paris-elnett-creme-por-mousse-boucles-19774.html\" class=\"product-item grid-table-rows\" target=\"_blank\">\r\n                        <div>\r\n                            <img decoding=\"async\" class=\"product-img\" width=\"80px\" height=\"80px\" src=\"https:\/\/www.primor.eu\/blog\/pt\/wp-content\/uploads\/2024\/10\/2CF00537_1_ab56.jpg\" alt=\"\" title=\"\">\r\n                        <\/div>\r\n\r\n                        <!-- Contenido de producto  -->\r\n                        <div>\r\n                            <div class=\"product-position\">\r\n                                #5                            <\/div>\r\n\r\n                            <h2>\r\n                                Cr\u00e8me de Mousse Boucles de Elnett da L'Or\u00e9al Paris                            <\/h2>\r\n                        <\/div>\r\n\r\n                        <!-- Imagen y\/o nombre de la marca -->\r\n                        <div>\r\n                                                            <img decoding=\"async\" width=\"70\" src=\"https:\/\/www.primor.eu\/blog\/pt\/wp-content\/uploads\/2024\/09\/loreal-paris.png\" alt=\"\" title=\"\">\r\n                                                    <\/div>\r\n\r\n                        <!-- Puntuaci\u00f3n del producto  -->\r\n                        <div class=\"rating\">\r\n                                                            <div class=\"rate\" style=\"--p:100;\"><\/div>\r\n                                <b>5\/5<\/b>\r\n                                <div class=\"rate-stars\">\r\n                                                                            <div\r\n                                            class=\"rate-star  \">\r\n                                        <\/div>\r\n                                                                            <div\r\n                                            class=\"rate-star  \">\r\n                                        <\/div>\r\n                                                                            <div\r\n                                            class=\"rate-star  \">\r\n                                        <\/div>\r\n                                                                            <div\r\n                                            class=\"rate-star  \">\r\n                                        <\/div>\r\n                                                                            <div\r\n                                            class=\"rate-star  \">\r\n                                        <\/div>\r\n                                                                    <\/div>\r\n                                                    <\/div>\r\n\r\n                        <!-- Bot\u00f3n de producto  -->\r\n                        <div>\r\n                            <span class=\"price-claim\">\r\n                                VER PRE\u00c7O                            <\/span>\r\n                        <\/div>\r\n                    <\/a>\r\n                            <\/product-list>\r\n        <\/product-table>\r\n\r\n        \n\n\n\n<h3 class=\"wp-block-heading\">Champ\u00f4 Pro You The Twister da Revlon<\/h3>\n\n\n\n<p>Este champ\u00f4 da Revlon foi desenvolvido com tecnologia Insta Bounce para definir as ondas e os carac\u00f3is, aumentando a hidrata\u00e7\u00e3o e o brilho em cabelos ondulados ou encaracolados. Limpa e condiciona o cabelo, deixando-o suave, brilhante e f\u00e1cil de pentear.<\/p>\n\n\n\n    <a class='product' target='_blank' href='https:\/\/www.primor.eu\/pt_pt\/revlon-champo-para-cabelos-encaracolados-pro-you-the-twister-9061.html'>\r\n        <img fetchpriority=\"high\" decoding=\"async\" width=\"300\" height=\"300\" loading=\"async\" src=\"https:\/\/cdn2.primor.eu\/media\/catalog\/product\/cache\/8d3aba296f7a18b5251ee30fa5db42b2\/2\/C\/2CC03734_1_9d5d.jpg\" alt=\"\" title=\"\">\r\n            <div class=\"claim\">\r\n                 COMPRAR AGORA            <\/div>\r\n        <\/a>\r\n    \n\n\n\n<h3 class=\"wp-block-heading\">Champ\u00f4 Curls Professional Care da Herbal<\/h3>\n\n\n\n<p>Um champ\u00f4 hidratante para carac\u00f3is perfeitos, que recupera o charme do cabelo encaracolado ou ondulado, controlando o frizz e conferindo carac\u00f3is bem definidos e luminosos. Enriquecido com extrato de semente de uva e prote\u00ednas de seda, conhecidos pelas suas propriedades antioxidantes e hidratantes que rejuvenescem o cabelo. A sua f\u00f3rmula suave \u00e9 ideal para uso di\u00e1rio.<\/p>\n\n\n\n    <a class='product' target='_blank' href='https:\/\/www.primor.eu\/pt_pt\/herbal-champo-cachos-professional-care-8614.html'>\r\n        <img decoding=\"async\" width=\"300\" height=\"300\" loading=\"async\" src=\"https:\/\/cdn2.primor.eu\/media\/catalog\/product\/cache\/8d3aba296f7a18b5251ee30fa5db42b2\/6\/X\/6XS05703_1_0590.jpg\" alt=\"\" title=\"\">\r\n            <div class=\"claim\">\r\n                 COMPRAR AGORA            <\/div>\r\n        <\/a>\r\n    \n\n\n\n<h3 class=\"wp-block-heading\">Champ\u00f4 Mission Curls Up da Revuele<\/h3>\n\n\n\n<p>O Champ\u00f4 Nutritivo Mission Curls Up! da Revuele oferece uma limpeza suave e profunda, preservando a estrutura dos carac\u00f3is naturais. A sua f\u00f3rmula nutritiva real\u00e7a o brilho e a defini\u00e7\u00e3o dos carac\u00f3is, deixando-os hidratados, el\u00e1sticos e com movimento natural. Ideal para cabelos encaracolados que necessitam de hidrata\u00e7\u00e3o extra e prote\u00e7\u00e3o.<\/p>\n\n\n\n    <a class='product' target='_blank' href='https:\/\/www.primor.eu\/pt_pt\/revuele-miss-o-caracois-champo-nutritivo-10972.html'>\r\n        <img decoding=\"async\" width=\"300\" height=\"300\" loading=\"async\" src=\"https:\/\/cdn2.primor.eu\/media\/catalog\/product\/cache\/8d3aba296f7a18b5251ee30fa5db42b2\/2\/C\/2CC04562_1_40f6.jpg\" alt=\"\" title=\"\">\r\n            <div class=\"claim\">\r\n                 COMPRAR AGORA            <\/div>\r\n        <\/a>\r\n    \n\n\n\n<h2 class=\"wp-block-heading\">M\u00e1scaras para um extra de hidrata\u00e7\u00e3o<\/h2>\n\n\n\n<h3 class=\"wp-block-heading\">M\u00e1scara Botanique Ondas e Carac\u00f3is Hidrata\u00e7\u00e3o e Controlo da Tresemm\u00e9<\/h3>\n\n\n\n<p>Formulada com \u00e1gua de cato e \u00f3leo de coco, esta m\u00e1scara hidrata profundamente o cabelo, conferindo-lhe for\u00e7a e beleza extra. Ideal para cabelos encaracolados e ondulados, deixa os carac\u00f3is perfeitamente definidos e f\u00e1ceis de pentear. \u00c9 livre de corantes e sulfatos, garantindo um cuidado delicado.<\/p>\n\n\n\n    <a class='product' target='_blank' href='https:\/\/www.primor.eu\/pt_pt\/tresemme-mascara-de-hidratac-o-e-controlo-botanique-waves-curls-105393.html?#854=66492'>\r\n        <img decoding=\"async\" width=\"300\" height=\"300\" loading=\"async\" src=\"https:\/\/cdn2.primor.eu\/media\/catalog\/product\/cache\/8d3aba296f7a18b5251ee30fa5db42b2\/2\/C\/2CA04925_1_11a3.jpg\" alt=\"\" title=\"\">\r\n            <div class=\"claim\">\r\n                 COMPRAR AGORA            <\/div>\r\n        <\/a>\r\n    \n\n\n\n<h2 class=\"wp-block-heading\">Produtos de finaliza\u00e7\u00e3o para cabelo encaracolado<\/h2>\n\n\n\n<h3 class=\"wp-block-heading\">Modelador de carac\u00f3is da Pantene<\/h3>\n\n\n\n<p>O creme capilar da Pantene \u00e9 uma f\u00f3rmula nutritiva sem enxaguar, que define os carac\u00f3is at\u00e9 24 horas e controla o frizz, deixando-os el\u00e1sticos e cheios de vida. Hidrata os carac\u00f3is, mantendo a elasticidade e combatendo a humidade. Recomenda-se aplicar uma pequena quantidade sobre o cabelo h\u00famido ou seco.<\/p>\n\n\n\n    <a class='product' target='_blank' href='https:\/\/www.primor.eu\/pt_pt\/pantene-hidrocreme-cachos-definidos-8574.html'>\r\n        <img decoding=\"async\" width=\"300\" height=\"300\" loading=\"async\" src=\"https:\/\/cdn2.primor.eu\/media\/catalog\/product\/cache\/8d3aba296f7a18b5251ee30fa5db42b2\/2\/C\/2CA00735_1_f4dd.jpg\" alt=\"\" title=\"\">\r\n            <div class=\"claim\">\r\n                 COMPRAR AGORA            <\/div>\r\n        <\/a>\r\n    \n\n\n\n<h3 class=\"wp-block-heading\">Creme Nutritivo Activ Boucles da Byphasse<\/h3>\n\n\n\n<p>Este creme da Byphasse confere for\u00e7a e defini\u00e7\u00e3o aos carac\u00f3is gra\u00e7as \u00e0 sua f\u00f3rmula com alo\u00e9 vera, um ativo que suaviza, proporciona leveza, volume e brilho ao cabelo. Cont\u00e9m ainda provitamina B, que nutre profundamente os carac\u00f3is e previne o frizz. Um creme sem enxaguar que resulta num cabelo sedoso, ondulado e sem frizz.<\/p>\n\n\n\n    <a class='product' target='_blank' href='https:\/\/www.primor.eu\/pt_pt\/byphasse-creme-nutritivo-activ-boucles-8592.html'>\r\n        <img decoding=\"async\" width=\"300\" height=\"300\" loading=\"async\" src=\"https:\/\/cdn2.primor.eu\/media\/catalog\/product\/cache\/8d3aba296f7a18b5251ee30fa5db42b2\/2\/C\/2CA01234_1_f7f8.jpg\" alt=\"\" title=\"\">\r\n            <div class=\"claim\">\r\n                 COMPRAR AGORA            <\/div>\r\n        <\/a>\r\n    \n\n\n\n<h3 class=\"wp-block-heading\">Cr\u00e8me de Mousse Boucles de Elnett da L'Or\u00e9al Paris<\/h3>\n\n\n\n<p>Esta mousse em creme da <strong>L'Or\u00e9al Paris<\/strong> fixa e define os carac\u00f3is de forma inovadora, mantendo-os perfeitos ao longo de todo o dia. A tecnologia PowerSoft oferece uma fixa\u00e7\u00e3o ideal sem endurecer os carac\u00f3is. A textura cremosa d\u00e1 um cuidado adicional, deixando os carac\u00f3is suaves e brilhantes.<\/p>\n\n\n\n    <a class='product' target='_blank' href='https:\/\/www.primor.eu\/pt_pt\/l-oreal-paris-elnett-creme-por-mousse-boucles-19774.html'>\r\n        <img decoding=\"async\" width=\"300\" height=\"300\" loading=\"async\" src=\"https:\/\/cdn2.primor.eu\/media\/catalog\/product\/cache\/8d3aba296f7a18b5251ee30fa5db42b2\/2\/C\/2CF00537_1_ab56.jpg\" alt=\"\" title=\"\">\r\n            <div class=\"claim\">\r\n                 COMPRAR AGORA            <\/div>\r\n        <\/a>\r\n    \n\n\n\n<h3 class=\"wp-block-heading\">Creme para carac\u00f3is Fructis No Rinse da Garnier&nbsp;<\/h3>\n\n\n\n<p>Enriquecido com \u00f3leo de pist\u00e1cio e pectina de fruta, este creme de pentear nutre e mant\u00e9m os carac\u00f3is definidos e cheios de movimento, mesmo sem secador. Os carac\u00f3is ficam contornados, nutridos e sem pesar, com uma a\u00e7\u00e3o antifrizz de 96 horas, mesmo com 80% de humidade.<\/p>\n\n\n\n    <a class='product' target='_blank' href='https:\/\/www.primor.eu\/pt_pt\/garnier-creme-para-caracois-fructis-no-rinse-nutri-rizos-9512.html'>\r\n        <img decoding=\"async\" width=\"300\" height=\"300\" loading=\"async\" src=\"https:\/\/cdn2.primor.eu\/media\/catalog\/product\/cache\/8d3aba296f7a18b5251ee30fa5db42b2\/2\/C\/2CN00473_1_3911.jpg\" alt=\"\" title=\"\">\r\n            <div class=\"claim\">\r\n                 COMPRAR AGORA            <\/div>\r\n        <\/a>\r\n    \n","protected":false},"excerpt":{"rendered":"<p>Cuidar do cabelo com produtos adequados \u00e9 essencial para mant\u00ea-lo hidratado, saud\u00e1vel e sem frizz. No caso dos cabelos encaracolados, \u00e9 ainda mais importante usar produtos espec\u00edficos, j\u00e1 que tendem a ser mais secos do que outros tipos de cabelo, o que facilita o frizz e faz com que possam parecer descuidados. Estes s\u00e3o alguns [&hellip;]<\/p>\n","protected":false},"author":5,"featured_media":3462,"comment_status":"closed","ping_status":"closed","sticky":false,"template":"","format":"standard","meta":{"jnews-multi-image_gallery":[],"jnews_single_post":{"format":"standard"},"jnews_primary_category":[],"jnews_social_meta":[],"jnews_override_counter":[],"footnotes":""},"categories":[5],"tags":[],"class_list":["post-3460","post","type-post","status-publish","format-standard","has-post-thumbnail","hentry","category-cabelo"],"_links":{"self":[{"href":"https:\/\/www.primor.eu\/blog\/pt\/wp-json\/wp\/v2\/posts\/3460","targetHints":{"allow":["GET"]}}],"collection":[{"href":"https:\/\/www.primor.eu\/blog\/pt\/wp-json\/wp\/v2\/posts"}],"about":[{"href":"https:\/\/www.primor.eu\/blog\/pt\/wp-json\/wp\/v2\/types\/post"}],"author":[{"embeddable":true,"href":"https:\/\/www.primor.eu\/blog\/pt\/wp-json\/wp\/v2\/users\/5"}],"replies":[{"embeddable":true,"href":"https:\/\/www.primor.eu\/blog\/pt\/wp-json\/wp\/v2\/comments?post=3460"}],"version-history":[{"count":1,"href":"https:\/\/www.primor.eu\/blog\/pt\/wp-json\/wp\/v2\/posts\/3460\/revisions"}],"predecessor-version":[{"id":3468,"href":"https:\/\/www.primor.eu\/blog\/pt\/wp-json\/wp\/v2\/posts\/3460\/revisions\/3468"}],"wp:featuredmedia":[{"embeddable":true,"href":"https:\/\/www.primor.eu\/blog\/pt\/wp-json\/wp\/v2\/media\/3462"}],"wp:attachment":[{"href":"https:\/\/www.primor.eu\/blog\/pt\/wp-json\/wp\/v2\/media?parent=3460"}],"wp:term":[{"taxonomy":"category","embeddable":true,"href":"https:\/\/www.primor.eu\/blog\/pt\/wp-json\/wp\/v2\/categories?post=3460"},{"taxonomy":"post_tag","embeddable":true,"href":"https:\/\/www.primor.eu\/blog\/pt\/wp-json\/wp\/v2\/tags?post=3460"}],"curies":[{"name":"wp","href":"https:\/\/api.w.org\/{rel}","templated":true}]}}