
{"id":3407,"date":"2024-11-04T09:00:00","date_gmt":"2024-11-04T09:00:00","guid":{"rendered":"https:\/\/www.primor.eu\/blog\/pt\/?p=3407"},"modified":"2024-10-25T08:57:15","modified_gmt":"2024-10-25T07:57:15","slug":"melhores-tintas-castanhas-acinzentadas","status":"publish","type":"post","link":"https:\/\/www.primor.eu\/blog\/pt\/melhores-tintas-castanhas-acinzentadas\/","title":{"rendered":"As 7 melhores tintas castanhas acinzentadas para um cabelo bonito e brilhante\u00a0"},"content":{"rendered":"\n<p>As tintas em tom<strong> castanho acinzentado<\/strong> est\u00e1 em <strong>alta <\/strong>no mundo da colora\u00e7\u00e3o. Dispon\u00edvel em v\u00e1rias nuances, este tom proporciona uma luminosidade sofisticada e \u00fanica, sendo uma das escolhas mais procuradas tanto em<strong> sal\u00f5es de beleza<\/strong> quanto para <a href=\"https:\/\/www.primor.eu\/pt_pt\/coloracoes-para-cabelo\">colora\u00e7\u00e3o em casa<\/a>. Al\u00e9m disso, o castanho acinzentado adapta-se facilmente aos mais variados estilos, real\u00e7ando a beleza do cabelo de forma moderna e vers\u00e1til.<\/p>\n\n\n\n<p>Este tom \u00e9 especialmente favorecedor para <strong>pessoas com cabelo castanho<\/strong>, pois real\u00e7a o <strong>brilho natural<\/strong> e permite afastar-se dos <strong>reflexos dourados<\/strong>. Est\u00e1 dispon\u00edvel em v\u00e1rias intensidades, desde as mais claras at\u00e9 as mais escuras, para que possas escolher conforme o teu gosto e prefer\u00eancia.<\/p>\n\n\n\n<p>A colora\u00e7\u00e3o castanho acinzentado combina <strong>tonalidades dentro da mesma paleta<\/strong>, destacando os matizes frios da pele e do cabelo. Esse efeito cria um tom exclusivo e sofisticado, capaz de atrair todos os olhares e sobressair de maneira \u00fanica entre as demais cores.<\/p>\n\n\n\n<h2 class=\"wp-block-heading\">Para quem \u00e9 indicado o castanho acinzentado?<\/h2>\n\n\n\n<p>Embora o castanho acinzentado seja uma colora\u00e7\u00e3o muito vers\u00e1til, a sua adequa\u00e7\u00e3o varia conforme a pessoa. Em geral, \u00e9 um tom especialmente indicado para quem tem <strong>pele de tom m\u00e9dio<\/strong> e olhos com matizes frios, harmonizando perfeitamente com essas caracter\u00edsticas. Al\u00e9m disso, \u00e9 uma excelente base para fazer mechas babylights em tons frios, acrescentando profundidade ao look.<\/p>\n\n\n\n<p>De forma geral, as tintas de cabelo castanho acinzentado s\u00e3o <strong>ideais <\/strong>para quem busca um visual mais fresco e moderno. No entanto, elas geralmente n\u00e3o s\u00e3o recomendadas para pessoas com tons de pele amarelados ou apagados, pois podem conferir uma apar\u00eancia um pouco mais s\u00f3bria ao rosto.<\/p>\n\n\n\n<h2 class=\"wp-block-heading\">As melhores tintas de cabelo castanho acinzentado&nbsp;&nbsp;<\/h2>\n\n\n        <product-table >\r\n            <product-headers class=\"grid-table-rows\">\r\n                <div>Foto<\/div>\r\n                <div>Produto<\/div>\r\n                <div>Marca<\/div>\r\n                <div>Avalia\u00e7\u00f5es<\/div>\r\n                <div>Pre\u00e7o<\/div>\r\n            <\/product-headers>\r\n\r\n            <product-list>\r\n                                    <a href=\"https:\/\/www.primor.eu\/pt_pt\/garnier-colorac-o-permanente-olia-113071.html\" class=\"product-item grid-table-rows\" target=\"_blank\">\r\n                        <div>\r\n                            <img decoding=\"async\" class=\"product-img\" width=\"80px\" height=\"80px\" src=\"https:\/\/www.primor.eu\/blog\/pt\/wp-content\/uploads\/2024\/10\/M_2CT00514_1_1b47.jpg\" alt=\"\" title=\"\">\r\n                        <\/div>\r\n\r\n                        <!-- Contenido de producto  -->\r\n                        <div>\r\n                            <div class=\"product-position\">\r\n                                #1 Mais Vendidos                            <\/div>\r\n\r\n                            <h2>\r\n                                Olia da Garnier                            <\/h2>\r\n                        <\/div>\r\n\r\n                        <!-- Imagen y\/o nombre de la marca -->\r\n                        <div>\r\n                                                            <img decoding=\"async\" width=\"70\" src=\"https:\/\/www.primor.eu\/blog\/pt\/wp-content\/uploads\/2024\/09\/Garnier.jpg\" alt=\"\" title=\"\">\r\n                                                    <\/div>\r\n\r\n                        <!-- Puntuaci\u00f3n del producto  -->\r\n                        <div class=\"rating\">\r\n                                                            <div class=\"rate\" style=\"--p:100;\"><\/div>\r\n                                <b>5\/5<\/b>\r\n                                <div class=\"rate-stars\">\r\n                                                                            <div\r\n                                            class=\"rate-star  \">\r\n                                        <\/div>\r\n                                                                            <div\r\n                                            class=\"rate-star  \">\r\n                                        <\/div>\r\n                                                                            <div\r\n                                            class=\"rate-star  \">\r\n                                        <\/div>\r\n                                                                            <div\r\n                                            class=\"rate-star  \">\r\n                                        <\/div>\r\n                                                                            <div\r\n                                            class=\"rate-star  \">\r\n                                        <\/div>\r\n                                                                    <\/div>\r\n                                                    <\/div>\r\n\r\n                        <!-- Bot\u00f3n de producto  -->\r\n                        <div>\r\n                            <span class=\"price-claim\">\r\n                                VER PRE\u00c7O                            <\/span>\r\n                        <\/div>\r\n                    <\/a>\r\n                                    <a href=\"https:\/\/www.primor.eu\/pt_pt\/palette-colorac-o-permanente-intensive-creme-color-113079.html\" class=\"product-item grid-table-rows\" target=\"_blank\">\r\n                        <div>\r\n                            <img decoding=\"async\" class=\"product-img\" width=\"80px\" height=\"80px\" src=\"https:\/\/www.primor.eu\/blog\/pt\/wp-content\/uploads\/2024\/10\/M_2CT01202_1_6fcd.jpg\" alt=\"\" title=\"\">\r\n                        <\/div>\r\n\r\n                        <!-- Contenido de producto  -->\r\n                        <div>\r\n                            <div class=\"product-position\">\r\n                                #2                            <\/div>\r\n\r\n                            <h2>\r\n                                Intensive Color Cream Schwarzkopf Palette                            <\/h2>\r\n                        <\/div>\r\n\r\n                        <!-- Imagen y\/o nombre de la marca -->\r\n                        <div>\r\n                                                            <img decoding=\"async\" width=\"70\" src=\"https:\/\/www.primor.eu\/blog\/pt\/wp-content\/uploads\/2024\/10\/Palette.jpg\" alt=\"\" title=\"\">\r\n                                                    <\/div>\r\n\r\n                        <!-- Puntuaci\u00f3n del producto  -->\r\n                        <div class=\"rating\">\r\n                                                            <div class=\"rate\" style=\"--p:100;\"><\/div>\r\n                                <b>5\/5<\/b>\r\n                                <div class=\"rate-stars\">\r\n                                                                            <div\r\n                                            class=\"rate-star  \">\r\n                                        <\/div>\r\n                                                                            <div\r\n                                            class=\"rate-star  \">\r\n                                        <\/div>\r\n                                                                            <div\r\n                                            class=\"rate-star  \">\r\n                                        <\/div>\r\n                                                                            <div\r\n                                            class=\"rate-star  \">\r\n                                        <\/div>\r\n                                                                            <div\r\n                                            class=\"rate-star  \">\r\n                                        <\/div>\r\n                                                                    <\/div>\r\n                                                    <\/div>\r\n\r\n                        <!-- Bot\u00f3n de producto  -->\r\n                        <div>\r\n                            <span class=\"price-claim\">\r\n                                VER PRE\u00c7O                            <\/span>\r\n                        <\/div>\r\n                    <\/a>\r\n                                    <a href=\"https:\/\/www.primor.eu\/pt_pt\/syoss-colorac-o-permanente-oleo-intense-113091.html\" class=\"product-item grid-table-rows\" target=\"_blank\">\r\n                        <div>\r\n                            <img decoding=\"async\" class=\"product-img\" width=\"80px\" height=\"80px\" src=\"https:\/\/www.primor.eu\/blog\/pt\/wp-content\/uploads\/2024\/10\/M_2CT02150_1_d185.jpg\" alt=\"\" title=\"\">\r\n                        <\/div>\r\n\r\n                        <!-- Contenido de producto  -->\r\n                        <div>\r\n                            <div class=\"product-position\">\r\n                                #3                            <\/div>\r\n\r\n                            <h2>\r\n                                Colora\u00e7\u00e3o Oleo Intense sem Amon\u00edaco da Syoss\u00a0                            <\/h2>\r\n                        <\/div>\r\n\r\n                        <!-- Imagen y\/o nombre de la marca -->\r\n                        <div>\r\n                                                            <img decoding=\"async\" width=\"70\" src=\"https:\/\/www.primor.eu\/blog\/pt\/wp-content\/uploads\/2024\/09\/SYOSS.jpg\" alt=\"\" title=\"\">\r\n                                                    <\/div>\r\n\r\n                        <!-- Puntuaci\u00f3n del producto  -->\r\n                        <div class=\"rating\">\r\n                                                            <div class=\"rate\" style=\"--p:100;\"><\/div>\r\n                                <b>5\/5<\/b>\r\n                                <div class=\"rate-stars\">\r\n                                                                            <div\r\n                                            class=\"rate-star  \">\r\n                                        <\/div>\r\n                                                                            <div\r\n                                            class=\"rate-star  \">\r\n                                        <\/div>\r\n                                                                            <div\r\n                                            class=\"rate-star  \">\r\n                                        <\/div>\r\n                                                                            <div\r\n                                            class=\"rate-star  \">\r\n                                        <\/div>\r\n                                                                            <div\r\n                                            class=\"rate-star  \">\r\n                                        <\/div>\r\n                                                                    <\/div>\r\n                                                    <\/div>\r\n\r\n                        <!-- Bot\u00f3n de producto  -->\r\n                        <div>\r\n                            <span class=\"price-claim\">\r\n                                VER PRE\u00c7O                            <\/span>\r\n                        <\/div>\r\n                    <\/a>\r\n                                    <a href=\"https:\/\/www.primor.eu\/pt_pt\/garnier-boa-colorac-o-permanente-sem-amoniaco-113100.html\" class=\"product-item grid-table-rows\" target=\"_blank\">\r\n                        <div>\r\n                            <img decoding=\"async\" class=\"product-img\" width=\"80px\" height=\"80px\" src=\"https:\/\/www.primor.eu\/blog\/pt\/wp-content\/uploads\/2024\/10\/3600542518864_ed70.jpg\" alt=\"\" title=\"\">\r\n                        <\/div>\r\n\r\n                        <!-- Contenido de producto  -->\r\n                        <div>\r\n                            <div class=\"product-position\">\r\n                                #4                            <\/div>\r\n\r\n                            <h2>\r\n                                Garnier Good Colora\u00e7\u00e3o Permanente\u00a0                            <\/h2>\r\n                        <\/div>\r\n\r\n                        <!-- Imagen y\/o nombre de la marca -->\r\n                        <div>\r\n                                                            <img decoding=\"async\" width=\"70\" src=\"https:\/\/www.primor.eu\/blog\/pt\/wp-content\/uploads\/2024\/09\/Garnier.jpg\" alt=\"\" title=\"\">\r\n                                                    <\/div>\r\n\r\n                        <!-- Puntuaci\u00f3n del producto  -->\r\n                        <div class=\"rating\">\r\n                                                            <div class=\"rate\" style=\"--p:100;\"><\/div>\r\n                                <b>5\/5<\/b>\r\n                                <div class=\"rate-stars\">\r\n                                                                            <div\r\n                                            class=\"rate-star  \">\r\n                                        <\/div>\r\n                                                                            <div\r\n                                            class=\"rate-star  \">\r\n                                        <\/div>\r\n                                                                            <div\r\n                                            class=\"rate-star  \">\r\n                                        <\/div>\r\n                                                                            <div\r\n                                            class=\"rate-star  \">\r\n                                        <\/div>\r\n                                                                            <div\r\n                                            class=\"rate-star  \">\r\n                                        <\/div>\r\n                                                                    <\/div>\r\n                                                    <\/div>\r\n\r\n                        <!-- Bot\u00f3n de producto  -->\r\n                        <div>\r\n                            <span class=\"price-claim\">\r\n                                VER PRE\u00c7O                            <\/span>\r\n                        <\/div>\r\n                    <\/a>\r\n                                    <a href=\"https:\/\/www.primor.eu\/pt_pt\/l-oreal-paris-colorac-o-capilar-excellence-creme-113066.html\" class=\"product-item grid-table-rows\" target=\"_blank\">\r\n                        <div>\r\n                            <img decoding=\"async\" class=\"product-img\" width=\"80px\" height=\"80px\" src=\"https:\/\/www.primor.eu\/blog\/pt\/wp-content\/uploads\/2024\/10\/M_2CT00030_1_1e9d.jpg\" alt=\"\" title=\"\">\r\n                        <\/div>\r\n\r\n                        <!-- Contenido de producto  -->\r\n                        <div>\r\n                            <div class=\"product-position\">\r\n                                #5                            <\/div>\r\n\r\n                            <h2>\r\n                                Colora\u00e7\u00e3o em Creme Excellence da L\u2019Or\u00e9al Paris\u00a0                            <\/h2>\r\n                        <\/div>\r\n\r\n                        <!-- Imagen y\/o nombre de la marca -->\r\n                        <div>\r\n                                                            <img decoding=\"async\" width=\"70\" src=\"https:\/\/www.primor.eu\/blog\/pt\/wp-content\/uploads\/2024\/09\/loreal-paris.png\" alt=\"\" title=\"\">\r\n                                                    <\/div>\r\n\r\n                        <!-- Puntuaci\u00f3n del producto  -->\r\n                        <div class=\"rating\">\r\n                                                            <div class=\"rate\" style=\"--p:100;\"><\/div>\r\n                                <b>5\/5<\/b>\r\n                                <div class=\"rate-stars\">\r\n                                                                            <div\r\n                                            class=\"rate-star  \">\r\n                                        <\/div>\r\n                                                                            <div\r\n                                            class=\"rate-star  \">\r\n                                        <\/div>\r\n                                                                            <div\r\n                                            class=\"rate-star  \">\r\n                                        <\/div>\r\n                                                                            <div\r\n                                            class=\"rate-star  \">\r\n                                        <\/div>\r\n                                                                            <div\r\n                                            class=\"rate-star  \">\r\n                                        <\/div>\r\n                                                                    <\/div>\r\n                                                    <\/div>\r\n\r\n                        <!-- Bot\u00f3n de producto  -->\r\n                        <div>\r\n                            <span class=\"price-claim\">\r\n                                VER PRE\u00c7O                            <\/span>\r\n                        <\/div>\r\n                    <\/a>\r\n                            <\/product-list>\r\n        <\/product-table>\r\n\r\n        \n\n\n\n<h3 class=\"wp-block-heading\">Colora\u00e7\u00e3o em Creme Excellence da L\u2019Or\u00e9al Paris&nbsp;<\/h3>\n\n\n\n<p>Dispon\u00edvel nas tonalidades 4.11 e 5.11, este produto previne o efeito laranja indesejado e cobre 100% dos cabelos brancos. Gra\u00e7as \u00e0 sua f\u00f3rmula enriquecida com Pro-Keratina, Ceramida e Ioene G, esta colora\u00e7\u00e3o garante um cuidado triplo, proporcionando um brilho radiante e uma cor rica.<\/p>\n\n\n\n    <a class='product' target='_blank' href='https:\/\/www.primor.eu\/pt_pt\/l-oreal-paris-colorac-o-capilar-excellence-creme-113066.html?#755=39914'>\r\n        <img fetchpriority=\"high\" decoding=\"async\" width=\"300\" height=\"300\" loading=\"async\" src=\"https:\/\/cdn2.primor.eu\/media\/catalog\/product\/cache\/8d3aba296f7a18b5251ee30fa5db42b2\/2\/C\/2CT00018_1_f62d.jpg\" alt=\"\" title=\"\">\r\n            <div class=\"claim\">\r\n                 COMPRAR AGORA            <\/div>\r\n        <\/a>\r\n    \n\n\n\n<h3 class=\"wp-block-heading\">Colora\u00e7\u00e3o Oleo Intense sem Amon\u00edaco da Syoss&nbsp;<\/h3>\n\n\n\n<p>Para um castanho acinzentado intenso e sem danificar o cabelo, a Syoss oferece uma f\u00f3rmula sem amon\u00edaco, com \u00f3leos que cuidam e protegem. O tom 5.54 \u00e9 perfeito para quem deseja uma cobertura de cabelos brancos com um toque profissional.<\/p>\n\n\n\n    <a class='product' target='_blank' href='https:\/\/www.primor.eu\/pt_pt\/syoss-colorac-o-permanente-oleo-intense-113091.html?#755=40011'>\r\n        <img decoding=\"async\" width=\"300\" height=\"300\" loading=\"async\" src=\"https:\/\/cdn2.primor.eu\/media\/catalog\/product\/cache\/8d3aba296f7a18b5251ee30fa5db42b2\/2\/C\/2CT02150_1_eedb.jpg\" alt=\"\" title=\"\">\r\n            <div class=\"claim\">\r\n                 COMPRAR AGORA            <\/div>\r\n        <\/a>\r\n    \n\n\n\n<h3 class=\"wp-block-heading\">Colora\u00e7\u00e3o Advance Color &amp; Repair da LLongueras<\/h3>\n\n\n\n<p>Enriquecido com Ultra Conditioner Complex e \u00e1cido hialur\u00f3nico, esta colora\u00e7\u00e3o tem sete benef\u00edcios num \u00fanico produto, deixando o cabelo intenso e brilhante at\u00e9 cinco semanas. O tom 5 \u00e9 recomendado para alcan\u00e7ar um castanho acinzentado natural e luminoso.<\/p>\n\n\n\n    <a class='product' target='_blank' href='https:\/\/www.primor.eu\/pt_pt\/llongueras-avanco-de-cores-113067.html?#755=39855'>\r\n        <img decoding=\"async\" width=\"300\" height=\"300\" loading=\"async\" src=\"https:\/\/cdn2.primor.eu\/media\/catalog\/product\/cache\/8d3aba296f7a18b5251ee30fa5db42b2\/2\/C\/2CT00260_1_8cf0.jpg\" alt=\"\" title=\"\">\r\n            <div class=\"claim\">\r\n                 COMPRAR AGORA            <\/div>\r\n        <\/a>\r\n    \n\n\n\n<h3 class=\"wp-block-heading\">Intensive Color Cream Schwarzkopf Palette<\/h3>\n\n\n\n<p>Este produto cont\u00e9m \u00f3leo de marula, que suaviza e proporciona brilho intenso. O tom 7.1 oferece uma cobertura total de cabelos brancos e um acabamento deslumbrante, ideal para um castanho acinzentado que destaca os tons frios.&nbsp;<\/p>\n\n\n\n    <a class='product' target='_blank' href='https:\/\/www.primor.eu\/pt_pt\/palette-colorac-o-permanente-intensive-creme-color-113079.html?#755=40065'>\r\n        <img decoding=\"async\" width=\"300\" height=\"300\" loading=\"async\" src=\"https:\/\/cdn2.primor.eu\/media\/catalog\/product\/cache\/8d3aba296f7a18b5251ee30fa5db42b2\/2\/C\/2CT01202_1_b163.jpg\" alt=\"\" title=\"\">\r\n            <div class=\"claim\">\r\n                 COMPRAR AGORA            <\/div>\r\n        <\/a>\r\n    \n\n\n\n<h3 class=\"wp-block-heading\">Permanent Hair Color Cream da Belle\u2019Fine&nbsp;<\/h3>\n\n\n\n<p>Formulada com o complexo <em>Nuti Repair<\/em> e queratina, esta colora\u00e7\u00e3o penetra profundamente, nutrindo e hidratando o cabelo para um resultado duradouro com m\u00e1xima cobertura dos cabelos brancos.<\/p>\n\n\n\n    <a class='product' target='_blank' href='https:\/\/www.primor.eu\/pt_pt\/bellefine-colorac-o-permanente-com-queratina-113086.html?#755=39775'>\r\n        <img decoding=\"async\" width=\"300\" height=\"300\" loading=\"async\" src=\"https:\/\/cdn2.primor.eu\/media\/catalog\/product\/cache\/8d3aba296f7a18b5251ee30fa5db42b2\/2\/C\/2CT01936_1_de65.jpg\" alt=\"\" title=\"\">\r\n            <div class=\"claim\">\r\n                 COMPRAR AGORA            <\/div>\r\n        <\/a>\r\n    \n\n\n\n<h3 class=\"wp-block-heading\">Olia da Garnier<\/h3>\n\n\n\n<p>Esta linha oferece at\u00e9 25 tonalidades, sem am\u00f3nia, preservando a hidrata\u00e7\u00e3o natural do cabelo. As tintas Olia s\u00e3o f\u00e1ceis de aplicar e garantem um brilho excecional, sendo ideais para quem procura praticidade e sa\u00fade capilar.<\/p>\n\n\n\n    <a class='product' target='_blank' href='https:\/\/www.primor.eu\/pt_pt\/garnier-colorac-o-permanente-olia-113071.html?#755=39781'>\r\n        <img decoding=\"async\" width=\"300\" height=\"300\" loading=\"async\" src=\"https:\/\/cdn2.primor.eu\/media\/catalog\/product\/cache\/8d3aba296f7a18b5251ee30fa5db42b2\/2\/C\/2CT02249_1_68a2.jpg\" alt=\"\" title=\"\">\r\n            <div class=\"claim\">\r\n                 COMPRAR AGORA            <\/div>\r\n        <\/a>\r\n    \n\n\n\n<h3 class=\"wp-block-heading\">Garnier Good Colora\u00e7\u00e3o Permanente&nbsp;<\/h3>\n\n\n\n<p>Proporciona uma cobertura completa dos cabelos brancos e mant\u00e9m o cabelo brilhante por at\u00e9 8 semanas. Com uma f\u00f3rmula que promete o dobro do brilho e da nutri\u00e7\u00e3o, a Garnier Good oferece uma cor natural e intensa e um cabelo visivelmente mais saud\u00e1vel.<\/p>\n\n\n\n    <a class='product' target='_blank' href='https:\/\/www.primor.eu\/pt_pt\/garnier-boa-colorac-o-permanente-sem-amoniaco-113100.html?#755=80075'>\r\n        <img decoding=\"async\" width=\"300\" height=\"300\" loading=\"async\" src=\"https:\/\/cdn2.primor.eu\/media\/catalog\/product\/cache\/8d3aba296f7a18b5251ee30fa5db42b2\/3\/6\/3600542518864_6670.jpg\" alt=\"\" title=\"\">\r\n            <div class=\"claim\">\r\n                 COMPRAR AGORA            <\/div>\r\n        <\/a>\r\n    \n\n\n\n<p>Com estas op\u00e7\u00f5es de tintas de cabelo castanho acinzentado, consegues transformar o teu visual com um toque elegante e moderno, real\u00e7ando o brilho natural e uma beleza sofisticada.<\/p>\n\n\n\n<p><\/p>\n","protected":false},"excerpt":{"rendered":"<p>As tintas em tom castanho acinzentado est\u00e1 em alta no mundo da colora\u00e7\u00e3o. Dispon\u00edvel em v\u00e1rias nuances, este tom proporciona uma luminosidade sofisticada e \u00fanica, sendo uma das escolhas mais procuradas tanto em sal\u00f5es de beleza quanto para colora\u00e7\u00e3o em casa. Al\u00e9m disso, o castanho acinzentado adapta-se facilmente aos mais variados estilos, real\u00e7ando a beleza [&hellip;]<\/p>\n","protected":false},"author":5,"featured_media":3408,"comment_status":"closed","ping_status":"closed","sticky":false,"template":"","format":"standard","meta":{"jnews-multi-image_gallery":[],"jnews_single_post":{"format":"standard"},"jnews_primary_category":[],"jnews_social_meta":[],"jnews_override_counter":[],"footnotes":""},"categories":[5],"tags":[],"class_list":["post-3407","post","type-post","status-publish","format-standard","has-post-thumbnail","hentry","category-cabelo"],"_links":{"self":[{"href":"https:\/\/www.primor.eu\/blog\/pt\/wp-json\/wp\/v2\/posts\/3407","targetHints":{"allow":["GET"]}}],"collection":[{"href":"https:\/\/www.primor.eu\/blog\/pt\/wp-json\/wp\/v2\/posts"}],"about":[{"href":"https:\/\/www.primor.eu\/blog\/pt\/wp-json\/wp\/v2\/types\/post"}],"author":[{"embeddable":true,"href":"https:\/\/www.primor.eu\/blog\/pt\/wp-json\/wp\/v2\/users\/5"}],"replies":[{"embeddable":true,"href":"https:\/\/www.primor.eu\/blog\/pt\/wp-json\/wp\/v2\/comments?post=3407"}],"version-history":[{"count":3,"href":"https:\/\/www.primor.eu\/blog\/pt\/wp-json\/wp\/v2\/posts\/3407\/revisions"}],"predecessor-version":[{"id":3424,"href":"https:\/\/www.primor.eu\/blog\/pt\/wp-json\/wp\/v2\/posts\/3407\/revisions\/3424"}],"wp:featuredmedia":[{"embeddable":true,"href":"https:\/\/www.primor.eu\/blog\/pt\/wp-json\/wp\/v2\/media\/3408"}],"wp:attachment":[{"href":"https:\/\/www.primor.eu\/blog\/pt\/wp-json\/wp\/v2\/media?parent=3407"}],"wp:term":[{"taxonomy":"category","embeddable":true,"href":"https:\/\/www.primor.eu\/blog\/pt\/wp-json\/wp\/v2\/categories?post=3407"},{"taxonomy":"post_tag","embeddable":true,"href":"https:\/\/www.primor.eu\/blog\/pt\/wp-json\/wp\/v2\/tags?post=3407"}],"curies":[{"name":"wp","href":"https:\/\/api.w.org\/{rel}","templated":true}]}}