
{"id":3324,"date":"2024-10-27T09:00:00","date_gmt":"2024-10-27T09:00:00","guid":{"rendered":"https:\/\/www.primor.eu\/blog\/pt\/?p=3324"},"modified":"2024-10-23T10:58:37","modified_gmt":"2024-10-23T09:58:37","slug":"ideias-cabelo-curto-encaracolado","status":"publish","type":"post","link":"https:\/\/www.primor.eu\/blog\/pt\/ideias-cabelo-curto-encaracolado\/","title":{"rendered":"Quatro ideias para usar cabelo curto e encaracolado neste inverno"},"content":{"rendered":"\n<p>O grande desafio para <a href=\"https:\/\/www.primor.eu\/pt_pt\/cabeleireiro-profissional\">cabeleireiras<\/a> e esteticistas \u00e9 garantir que uma mulher com <strong>cabelo curto e encaracolado <\/strong>saia do sal\u00e3o completamente satisfeita. Essa satisfa\u00e7\u00e3o \u00e9 alcan\u00e7ada com carac\u00f3is soltos e bem definidos, mas controlados, e com um corte ou penteado que valorize o cabelo encaracolado, sem recorrer a alisadores ou tentativas de esconder os cachos, nem control\u00e1-los em excesso com espumas, g\u00e9is ou outros produtos.<\/p>\n\n\n\n<p>N\u00e3o \u00e9 uma tarefa f\u00e1cil satisfazer algu\u00e9m com <a href=\"https:\/\/www.primor.eu\/pt_pt\/produtos-cabelo\">cabelo<\/a> curto e encaracolado, especialmente porque nas \u00faltimas temporadas temos visto o cabelo curto com carac\u00f3is definidos tornar-se n\u00e3o s\u00f3 uma tend\u00eancia forte, mas tamb\u00e9m um s\u00edmbolo de orgulho. Aqui est\u00e3o <strong>quatro ideias para te inspirares <\/strong>na hora de marcar a tua pr\u00f3xima ida ao sal\u00e3o.<\/p>\n\n\n\n<h3 class=\"wp-block-heading has-text-align-left\">Proposta 1: Franja e carac\u00f3is soltos<\/h3>\n\n\n\n<figure class=\"wp-block-gallery has-nested-images columns-default is-cropped wp-block-gallery-1 is-layout-flex wp-block-gallery-is-layout-flex\"><\/figure>\n\n\n\n<div class=\"wp-block-media-text is-stacked-on-mobile\"><figure class=\"wp-block-media-text__media\"><img decoding=\"async\" width=\"819\" height=\"1024\" src=\"https:\/\/www.primor.eu\/blog\/pt\/wp-content\/uploads\/2025\/10\/1-819x1024-2.jpg\" alt=\"Como se pode ver na imagem que abre este post, um corte m\u00e9dio com volume ao redor do rosto (algo como um &#039;casquete&#039;) \u00e9 uma ideia perfeita. \u00c9 ainda melhor quando combinado, como faz a modelo e atriz espanhola Alba Galocha, com uma franja longa e assim\u00e9trica. Esse look d\u00e1 um toque descontra\u00eddo e moderno, destacando os carac\u00f3is.\" class=\"wp-image-3333 size-full\" title=\"\"><\/figure><div class=\"wp-block-media-text__content\">\n<p>Como se pode ver na imagem que abre este post, um corte m\u00e9dio com volume ao redor do rosto (algo como um 'casquete') \u00e9 uma ideia perfeita. \u00c9 ainda melhor quando combinado, como faz a modelo e atriz espanhola Alba Galocha, com uma franja longa e assim\u00e9trica. Esse look d\u00e1 um toque descontra\u00eddo e moderno, destacando os carac\u00f3is.<\/p>\n\n\n\n<p class=\"has-text-align-right\">Fonte Instagram: @glorirovi<\/p>\n<\/div><\/div>\n\n\n\n<h3 class=\"wp-block-heading has-text-align-right\">Proposta 2: Estilo afro<\/h3>\n\n\n\n<div class=\"wp-block-media-text has-media-on-the-right is-stacked-on-mobile\"><div class=\"wp-block-media-text__content\">\n<p>Embora muitos penteados para cabelos encaracolados tentem esconder os cachos, este faz o oposto: celebra os carac\u00f3is e a personalidade que eles trazem. Quando usas os teus cachos naturais com orgulho, o cabelo sofre menos do que com o uso constante de pranchas ou secadores. Al\u00e9m disso, o estilo ex\u00f3tico est\u00e1 cada vez mais em alta.<\/p>\n\n\n\n<p class=\"has-text-align-right\">Fonte Instagram: @natalicurly<\/p>\n<\/div><figure class=\"wp-block-media-text__media\"><img decoding=\"async\" width=\"819\" height=\"1024\" src=\"https:\/\/www.primor.eu\/blog\/pt\/wp-content\/uploads\/2025\/10\/2-819x1024-1.jpg\" alt=\"Embora muitos penteados para cabelos encaracolados tentem esconder os cachos, este faz o oposto: celebra os carac\u00f3is e a personalidade que eles trazem. Quando usas os teus cachos naturais com orgulho, o cabelo sofre menos do que com o uso constante de pranchas ou secadores. Al\u00e9m disso, o estilo ex\u00f3tico est\u00e1 cada vez mais em alta.\" class=\"wp-image-3337 size-full\" title=\"\"><\/figure><\/div>\n\n\n\n<h2 class=\"wp-block-heading\">Proposta 3: Pixie encaracolado<\/h2>\n\n\n\n<div class=\"wp-block-media-text is-stacked-on-mobile\"><figure class=\"wp-block-media-text__media\"><img decoding=\"async\" width=\"818\" height=\"1024\" src=\"https:\/\/www.primor.eu\/blog\/pt\/wp-content\/uploads\/2025\/10\/3-818x1024-1.jpg\" alt=\"\" class=\"wp-image-3338 size-full\" title=\"\"><\/figure><div class=\"wp-block-media-text__content\">\n<p>O corte pixie \u00e9 frequentemente associado a cabelos lisos ou ondulados, mas \u00e9 uma op\u00e7\u00e3o que se adapta a qualquer tipo de cabelo. Como mostra esta imagem, um pixie com carac\u00f3is curtos \u00e9 super original e pr\u00e1tico. Os cachos s\u00e3o flex\u00edveis e ex\u00f3ticos, e o comprimento curto permite criar um look wet (molhado), mantendo os carac\u00f3is hidratados. Para esse tipo de cabelo, deixar uma m\u00e1scara hidratante sem enxaguar ou usar um s\u00e9rum ou \u00f3leo vegetal pode ser uma excelente ideia.<\/p>\n\n\n\n<p class=\"has-text-align-right\">Fonte Instagram: @naturalcurls<\/p>\n<\/div><\/div>\n\n\n\n<h2 class=\"wp-block-heading has-text-align-right\">Proposta 4: Bob encaracolado<\/h2>\n\n\n\n<div class=\"wp-block-media-text has-media-on-the-right is-stacked-on-mobile\"><div class=\"wp-block-media-text__content\">\n<p>Um bob com cabelo encaracolado e a testa livre, como este, pode ser uma op\u00e7\u00e3o muito elegante. \u00c9 especialmente recomendado para quem tem carac\u00f3is maiores, como no exemplo. Este corte pode ficar incr\u00edvel quando combinado com brincos chamativos ou colares, destacando o pesco\u00e7o.<\/p>\n\n\n\n<p class=\"has-text-align-right\">Fonte Instagram: @novaperruquers<\/p>\n<\/div><figure class=\"wp-block-media-text__media\"><img decoding=\"async\" width=\"819\" height=\"1024\" src=\"https:\/\/www.primor.eu\/blog\/pt\/wp-content\/uploads\/2025\/10\/4-14-819x1024.jpg\" alt=\"\" class=\"wp-image-3339 size-full\" title=\"\"><\/figure><\/div>\n\n\n\n<p>Essas ideias mostram que o cabelo curto e encaracolado \u00e9 vers\u00e1til e cheio de personalidade, perfeito para o inverno. Escolhe a que mais combina contigo e aproveita os teus cachos!<br><br><br><br><br><br><br><br><br><br><\/p>\n","protected":false},"excerpt":{"rendered":"<p>O grande desafio para cabeleireiras e esteticistas \u00e9 garantir que uma mulher com cabelo curto e encaracolado saia do sal\u00e3o completamente satisfeita. Essa satisfa\u00e7\u00e3o \u00e9 alcan\u00e7ada com carac\u00f3is soltos e bem definidos, mas controlados, e com um corte ou penteado que valorize o cabelo encaracolado, sem recorrer a alisadores ou tentativas de esconder os cachos, [&hellip;]<\/p>\n","protected":false},"author":5,"featured_media":3336,"comment_status":"closed","ping_status":"closed","sticky":false,"template":"","format":"standard","meta":{"jnews-multi-image_gallery":[],"jnews_single_post":{"format":"standard"},"jnews_primary_category":[],"jnews_social_meta":[],"jnews_override_counter":[],"footnotes":""},"categories":[5],"tags":[],"class_list":["post-3324","post","type-post","status-publish","format-standard","has-post-thumbnail","hentry","category-cabelo"],"_links":{"self":[{"href":"https:\/\/www.primor.eu\/blog\/pt\/wp-json\/wp\/v2\/posts\/3324","targetHints":{"allow":["GET"]}}],"collection":[{"href":"https:\/\/www.primor.eu\/blog\/pt\/wp-json\/wp\/v2\/posts"}],"about":[{"href":"https:\/\/www.primor.eu\/blog\/pt\/wp-json\/wp\/v2\/types\/post"}],"author":[{"embeddable":true,"href":"https:\/\/www.primor.eu\/blog\/pt\/wp-json\/wp\/v2\/users\/5"}],"replies":[{"embeddable":true,"href":"https:\/\/www.primor.eu\/blog\/pt\/wp-json\/wp\/v2\/comments?post=3324"}],"version-history":[{"count":8,"href":"https:\/\/www.primor.eu\/blog\/pt\/wp-json\/wp\/v2\/posts\/3324\/revisions"}],"predecessor-version":[{"id":3340,"href":"https:\/\/www.primor.eu\/blog\/pt\/wp-json\/wp\/v2\/posts\/3324\/revisions\/3340"}],"wp:featuredmedia":[{"embeddable":true,"href":"https:\/\/www.primor.eu\/blog\/pt\/wp-json\/wp\/v2\/media\/3336"}],"wp:attachment":[{"href":"https:\/\/www.primor.eu\/blog\/pt\/wp-json\/wp\/v2\/media?parent=3324"}],"wp:term":[{"taxonomy":"category","embeddable":true,"href":"https:\/\/www.primor.eu\/blog\/pt\/wp-json\/wp\/v2\/categories?post=3324"},{"taxonomy":"post_tag","embeddable":true,"href":"https:\/\/www.primor.eu\/blog\/pt\/wp-json\/wp\/v2\/tags?post=3324"}],"curies":[{"name":"wp","href":"https:\/\/api.w.org\/{rel}","templated":true}]}}