
{"id":3101,"date":"2024-10-13T08:00:00","date_gmt":"2024-10-13T07:00:00","guid":{"rendered":"https:\/\/www.primor.eu\/blog\/pt\/?p=3101"},"modified":"2024-10-11T10:23:09","modified_gmt":"2024-10-11T09:23:09","slug":"celebra-aniversario-perfumarias-primor","status":"publish","type":"post","link":"https:\/\/www.primor.eu\/blog\/pt\/celebra-aniversario-perfumarias-primor\/","title":{"rendered":"J\u00e1 chegou o 71\u00ba anivers\u00e1rio da Primor!"},"content":{"rendered":"\n<p>Estamos em festa! A cadeia l\u00edder em perfumaria e cosm\u00e9tica de Espanha celebra este outubro o seu <strong>71\u00ba anivers\u00e1rio<\/strong>. O <strong>melhor ecommerce do setor de beleza<\/strong> cumpre mais um ano a aconselhar milhares de pessoas a encontrarem os melhores produtos de cuidado e beleza ao melhor pre\u00e7o. E, como n\u00e3o podia deixar de ser, este anivers\u00e1rio traz consigo <strong>promo\u00e7\u00f5es incr\u00edveis<\/strong> para todos os primorosos e primorosas.<\/p>\n\n\n\n<p>Porque sem todos voc\u00eas nada disto seria poss\u00edvel, a cadeia de perfumarias malaguenha orgulha-se de nos convidar mais uma vez para <strong>a maior festa de descontos<\/strong> jamais vista. Uma celebra\u00e7\u00e3o em grande, onde a Primor sopra as velas para nos oferecer as melhores surpresas. N\u00e3o podes perder!<\/p>\n\n\n\n<h2 class=\"wp-block-heading\">Juntos desde 1953<\/h2>\n\n\n\n<p>A <strong>Perfumarias Primor<\/strong> nasceu de um sonho familiar na ensolarada M\u00e1laga de 1953. Esta empresa come\u00e7ou a sua aventura numa humilde loja no centro da cidade, crescendo e expandindo-se at\u00e9 contar com mais de <strong>200 lojas<\/strong> espalhadas por toda a geografia espanhola. Um crescimento fruto do esfor\u00e7o e sacrif\u00edcio de v\u00e1rias gera\u00e7\u00f5es que nunca perderam de vista o seu objetivo:<strong> oferecer os melhores produtos de cuidado e beleza a pre\u00e7os acess\u00edveis<\/strong> para todos.<\/p>\n\n\n\n<p>Atualmente, a <strong>Primor \u00e9 a cadeia l\u00edder do setor de beleza<\/strong> em Espanha, com uma expans\u00e3o f\u00edsica ativa e um grande dom\u00ednio do com\u00e9rcio online gra\u00e7as ao seu novo website, operacional desde junho de 2023. Al\u00e9m disso, a empresa malaguenha tem presen\u00e7a em v\u00e1rios pa\u00edses europeus, como Portugal, Fran\u00e7a e It\u00e1lia, onde continua a expandir-se anualmente.<\/p>\n\n\n\n<h2 class=\"wp-block-heading\">Obrigado por nos deixares viver mais 365 dias ao teu lado!<\/h2>\n\n\n\n<p>Parece que foi ontem, mas a Perfumarias Primor j\u00e1 completa 71 anos a acompanhar v\u00e1rias gera\u00e7\u00f5es, ajudando-as a encontrar os melhores <strong>produtos de cuidado, beleza e bem-estar a pre\u00e7os acess\u00edveis<\/strong>. Gra\u00e7as aos conselhos e ao apoio fiel dos seus consumidores, conseguiram posicionar-se como a cadeia l\u00edder no setor espanhol, chegando at\u00e9 a dar o salto para a Europa, com presen\u00e7a em mercados como Fran\u00e7a, Portugal e It\u00e1lia.<\/p>\n\n\n\n<p>Um sonho familiar que continua a crescer, impulsionado pela motiva\u00e7\u00e3o de <strong>melhorar a cada dia<\/strong> e resolver os problemas reais dos consumidores. Um objetivo que seria imposs\u00edvel sem a ajuda de todos os primorosos e primorosas. Por isso, este ano, a cadeia malaguenha celebra o seu t\u00e3o esperado anivers\u00e1rio, agradecendo a todos os seus clientes com uma sele\u00e7\u00e3o especial de descontos em in\u00fameros produtos.<\/p>\n\n\n\n<h2 class=\"wp-block-heading\">Como conseguir as melhores promo\u00e7\u00f5es no 71\u00ba anivers\u00e1rio da Primor?<\/h2>\n\n\n\n<p>Este ano, a Perfumer\u00edas Primor celebra em grande o seu <strong>71\u00ba anivers\u00e1rio<\/strong>, e como n\u00e3o podia deixar de ser, a empresa comemora com uma <strong>super festa de descontos<\/strong> para a qual todos estamos convidados. Se queres aproveitar ao m\u00e1ximo esta oportunidade e obter os teus produtos favoritos ao melhor pre\u00e7o, toma nota dos <strong>truques de especialista para garantir os melhores neg\u00f3cios do 71\u00ba anivers\u00e1rio da Primor<\/strong>:<\/p>\n\n\n\n<ul class=\"wp-block-list\">\n<li><strong>Faz uma lista dos teus imprescind\u00edveis<\/strong>. Este \u00e9 o truque definitivo para n\u00e3o te esqueceres de nada e n\u00e3o te distraires com os milhares de produtos com desconto que te esperam no site.<\/li>\n\n\n\n<li><strong>Prepara o teu carrinho<\/strong>. Esta \u00e9 uma das melhores op\u00e7\u00f5es para garantir os teus b\u00e1sicos e consegui-los antes que se esgotem.<\/li>\n\n\n\n<li><strong>N\u00e3o te esque\u00e7as de verificar os produtos sugeridos<\/strong>. N\u00e3o h\u00e1 nada como a sensa\u00e7\u00e3o de encontrar um bom neg\u00f3cio ao explorar as novidades e os mais vendidos.<\/li>\n<\/ul>\n\n\n\n<h2 class=\"wp-block-heading\">Descobre as melhores promo\u00e7\u00f5es do 71\u00ba anivers\u00e1rio da Primor<\/h2>\n\n\n        <product-table >\r\n            <product-headers class=\"grid-table-rows\">\r\n                <div>Foto<\/div>\r\n                <div>Produto<\/div>\r\n                <div>Marca<\/div>\r\n                <div>Avalia\u00e7\u00f5es<\/div>\r\n                <div>Pre\u00e7o<\/div>\r\n            <\/product-headers>\r\n\r\n            <product-list>\r\n                                    <a href=\"https:\/\/www.primor.eu\/pt_pt\/estee-lauder-serum-advanced-night-repair-106279.html\" class=\"product-item grid-table-rows\" target=\"_blank\">\r\n                        <div>\r\n                            <img decoding=\"async\" class=\"product-img\" width=\"80px\" height=\"80px\" src=\"https:\/\/www.primor.eu\/blog\/pt\/wp-content\/uploads\/2024\/09\/887167485501_1_ed47.jpg\" alt=\"\" title=\"\">\r\n                        <\/div>\r\n\r\n                        <!-- Contenido de producto  -->\r\n                        <div>\r\n                            <div class=\"product-position\">\r\n                                #1 Mais Vendidos                            <\/div>\r\n\r\n                            <h2>\r\n                                S\u00e9rum Antienvelhecimento Advanced Night Repair                            <\/h2>\r\n                        <\/div>\r\n\r\n                        <!-- Imagen y\/o nombre de la marca -->\r\n                        <div>\r\n                                                            <img decoding=\"async\" width=\"70\" src=\"https:\/\/www.primor.eu\/blog\/pt\/wp-content\/uploads\/2024\/09\/Estee_Lauder.png\" alt=\"\" title=\"\">\r\n                                                    <\/div>\r\n\r\n                        <!-- Puntuaci\u00f3n del producto  -->\r\n                        <div class=\"rating\">\r\n                                                            <div class=\"rate\" style=\"--p:100;\"><\/div>\r\n                                <b>5\/5<\/b>\r\n                                <div class=\"rate-stars\">\r\n                                                                            <div\r\n                                            class=\"rate-star  \">\r\n                                        <\/div>\r\n                                                                            <div\r\n                                            class=\"rate-star  \">\r\n                                        <\/div>\r\n                                                                            <div\r\n                                            class=\"rate-star  \">\r\n                                        <\/div>\r\n                                                                            <div\r\n                                            class=\"rate-star  \">\r\n                                        <\/div>\r\n                                                                            <div\r\n                                            class=\"rate-star  \">\r\n                                        <\/div>\r\n                                                                    <\/div>\r\n                                                    <\/div>\r\n\r\n                        <!-- Bot\u00f3n de producto  -->\r\n                        <div>\r\n                            <span class=\"price-claim\">\r\n                                VER PRE\u00c7O                            <\/span>\r\n                        <\/div>\r\n                    <\/a>\r\n                                    <a href=\"https:\/\/www.primor.eu\/pt_pt\/yves-saint-laurent-libre-eau-de-parfum-111829.html\" class=\"product-item grid-table-rows\" target=\"_blank\">\r\n                        <div>\r\n                            <img decoding=\"async\" class=\"product-img\" width=\"80px\" height=\"80px\" src=\"https:\/\/www.primor.eu\/blog\/pt\/wp-content\/uploads\/2024\/10\/M_4AF05712_1__1__a26e.jpg\" alt=\"\" title=\"\">\r\n                        <\/div>\r\n\r\n                        <!-- Contenido de producto  -->\r\n                        <div>\r\n                            <div class=\"product-position\">\r\n                                #2                            <\/div>\r\n\r\n                            <h2>\r\n                                Libre Eau de Parfum                            <\/h2>\r\n                        <\/div>\r\n\r\n                        <!-- Imagen y\/o nombre de la marca -->\r\n                        <div>\r\n                                                            <img decoding=\"async\" width=\"70\" src=\"https:\/\/www.primor.eu\/blog\/pt\/wp-content\/uploads\/2024\/09\/yves.png\" alt=\"\" title=\"\">\r\n                                                    <\/div>\r\n\r\n                        <!-- Puntuaci\u00f3n del producto  -->\r\n                        <div class=\"rating\">\r\n                                                            <div class=\"rate\" style=\"--p:100;\"><\/div>\r\n                                <b>5\/5<\/b>\r\n                                <div class=\"rate-stars\">\r\n                                                                            <div\r\n                                            class=\"rate-star  \">\r\n                                        <\/div>\r\n                                                                            <div\r\n                                            class=\"rate-star  \">\r\n                                        <\/div>\r\n                                                                            <div\r\n                                            class=\"rate-star  \">\r\n                                        <\/div>\r\n                                                                            <div\r\n                                            class=\"rate-star  \">\r\n                                        <\/div>\r\n                                                                            <div\r\n                                            class=\"rate-star  \">\r\n                                        <\/div>\r\n                                                                    <\/div>\r\n                                                    <\/div>\r\n\r\n                        <!-- Bot\u00f3n de producto  -->\r\n                        <div>\r\n                            <span class=\"price-claim\">\r\n                                VER PRE\u00c7O                            <\/span>\r\n                        <\/div>\r\n                    <\/a>\r\n                                    <a href=\"https:\/\/www.primor.eu\/pt_pt\/clarins-double-serum-g9-104283.html\" class=\"product-item grid-table-rows\" target=\"_blank\">\r\n                        <div>\r\n                            <img decoding=\"async\" class=\"product-img\" width=\"80px\" height=\"80px\" src=\"https:\/\/www.primor.eu\/blog\/pt\/wp-content\/uploads\/2024\/10\/3666057202506_1_ede5.jpg\" alt=\"\" title=\"\">\r\n                        <\/div>\r\n\r\n                        <!-- Contenido de producto  -->\r\n                        <div>\r\n                            <div class=\"product-position\">\r\n                                #3                            <\/div>\r\n\r\n                            <h2>\r\n                                Double Serum                            <\/h2>\r\n                        <\/div>\r\n\r\n                        <!-- Imagen y\/o nombre de la marca -->\r\n                        <div>\r\n                                                            <img decoding=\"async\" width=\"70\" src=\"https:\/\/www.primor.eu\/blog\/pt\/wp-content\/uploads\/2024\/09\/clarins.png\" alt=\"\" title=\"\">\r\n                                                    <\/div>\r\n\r\n                        <!-- Puntuaci\u00f3n del producto  -->\r\n                        <div class=\"rating\">\r\n                                                            <div class=\"rate\" style=\"--p:100;\"><\/div>\r\n                                <b>5\/5<\/b>\r\n                                <div class=\"rate-stars\">\r\n                                                                            <div\r\n                                            class=\"rate-star  \">\r\n                                        <\/div>\r\n                                                                            <div\r\n                                            class=\"rate-star  \">\r\n                                        <\/div>\r\n                                                                            <div\r\n                                            class=\"rate-star  \">\r\n                                        <\/div>\r\n                                                                            <div\r\n                                            class=\"rate-star  \">\r\n                                        <\/div>\r\n                                                                            <div\r\n                                            class=\"rate-star  \">\r\n                                        <\/div>\r\n                                                                    <\/div>\r\n                                                    <\/div>\r\n\r\n                        <!-- Bot\u00f3n de producto  -->\r\n                        <div>\r\n                            <span class=\"price-claim\">\r\n                                VER PRE\u00c7O                            <\/span>\r\n                        <\/div>\r\n                    <\/a>\r\n                                    <a href=\"https:\/\/www.primor.eu\/pt_pt\/carolina-herrera-good-girl-eau-de-parfum-111731.html\" class=\"product-item grid-table-rows\" target=\"_blank\">\r\n                        <div>\r\n                            <img decoding=\"async\" class=\"product-img\" width=\"80px\" height=\"80px\" src=\"https:\/\/www.primor.eu\/blog\/pt\/wp-content\/uploads\/2024\/10\/4AF04558_1_e006.jpg\" alt=\"\" title=\"\">\r\n                        <\/div>\r\n\r\n                        <!-- Contenido de producto  -->\r\n                        <div>\r\n                            <div class=\"product-position\">\r\n                                #4                            <\/div>\r\n\r\n                            <h2>\r\n                                Good Girl Eua de Parfum                            <\/h2>\r\n                        <\/div>\r\n\r\n                        <!-- Imagen y\/o nombre de la marca -->\r\n                        <div>\r\n                                                            <img decoding=\"async\" width=\"70\" src=\"https:\/\/www.primor.eu\/blog\/pt\/wp-content\/uploads\/2024\/09\/carolina-herrera.png\" alt=\"\" title=\"\">\r\n                                                    <\/div>\r\n\r\n                        <!-- Puntuaci\u00f3n del producto  -->\r\n                        <div class=\"rating\">\r\n                                                            <div class=\"rate\" style=\"--p:100;\"><\/div>\r\n                                <b>5\/5<\/b>\r\n                                <div class=\"rate-stars\">\r\n                                                                            <div\r\n                                            class=\"rate-star  \">\r\n                                        <\/div>\r\n                                                                            <div\r\n                                            class=\"rate-star  \">\r\n                                        <\/div>\r\n                                                                            <div\r\n                                            class=\"rate-star  \">\r\n                                        <\/div>\r\n                                                                            <div\r\n                                            class=\"rate-star  \">\r\n                                        <\/div>\r\n                                                                            <div\r\n                                            class=\"rate-star  \">\r\n                                        <\/div>\r\n                                                                    <\/div>\r\n                                                    <\/div>\r\n\r\n                        <!-- Bot\u00f3n de producto  -->\r\n                        <div>\r\n                            <span class=\"price-claim\">\r\n                                VER PRE\u00c7O                            <\/span>\r\n                        <\/div>\r\n                    <\/a>\r\n                                    <a href=\"https:\/\/www.primor.eu\/pt_pt\/guerlain-pos-bronzeadores-efeito-boa-cara-terracotta-light-108888.html\" class=\"product-item grid-table-rows\" target=\"_blank\">\r\n                        <div>\r\n                            <img decoding=\"async\" class=\"product-img\" width=\"80px\" height=\"80px\" src=\"https:\/\/www.primor.eu\/blog\/pt\/wp-content\/uploads\/2024\/10\/M_0MR13618_1_f734.jpg\" alt=\"\" title=\"\">\r\n                        <\/div>\r\n\r\n                        <!-- Contenido de producto  -->\r\n                        <div>\r\n                            <div class=\"product-position\">\r\n                                #5                            <\/div>\r\n\r\n                            <h2>\r\n                                Terracotta Light P\u00f3s Bronzeadores                            <\/h2>\r\n                        <\/div>\r\n\r\n                        <!-- Imagen y\/o nombre de la marca -->\r\n                        <div>\r\n                                                            <img decoding=\"async\" width=\"70\" src=\"https:\/\/www.primor.eu\/blog\/pt\/wp-content\/uploads\/2024\/09\/Guerlain.png\" alt=\"\" title=\"\">\r\n                                                    <\/div>\r\n\r\n                        <!-- Puntuaci\u00f3n del producto  -->\r\n                        <div class=\"rating\">\r\n                                                            <div class=\"rate\" style=\"--p:100;\"><\/div>\r\n                                <b>5\/5<\/b>\r\n                                <div class=\"rate-stars\">\r\n                                                                            <div\r\n                                            class=\"rate-star  \">\r\n                                        <\/div>\r\n                                                                            <div\r\n                                            class=\"rate-star  \">\r\n                                        <\/div>\r\n                                                                            <div\r\n                                            class=\"rate-star  \">\r\n                                        <\/div>\r\n                                                                            <div\r\n                                            class=\"rate-star  \">\r\n                                        <\/div>\r\n                                                                            <div\r\n                                            class=\"rate-star  \">\r\n                                        <\/div>\r\n                                                                    <\/div>\r\n                                                    <\/div>\r\n\r\n                        <!-- Bot\u00f3n de producto  -->\r\n                        <div>\r\n                            <span class=\"price-claim\">\r\n                                VER PRE\u00c7O                            <\/span>\r\n                        <\/div>\r\n                    <\/a>\r\n                            <\/product-list>\r\n        <\/product-table>\r\n\r\n        \n\n\n\n<h3 class=\"wp-block-heading\">Est\u00e9e Lauder S\u00e9rum Antienvelhecimento Advanced Night Repair<\/h3>\n\n\n\n<p>Este exclusivo s\u00e9rum da Est\u00e9e Lauder trabalha incansavelmente enquanto dormes, estimulando a produ\u00e7\u00e3o natural de colag\u00e9nio e elastina, revitalizando as c\u00e9lulas da pele para um resultado firme, saud\u00e1vel e livre de rugas.<\/p>\n\n\n\n    <a class='product' target='_blank' href='https:\/\/www.primor.eu\/pt_pt\/estee-lauder-serum-advanced-night-repair-106279.html?#854=66330'>\r\n        <img fetchpriority=\"high\" decoding=\"async\" width=\"300\" height=\"300\" loading=\"async\" src=\"https:\/\/cdn2.primor.eu\/media\/catalog\/product\/cache\/8d3aba296f7a18b5251ee30fa5db42b2\/0\/T\/0TF18833_1_ca29.jpg\" alt=\"\" title=\"\">\r\n            <div class=\"claim\">\r\n                 COMPRAR AGORA            <\/div>\r\n        <\/a>\r\n    \n\n\n\n<h3 class=\"wp-block-heading\">Yves Saint Laurent Libre Eau de Parfum<\/h3>\n\n\n\n<p>A nova fragr\u00e2ncia da liberdade, uma declara\u00e7\u00e3o para quem vive segundo as suas pr\u00f3prias regras. Uma reinven\u00e7\u00e3o do perfume floral, combina a ess\u00eancia de lavanda francesa com a sensualidade da flor de laranjeira marroquina, criando uma fus\u00e3o floral \u00fanica.<\/p>\n\n\n\n    <a class='product' target='_blank' href='https:\/\/www.primor.eu\/pt_pt\/yves-saint-laurent-libre-eau-de-parfum-111829.html?#863=86589'>\r\n        <img decoding=\"async\" width=\"300\" height=\"300\" loading=\"async\" src=\"https:\/\/cdn2.primor.eu\/media\/catalog\/product\/cache\/8d3aba296f7a18b5251ee30fa5db42b2\/4\/A\/4AF06665_1_5a49.jpg\" alt=\"\" title=\"\">\r\n            <div class=\"claim\">\r\n                 COMPRAR AGORA            <\/div>\r\n        <\/a>\r\n    \n\n\n\n<h3 class=\"wp-block-heading\">Clarins Double Serum<\/h3>\n\n\n\n<p>O Double Serum da Clarins ultrapassa os limites da inova\u00e7\u00e3o antienvelhecimento e reinventa-se numa nova gera\u00e7\u00e3o inspirada na ci\u00eancia da epigen\u00e9tica. A sua f\u00f3rmula dupla, com 95% de ingredientes de origem natural, concentra 27 poderosos ingredientes.<\/p>\n\n\n\n    <a class='product' target='_blank' href='https:\/\/www.primor.eu\/pt_pt\/clarins-double-serum-g9-104283.html?#854=66334'>\r\n        <img decoding=\"async\" width=\"300\" height=\"300\" loading=\"async\" src=\"https:\/\/cdn2.primor.eu\/media\/catalog\/product\/cache\/8d3aba296f7a18b5251ee30fa5db42b2\/3\/6\/3666057202445_1_e3c3.jpg\" alt=\"\" title=\"\">\r\n            <div class=\"claim\">\r\n                 COMPRAR AGORA            <\/div>\r\n        <\/a>\r\n    \n\n\n\n<h3 class=\"wp-block-heading\">Carolina Herrera Good Girl Eua de Parfum<\/h3>\n\n\n\n<p>O perfume de quem se atreve a mostrar o seu lado mais rebelde. Uma fragr\u00e2ncia ousada e intensa para mulher, que combina notas profundas de Haba Tonka com o cintilante Jasmim para criar um aroma \u00fanico e irresist\u00edvel.<\/p>\n\n\n\n    <a class='product' target='_blank' href='https:\/\/www.primor.eu\/pt_pt\/carolina-herrera-good-girl-eau-de-parfum-111731.html?#854=66334'>\r\n        <img decoding=\"async\" width=\"300\" height=\"300\" loading=\"async\" src=\"https:\/\/cdn2.primor.eu\/media\/catalog\/product\/cache\/8d3aba296f7a18b5251ee30fa5db42b2\/4\/A\/4AF04560_1_f34d.jpg\" alt=\"\" title=\"\">\r\n            <div class=\"claim\">\r\n                 COMPRAR AGORA            <\/div>\r\n        <\/a>\r\n    \n\n\n\n<h3 class=\"wp-block-heading\">Guerlain Terracotta Light P\u00f3s Bronzeadores<\/h3>\n\n\n\n<p>Consegue um efeito de \"boa cara\" instant\u00e2neo com os ic\u00f3nicos p\u00f3s bronzeadores da Guerlain. Uma mistura \u00fanica de tons dourados que se fundem perfeitamente com a pele, destacando subtilmente as fei\u00e7\u00f5es.<\/p>\n\n\n\n    <a class='product' target='_blank' href='https:\/\/www.primor.eu\/pt_pt\/guerlain-pos-bronzeadores-efeito-boa-cara-terracotta-light-108888.html?#803=43244'>\r\n        <img decoding=\"async\" width=\"300\" height=\"300\" loading=\"async\" src=\"https:\/\/cdn2.primor.eu\/media\/catalog\/product\/cache\/8d3aba296f7a18b5251ee30fa5db42b2\/0\/M\/0MR21778_1_7099.jpg\" alt=\"\" title=\"\">\r\n            <div class=\"claim\">\r\n                 COMPRAR AGORA            <\/div>\r\n        <\/a>\r\n    \n\n\n\n<h3 class=\"wp-block-heading\">Lanc\u00f4me R\u00e9nergie H.P.N. 300-Peptide Cream<\/h3>\n\n\n\n<p>Um creme regenerador com P\u00e9ptidos, \u00c1cido Hialur\u00f3nico e Niacinamida que repara a pele mais rapidamente que o passar do tempo. A R\u00e9nergie H.P.N. 300 \u00e9 uma eficaz crema anti-idade com efeito lifting que corrige rugas e reduz manchas, uniformizando o tom da pele.<\/p>\n\n\n\n    <a class='product' target='_blank' href='https:\/\/www.primor.eu\/pt_pt\/lancome-renergie-h-p-n-300-peptide-cream-106396.html?#863=67139'>\r\n        <img decoding=\"async\" width=\"300\" height=\"300\" loading=\"async\" src=\"https:\/\/cdn2.primor.eu\/media\/catalog\/product\/cache\/8d3aba296f7a18b5251ee30fa5db42b2\/3\/6\/3614273924061_1_8753.jpg\" alt=\"\" title=\"\">\r\n            <div class=\"claim\">\r\n                 COMPRAR AGORA            <\/div>\r\n        <\/a>\r\n    \n\n\n\n<h3 class=\"wp-block-heading\">L'Or\u00e9al Paris Accord Parfait Nude - S\u00e9rum com Cor<\/h3>\n\n\n\n<p>Descobre o Accord Parfait True Match Nude S\u00e9rum com Cor da L'Or\u00e9al Paris, um inovador produto de maquilhagem e cuidado da pele com 1% de \u00c1cido Hialur\u00f3nico.<\/p>\n\n\n\n    <a class='product' target='_blank' href='https:\/\/www.primor.eu\/pt_pt\/l-oreal-paris-accord-parfait-true-match-nude-serum-com-cor-111023.html?#803=43227'>\r\n        <img decoding=\"async\" width=\"300\" height=\"300\" loading=\"async\" src=\"https:\/\/cdn2.primor.eu\/media\/catalog\/product\/cache\/8d3aba296f7a18b5251ee30fa5db42b2\/0\/M\/0MR20672_1_a649.jpg\" alt=\"\" title=\"\">\r\n            <div class=\"claim\">\r\n                 COMPRAR AGORA            <\/div>\r\n        <\/a>\r\n    \n\n\n\n<h3 class=\"wp-block-heading\">Shiseido Vital Perfection Creme Antienvelhecimento<\/h3>\n\n\n\n<p>O Vital Perfection Uplifting and Firming Cream Enriched \u00e9 uma destacada crema antienvelhecimento global da Shiseido, concebida para proporcionar um aspeto mais firme e suave \u00e0 tua pele. Formulada com ReNeura Technology++ para resultados mais r\u00e1pidos contra o envelhecimento.<\/p>\n\n\n\n    <a class='product' target='_blank' href='https:\/\/www.primor.eu\/pt_pt\/shiseido-vital-perfection-uplifting-and-firming-cream-creme-enriquecido-anti-envelhecimento-106276.html?#854=66330'>\r\n        <img decoding=\"async\" width=\"300\" height=\"300\" loading=\"async\" src=\"https:\/\/cdn2.primor.eu\/media\/catalog\/product\/cache\/8d3aba296f7a18b5251ee30fa5db42b2\/7\/6\/768614149408_1_0281.jpg\" alt=\"\" title=\"\">\r\n            <div class=\"claim\">\r\n                 COMPRAR AGORA            <\/div>\r\n        <\/a>\r\n    \n","protected":false},"excerpt":{"rendered":"<p>Estamos em festa! A cadeia l\u00edder em perfumaria e cosm\u00e9tica de Espanha celebra este outubro o seu 71\u00ba anivers\u00e1rio. O melhor ecommerce do setor de beleza cumpre mais um ano a aconselhar milhares de pessoas a encontrarem os melhores produtos de cuidado e beleza ao melhor pre\u00e7o. E, como n\u00e3o podia deixar de ser, este [&hellip;]<\/p>\n","protected":false},"author":6,"featured_media":3109,"comment_status":"closed","ping_status":"closed","sticky":false,"template":"","format":"standard","meta":{"jnews-multi-image_gallery":[],"jnews_single_post":{"format":"standard"},"jnews_primary_category":[],"jnews_social_meta":[],"jnews_override_counter":[],"footnotes":""},"categories":[11],"tags":[],"class_list":["post-3101","post","type-post","status-publish","format-standard","has-post-thumbnail","hentry","category-eventos"],"_links":{"self":[{"href":"https:\/\/www.primor.eu\/blog\/pt\/wp-json\/wp\/v2\/posts\/3101","targetHints":{"allow":["GET"]}}],"collection":[{"href":"https:\/\/www.primor.eu\/blog\/pt\/wp-json\/wp\/v2\/posts"}],"about":[{"href":"https:\/\/www.primor.eu\/blog\/pt\/wp-json\/wp\/v2\/types\/post"}],"author":[{"embeddable":true,"href":"https:\/\/www.primor.eu\/blog\/pt\/wp-json\/wp\/v2\/users\/6"}],"replies":[{"embeddable":true,"href":"https:\/\/www.primor.eu\/blog\/pt\/wp-json\/wp\/v2\/comments?post=3101"}],"version-history":[{"count":1,"href":"https:\/\/www.primor.eu\/blog\/pt\/wp-json\/wp\/v2\/posts\/3101\/revisions"}],"predecessor-version":[{"id":3114,"href":"https:\/\/www.primor.eu\/blog\/pt\/wp-json\/wp\/v2\/posts\/3101\/revisions\/3114"}],"wp:featuredmedia":[{"embeddable":true,"href":"https:\/\/www.primor.eu\/blog\/pt\/wp-json\/wp\/v2\/media\/3109"}],"wp:attachment":[{"href":"https:\/\/www.primor.eu\/blog\/pt\/wp-json\/wp\/v2\/media?parent=3101"}],"wp:term":[{"taxonomy":"category","embeddable":true,"href":"https:\/\/www.primor.eu\/blog\/pt\/wp-json\/wp\/v2\/categories?post=3101"},{"taxonomy":"post_tag","embeddable":true,"href":"https:\/\/www.primor.eu\/blog\/pt\/wp-json\/wp\/v2\/tags?post=3101"}],"curies":[{"name":"wp","href":"https:\/\/api.w.org\/{rel}","templated":true}]}}