
{"id":3034,"date":"2024-10-12T21:00:00","date_gmt":"2024-10-12T20:00:00","guid":{"rendered":"https:\/\/www.primor.eu\/blog\/pt\/?p=3034"},"modified":"2024-10-11T07:18:27","modified_gmt":"2024-10-11T06:18:27","slug":"finger-coil","status":"publish","type":"post","link":"https:\/\/www.primor.eu\/blog\/pt\/finger-coil\/","title":{"rendered":"Finger coil, a t\u00e9cnica perfeita para carac\u00f3is definidos"},"content":{"rendered":"\n<p>Se tens cabelo encaracolado, vais querer conhecer a t\u00e9cnica \u201cfinger coil\u201d Esta abordagem inovadora para definir os carac\u00f3is est\u00e1 a conquistar cada vez mais adeptos e \u00e9 a solu\u00e7\u00e3o perfeita para tirares o m\u00e1ximo partido da tua cabeleira encaracolada. Aten\u00e7\u00e3o, porque \u00e9 uma t\u00e9cnica exclusivamente para cabelos encaracolados.<\/p>\n\n\n\n<h2 class=\"wp-block-heading\">O que \u00e9 o finger coil?<\/h2>\n\n\n\n<p>Com a<strong> tend\u00eancia dos anos 80 e 90 em alta<\/strong>, os carac\u00f3is e o volume est\u00e3o mais populares do que nunca. Al\u00e9m dos m\u00e9todos tradicionais como os rolos, existe uma t\u00e9cnica chamada \u201cfinger coil\u201d que oferece uma defini\u00e7\u00e3o natural para o cabelo encaracolado, semelhante aos carac\u00f3is ic\u00f3nicos de Julia Roberts nos anos 90. A grande vantagem \u00e9 que n\u00e3o \u00e9 uma t\u00e9cnica invasiva, n\u00e3o requer calor e \u00e9 extremamente f\u00e1cil de fazer.<\/p>\n\n\n\n<p>O termo \u201cfinger\u201d diz tudo: para executar esta t\u00e9cnica de penteado, n\u00e3o precisas de nenhuma ferramenta al\u00e9m dos teus pr\u00f3prios dedos. Com este m\u00e9todo, podes definir a tua cabeleira de forma espetacular, conseguindo carac\u00f3is estruturados, volumosos e bem definidos, sem o frizz e sem os danos causados pelo calor das ferramentas t\u00e9rmicas.&nbsp;<\/p>\n\n\n\n<h2 class=\"wp-block-heading\">Passo a passo para o finger coil<\/h2>\n\n\n\n<p>O estilo de penteado conhecido como \"finger coil\" (enrolado com os dedos) \u00e9 uma t\u00e9cnica que podes realizar facilmente em casa ou num sal\u00e3o de beleza especializado em servi\u00e7os de estilismo para cabelos encaracolados. Se preferes fazer tu mesmo em casa, segue estes passos para conseguires carac\u00f3is definidos e naturais:<\/p>\n\n\n\n<ol class=\"wp-block-list\">\n<li><strong>Lava e condiciona o teu cabelo<\/strong>. Come\u00e7a por lavar e condicionar o teu cabelo como habitualmente. \u00c9 importante garantir que o cabelo est\u00e1 limpo e livre de qualquer res\u00edduo de produtos acumulados.<\/li>\n\n\n\n<li><strong>Aplica um produto para defini\u00e7\u00e3o de carac\u00f3is.<\/strong> Com o cabelo ainda h\u00famido, aplica um produto espec\u00edfico para definir carac\u00f3is. Podes usar uma creme de pentear ou um gel que seja especialmente formulado para cabelos encaracolados.<\/li>\n\n\n\n<li><strong>Divide o cabelo em pequenas sec\u00e7\u00f5es.<\/strong> Divide o cabelo em pequenas sec\u00e7\u00f5es para facilitar o processo de estiliza\u00e7\u00e3o. Podes usar molas ou el\u00e1sticos para manter cada sec\u00e7\u00e3o separada e organizada.<\/li>\n\n\n\n<li><strong>Enrola o cabelo \u00e0 volta dos dedos<\/strong>. Pega numa pequena sec\u00e7\u00e3o de cabelo e enrola-a cuidadosamente \u00e0 volta do teu dedo, come\u00e7ando na raiz e descendo at\u00e9 \u00e0s pontas. Repete este passo com cada sec\u00e7\u00e3o de cabelo at\u00e9 que tenhas enrolado todas as partes.<\/li>\n\n\n\n<li><strong>Deixa o cabelo secar ao ar ou usa um difusor<\/strong>. Depois de enrolares todas as sec\u00e7\u00f5es, podes deixar o cabelo secar naturalmente ao ar para um efeito mais natural. Se quiseres acelerar o processo de secagem, podes usar um secador de cabelo com um difusor em baixa temperatura para manter os carac\u00f3is definidos e livres de frizz.<\/li>\n\n\n\n<li><strong>Solta e separa os carac\u00f3is<\/strong>. Quando o cabelo estiver completamente seco, solta suavemente os carac\u00f3is, separando-os com os dedos para dar mais volume e movimento. Podes aplicar um pouco de \u00f3leo ou s\u00e9rum para cabelo para ajudar a controlar o frizz e dar um brilho extra aos teus carac\u00f3is.<\/li>\n<\/ol>\n\n\n\n<h2 class=\"wp-block-heading\">Tratamentos para realizar finger coil em casa&nbsp;<\/h2>\n\n\n\n<p>Para conseguires os melhores resultados ao fazer finger coil em casa, \u00e9 fundamental utilizares produtos espec\u00edficos que cuidem do teu cabelo encaracolado. Aqui est\u00e3o algumas recomenda\u00e7\u00f5es para ajudar a definir e manter os teus carac\u00f3is:<\/p>\n\n\n        <product-table >\r\n            <product-headers class=\"grid-table-rows\">\r\n                <div>Foto<\/div>\r\n                <div>Produto<\/div>\r\n                <div>Marca<\/div>\r\n                <div>Avalia\u00e7\u00f5es<\/div>\r\n                <div>Pre\u00e7o<\/div>\r\n            <\/product-headers>\r\n\r\n            <product-list>\r\n                                    <a href=\"https:\/\/www.primor.eu\/pt_pt\/moroccanoil-champo-hidratante-105571.html\" class=\"product-item grid-table-rows\" target=\"_blank\">\r\n                        <div>\r\n                            <img decoding=\"async\" class=\"product-img\" width=\"80px\" height=\"80px\" src=\"https:\/\/www.primor.eu\/blog\/pt\/wp-content\/uploads\/2024\/09\/M_2CC01106_1_7890.jpg\" alt=\"\" title=\"\">\r\n                        <\/div>\r\n\r\n                        <!-- Contenido de producto  -->\r\n                        <div>\r\n                            <div class=\"product-position\">\r\n                                #1 Mais Vendidos                            <\/div>\r\n\r\n                            <h2>\r\n                                Champ\u00f4 Ativador de Carac\u00f3is da Moroccanoil                            <\/h2>\r\n                        <\/div>\r\n\r\n                        <!-- Imagen y\/o nombre de la marca -->\r\n                        <div>\r\n                                                            <img decoding=\"async\" width=\"70\" src=\"https:\/\/www.primor.eu\/blog\/pt\/wp-content\/uploads\/2024\/09\/Moroccanoil_Personalizado_.jpg\" alt=\"\" title=\"\">\r\n                                                    <\/div>\r\n\r\n                        <!-- Puntuaci\u00f3n del producto  -->\r\n                        <div class=\"rating\">\r\n                                                            <div class=\"rate\" style=\"--p:100;\"><\/div>\r\n                                <b>5\/5<\/b>\r\n                                <div class=\"rate-stars\">\r\n                                                                            <div\r\n                                            class=\"rate-star  \">\r\n                                        <\/div>\r\n                                                                            <div\r\n                                            class=\"rate-star  \">\r\n                                        <\/div>\r\n                                                                            <div\r\n                                            class=\"rate-star  \">\r\n                                        <\/div>\r\n                                                                            <div\r\n                                            class=\"rate-star  \">\r\n                                        <\/div>\r\n                                                                            <div\r\n                                            class=\"rate-star  \">\r\n                                        <\/div>\r\n                                                                    <\/div>\r\n                                                    <\/div>\r\n\r\n                        <!-- Bot\u00f3n de producto  -->\r\n                        <div>\r\n                            <span class=\"price-claim\">\r\n                                VER PRE\u00c7O                            <\/span>\r\n                        <\/div>\r\n                    <\/a>\r\n                                    <a href=\"https:\/\/www.primor.eu\/pt_pt\/kerastase-gel-ativador-de-cachos-curl-manifesto-gelee-10149.html\" class=\"product-item grid-table-rows\" target=\"_blank\">\r\n                        <div>\r\n                            <img decoding=\"async\" class=\"product-img\" width=\"80px\" height=\"80px\" src=\"https:\/\/www.primor.eu\/blog\/pt\/wp-content\/uploads\/2024\/10\/2CN00701_1_a28c.jpg\" alt=\"\" title=\"\">\r\n                        <\/div>\r\n\r\n                        <!-- Contenido de producto  -->\r\n                        <div>\r\n                            <div class=\"product-position\">\r\n                                #2                            <\/div>\r\n\r\n                            <h2>\r\n                                Curl Manifesto Gel\u00e9e Gel Ativador de Carac\u00f3is da K\u00e9rastase                            <\/h2>\r\n                        <\/div>\r\n\r\n                        <!-- Imagen y\/o nombre de la marca -->\r\n                        <div>\r\n                                                            <img decoding=\"async\" width=\"70\" src=\"https:\/\/www.primor.eu\/blog\/pt\/wp-content\/uploads\/2024\/09\/k_rastane.jpg\" alt=\"\" title=\"\">\r\n                                                    <\/div>\r\n\r\n                        <!-- Puntuaci\u00f3n del producto  -->\r\n                        <div class=\"rating\">\r\n                                                            <div class=\"rate\" style=\"--p:100;\"><\/div>\r\n                                <b>5\/5<\/b>\r\n                                <div class=\"rate-stars\">\r\n                                                                            <div\r\n                                            class=\"rate-star  \">\r\n                                        <\/div>\r\n                                                                            <div\r\n                                            class=\"rate-star  \">\r\n                                        <\/div>\r\n                                                                            <div\r\n                                            class=\"rate-star  \">\r\n                                        <\/div>\r\n                                                                            <div\r\n                                            class=\"rate-star  \">\r\n                                        <\/div>\r\n                                                                            <div\r\n                                            class=\"rate-star  \">\r\n                                        <\/div>\r\n                                                                    <\/div>\r\n                                                    <\/div>\r\n\r\n                        <!-- Bot\u00f3n de producto  -->\r\n                        <div>\r\n                            <span class=\"price-claim\">\r\n                                VER PRE\u00c7O                            <\/span>\r\n                        <\/div>\r\n                    <\/a>\r\n                                    <a href=\"https:\/\/www.primor.eu\/pt_pt\/pantene-creme-para-pentear-love-your-curls-9600.html\" class=\"product-item grid-table-rows\" target=\"_blank\">\r\n                        <div>\r\n                            <img decoding=\"async\" class=\"product-img\" width=\"80px\" height=\"80px\" src=\"https:\/\/www.primor.eu\/blog\/pt\/wp-content\/uploads\/2024\/10\/8001841240640_MAIN_9f49.jpg\" alt=\"\" title=\"\">\r\n                        <\/div>\r\n\r\n                        <!-- Contenido de producto  -->\r\n                        <div>\r\n                            <div class=\"product-position\">\r\n                                #3                            <\/div>\r\n\r\n                            <h2>\r\n                                Creme Styling da Pantene\u00a0                            <\/h2>\r\n                        <\/div>\r\n\r\n                        <!-- Imagen y\/o nombre de la marca -->\r\n                        <div>\r\n                                                            <img decoding=\"async\" width=\"70\" src=\"https:\/\/www.primor.eu\/blog\/pt\/wp-content\/uploads\/2024\/09\/Pantene.jpg\" alt=\"\" title=\"\">\r\n                                                    <\/div>\r\n\r\n                        <!-- Puntuaci\u00f3n del producto  -->\r\n                        <div class=\"rating\">\r\n                                                            <div class=\"rate\" style=\"--p:100;\"><\/div>\r\n                                <b>5\/5<\/b>\r\n                                <div class=\"rate-stars\">\r\n                                                                            <div\r\n                                            class=\"rate-star  \">\r\n                                        <\/div>\r\n                                                                            <div\r\n                                            class=\"rate-star  \">\r\n                                        <\/div>\r\n                                                                            <div\r\n                                            class=\"rate-star  \">\r\n                                        <\/div>\r\n                                                                            <div\r\n                                            class=\"rate-star  \">\r\n                                        <\/div>\r\n                                                                            <div\r\n                                            class=\"rate-star  \">\r\n                                        <\/div>\r\n                                                                    <\/div>\r\n                                                    <\/div>\r\n\r\n                        <!-- Bot\u00f3n de producto  -->\r\n                        <div>\r\n                            <span class=\"price-claim\">\r\n                                VER PRE\u00c7O                            <\/span>\r\n                        <\/div>\r\n                    <\/a>\r\n                                    <a href=\"https:\/\/www.primor.eu\/pt_pt\/occun-mascara-de-colagenio-e-quinoa-9279.html\" class=\"product-item grid-table-rows\" target=\"_blank\">\r\n                        <div>\r\n                            <img decoding=\"async\" class=\"product-img\" width=\"80px\" height=\"80px\" src=\"https:\/\/www.primor.eu\/blog\/pt\/wp-content\/uploads\/2024\/10\/2CA03257_1_3927.jpg\" alt=\"\" title=\"\">\r\n                        <\/div>\r\n\r\n                        <!-- Contenido de producto  -->\r\n                        <div>\r\n                            <div class=\"product-position\">\r\n                                #4                            <\/div>\r\n\r\n                            <h2>\r\n                                M\u00e1scara Colag\u00e9nio e Quinoa da Occun\u00a0                            <\/h2>\r\n                        <\/div>\r\n\r\n                        <!-- Imagen y\/o nombre de la marca -->\r\n                        <div>\r\n                                                            <img decoding=\"async\" width=\"70\" src=\"https:\/\/www.primor.eu\/blog\/pt\/wp-content\/uploads\/2024\/10\/Occun.jpg\" alt=\"\" title=\"\">\r\n                                                    <\/div>\r\n\r\n                        <!-- Puntuaci\u00f3n del producto  -->\r\n                        <div class=\"rating\">\r\n                                                            <div class=\"rate\" style=\"--p:100;\"><\/div>\r\n                                <b>5\/5<\/b>\r\n                                <div class=\"rate-stars\">\r\n                                                                            <div\r\n                                            class=\"rate-star  \">\r\n                                        <\/div>\r\n                                                                            <div\r\n                                            class=\"rate-star  \">\r\n                                        <\/div>\r\n                                                                            <div\r\n                                            class=\"rate-star  \">\r\n                                        <\/div>\r\n                                                                            <div\r\n                                            class=\"rate-star  \">\r\n                                        <\/div>\r\n                                                                            <div\r\n                                            class=\"rate-star  \">\r\n                                        <\/div>\r\n                                                                    <\/div>\r\n                                                    <\/div>\r\n\r\n                        <!-- Bot\u00f3n de producto  -->\r\n                        <div>\r\n                            <span class=\"price-claim\">\r\n                                VER PRE\u00c7O                            <\/span>\r\n                        <\/div>\r\n                    <\/a>\r\n                                    <a href=\"https:\/\/www.primor.eu\/pt_pt\/aussie-tratamento-de-caracois-profundos-88484.html\" class=\"product-item grid-table-rows\" target=\"_blank\">\r\n                        <div>\r\n                            <img decoding=\"async\" class=\"product-img\" width=\"80px\" height=\"80px\" src=\"https:\/\/www.primor.eu\/blog\/pt\/wp-content\/uploads\/2024\/10\/08700216185356_80763536_PRODUCT_IMAGE_IN_PACKAGE_FRONT_CENTER_3000X3000_1_SPANI_4de3.png\" alt=\"\" title=\"\">\r\n                        <\/div>\r\n\r\n                        <!-- Contenido de producto  -->\r\n                        <div>\r\n                            <div class=\"product-position\">\r\n                                #5                            <\/div>\r\n\r\n                            <h2>\r\n                                Tratamento 3 Minute Miracle Curls da Aussie                            <\/h2>\r\n                        <\/div>\r\n\r\n                        <!-- Imagen y\/o nombre de la marca -->\r\n                        <div>\r\n                                                            <img decoding=\"async\" width=\"70\" src=\"https:\/\/www.primor.eu\/blog\/pt\/wp-content\/uploads\/2024\/10\/aussie.jpg\" alt=\"\" title=\"\">\r\n                                                    <\/div>\r\n\r\n                        <!-- Puntuaci\u00f3n del producto  -->\r\n                        <div class=\"rating\">\r\n                                                            <div class=\"rate\" style=\"--p:100;\"><\/div>\r\n                                <b>5\/5<\/b>\r\n                                <div class=\"rate-stars\">\r\n                                                                            <div\r\n                                            class=\"rate-star  \">\r\n                                        <\/div>\r\n                                                                            <div\r\n                                            class=\"rate-star  \">\r\n                                        <\/div>\r\n                                                                            <div\r\n                                            class=\"rate-star  \">\r\n                                        <\/div>\r\n                                                                            <div\r\n                                            class=\"rate-star  \">\r\n                                        <\/div>\r\n                                                                            <div\r\n                                            class=\"rate-star  \">\r\n                                        <\/div>\r\n                                                                    <\/div>\r\n                                                    <\/div>\r\n\r\n                        <!-- Bot\u00f3n de producto  -->\r\n                        <div>\r\n                            <span class=\"price-claim\">\r\n                                VER PRE\u00c7O                            <\/span>\r\n                        <\/div>\r\n                    <\/a>\r\n                            <\/product-list>\r\n        <\/product-table>\r\n\r\n        \n\n\n\n<h3 class=\"wp-block-heading\">Champ\u00f4 Ativador de Carac\u00f3is da Moroccanoil<\/h3>\n\n\n\n<p>Comecemos pelo essencial: escolher um bom champ\u00f4 \u00e9 crucial. Este champ\u00f4 cont\u00e9m \u00f3leo de arg\u00e3o, que restaura a elasticidade, o brilho e a maleabilidade do cabelo, cuidando dos carac\u00f3is e combatendo o frizz. Gra\u00e7as \u00e0 mistura de prote\u00edna vegetal hidrolisada e \u00f3leo de abiss\u00ednia, este produto fortalece e protege os carac\u00f3is, proporcionando-lhes um movimento natural. Um ponto extra? N\u00e3o cont\u00e9m sulfatos, fosfatos nem parabenos.<\/p>\n\n\n\n    <a class='product' target='_blank' href='https:\/\/www.primor.eu\/pt_pt\/beter-escova-de-desembaracar-de-fibra-natural-1746.html'>\r\n        <img fetchpriority=\"high\" decoding=\"async\" width=\"300\" height=\"300\" loading=\"async\" src=\"https:\/\/cdn2.primor.eu\/media\/catalog\/product\/cache\/8d3aba296f7a18b5251ee30fa5db42b2\/6\/V\/6VA19941_1_7958.jpg\" alt=\"\" title=\"\">\r\n            <div class=\"claim\">\r\n                 COMPRAR AGORA            <\/div>\r\n        <\/a>\r\n    \n\n\n\n<h3 class=\"wp-block-heading\">Curl Manifesto Gel\u00e9e Gel Ativador de Carac\u00f3is da K\u00e9rastase<\/h3>\n\n\n\n<p>Este gel-creme \u00e9 ideal para definir cabelos ondulados, encaracolados e crespos. Formulado com mel de manuka e ceramidas, combina as propriedades hidratantes de uma creme com a fixa\u00e7\u00e3o de um gel, garantindo que os carac\u00f3is fiquem definidos e bem sustentados durante todo o dia.<\/p>\n\n\n\n    <a class='product' target='_blank' href='https:\/\/www.primor.eu\/pt_pt\/beter-escova-de-desembaracar-de-fibra-natural-1746.html'>\r\n        <img fetchpriority=\"high\" decoding=\"async\" width=\"300\" height=\"300\" loading=\"async\" src=\"https:\/\/cdn2.primor.eu\/media\/catalog\/product\/cache\/8d3aba296f7a18b5251ee30fa5db42b2\/6\/V\/6VA19941_1_7958.jpg\" alt=\"\" title=\"\">\r\n            <div class=\"claim\">\r\n                 COMPRAR AGORA            <\/div>\r\n        <\/a>\r\n    \n\n\n\n<h3 class=\"wp-block-heading\">M\u00e1scara Absolue K\u00e9ratine da Rene Furterer<\/h3>\n\n\n\n<p>Esta m\u00e1scara \u00e9 especialmente desenvolvida para hidratar cabelos encaracolados e combater o frizz. \u00c9 perfeita para cabelo seco ou danificado, ao nutrir profundamente, suavizando e protegendo os carac\u00f3is desde o interior.<\/p>\n\n\n\n    <a class='product' target='_blank' href='https:\/\/www.primor.eu\/pt_pt\/beter-escova-de-desembaracar-de-fibra-natural-1746.html'>\r\n        <img fetchpriority=\"high\" decoding=\"async\" width=\"300\" height=\"300\" loading=\"async\" src=\"https:\/\/cdn2.primor.eu\/media\/catalog\/product\/cache\/8d3aba296f7a18b5251ee30fa5db42b2\/6\/V\/6VA19941_1_7958.jpg\" alt=\"\" title=\"\">\r\n            <div class=\"claim\">\r\n                 COMPRAR AGORA            <\/div>\r\n        <\/a>\r\n    \n\n\n\n<h3 class=\"wp-block-heading\">Creme Styling da Pantene&nbsp;<\/h3>\n\n\n\n<p>Este creme de pentear da Pantene n\u00e3o necessita de enxaguamento. Aplica-o no comprimento do cabelo e deixa secar ao ar ou usa um secador. Os teus carac\u00f3is ficar\u00e3o mais definidos e com um aspeto saud\u00e1vel e natural.<\/p>\n\n\n\n    <a class='product' target='_blank' href='https:\/\/www.primor.eu\/pt_pt\/beter-escova-de-desembaracar-de-fibra-natural-1746.html'>\r\n        <img fetchpriority=\"high\" decoding=\"async\" width=\"300\" height=\"300\" loading=\"async\" src=\"https:\/\/cdn2.primor.eu\/media\/catalog\/product\/cache\/8d3aba296f7a18b5251ee30fa5db42b2\/6\/V\/6VA19941_1_7958.jpg\" alt=\"\" title=\"\">\r\n            <div class=\"claim\">\r\n                 COMPRAR AGORA            <\/div>\r\n        <\/a>\r\n    \n\n\n\n<h3 class=\"wp-block-heading\">M\u00e1scara Colag\u00e9nio e Quinoa da Occun&nbsp;<\/h3>\n\n\n\n<p>A M\u00e1scara de Colag\u00e9nio e Quinoa define os carac\u00f3is e elimina o frizz, ao mesmo tempo que hidrata e nutre o cabelo. Este tratamento deixa o cabelo sedoso, brilhante e com movimento natural, facilitando o desembara\u00e7ar sem pesar os fios. Cont\u00e9m filtro solar para proteger contra os raios UVA e UVB, com colag\u00e9nio hidrolisado e quinoa hidrolisada como principais ingredientes.<\/p>\n\n\n\n    <a class='product' target='_blank' href='https:\/\/www.primor.eu\/pt_pt\/beter-escova-de-desembaracar-de-fibra-natural-1746.html'>\r\n        <img fetchpriority=\"high\" decoding=\"async\" width=\"300\" height=\"300\" loading=\"async\" src=\"https:\/\/cdn2.primor.eu\/media\/catalog\/product\/cache\/8d3aba296f7a18b5251ee30fa5db42b2\/6\/V\/6VA19941_1_7958.jpg\" alt=\"\" title=\"\">\r\n            <div class=\"claim\">\r\n                 COMPRAR AGORA            <\/div>\r\n        <\/a>\r\n    \n\n\n\n<h3 class=\"wp-block-heading\">Tratamento 3 Minute Miracle Curls da Aussie<\/h3>\n\n\n\n<p>Este tratamento antifrizz \u00e9 r\u00e1pido e eficaz, hidratando os carac\u00f3is por at\u00e9 72 horas em apenas 3 minutos. \u00c9 ideal para todos os tipos de carac\u00f3is e pode ser usado como um tratamento com ou sem enxaguamento, proporcionando uma hidrata\u00e7\u00e3o profunda. Al\u00e9m disso, \u00e9 uma f\u00f3rmula vegana e vem numa embalagem feita com 40% de pl\u00e1stico reciclado.<\/p>\n\n\n\n    <a class='product' target='_blank' href='https:\/\/www.primor.eu\/pt_pt\/beter-escova-de-desembaracar-de-fibra-natural-1746.html'>\r\n        <img fetchpriority=\"high\" decoding=\"async\" width=\"300\" height=\"300\" loading=\"async\" src=\"https:\/\/cdn2.primor.eu\/media\/catalog\/product\/cache\/8d3aba296f7a18b5251ee30fa5db42b2\/6\/V\/6VA19941_1_7958.jpg\" alt=\"\" title=\"\">\r\n            <div class=\"claim\">\r\n                 COMPRAR AGORA            <\/div>\r\n        <\/a>\r\n    \n\n\n\n<p><\/p>\n","protected":false},"excerpt":{"rendered":"<p>Se tens cabelo encaracolado, vais querer conhecer a t\u00e9cnica \u201cfinger coil\u201d Esta abordagem inovadora para definir os carac\u00f3is est\u00e1 a conquistar cada vez mais adeptos e \u00e9 a solu\u00e7\u00e3o perfeita para tirares o m\u00e1ximo partido da tua cabeleira encaracolada. Aten\u00e7\u00e3o, porque \u00e9 uma t\u00e9cnica exclusivamente para cabelos encaracolados. O que \u00e9 o finger coil? Com [&hellip;]<\/p>\n","protected":false},"author":5,"featured_media":3035,"comment_status":"closed","ping_status":"closed","sticky":false,"template":"","format":"standard","meta":{"jnews-multi-image_gallery":[],"jnews_single_post":{"format":"standard","override":[{"template":"1","parallax":"1","fullscreen":"1","layout":"right-sidebar","sidebar":"default-sidebar","second_sidebar":"default-sidebar","share_position":"float","share_float_style":"share-monocrhome","show_featured":"1","show_post_meta":"1","show_post_author_image":"1","show_post_date":"1","post_date_format":"default","post_date_format_custom":"Y\/m\/d","show_post_category":"1","show_post_reading_time":"0","post_reading_time_wpm":"300","post_calculate_word_method":"str_word_count","show_zoom_button":"0","zoom_button_out_step":"2","zoom_button_in_step":"3","number_popup_post":"2","show_post_related":"0","show_inline_post_related":"1"}],"image_override":[{"single_post_thumbnail_size":"no-crop","single_post_gallery_size":"crop-500"}],"trending_post_position":"meta","trending_post_label":"Trending","sponsored_post_label":"Sponsored by","disable_ad":"0"},"jnews_primary_category":[],"jnews_social_meta":[],"jnews_override_counter":{"view_counter_number":"0","share_counter_number":"0","like_counter_number":"0","dislike_counter_number":"0"},"footnotes":""},"categories":[5],"tags":[],"class_list":["post-3034","post","type-post","status-publish","format-standard","has-post-thumbnail","hentry","category-cabelo"],"_links":{"self":[{"href":"https:\/\/www.primor.eu\/blog\/pt\/wp-json\/wp\/v2\/posts\/3034","targetHints":{"allow":["GET"]}}],"collection":[{"href":"https:\/\/www.primor.eu\/blog\/pt\/wp-json\/wp\/v2\/posts"}],"about":[{"href":"https:\/\/www.primor.eu\/blog\/pt\/wp-json\/wp\/v2\/types\/post"}],"author":[{"embeddable":true,"href":"https:\/\/www.primor.eu\/blog\/pt\/wp-json\/wp\/v2\/users\/5"}],"replies":[{"embeddable":true,"href":"https:\/\/www.primor.eu\/blog\/pt\/wp-json\/wp\/v2\/comments?post=3034"}],"version-history":[{"count":3,"href":"https:\/\/www.primor.eu\/blog\/pt\/wp-json\/wp\/v2\/posts\/3034\/revisions"}],"predecessor-version":[{"id":3046,"href":"https:\/\/www.primor.eu\/blog\/pt\/wp-json\/wp\/v2\/posts\/3034\/revisions\/3046"}],"wp:featuredmedia":[{"embeddable":true,"href":"https:\/\/www.primor.eu\/blog\/pt\/wp-json\/wp\/v2\/media\/3035"}],"wp:attachment":[{"href":"https:\/\/www.primor.eu\/blog\/pt\/wp-json\/wp\/v2\/media?parent=3034"}],"wp:term":[{"taxonomy":"category","embeddable":true,"href":"https:\/\/www.primor.eu\/blog\/pt\/wp-json\/wp\/v2\/categories?post=3034"},{"taxonomy":"post_tag","embeddable":true,"href":"https:\/\/www.primor.eu\/blog\/pt\/wp-json\/wp\/v2\/tags?post=3034"}],"curies":[{"name":"wp","href":"https:\/\/api.w.org\/{rel}","templated":true}]}}