
{"id":271,"date":"2024-07-23T10:34:59","date_gmt":"2024-07-23T09:34:59","guid":{"rendered":"https:\/\/www.primor.eu\/blog\/pt\/?p=271"},"modified":"2024-09-26T07:27:56","modified_gmt":"2024-09-26T06:27:56","slug":"melhores-shampoos-antiqueda-cabelo","status":"publish","type":"post","link":"https:\/\/www.primor.eu\/blog\/pt\/melhores-shampoos-antiqueda-cabelo\/","title":{"rendered":"Os 12 melhores e mais baratos champ\u00f4s antiqueda de cabelo do momento"},"content":{"rendered":"\n<p>A procura dos <strong>melhores champ\u00f4s antiqueda de cabelo <\/strong>tornou-se um tema de preocupa\u00e7\u00e3o para homens e mulheres em todo o mundo. Os cosm\u00e9ticos para prevenir a <strong>alopecia <\/strong>e <strong>evitar a queda de cabelo <\/strong>(como champ\u00f4s, ampolas, s\u00e9runs e outros produtos) s\u00e3o a forma perfeita de manter uma higiene adequada e atender \u00e0s necessidades do couro cabeludo para dificultar a queda de cabelo.<\/p>\n\n\n\n<p>A utiliza\u00e7\u00e3o destes cosm\u00e9ticos \u00e9 particularmente eficaz quando complementada por outros tratamentos, sejam eles m\u00e9dicos (certos medicamentos) ou tratamentos est\u00e9ticos minimamente invasivos (como o plasma rico em plaquetas capilar).<\/p>\n\n\n\n<h2 class=\"wp-block-heading\"><strong>Por que \u00e9 que o meu cabelo cai?<\/strong><\/h2>\n\n\n\n<p>A queda de cabelo pode ser causada por uma variedade de fatores, tanto internos como externos. Algumas das causas mais comuns da queda de cabelo incluem:<\/p>\n\n\n\n<ul class=\"wp-block-list\">\n<li><strong>Gen\u00e9tica<\/strong>. A calv\u00edcie heredit\u00e1ria, tamb\u00e9m conhecida como alopecia androgen\u00e9tica, \u00e9 a causa mais comum de queda de cabelo em homens e mulheres.<\/li>\n\n\n\n<li><strong>As altera\u00e7\u00f5es hormonais<\/strong>, como as que ocorrem durante a gravidez, a menopausa ou a puberdade, podem causar queda de cabelo.<\/li>\n\n\n\n<li><strong>Stress<\/strong>. O stress emocional ou f\u00edsico pode desencadear a queda de cabelo. Este tipo de queda de cabelo \u00e9 designado por efl\u00favio tel\u00f3geno.<\/li>\n\n\n\n<li><strong>Doen\u00e7as ou condi\u00e7\u00f5es m\u00e9dicas<\/strong>. A queda de cabelo pode ser um sintoma de uma doen\u00e7a subjacente, como uma doen\u00e7a da tiroide, anemia ou alopecia areata.<\/li>\n\n\n\n<li><strong>Medicamentos<\/strong>. Alguns medicamentos, como a quimioterapia, os antidepressivos e os medicamentos para a tens\u00e3o arterial, podem causar queda de cabelo como efeito secund\u00e1rio.<\/li>\n\n\n\n<li><strong>Nutri\u00e7\u00e3o inadequada<\/strong>. Uma dieta pobre em nutrientes essenciais, como as prote\u00ednas, o ferro e a vitamina B12, pode contribuir para a queda de cabelo.<\/li>\n\n\n\n<li><strong>Tratamentos capilares<\/strong>. A utiliza\u00e7\u00e3o excessiva de ferramentas de modela\u00e7\u00e3o a quente, produtos qu\u00edmicos e penteados apertados podem danificar o cabelo e causar queda de cabelo.<\/li>\n<\/ul>\n\n\n\n<h2 class=\"wp-block-heading\"><strong>Para que servem os champ\u00f4s antiqueda de cabelo?\u00a0<\/strong><\/h2>\n\n\n\n<p>Estes champ\u00f4s ajudam a retardar e a prevenir a queda do cabelo. A sua f\u00f3rmula cont\u00e9m ingredientes ativos como o zinco, vitaminas, extrato de cebola e outros componentes que promovem a circula\u00e7\u00e3o nos vasos sangu\u00edneos que chegam aos fol\u00edculos capilares.<\/p>\n\n\n\n<p>Por outro lado, quando se trata de controlar a queda de cabelo, tamb\u00e9m \u00e9 interessante corrigir a produ\u00e7\u00e3o de sebo, pelo que muitos destes champ\u00f4s tamb\u00e9m cobrem este espetro.<\/p>\n\n\n\n<h2 class=\"wp-block-heading\"><strong>Que ingredientes previnem a queda de cabelo?<\/strong><\/h2>\n\n\n\n<p>Existem v\u00e1rios ingredientes usados nos champ\u00f4s para prevenir a queda de cabelo. Alguns dos mais famosos s\u00e3o:<\/p>\n\n\n\n<ul class=\"wp-block-list\">\n<li><strong>Cafe\u00edna<\/strong>. Ajuda a estimular a circula\u00e7\u00e3o sangu\u00ednea no couro cabeludo e aumenta o crescimento do cabelo.<\/li>\n\n\n\n<li><strong>Biotina<\/strong>. Uma vitamina do complexo B essencial para o crescimento e a sa\u00fade do cabelo. Ajuda a fortalecer o cabelo e a prevenir a sua queda.<\/li>\n\n\n\n<li><strong>Niacina<\/strong>, tamb\u00e9m conhecida como vitamina B3, a niacina ajuda a melhorar a circula\u00e7\u00e3o sangu\u00ednea no couro cabeludo e promove o crescimento do cabelo.<\/li>\n\n\n\n<li><strong>Saw Palmetto<\/strong>. Acredita-se que esta planta ajuda a reduzir a produ\u00e7\u00e3o da hormona DHT, que est\u00e1 associada \u00e0 queda de cabelo tanto em homens como em mulheres.<\/li>\n\n\n\n<li><strong>Zinco<\/strong>: O zinco \u00e9 um mineral importante para a sa\u00fade do cabelo e ajuda a prevenir a queda de cabelo.<\/li>\n\n\n\n<li><strong>\u00c1cido salic\u00edlico<\/strong>. \u00c9 um esfoliante suave que ajuda a limpar os poros do couro cabeludo e promove um ambiente saud\u00e1vel para o crescimento do cabelo.<\/li>\n\n\n\n<li><strong>\u00d3leo de hortel\u00e3-pimenta<\/strong>. Tem propriedades antimicrobianas e ajuda a estimular a circula\u00e7\u00e3o sangu\u00ednea no couro cabeludo.<\/li>\n<\/ul>\n\n\n\n<h2 class=\"wp-block-heading\"><strong>\u00c9 importante que:<\/strong><\/h2>\n\n\n\n<p>Se observares queda de cabelo, desbaste, zonas vis\u00edveis do couro cabeludo ou queda excessiva e prolongada do cabelo durante mais de tr\u00eas meses, deves consultar um <strong>dermatologista para <\/strong>avaliar a situa\u00e7\u00e3o e aconselhar um profissional para encontrar uma solu\u00e7\u00e3o.<\/p>\n\n\n\n<h2 class=\"wp-block-heading\"><strong>Os melhores champ\u00f4s antiqueda de cabelo da Primor ao melhor pre\u00e7o<\/strong><\/h2>\n\n\n        <product-table >\r\n            <product-headers class=\"grid-table-rows\">\r\n                <div>Foto<\/div>\r\n                <div>Produto<\/div>\r\n                <div>Marca<\/div>\r\n                <div>Avalia\u00e7\u00f5es<\/div>\r\n                <div>Pre\u00e7o<\/div>\r\n            <\/product-headers>\r\n\r\n            <product-list>\r\n                                    <a href=\"https:\/\/www.primor.eu\/pt_pt\/pilexil-champo-anti-queda-11316.html\" class=\"product-item grid-table-rows\" target=\"_blank\">\r\n                        <div>\r\n                            <img decoding=\"async\" class=\"product-img\" width=\"80px\" height=\"80px\" src=\"https:\/\/www.primor.eu\/blog\/pt\/wp-content\/uploads\/2024\/09\/M_6XS05341_1_5459.jpg\" alt=\"\" title=\"\">\r\n                        <\/div>\r\n\r\n                        <!-- Contenido de producto  -->\r\n                        <div>\r\n                            <div class=\"product-position\">\r\n                                #1 Mais Vendidos                            <\/div>\r\n\r\n                            <h2>\r\n                                Champ\u00f4 Antiqueda de Cabelo da Pilexil\u00a0                            <\/h2>\r\n                        <\/div>\r\n\r\n                        <!-- Imagen y\/o nombre de la marca -->\r\n                        <div>\r\n                                                            <img decoding=\"async\" width=\"70\" src=\"https:\/\/www.primor.eu\/blog\/pt\/wp-content\/uploads\/2024\/09\/logo_pilexil.jpg\" alt=\"\" title=\"\">\r\n                                                    <\/div>\r\n\r\n                        <!-- Puntuaci\u00f3n del producto  -->\r\n                        <div class=\"rating\">\r\n                                                            <div class=\"rate\" style=\"--p:100;\"><\/div>\r\n                                <b>5\/5<\/b>\r\n                                <div class=\"rate-stars\">\r\n                                                                            <div\r\n                                            class=\"rate-star  \">\r\n                                        <\/div>\r\n                                                                            <div\r\n                                            class=\"rate-star  \">\r\n                                        <\/div>\r\n                                                                            <div\r\n                                            class=\"rate-star  \">\r\n                                        <\/div>\r\n                                                                            <div\r\n                                            class=\"rate-star  \">\r\n                                        <\/div>\r\n                                                                            <div\r\n                                            class=\"rate-star  \">\r\n                                        <\/div>\r\n                                                                    <\/div>\r\n                                                    <\/div>\r\n\r\n                        <!-- Bot\u00f3n de producto  -->\r\n                        <div>\r\n                            <span class=\"price-claim\">\r\n                                VER PRE\u00c7O                            <\/span>\r\n                        <\/div>\r\n                    <\/a>\r\n                                    <a href=\"https:\/\/www.primor.eu\/pt_pt\/isdin-lambdapil-champo-anti-queda-capilar-10094.html\" class=\"product-item grid-table-rows\" target=\"_blank\">\r\n                        <div>\r\n                            <img decoding=\"async\" class=\"product-img\" width=\"80px\" height=\"80px\" src=\"https:\/\/www.primor.eu\/blog\/pt\/wp-content\/uploads\/2024\/09\/6XS03465_1_8aeb.jpg\" alt=\"\" title=\"\">\r\n                        <\/div>\r\n\r\n                        <!-- Contenido de producto  -->\r\n                        <div>\r\n                            <div class=\"product-position\">\r\n                                #2                            <\/div>\r\n\r\n                            <h2>\r\n                                Lambdapil Champ\u00f4 Antiqueda de Cabelo da Isdin                            <\/h2>\r\n                        <\/div>\r\n\r\n                        <!-- Imagen y\/o nombre de la marca -->\r\n                        <div>\r\n                                                            <img decoding=\"async\" width=\"70\" src=\"https:\/\/www.primor.eu\/blog\/pt\/wp-content\/uploads\/2024\/09\/isdin.png\" alt=\"\" title=\"\">\r\n                                                    <\/div>\r\n\r\n                        <!-- Puntuaci\u00f3n del producto  -->\r\n                        <div class=\"rating\">\r\n                                                            <div class=\"rate\" style=\"--p:100;\"><\/div>\r\n                                <b>5\/5<\/b>\r\n                                <div class=\"rate-stars\">\r\n                                                                            <div\r\n                                            class=\"rate-star  \">\r\n                                        <\/div>\r\n                                                                            <div\r\n                                            class=\"rate-star  \">\r\n                                        <\/div>\r\n                                                                            <div\r\n                                            class=\"rate-star  \">\r\n                                        <\/div>\r\n                                                                            <div\r\n                                            class=\"rate-star  \">\r\n                                        <\/div>\r\n                                                                            <div\r\n                                            class=\"rate-star  \">\r\n                                        <\/div>\r\n                                                                    <\/div>\r\n                                                    <\/div>\r\n\r\n                        <!-- Bot\u00f3n de producto  -->\r\n                        <div>\r\n                            <span class=\"price-claim\">\r\n                                VER PRE\u00c7O                            <\/span>\r\n                        <\/div>\r\n                    <\/a>\r\n                                    <a href=\"https:\/\/www.primor.eu\/pt_pt\/klorane-champo-a-quinina-11530.html\" class=\"product-item grid-table-rows\" target=\"_blank\">\r\n                        <div>\r\n                            <img decoding=\"async\" class=\"product-img\" width=\"80px\" height=\"80px\" src=\"https:\/\/www.primor.eu\/blog\/pt\/wp-content\/uploads\/2024\/09\/M_6XS00084_1_3bfd.jpg\" alt=\"\" title=\"\">\r\n                        <\/div>\r\n\r\n                        <!-- Contenido de producto  -->\r\n                        <div>\r\n                            <div class=\"product-position\">\r\n                                #3                            <\/div>\r\n\r\n                            <h2>\r\n                                Champ\u00f4 Quinine da Klorane\u00a0                            <\/h2>\r\n                        <\/div>\r\n\r\n                        <!-- Imagen y\/o nombre de la marca -->\r\n                        <div>\r\n                                                            <img decoding=\"async\" width=\"70\" src=\"https:\/\/www.primor.eu\/blog\/pt\/wp-content\/uploads\/2024\/09\/KLORANE.jpg\" alt=\"\" title=\"\">\r\n                                                    <\/div>\r\n\r\n                        <!-- Puntuaci\u00f3n del producto  -->\r\n                        <div class=\"rating\">\r\n                                                            <div class=\"rate\" style=\"--p:100;\"><\/div>\r\n                                <b>5\/5<\/b>\r\n                                <div class=\"rate-stars\">\r\n                                                                            <div\r\n                                            class=\"rate-star  \">\r\n                                        <\/div>\r\n                                                                            <div\r\n                                            class=\"rate-star  \">\r\n                                        <\/div>\r\n                                                                            <div\r\n                                            class=\"rate-star  \">\r\n                                        <\/div>\r\n                                                                            <div\r\n                                            class=\"rate-star  \">\r\n                                        <\/div>\r\n                                                                            <div\r\n                                            class=\"rate-star  \">\r\n                                        <\/div>\r\n                                                                    <\/div>\r\n                                                    <\/div>\r\n\r\n                        <!-- Bot\u00f3n de producto  -->\r\n                        <div>\r\n                            <span class=\"price-claim\">\r\n                                VER PRE\u00c7O                            <\/span>\r\n                        <\/div>\r\n                    <\/a>\r\n                                    <a href=\"https:\/\/www.primor.eu\/pt_pt\/vichy-champo-dercos-technique-energia-estimulante-11587.html\" class=\"product-item grid-table-rows\" target=\"_blank\">\r\n                        <div>\r\n                            <img decoding=\"async\" class=\"product-img\" width=\"80px\" height=\"80px\" src=\"https:\/\/www.primor.eu\/blog\/pt\/wp-content\/uploads\/2024\/09\/3337871311292_c720.jpg\" alt=\"\" title=\"\">\r\n                        <\/div>\r\n\r\n                        <!-- Contenido de producto  -->\r\n                        <div>\r\n                            <div class=\"product-position\">\r\n                                #4                            <\/div>\r\n\r\n                            <h2>\r\n                                Champ\u00f4 Dercos Energizante da Vichy\u00a0\u00a0                            <\/h2>\r\n                        <\/div>\r\n\r\n                        <!-- Imagen y\/o nombre de la marca -->\r\n                        <div>\r\n                                                            <img decoding=\"async\" width=\"70\" src=\"https:\/\/www.primor.eu\/blog\/pt\/wp-content\/uploads\/2024\/09\/vichy.png\" alt=\"\" title=\"\">\r\n                                                    <\/div>\r\n\r\n                        <!-- Puntuaci\u00f3n del producto  -->\r\n                        <div class=\"rating\">\r\n                                                            <div class=\"rate\" style=\"--p:100;\"><\/div>\r\n                                <b>5\/5<\/b>\r\n                                <div class=\"rate-stars\">\r\n                                                                            <div\r\n                                            class=\"rate-star  \">\r\n                                        <\/div>\r\n                                                                            <div\r\n                                            class=\"rate-star  \">\r\n                                        <\/div>\r\n                                                                            <div\r\n                                            class=\"rate-star  \">\r\n                                        <\/div>\r\n                                                                            <div\r\n                                            class=\"rate-star  \">\r\n                                        <\/div>\r\n                                                                            <div\r\n                                            class=\"rate-star  \">\r\n                                        <\/div>\r\n                                                                    <\/div>\r\n                                                    <\/div>\r\n\r\n                        <!-- Bot\u00f3n de producto  -->\r\n                        <div>\r\n                            <span class=\"price-claim\">\r\n                                VER PRE\u00c7O                            <\/span>\r\n                        <\/div>\r\n                    <\/a>\r\n                                    <a href=\"https:\/\/www.primor.eu\/pt_pt\/shiseido-champo-anti-queda-de-cabelo-adenogen-8534.html\" class=\"product-item grid-table-rows\" target=\"_blank\">\r\n                        <div>\r\n                            <img decoding=\"async\" class=\"product-img\" width=\"80px\" height=\"80px\" src=\"https:\/\/www.primor.eu\/blog\/pt\/wp-content\/uploads\/2024\/09\/0TM00674_1_61d0.jpg\" alt=\"\" title=\"\">\r\n                        <\/div>\r\n\r\n                        <!-- Contenido de producto  -->\r\n                        <div>\r\n                            <div class=\"product-position\">\r\n                                #5                            <\/div>\r\n\r\n                            <h2>\r\n                                Champ\u00f4 Antiqueda Adenogen da Shiseido                            <\/h2>\r\n                        <\/div>\r\n\r\n                        <!-- Imagen y\/o nombre de la marca -->\r\n                        <div>\r\n                                                            <img decoding=\"async\" width=\"70\" src=\"https:\/\/www.primor.eu\/blog\/pt\/wp-content\/uploads\/2024\/09\/shiseido.png\" alt=\"\" title=\"\">\r\n                                                    <\/div>\r\n\r\n                        <!-- Puntuaci\u00f3n del producto  -->\r\n                        <div class=\"rating\">\r\n                                                            <div class=\"rate\" style=\"--p:100;\"><\/div>\r\n                                <b>5\/5<\/b>\r\n                                <div class=\"rate-stars\">\r\n                                                                            <div\r\n                                            class=\"rate-star  \">\r\n                                        <\/div>\r\n                                                                            <div\r\n                                            class=\"rate-star  \">\r\n                                        <\/div>\r\n                                                                            <div\r\n                                            class=\"rate-star  \">\r\n                                        <\/div>\r\n                                                                            <div\r\n                                            class=\"rate-star  \">\r\n                                        <\/div>\r\n                                                                            <div\r\n                                            class=\"rate-star  \">\r\n                                        <\/div>\r\n                                                                    <\/div>\r\n                                                    <\/div>\r\n\r\n                        <!-- Bot\u00f3n de producto  -->\r\n                        <div>\r\n                            <span class=\"price-claim\">\r\n                                VER PRE\u00c7O                            <\/span>\r\n                        <\/div>\r\n                    <\/a>\r\n                            <\/product-list>\r\n        <\/product-table>\r\n\r\n        \n\n\n\n<h3 class=\"wp-block-heading\">Champ\u00f4 Antiqueda de Cabelo da Pilexil\u00a0<\/h3>\n\n\n\n<p>Uma das op\u00e7\u00f5es mais populares e conhecidas. Ajuda a travar a queda de cabelo, tanto nos homens como nas mulheres, gra\u00e7as \u00e0 sua efic\u00e1cia comprovada e \u00e0 sua f\u00f3rmula composta por saw palmetto, vitaminas e zinco.<\/p>\n\n\n\n    <a class='product' target='_blank' href='https:\/\/www.primor.eu\/pt_pt\/pilexil-champo-anti-queda-105899.html?#854=66342'>\r\n        <img fetchpriority=\"high\" decoding=\"async\" width=\"300\" height=\"300\" loading=\"async\" src=\"https:\/\/cdn2.primor.eu\/media\/catalog\/product\/cache\/8d3aba296f7a18b5251ee30fa5db42b2\/8\/4\/8470001544186_d38d.jpg\" alt=\"\" title=\"\">\r\n            <div class=\"claim\">\r\n                 COMPRAR AGORA            <\/div>\r\n        <\/a>\r\n    \n\n\n\n<h3 class=\"wp-block-heading\">Lambdapil Champ\u00f4 Antiqueda de Cabelo da Isdin<\/h3>\n\n\n\n<p>Este \u00e9 um champ\u00f4 de uso di\u00e1rio que previne e retarda a queda do cabelo, ativando a microcircula\u00e7\u00e3o dos fol\u00edculos capilares e estimulando o crescimento do cabelo gra\u00e7as ao saw palmetto e ao ingrediente multiativo Tricogen\u00ae. Cont\u00e9m tamb\u00e9m vitaminas nutritivas, biotina, zinco e vitamina B que refor\u00e7am a estrutura e a espessura do cabelo.<\/p>\n\n\n\n    <a class='product' target='_blank' href='https:\/\/www.primor.eu\/pt_pt\/isdin-lambdapil-champo-anti-queda-capilar-10094.html'>\r\n        <img decoding=\"async\" width=\"300\" height=\"300\" loading=\"async\" src=\"https:\/\/cdn2.primor.eu\/media\/catalog\/product\/cache\/8d3aba296f7a18b5251ee30fa5db42b2\/6\/X\/6XS03465_1_8aeb.jpg\" alt=\"\" title=\"\">\r\n            <div class=\"claim\">\r\n                 COMPRAR AGORA            <\/div>\r\n        <\/a>\r\n    \n\n\n\n<h3 class=\"wp-block-heading\">Shampoo Specifique Bain Pr\u00e9vention da K\u00e9rastase&nbsp;&nbsp;<\/h3>\n\n\n\n<p>Com propriedades estimulantes, este champ\u00f4 favorece a forma\u00e7\u00e3o da fibra capilar e d\u00e1 volume ao teu cabelo, ativando a microcircula\u00e7\u00e3o, regulando os desequil\u00edbrios do couro cabeludo e ajudando a prevenir a queda de cabelo. Al\u00e9m disso, n\u00e3o cont\u00e9m silicone, \u00e9 antibacteriano e calmante.<\/p>\n\n\n\n    <a class='product' target='_blank' href='https:\/\/www.primor.eu\/pt_pt\/kerastase-specifique-bain-prevention-shampoo-antiqueda-9737.html'>\r\n        <img decoding=\"async\" width=\"300\" height=\"300\" loading=\"async\" src=\"https:\/\/cdn2.primor.eu\/media\/catalog\/product\/cache\/8d3aba296f7a18b5251ee30fa5db42b2\/2\/C\/2CC00651_1_4e5e.jpg\" alt=\"\" title=\"\">\r\n            <div class=\"claim\">\r\n                 COMPRAR AGORA            <\/div>\r\n        <\/a>\r\n    \n\n\n\n<h3 class=\"wp-block-heading\">Champ\u00f4 Tratamento Profissional Controlo da Queda de Cabelo da Herbal<\/h3>\n\n\n\n<p>Controla a queda do cabelo, fortalece e revitaliza os cabelos fracos, dando-lhes brilho e resist\u00eancia gra\u00e7as ao ginseng e ao extrato de bambu.&nbsp; N\u00e3o cont\u00e9m corantes, parabenos e silicones.<\/p>\n\n\n\n    <a class='product' target='_blank' href='https:\/\/www.primor.eu\/pt_pt\/herbal-champo-de-tratamento-profissional-para-controlo-da-queda-de-cabelo-10060.html'>\r\n        <img decoding=\"async\" width=\"300\" height=\"300\" loading=\"async\" src=\"https:\/\/cdn2.primor.eu\/media\/catalog\/product\/cache\/8d3aba296f7a18b5251ee30fa5db42b2\/2\/C\/2CC04135_1_acd6.jpg\" alt=\"\" title=\"\">\r\n            <div class=\"claim\">\r\n                 COMPRAR AGORA            <\/div>\r\n        <\/a>\r\n    \n\n\n\n<h3 class=\"wp-block-heading\">Champ\u00f4 Extrato de Cebola Nuggela &amp; Sul\u00e9<\/h3>\n\n\n\n<p>Este conhecido champ\u00f4 \u00e9 perfeito para cabelos fracos, uma vez que o extrato de cebola estimula o crescimento do cabelo, previne a sua queda e controla a produ\u00e7\u00e3o de caspa e de \u00f3leo. Al\u00e9m disso, gra\u00e7as ao extrato de vinagre, limpa profundamente o cabelo e d\u00e1-lhe brilho e suavidade. Uma boa op\u00e7\u00e3o para fortalecer o teu cabelo se estiveres \u00e0 procura do melhor champ\u00f4 antiqueda.<\/p>\n\n\n\n    <a class='product' target='_blank' href='https:\/\/www.primor.eu\/pt_pt\/nuggela-sule-champo-de-cebola-105905.html?#854=66338'>\r\n        <img decoding=\"async\" width=\"300\" height=\"300\" loading=\"async\" src=\"https:\/\/cdn2.primor.eu\/media\/catalog\/product\/cache\/8d3aba296f7a18b5251ee30fa5db42b2\/8\/4\/8437014761009_a7eb.jpg\" alt=\"\" title=\"\">\r\n            <div class=\"claim\">\r\n                 COMPRAR AGORA            <\/div>\r\n        <\/a>\r\n    \n\n\n\n<h3 class=\"wp-block-heading\">Champ\u00f4 Tonificante Antiqueda para Homem da Apivita\u00a0<\/h3>\n\n\n\n<p>Ajuda a controlar a queda de cabelo sazonal e heredit\u00e1ria, promovendo o crescimento gra\u00e7as a um complexo tonificante patenteado que prolonga a vida do cabelo. \u00c9 tamb\u00e9m enriquecido com ingredientes estimulantes, como vitaminas, prote\u00ednas de trigo e extratos de ginseng, cinchona, tomilho, lavanda e \u00f3leos essenciais de \u00e1rvore de ch\u00e1, hortel\u00e3-pimenta e lim\u00e3o.<\/p>\n\n\n\n    <a class='product' target='_blank' href='https:\/\/www.primor.eu\/pt_pt\/apivita-champo-tonificante-anti-queda-de-cabelo-para-homem-10397.html'>\r\n        <img decoding=\"async\" width=\"300\" height=\"300\" loading=\"async\" src=\"https:\/\/cdn2.primor.eu\/media\/catalog\/product\/cache\/8d3aba296f7a18b5251ee30fa5db42b2\/6\/X\/6XS09311_1_31a8.jpg\" alt=\"\" title=\"\">\r\n            <div class=\"claim\">\r\n                 COMPRAR AGORA            <\/div>\r\n        <\/a>\r\n    \n\n\n\n<h3 class=\"wp-block-heading\">Champ\u00f4 Antiqueda Pro You The Winner da Revlon<\/h3>\n\n\n\n<p>Limpa os cabelos fracos e finos e refor\u00e7a a sua estrutura, revitaliza os cabelos quebradi\u00e7os, mant\u00e9m a densidade e hidrata o couro cabeludo. D\u00e1 brilho e \u00e9 adequado para uso di\u00e1rio.<\/p>\n\n\n\n    <a class='product' target='_blank' href='https:\/\/www.primor.eu\/pt_pt\/revlon-champo-anti-queda-pro-you-the-winner-9039.html'>\r\n        <img decoding=\"async\" width=\"300\" height=\"300\" loading=\"async\" src=\"https:\/\/cdn2.primor.eu\/media\/catalog\/product\/cache\/8d3aba296f7a18b5251ee30fa5db42b2\/2\/C\/2CC03737_1_2470.jpg\" alt=\"\" title=\"\">\r\n            <div class=\"claim\">\r\n                 COMPRAR AGORA            <\/div>\r\n        <\/a>\r\n    \n\n\n\n<h3 class=\"wp-block-heading\">Champ\u00f4 Antiqueda Trif\u00e1sico de Ren\u00e9 Furterer\u00a0<\/h3>\n\n\n\n<p>Combina \u00f3leos essenciais antiqueda de cabelo, como o extrato de pfaffia, o \u00f3leo essencial de laranja, o \u00f3leo essencial de lavanda e o \u00f3leo essencial de alecrim. O resultado \u00e9 um cabelo revitalizado, mais forte, mais f\u00e1cil de desembara\u00e7ar, mais macio e mais brilhante.<\/p>\n\n\n\n    <a class='product' target='_blank' href='https:\/\/www.primor.eu\/pt_pt\/rene-furterer-champo-triphasic-anti-queda-9129.html'>\r\n        <img decoding=\"async\" width=\"300\" height=\"300\" loading=\"async\" src=\"https:\/\/cdn2.primor.eu\/media\/catalog\/product\/cache\/8d3aba296f7a18b5251ee30fa5db42b2\/6\/X\/6XS12519_1_603b.jpg\" alt=\"\" title=\"\">\r\n            <div class=\"claim\">\r\n                 COMPRAR AGORA            <\/div>\r\n        <\/a>\r\n    \n\n\n\n<h3 class=\"wp-block-heading\">Champ\u00f4 Quinine da Klorane\u00a0<\/h3>\n\n\n\n<p>Atua como um fortalecedor do cabelo para promover o crescimento do cabelo e prevenir a queda do cabelo. \u00c9 enriquecido com vitamina B, extrato de Quinino e edelvais org\u00e2nicos para limpar enquanto estimula o crescimento e a nutri\u00e7\u00e3o do cabelo.<\/p>\n\n\n\n    <a class='product' target='_blank' href='https:\/\/www.primor.eu\/pt_pt\/klorane-champo-a-quinina-105885.html?#863=67100'>\r\n        <img decoding=\"async\" width=\"300\" height=\"300\" loading=\"async\" src=\"https:\/\/cdn2.primor.eu\/media\/catalog\/product\/cache\/8d3aba296f7a18b5251ee30fa5db42b2\/i\/m\/img_6XS00084_1_adc0.jpg\" alt=\"\" title=\"\">\r\n            <div class=\"claim\">\r\n                 COMPRAR AGORA            <\/div>\r\n        <\/a>\r\n    \n\n\n\n<h3 class=\"wp-block-heading\">Champ\u00f4 Dercos Energizante da Vichy\u00a0\u00a0<\/h3>\n\n\n\n<p>Reduz a queda de cabelo abundante e atua como um produto de limpeza suave. O seu sucesso deve-se \u00e0 sua formula\u00e7\u00e3o \u00e0 base de Aminexil, um composto completo antiqueda de cabelo que cont\u00e9m um cocktail de vitaminas. Melhora a elasticidade e a flexibilidade das zonas mais pr\u00f3ximas das ra\u00edzes, evitando a queda de cabelo devido \u00e0 quebra prematura e promovendo uma melhor ader\u00eancia do cabelo.<\/p>\n\n\n\n    <a class='product' target='_blank' href='https:\/\/www.primor.eu\/pt_pt\/vichy-champo-dercos-technique-energia-estimulante-105884.html?#854=66337'>\r\n        <img decoding=\"async\" width=\"300\" height=\"300\" loading=\"async\" src=\"https:\/\/cdn2.primor.eu\/media\/catalog\/product\/cache\/8d3aba296f7a18b5251ee30fa5db42b2\/3\/3\/3337871311292_0c2a.jpg\" alt=\"\" title=\"\">\r\n            <div class=\"claim\">\r\n                 COMPRAR AGORA            <\/div>\r\n        <\/a>\r\n    \n\n\n\n<h3 class=\"wp-block-heading\">Champ\u00f4 Antiqueda Adenogen da Shiseido<\/h3>\n\n\n\n<p>\u00c9 um champ\u00f4 fortalecedor especialmente indicado para cabelos fracos e queda de cabelo. A sua f\u00f3rmula limpa em profundidade, nutre e hidrata o cabelo. Al\u00e9m disso, previne a caspa, a comich\u00e3o e a secura gra\u00e7as \u00e0 sua f\u00f3rmula enriquecida com ingredientes antibacterianos e vitamina E, que tamb\u00e9m previnem a queda do cabelo. Ver\u00e1s que o teu cabelo fica muito mais saud\u00e1vel, flex\u00edvel e forte com o uso cont\u00ednuo.\u00a0<\/p>\n\n\n\n    <a class='product' target='_blank' href='https:\/\/www.primor.eu\/pt_pt\/shiseido-champo-anti-queda-de-cabelo-adenogen-8534.html'>\r\n        <img decoding=\"async\" width=\"300\" height=\"300\" loading=\"async\" src=\"https:\/\/cdn2.primor.eu\/media\/catalog\/product\/cache\/8d3aba296f7a18b5251ee30fa5db42b2\/0\/T\/0TM00674_1_61d0.jpg\" alt=\"\" title=\"\">\r\n            <div class=\"claim\">\r\n                 COMPRAR AGORA            <\/div>\r\n        <\/a>\r\n    \n\n\n\n<h3 class=\"wp-block-heading\">Champ\u00f4 em Creme Anaphase da Ducray<\/h3>\n\n\n\n<p>\u00c9 um champ\u00f4 em formato creme de uso frequente para cabelos enfraquecidos com tend\u00eancia a cair que devolve volume, for\u00e7a e vigor ao teu cabelo. A sua f\u00f3rmula inovadora fortifica os cabelos mais desvitalizados para lhes devolver a for\u00e7a, o volume e o vigor.<\/p>\n\n\n\n    <a class='product' target='_blank' href='https:\/\/www.primor.eu\/pt_pt\/ducray-shampoo-estimulante-anti-queda-de-anaphase-107308.html?#863=66994'>\r\n        <img decoding=\"async\" width=\"300\" height=\"300\" loading=\"async\" src=\"https:\/\/cdn2.primor.eu\/media\/catalog\/product\/cache\/8d3aba296f7a18b5251ee30fa5db42b2\/i\/m\/img_6XS08044_1_9641.jpg\" alt=\"\" title=\"\">\r\n            <div class=\"claim\">\r\n                 COMPRAR AGORA            <\/div>\r\n        <\/a>\r\n    \n","protected":false},"excerpt":{"rendered":"<p>A procura dos melhores champ\u00f4s antiqueda de cabelo tornou-se um tema de preocupa\u00e7\u00e3o para homens e mulheres em todo o mundo. Os cosm\u00e9ticos para prevenir a alopecia e evitar a queda de cabelo (como champ\u00f4s, ampolas, s\u00e9runs e outros produtos) s\u00e3o a forma perfeita de manter uma higiene adequada e atender \u00e0s necessidades do couro [&hellip;]<\/p>\n","protected":false},"author":6,"featured_media":285,"comment_status":"closed","ping_status":"closed","sticky":false,"template":"","format":"standard","meta":{"jnews-multi-image_gallery":[],"jnews_single_post":{"subtitle":"","format":"standard","video":"","gallery":"","source_name":"","source_url":"","via_name":"","via_url":"","override_template":"0","override":[{"template":"1","single_blog_custom":"","parallax":"1","fullscreen":"1","layout":"right-sidebar","sidebar":"default-sidebar","second_sidebar":"default-sidebar","sticky_sidebar":"0","share_position":"float","share_float_style":"share-monocrhome","show_share_counter":"0","show_view_counter":"0","show_featured":"1","show_post_meta":"1","show_post_author":"0","show_post_author_image":"1","show_post_date":"1","post_date_format":"default","post_date_format_custom":"Y\/m\/d","show_post_category":"1","show_post_reading_time":"0","post_reading_time_wpm":"300","show_zoom_button":"0","zoom_button_out_step":"2","zoom_button_in_step":"3","show_post_tag":"0","show_prev_next_post":"0","show_popup_post":"0","number_popup_post":"2","show_author_box":"0","show_post_related":"0","show_inline_post_related":"1"}],"override_image_size":"0","image_override":[{"single_post_thumbnail_size":"no-crop","single_post_gallery_size":"crop-500"}],"trending_post":"0","trending_post_position":"meta","trending_post_label":"Trending","sponsored_post":"0","sponsored_post_label":"Sponsored by","sponsored_post_name":"","sponsored_post_url":"","sponsored_post_logo_enable":"0","sponsored_post_logo":"","sponsored_post_desc":"","disable_ad":"0"},"jnews_primary_category":{"id":"","hide":""},"jnews_social_meta":{"fb_title":"","fb_description":"","fb_image":"","twitter_title":"","twitter_description":"","twitter_image":""},"jnews_override_counter":{"override_view_counter":"0","view_counter_number":"0","override_share_counter":"0","share_counter_number":"0","override_like_counter":"0","like_counter_number":"0","override_dislike_counter":"0","dislike_counter_number":"0"},"footnotes":""},"categories":[5],"tags":[],"class_list":["post-271","post","type-post","status-publish","format-standard","has-post-thumbnail","hentry","category-cabelo"],"_links":{"self":[{"href":"https:\/\/www.primor.eu\/blog\/pt\/wp-json\/wp\/v2\/posts\/271","targetHints":{"allow":["GET"]}}],"collection":[{"href":"https:\/\/www.primor.eu\/blog\/pt\/wp-json\/wp\/v2\/posts"}],"about":[{"href":"https:\/\/www.primor.eu\/blog\/pt\/wp-json\/wp\/v2\/types\/post"}],"author":[{"embeddable":true,"href":"https:\/\/www.primor.eu\/blog\/pt\/wp-json\/wp\/v2\/users\/6"}],"replies":[{"embeddable":true,"href":"https:\/\/www.primor.eu\/blog\/pt\/wp-json\/wp\/v2\/comments?post=271"}],"version-history":[{"count":6,"href":"https:\/\/www.primor.eu\/blog\/pt\/wp-json\/wp\/v2\/posts\/271\/revisions"}],"predecessor-version":[{"id":2116,"href":"https:\/\/www.primor.eu\/blog\/pt\/wp-json\/wp\/v2\/posts\/271\/revisions\/2116"}],"wp:featuredmedia":[{"embeddable":true,"href":"https:\/\/www.primor.eu\/blog\/pt\/wp-json\/wp\/v2\/media\/285"}],"wp:attachment":[{"href":"https:\/\/www.primor.eu\/blog\/pt\/wp-json\/wp\/v2\/media?parent=271"}],"wp:term":[{"taxonomy":"category","embeddable":true,"href":"https:\/\/www.primor.eu\/blog\/pt\/wp-json\/wp\/v2\/categories?post=271"},{"taxonomy":"post_tag","embeddable":true,"href":"https:\/\/www.primor.eu\/blog\/pt\/wp-json\/wp\/v2\/tags?post=271"}],"curies":[{"name":"wp","href":"https:\/\/api.w.org\/{rel}","templated":true}]}}