
{"id":253,"date":"2024-07-23T09:17:08","date_gmt":"2024-07-23T08:17:08","guid":{"rendered":"https:\/\/www.primor.eu\/blog\/pt\/?p=253"},"modified":"2024-09-26T07:19:17","modified_gmt":"2024-09-26T06:19:17","slug":"balsamos-labiais-farmacia","status":"publish","type":"post","link":"https:\/\/www.primor.eu\/blog\/pt\/balsamos-labiais-farmacia\/","title":{"rendered":"Os 15 melhores b\u00e1lsamos labiais de farm\u00e1cia"},"content":{"rendered":"\n<p>Uma das sensa\u00e7\u00f5es mais desconfort\u00e1veis do mundo \u00e9 sentir que os teus l\u00e1bios est\u00e3o secos, gretados ou \u00e1speros. Esta situa\u00e7\u00e3o \u00e9 inevitavelmente agravada no inverno. Porque o frio afeta esta pele fina e vulner\u00e1vel, causando estragos, como feridas ou fissuras. No entanto, no teu dia a dia, a melhor solu\u00e7\u00e3o, mais pr\u00e1tica e funcional, \u00e9 recorrer a bons <strong>b\u00e1lsamos labiais de farm\u00e1cia <\/strong>que d\u00e3o aos teus l\u00e1bios o conforto de que necessitam para uma sensa\u00e7\u00e3o muito agrad\u00e1vel.&nbsp;<\/p>\n\n\n\n<p>S\u00e3o todos iguais? N\u00e3o, n\u00e3o s\u00e3o, mas os especialistas revelaram que os <strong>b\u00e1lsamos labiais de farm\u00e1cia<\/strong> hidratam em profundidade, reparam as fissuras e proporcionam o conforto absoluto e imediato de que todas precisamos para esta pele fina que necessita de tanta aten\u00e7\u00e3o.&nbsp;<\/p>\n\n\n        <product-table >\r\n            <product-headers class=\"grid-table-rows\">\r\n                <div>Foto<\/div>\r\n                <div>Produto<\/div>\r\n                <div>Marca<\/div>\r\n                <div>Avalia\u00e7\u00f5es<\/div>\r\n                <div>Pre\u00e7o<\/div>\r\n            <\/product-headers>\r\n\r\n            <product-list>\r\n                                    <a href=\"https:\/\/www.primor.eu\/pt_pt\/ducray-keracnyl-repair-balsamo-labial-15579.html#\" class=\"product-item grid-table-rows\" target=\"_blank\">\r\n                        <div>\r\n                            <img decoding=\"async\" class=\"product-img\" width=\"80px\" height=\"80px\" src=\"https:\/\/www.primor.eu\/blog\/pt\/wp-content\/uploads\/2024\/09\/6XS07118_1_be9c.jpg\" alt=\"\" title=\"\">\r\n                        <\/div>\r\n\r\n                        <!-- Contenido de producto  -->\r\n                        <div>\r\n                            <div class=\"product-position\">\r\n                                #1 Mais Vendidos                            <\/div>\r\n\r\n                            <h2>\r\n                                Ducray B\u00e1lsamo Labial\u00a0                            <\/h2>\r\n                        <\/div>\r\n\r\n                        <!-- Imagen y\/o nombre de la marca -->\r\n                        <div>\r\n                                                            <img decoding=\"async\" width=\"70\" src=\"https:\/\/www.primor.eu\/blog\/pt\/wp-content\/uploads\/2024\/09\/DUCRAY.jpg\" alt=\"\" title=\"\">\r\n                                                    <\/div>\r\n\r\n                        <!-- Puntuaci\u00f3n del producto  -->\r\n                        <div class=\"rating\">\r\n                                                            <div class=\"rate\" style=\"--p:100;\"><\/div>\r\n                                <b>5\/5<\/b>\r\n                                <div class=\"rate-stars\">\r\n                                                                            <div\r\n                                            class=\"rate-star  \">\r\n                                        <\/div>\r\n                                                                            <div\r\n                                            class=\"rate-star  \">\r\n                                        <\/div>\r\n                                                                            <div\r\n                                            class=\"rate-star  \">\r\n                                        <\/div>\r\n                                                                            <div\r\n                                            class=\"rate-star  \">\r\n                                        <\/div>\r\n                                                                            <div\r\n                                            class=\"rate-star  \">\r\n                                        <\/div>\r\n                                                                    <\/div>\r\n                                                    <\/div>\r\n\r\n                        <!-- Bot\u00f3n de producto  -->\r\n                        <div>\r\n                            <span class=\"price-claim\">\r\n                                VER PRE\u00c7O                            <\/span>\r\n                        <\/div>\r\n                    <\/a>\r\n                                    <a href=\"https:\/\/www.primor.eu\/pt_pt\/kneipp-balsamo-labial-com-cor-108838.html#\" class=\"product-item grid-table-rows\" target=\"_blank\">\r\n                        <div>\r\n                            <img decoding=\"async\" class=\"product-img\" width=\"80px\" height=\"80px\" src=\"https:\/\/www.primor.eu\/blog\/pt\/wp-content\/uploads\/2024\/09\/4008233160214_e68a.jpg\" alt=\"\" title=\"\">\r\n                        <\/div>\r\n\r\n                        <!-- Contenido de producto  -->\r\n                        <div>\r\n                            <div class=\"product-position\">\r\n                                #2                            <\/div>\r\n\r\n                            <h2>\r\n                                Kneipp B\u00e1lsamo Labial com Cor                            <\/h2>\r\n                        <\/div>\r\n\r\n                        <!-- Imagen y\/o nombre de la marca -->\r\n                        <div>\r\n                                                            <img decoding=\"async\" width=\"70\" src=\"https:\/\/www.primor.eu\/blog\/pt\/wp-content\/uploads\/2024\/09\/Kneipp_Logo_final_1.jpg\" alt=\"\" title=\"\">\r\n                                                    <\/div>\r\n\r\n                        <!-- Puntuaci\u00f3n del producto  -->\r\n                        <div class=\"rating\">\r\n                                                            <div class=\"rate\" style=\"--p:100;\"><\/div>\r\n                                <b>5\/5<\/b>\r\n                                <div class=\"rate-stars\">\r\n                                                                            <div\r\n                                            class=\"rate-star  \">\r\n                                        <\/div>\r\n                                                                            <div\r\n                                            class=\"rate-star  \">\r\n                                        <\/div>\r\n                                                                            <div\r\n                                            class=\"rate-star  \">\r\n                                        <\/div>\r\n                                                                            <div\r\n                                            class=\"rate-star  \">\r\n                                        <\/div>\r\n                                                                            <div\r\n                                            class=\"rate-star  \">\r\n                                        <\/div>\r\n                                                                    <\/div>\r\n                                                    <\/div>\r\n\r\n                        <!-- Bot\u00f3n de producto  -->\r\n                        <div>\r\n                            <span class=\"price-claim\">\r\n                                VER PRE\u00c7O                            <\/span>\r\n                        <\/div>\r\n                    <\/a>\r\n                                    <a href=\"https:\/\/www.primor.eu\/pt_pt\/neutrogena-balsamo-nariz-e-labios-reparac-o-imediata-16970.html\" class=\"product-item grid-table-rows\" target=\"_blank\">\r\n                        <div>\r\n                            <img decoding=\"async\" class=\"product-img\" width=\"80px\" height=\"80px\" src=\"https:\/\/www.primor.eu\/blog\/pt\/wp-content\/uploads\/2024\/09\/3574661727035_01_bf1b.jpg\" alt=\"\" title=\"\">\r\n                        <\/div>\r\n\r\n                        <!-- Contenido de producto  -->\r\n                        <div>\r\n                            <div class=\"product-position\">\r\n                                #3                            <\/div>\r\n\r\n                            <h2>\r\n                                Neutrogena B\u00e1lsamo Nariz e L\u00e1bios Repara\u00e7\u00e3o Imediata                            <\/h2>\r\n                        <\/div>\r\n\r\n                        <!-- Imagen y\/o nombre de la marca -->\r\n                        <div>\r\n                                                            <img decoding=\"async\" width=\"70\" src=\"https:\/\/www.primor.eu\/blog\/pt\/wp-content\/uploads\/2024\/09\/Neutrogena.jpg\" alt=\"\" title=\"\">\r\n                                                    <\/div>\r\n\r\n                        <!-- Puntuaci\u00f3n del producto  -->\r\n                        <div class=\"rating\">\r\n                                                            <div class=\"rate\" style=\"--p:100;\"><\/div>\r\n                                <b>5\/5<\/b>\r\n                                <div class=\"rate-stars\">\r\n                                                                            <div\r\n                                            class=\"rate-star  \">\r\n                                        <\/div>\r\n                                                                            <div\r\n                                            class=\"rate-star  \">\r\n                                        <\/div>\r\n                                                                            <div\r\n                                            class=\"rate-star  \">\r\n                                        <\/div>\r\n                                                                            <div\r\n                                            class=\"rate-star  \">\r\n                                        <\/div>\r\n                                                                            <div\r\n                                            class=\"rate-star  \">\r\n                                        <\/div>\r\n                                                                    <\/div>\r\n                                                    <\/div>\r\n\r\n                        <!-- Bot\u00f3n de producto  -->\r\n                        <div>\r\n                            <span class=\"price-claim\">\r\n                                VER PRE\u00c7O                            <\/span>\r\n                        <\/div>\r\n                    <\/a>\r\n                                    <a href=\"https:\/\/www.primor.eu\/pt_pt\/eucerin-balsamo-labial-15028.html#\" class=\"product-item grid-table-rows\" target=\"_blank\">\r\n                        <div>\r\n                            <img decoding=\"async\" class=\"product-img\" width=\"80px\" height=\"80px\" src=\"https:\/\/www.primor.eu\/blog\/pt\/wp-content\/uploads\/2024\/09\/4005800178054_1_fc30.png\" alt=\"\" title=\"\">\r\n                        <\/div>\r\n\r\n                        <!-- Contenido de producto  -->\r\n                        <div>\r\n                            <div class=\"product-position\">\r\n                                #4                            <\/div>\r\n\r\n                            <h2>\r\n                                Eucerin Protetor de L\u00e1bios                            <\/h2>\r\n                        <\/div>\r\n\r\n                        <!-- Imagen y\/o nombre de la marca -->\r\n                        <div>\r\n                                                            <img decoding=\"async\" width=\"70\" src=\"https:\/\/www.primor.eu\/blog\/pt\/wp-content\/uploads\/2024\/09\/Eucerin_logo.svg_1.png\" alt=\"\" title=\"\">\r\n                                                    <\/div>\r\n\r\n                        <!-- Puntuaci\u00f3n del producto  -->\r\n                        <div class=\"rating\">\r\n                                                            <div class=\"rate\" style=\"--p:100;\"><\/div>\r\n                                <b>5\/5<\/b>\r\n                                <div class=\"rate-stars\">\r\n                                                                            <div\r\n                                            class=\"rate-star  \">\r\n                                        <\/div>\r\n                                                                            <div\r\n                                            class=\"rate-star  \">\r\n                                        <\/div>\r\n                                                                            <div\r\n                                            class=\"rate-star  \">\r\n                                        <\/div>\r\n                                                                            <div\r\n                                            class=\"rate-star  \">\r\n                                        <\/div>\r\n                                                                            <div\r\n                                            class=\"rate-star  \">\r\n                                        <\/div>\r\n                                                                    <\/div>\r\n                                                    <\/div>\r\n\r\n                        <!-- Bot\u00f3n de producto  -->\r\n                        <div>\r\n                            <span class=\"price-claim\">\r\n                                VER PRE\u00c7O                            <\/span>\r\n                        <\/div>\r\n                    <\/a>\r\n                                    <a href=\"https:\/\/www.primor.eu\/pt_pt\/la-roche-posay-cicaplast-labios-b5-14341.html#\" class=\"product-item grid-table-rows\" target=\"_blank\">\r\n                        <div>\r\n                            <img decoding=\"async\" class=\"product-img\" width=\"80px\" height=\"80px\" src=\"https:\/\/www.primor.eu\/blog\/pt\/wp-content\/uploads\/2024\/09\/30106659_d733.jpg\" alt=\"\" title=\"\">\r\n                        <\/div>\r\n\r\n                        <!-- Contenido de producto  -->\r\n                        <div>\r\n                            <div class=\"product-position\">\r\n                                #5                            <\/div>\r\n\r\n                            <h2>\r\n                                La Roche-Posay Cicaplast L\u00e1bios B5\u00a0                            <\/h2>\r\n                        <\/div>\r\n\r\n                        <!-- Imagen y\/o nombre de la marca -->\r\n                        <div>\r\n                                                            <img decoding=\"async\" width=\"70\" src=\"https:\/\/www.primor.eu\/blog\/pt\/wp-content\/uploads\/2024\/09\/la-roche-posay.png\" alt=\"\" title=\"\">\r\n                                                    <\/div>\r\n\r\n                        <!-- Puntuaci\u00f3n del producto  -->\r\n                        <div class=\"rating\">\r\n                                                            <div class=\"rate\" style=\"--p:100;\"><\/div>\r\n                                <b>5\/5<\/b>\r\n                                <div class=\"rate-stars\">\r\n                                                                            <div\r\n                                            class=\"rate-star  \">\r\n                                        <\/div>\r\n                                                                            <div\r\n                                            class=\"rate-star  \">\r\n                                        <\/div>\r\n                                                                            <div\r\n                                            class=\"rate-star  \">\r\n                                        <\/div>\r\n                                                                            <div\r\n                                            class=\"rate-star  \">\r\n                                        <\/div>\r\n                                                                            <div\r\n                                            class=\"rate-star  \">\r\n                                        <\/div>\r\n                                                                    <\/div>\r\n                                                    <\/div>\r\n\r\n                        <!-- Bot\u00f3n de producto  -->\r\n                        <div>\r\n                            <span class=\"price-claim\">\r\n                                VER PRE\u00c7O                            <\/span>\r\n                        <\/div>\r\n                    <\/a>\r\n                            <\/product-list>\r\n        <\/product-table>\r\n\r\n        \n\n\n\n<h3 class=\"wp-block-heading\">Ducray B\u00e1lsamo Labial&nbsp;<\/h3>\n\n\n\n<p>Proporciona um cuidado reparador di\u00e1rio aos l\u00e1bios secos e danificados gra\u00e7as \u00e0 sua f\u00f3rmula \u00e0 base de hidroxidecina, vitaminas E e F, di\u00f3xido de tit\u00e2nio e ceras microcristalinas formadoras de pel\u00edcula. Nota um al\u00edvio imediato.&nbsp;<\/p>\n\n\n\n    <a class='product' target='_blank' href='https:\/\/www.primor.eu\/pt_pt\/ducray-keracnyl-repair-balsamo-labial-15579.html'>\r\n        <img fetchpriority=\"high\" decoding=\"async\" width=\"300\" height=\"300\" loading=\"async\" src=\"https:\/\/cdn2.primor.eu\/media\/catalog\/product\/cache\/8d3aba296f7a18b5251ee30fa5db42b2\/6\/X\/6XS07118_1_be9c.jpg\" alt=\"\" title=\"\">\r\n            <div class=\"claim\">\r\n                 COMPRAR AGORA            <\/div>\r\n        <\/a>\r\n    \n\n\n\n<h3 class=\"wp-block-heading\">Kneipp B\u00e1lsamo Labial com Cor<\/h3>\n\n\n\n<p>O b\u00e1lsamo labial colorido Kneipp combina um cuidado 100% natural de longa dura\u00e7\u00e3o com um toque sensual de cor que real\u00e7a a beleza dos teus l\u00e1bios para um aspeto maravilhosamente natural. Gra\u00e7as \u00e0s suas ceras naturais, \u00f3leos naturais e pigmentos naturais, cuida e d\u00e1 cor aos teus l\u00e1bios sem os secar.<\/p>\n\n\n\n        <div class=\"product-error\" data-ref=\"https:\/\/www.primor.eu\/pt_pt\/kneipp-balsamo-labial-con-color-46811.html\">\r\n            Produto indispon\u00edvel        <\/div>\r\n        \n\n\n\n<h3 class=\"wp-block-heading\">Neutrogena B\u00e1lsamo Nariz e L\u00e1bios Repara\u00e7\u00e3o Imediata<\/h3>\n\n\n\n<p>Hidrata e repara intensamente a pele. Com uma f\u00f3rmula norueguesa hipoalerg\u00e9nica, rica em glicerina e cera de abelha, protege, cicatriza e previne a secura em zonas sens\u00edveis. Ideal para al\u00edvio r\u00e1pido e hidrata\u00e7\u00e3o duradoura, este b\u00e1lsamo \u00e9 perfeito para o dia a dia.<\/p>\n\n\n\n    <a class='product' target='_blank' href='https:\/\/www.primor.eu\/pt_pt\/neutrogena-balsamo-nariz-e-labios-reparac-o-imediata-16970.html'>\r\n        <img decoding=\"async\" width=\"300\" height=\"300\" loading=\"async\" src=\"https:\/\/cdn2.primor.eu\/media\/catalog\/product\/cache\/8d3aba296f7a18b5251ee30fa5db42b2\/6\/X\/6XS00847_1_42a1.jpg\" alt=\"\" title=\"\">\r\n            <div class=\"claim\">\r\n                 COMPRAR AGORA            <\/div>\r\n        <\/a>\r\n    \n\n\n\n<h3 class=\"wp-block-heading\">Eucerin Protetor de L\u00e1bios<\/h3>\n\n\n\n<p>Formulados com dexpantenol e vitamina E, protegem das intemp\u00e9ries e de outros fatores externos, como a exposi\u00e7\u00e3o aos raios UV e a humidade insuficiente, acalmam e hidratam a pele, mantendo a humidade e a suavidade naturais dos teus l\u00e1bios.<\/p>\n\n\n\n    <a class='product' target='_blank' href='https:\/\/www.primor.eu\/pt_pt\/eucerin-balsamo-labial-15028.html'>\r\n        <img decoding=\"async\" width=\"300\" height=\"300\" loading=\"async\" src=\"https:\/\/cdn2.primor.eu\/media\/catalog\/product\/cache\/8d3aba296f7a18b5251ee30fa5db42b2\/6\/X\/6XS01174_1_d34d.jpg\" alt=\"\" title=\"\">\r\n            <div class=\"claim\">\r\n                 COMPRAR AGORA            <\/div>\r\n        <\/a>\r\n    \n\n\n\n<h3 class=\"wp-block-heading\">Kneipp B\u00e1lsamo Labial Repair &amp; Prevent<\/h3>\n\n\n\n<p>Perfeito para um cuidado 100% natural dos l\u00e1bios, com valiosos extratos de camomila e erva-cidreira para l\u00e1bios muito stressados. Proporciona um cuidado intensivo e repara os l\u00e1bios secos e gretados, com efeito imediato.<\/p>\n\n\n\n        <div class=\"product-error\" data-ref=\"https:\/\/www.primor.eu\/pt_pt\/kneipp-balsamo-labial-repair-prevent-81756.html\">\r\n            Produto indispon\u00edvel        <\/div>\r\n        \n\n\n\n<h3 class=\"wp-block-heading\">La Roche-Posay Cicaplast L\u00e1bios B5&nbsp;<\/h3>\n\n\n\n<p>Um b\u00e1lsamo labial que repara, protege, acalma e reconstr\u00f3i os l\u00e1bios. No entanto, o segredo deste b\u00e1lsamo labial \u00e9 a sua f\u00f3rmula que combina Pantenol com Madecassoside.<\/p>\n\n\n\n    <a class='product' target='_blank' href='https:\/\/www.primor.eu\/pt_pt\/la-roche-posay-cicaplast-labios-b5-14341.html'>\r\n        <img decoding=\"async\" width=\"300\" height=\"300\" loading=\"async\" src=\"https:\/\/cdn2.primor.eu\/media\/catalog\/product\/cache\/8d3aba296f7a18b5251ee30fa5db42b2\/3\/0\/30106659_d733.jpg\" alt=\"\" title=\"\">\r\n            <div class=\"claim\">\r\n                 COMPRAR AGORA            <\/div>\r\n        <\/a>\r\n    \n\n\n\n<h3 class=\"wp-block-heading\">Weleda B\u00e1lsamo Labial Skin Food<\/h3>\n\n\n\n<p>O b\u00e1lsamo preferido da Victoria Beckham porque repara e proporciona um al\u00edvio imediato aos l\u00e1bios secos, gretados e cortados. A sua textura rica em viola, camomila e cal\u00eandula nutre, suaviza e alisa os teus l\u00e1bios com apenas uma passagem. O b\u00e1lsamo deixa-os macios, suaves e prontos para beijar.<\/p>\n\n\n\n    <a class='product' target='_blank' href='https:\/\/www.primor.eu\/pt_pt\/weleda-balsamo-para-labios-reparador-de-alimentos-para-a-pele-41815.html'>\r\n        <img decoding=\"async\" width=\"300\" height=\"300\" loading=\"async\" src=\"https:\/\/cdn2.primor.eu\/media\/catalog\/product\/cache\/8d3aba296f7a18b5251ee30fa5db42b2\/6\/X\/6XS13614_1_c857.jpg\" alt=\"\" title=\"\">\r\n            <div class=\"claim\">\r\n                 COMPRAR AGORA            <\/div>\r\n        <\/a>\r\n    \n\n\n\n<h3 class=\"wp-block-heading\">Vichy B\u00e1lsamo Labial Natural Blend&nbsp;<\/h3>\n\n\n\n<p>\u00c9 um batom 96% natural que hidrata os teus l\u00e1bios e proporciona uma cor de longa dura\u00e7\u00e3o. Formulado com uma mistura nutritiva de manteiga de coco e \u00f3leos naturais, repara os l\u00e1bios secos e gretados, dando-lhes uma sensa\u00e7\u00e3o de conforto duradouro. Uma das suas grandes vantagens \u00e9 que, para al\u00e9m de hidratar, d\u00e1 uma cor natural aos teus l\u00e1bios, ao mesmo tempo que os perfuma.<\/p>\n\n\n\n    <a class='product' target='_blank' href='https:\/\/www.primor.eu\/pt_pt\/vichy-protetor-de-vara-de-soleil-capital-54973.html'>\r\n        <img decoding=\"async\" width=\"300\" height=\"300\" loading=\"async\" src=\"https:\/\/cdn2.primor.eu\/media\/catalog\/product\/cache\/8d3aba296f7a18b5251ee30fa5db42b2\/6\/X\/6XS00395_1_4bf4.jpg\" alt=\"\" title=\"\">\r\n            <div class=\"claim\">\r\n                 COMPRAR AGORA            <\/div>\r\n        <\/a>\r\n    \n\n\n\n<h3 class=\"wp-block-heading\">Apivita B\u00e1lsamo Labial Hidratante Chestnut<\/h3>\n\n\n\n<p>Vais ador\u00e1-lo porque tem propriedades hidratantes e a vitamina E oferece um efeito antioxidante. O azeite, a cera de abelha, a manteiga de cacau, a manteiga de karit\u00e9, o \u00f3leo de r\u00edcino e os \u00e9steres de jojoba hidratam e suavizam os teus l\u00e1bios.<\/p>\n\n\n\n    <a class='product' target='_blank' href='https:\/\/www.primor.eu\/pt_pt\/apivita-balsamo-labial-hidratante-de-castanha-13891.html'>\r\n        <img decoding=\"async\" width=\"300\" height=\"300\" loading=\"async\" src=\"https:\/\/cdn2.primor.eu\/media\/catalog\/product\/cache\/8d3aba296f7a18b5251ee30fa5db42b2\/6\/X\/6XS09851_1_dcd2.jpg\" alt=\"\" title=\"\">\r\n            <div class=\"claim\">\r\n                 COMPRAR AGORA            <\/div>\r\n        <\/a>\r\n    \n\n\n\n<h3 class=\"wp-block-heading\">Rilastil B\u00e1lsamo Labial Xerolact Repair&nbsp;&nbsp;<\/h3>\n\n\n\n<p>\u00c9 ideal para nutrir e regenerar os l\u00e1bios para os manter em bom estado. Ideal para l\u00e1bios gretados, gra\u00e7as ao facto de restaurar o conforto, hidratar e dar elasticidade. \u00c9 um dos melhores b\u00e1lsamos labiais de farm\u00e1cia.<\/p>\n\n\n\n    <a class='product' target='_blank' href='https:\/\/www.primor.eu\/pt_pt\/rilastil-reparador-de-balsamo-de-labios-xerolact-74305.html'>\r\n        <img decoding=\"async\" width=\"300\" height=\"300\" loading=\"async\" src=\"https:\/\/cdn2.primor.eu\/media\/catalog\/product\/cache\/8d3aba296f7a18b5251ee30fa5db42b2\/6\/X\/6XS15555_1_941a.jpg\" alt=\"\" title=\"\">\r\n            <div class=\"claim\">\r\n                 COMPRAR AGORA            <\/div>\r\n        <\/a>\r\n    \n\n\n\n<h3 class=\"wp-block-heading\">Liptastick B\u00e1lsamo Labial com Vitamina C<\/h3>\n\n\n\n<p>B\u00e1lsamo labial antioxidante que mant\u00e9m os l\u00e1bios suaves, brilhantes e saud\u00e1veis. Ideal para hidrata\u00e7\u00e3o di\u00e1ria e prote\u00e7\u00e3o dos l\u00e1bios.<\/p>\n\n\n\n    <a class='product' target='_blank' href='https:\/\/www.primor.eu\/pt_pt\/liptastick-balsamo-labial-dermatologico-com-vitamina-c-42057.html'>\r\n        <img decoding=\"async\" width=\"300\" height=\"300\" loading=\"async\" src=\"https:\/\/cdn2.primor.eu\/media\/catalog\/product\/cache\/8d3aba296f7a18b5251ee30fa5db42b2\/0\/T\/0TF21507_1_3629.jpg\" alt=\"\" title=\"\">\r\n            <div class=\"claim\">\r\n                 COMPRAR AGORA            <\/div>\r\n        <\/a>\r\n    \n\n\n\n<h3 class=\"wp-block-heading\">Av\u00e8ne Cold Cream B\u00e1lsamo Labial<\/h3>\n\n\n\n<p>Este b\u00e1lsamo labial nutre, reestrutura e protege instantaneamente os teus l\u00e1bios. Rico em Cold Cream, este stick cremoso e de cobertura nutre e protege os teus l\u00e1bios. Al\u00e9m disso, gra\u00e7as \u00e0 sua composi\u00e7\u00e3o com o princ\u00edpio ativo Sucralfato, repara e regenera as mucosas.<\/p>\n\n\n\n    <a class='product' target='_blank' href='https:\/\/www.primor.eu\/pt_pt\/avene-cream-labial-cold-cream-106589.html?#863=70847'>\r\n        <img decoding=\"async\" width=\"300\" height=\"300\" loading=\"async\" src=\"https:\/\/cdn2.primor.eu\/media\/catalog\/product\/cache\/8d3aba296f7a18b5251ee30fa5db42b2\/6\/X\/6XS05537_1_26b9.jpg\" alt=\"\" title=\"\">\r\n            <div class=\"claim\">\r\n                 COMPRAR AGORA            <\/div>\r\n        <\/a>\r\n    \n\n\n\n<h3 class=\"wp-block-heading\">B\u00e1lsamo Labial de Alo\u00e9 Vera e Cereja Dr. Organic <\/h3>\n\n\n\n<p>Hidrata e acalma l\u00e1bios secos com ingredientes como Alo\u00e9 Vera e cereja biol\u00f3gica. Oferece <strong>SPF 15<\/strong> e prote\u00e7\u00e3o extra com cera de abelha, manteiga de karit\u00e9 e vitamina E, ideal para o tempo frio.<\/p>\n\n\n\n    <a class='product' target='_blank' href='https:\/\/www.primor.eu\/pt_pt\/dr-organic-aloe-vera-balsamo-labial-com-cereja-35521.html'>\r\n        <img decoding=\"async\" width=\"300\" height=\"300\" loading=\"async\" src=\"https:\/\/cdn2.primor.eu\/media\/catalog\/product\/cache\/8d3aba296f7a18b5251ee30fa5db42b2\/6\/X\/6XS06225_1_a62c.jpg\" alt=\"\" title=\"\">\r\n            <div class=\"claim\">\r\n                 COMPRAR AGORA            <\/div>\r\n        <\/a>\r\n    \n\n\n\n<h3 class=\"wp-block-heading\">Av\u00e8ne B\u00e1lsamo Labial Couvrance<\/h3>\n\n\n\n<p>Um b\u00e1lsamo para os l\u00e1bios que proporciona uma cor intensa, uma nutri\u00e7\u00e3o refor\u00e7ada e um brilho melhorado para uns l\u00e1bios sumarentos e irresist\u00edveis, mesmo para os l\u00e1bios mais sens\u00edveis. Uma aplica\u00e7\u00e3o para um acabamento mais natural dos l\u00e1bios, ou v\u00e1rias aplica\u00e7\u00f5es para um look mais intenso e sofisticado.<\/p>\n\n\n\n        <div class=\"product-error\" data-ref=\"https:\/\/www.primor.eu\/pt_pt\/avene-couvrance-balsamo-labial-embellecedor-46433.html\">\r\n            Produto indispon\u00edvel        <\/div>\r\n        \n","protected":false},"excerpt":{"rendered":"<p>Uma das sensa\u00e7\u00f5es mais desconfort\u00e1veis do mundo \u00e9 sentir que os teus l\u00e1bios est\u00e3o secos, gretados ou \u00e1speros. Esta situa\u00e7\u00e3o \u00e9 inevitavelmente agravada no inverno. Porque o frio afeta esta pele fina e vulner\u00e1vel, causando estragos, como feridas ou fissuras. No entanto, no teu dia a dia, a melhor solu\u00e7\u00e3o, mais pr\u00e1tica e funcional, \u00e9 [&hellip;]<\/p>\n","protected":false},"author":6,"featured_media":268,"comment_status":"closed","ping_status":"closed","sticky":false,"template":"","format":"standard","meta":{"jnews-multi-image_gallery":[],"jnews_single_post":{"subtitle":"","format":"standard","video":"","gallery":"","source_name":"","source_url":"","via_name":"","via_url":"","override_template":"0","override":[{"template":"1","single_blog_custom":"","parallax":"1","fullscreen":"1","layout":"right-sidebar","sidebar":"default-sidebar","second_sidebar":"default-sidebar","sticky_sidebar":"0","share_position":"float","share_float_style":"share-monocrhome","show_share_counter":"0","show_view_counter":"0","show_featured":"1","show_post_meta":"1","show_post_author":"0","show_post_author_image":"1","show_post_date":"1","post_date_format":"default","post_date_format_custom":"Y\/m\/d","show_post_category":"1","show_post_reading_time":"0","post_reading_time_wpm":"300","show_zoom_button":"0","zoom_button_out_step":"2","zoom_button_in_step":"3","show_post_tag":"0","show_prev_next_post":"0","show_popup_post":"0","number_popup_post":"2","show_author_box":"0","show_post_related":"0","show_inline_post_related":"1"}],"override_image_size":"0","image_override":[{"single_post_thumbnail_size":"no-crop","single_post_gallery_size":"crop-500"}],"trending_post":"0","trending_post_position":"meta","trending_post_label":"Trending","sponsored_post":"0","sponsored_post_label":"Sponsored by","sponsored_post_name":"","sponsored_post_url":"","sponsored_post_logo_enable":"0","sponsored_post_logo":"","sponsored_post_desc":"","disable_ad":"0"},"jnews_primary_category":{"id":"","hide":""},"jnews_social_meta":{"fb_title":"","fb_description":"","fb_image":"","twitter_title":"","twitter_description":"","twitter_image":""},"jnews_override_counter":{"override_view_counter":"0","view_counter_number":"0","override_share_counter":"0","share_counter_number":"0","override_like_counter":"0","like_counter_number":"0","override_dislike_counter":"0","dislike_counter_number":"0"},"footnotes":""},"categories":[4],"tags":[],"class_list":["post-253","post","type-post","status-publish","format-standard","has-post-thumbnail","hentry","category-cosmetica"],"_links":{"self":[{"href":"https:\/\/www.primor.eu\/blog\/pt\/wp-json\/wp\/v2\/posts\/253","targetHints":{"allow":["GET"]}}],"collection":[{"href":"https:\/\/www.primor.eu\/blog\/pt\/wp-json\/wp\/v2\/posts"}],"about":[{"href":"https:\/\/www.primor.eu\/blog\/pt\/wp-json\/wp\/v2\/types\/post"}],"author":[{"embeddable":true,"href":"https:\/\/www.primor.eu\/blog\/pt\/wp-json\/wp\/v2\/users\/6"}],"replies":[{"embeddable":true,"href":"https:\/\/www.primor.eu\/blog\/pt\/wp-json\/wp\/v2\/comments?post=253"}],"version-history":[{"count":4,"href":"https:\/\/www.primor.eu\/blog\/pt\/wp-json\/wp\/v2\/posts\/253\/revisions"}],"predecessor-version":[{"id":2108,"href":"https:\/\/www.primor.eu\/blog\/pt\/wp-json\/wp\/v2\/posts\/253\/revisions\/2108"}],"wp:featuredmedia":[{"embeddable":true,"href":"https:\/\/www.primor.eu\/blog\/pt\/wp-json\/wp\/v2\/media\/268"}],"wp:attachment":[{"href":"https:\/\/www.primor.eu\/blog\/pt\/wp-json\/wp\/v2\/media?parent=253"}],"wp:term":[{"taxonomy":"category","embeddable":true,"href":"https:\/\/www.primor.eu\/blog\/pt\/wp-json\/wp\/v2\/categories?post=253"},{"taxonomy":"post_tag","embeddable":true,"href":"https:\/\/www.primor.eu\/blog\/pt\/wp-json\/wp\/v2\/tags?post=253"}],"curies":[{"name":"wp","href":"https:\/\/api.w.org\/{rel}","templated":true}]}}