
{"id":1808,"date":"2024-09-23T16:24:07","date_gmt":"2024-09-23T15:24:07","guid":{"rendered":"https:\/\/www.primor.eu\/blog\/pt\/?p=1808"},"modified":"2024-09-23T16:24:10","modified_gmt":"2024-09-23T15:24:10","slug":"dicas-rotina-facial-masculina","status":"publish","type":"post","link":"https:\/\/www.primor.eu\/blog\/pt\/dicas-rotina-facial-masculina\/","title":{"rendered":"Dicas para uma rotina facial masculina\u00a0"},"content":{"rendered":"\n<p>Cada vez mais homens est\u00e3o a interessar-se pelos <strong>cuidados com a pele<\/strong>, e com raz\u00e3o! Uma <strong>boa rotina facial<\/strong> pode ajudar a manter a pele saud\u00e1vel, macia e jovem por mais tempo. Aqui deixamos algumas dicas essenciais para uma rotina facial <strong>masculina <\/strong>eficaz.<\/p>\n\n\n\n<h2 class=\"wp-block-heading\">Passos para a rotina facial masculina<\/h2>\n\n\n\n<ol class=\"wp-block-list\">\n<li><strong>Limpeza<\/strong>: este \u00e9 o primeiro passo fundamental. Lava o rosto com \u00e1gua morna e um<strong> gel de limpeza facial suave<\/strong>, duas vezes ao dia. Isto ajuda a remover sujidade, excesso de oleosidade e impurezas que podem obstruir os poros e causar problemas como a acne.<\/li>\n\n\n\n<li><strong>Esfolia\u00e7\u00e3o<\/strong>: ap\u00f3s a limpeza, esfolar a pele \u00e9 essencial para eliminar as c\u00e9lulas mortas. Usa um esfoliante facial uma vez por semana para manter a pele macia e fresca.<\/li>\n\n\n\n<li><strong>Hidrata\u00e7\u00e3o<\/strong>: a hidrata\u00e7\u00e3o \u00e9 crucial para preservar a juventude da pele. Aplica um creme hidratante adequado ao teu tipo de pele depois da limpeza. Isto ajuda a manter a pele suave e protegida.<\/li>\n\n\n\n<li><strong>Prote\u00e7\u00e3o solar<\/strong>: o sol \u00e9 um dos principais inimigos da pele. Usa um protetor solar com pelo menos SPF 30 diariamente para te protegeres dos raios UV e evitar o envelhecimento precoce.<\/li>\n\n\n\n<li><strong>Cuidado com a zona dos olhos<\/strong>: a pele ao redor dos olhos \u00e9 muito delicada e tende a mostrar os primeiros sinais de envelhecimento. Utiliza um creme espec\u00edfico para esta \u00e1rea para hidratar e prevenir rugas.<\/li>\n<\/ol>\n\n\n\n<h2 class=\"wp-block-heading\">Cuida-te diariamente com os produtos de rotina facial masculina da Primor<\/h2>\n\n\n        <product-table >\r\n            <product-headers class=\"grid-table-rows\">\r\n                <div>Foto<\/div>\r\n                <div>Produto<\/div>\r\n                <div>Marca<\/div>\r\n                <div>Avalia\u00e7\u00f5es<\/div>\r\n                <div>Pre\u00e7o<\/div>\r\n            <\/product-headers>\r\n\r\n            <product-list>\r\n                                    <a href=\"https:\/\/www.primor.eu\/pt_pt\/biotherm-desincrustante-visage-56432.html\" class=\"product-item grid-table-rows\" target=\"_blank\">\r\n                        <div>\r\n                            <img decoding=\"async\" class=\"product-img\" width=\"80px\" height=\"80px\" src=\"https:\/\/www.primor.eu\/blog\/pt\/wp-content\/uploads\/2024\/09\/0TM01394_1_0aba.jpg\" alt=\"\" title=\"\">\r\n                        <\/div>\r\n\r\n                        <!-- Contenido de producto  -->\r\n                        <div>\r\n                            <div class=\"product-position\">\r\n                                #1 Mais Vendidos                            <\/div>\r\n\r\n                            <h2>\r\n                                Biotherm Desincrustante Visage                            <\/h2>\r\n                        <\/div>\r\n\r\n                        <!-- Imagen y\/o nombre de la marca -->\r\n                        <div>\r\n                                                            <img decoding=\"async\" width=\"70\" src=\"https:\/\/www.primor.eu\/blog\/pt\/wp-content\/uploads\/2024\/09\/biotherm.png\" alt=\"\" title=\"\">\r\n                                                    <\/div>\r\n\r\n                        <!-- Puntuaci\u00f3n del producto  -->\r\n                        <div class=\"rating\">\r\n                                                            <div class=\"rate\" style=\"--p:80;\"><\/div>\r\n                                <b>4\/5<\/b>\r\n                                <div class=\"rate-stars\">\r\n                                                                            <div\r\n                                            class=\"rate-star  \">\r\n                                        <\/div>\r\n                                                                            <div\r\n                                            class=\"rate-star  \">\r\n                                        <\/div>\r\n                                                                            <div\r\n                                            class=\"rate-star  \">\r\n                                        <\/div>\r\n                                                                            <div\r\n                                            class=\"rate-star  \">\r\n                                        <\/div>\r\n                                                                            <div\r\n                                            class=\"rate-star disable \">\r\n                                        <\/div>\r\n                                                                    <\/div>\r\n                                                    <\/div>\r\n\r\n                        <!-- Bot\u00f3n de producto  -->\r\n                        <div>\r\n                            <span class=\"price-claim\">\r\n                                VER PRE\u00c7O                            <\/span>\r\n                        <\/div>\r\n                    <\/a>\r\n                                    <a href=\"https:\/\/www.primor.eu\/pt_pt\/l-oreal-paris-l-oreal-men-expert-stop-rugas-para-homem-14199.html\" class=\"product-item grid-table-rows\" target=\"_blank\">\r\n                        <div>\r\n                            <img decoding=\"async\" class=\"product-img\" width=\"80px\" height=\"80px\" src=\"https:\/\/www.primor.eu\/blog\/pt\/wp-content\/uploads\/2024\/09\/Captura_d071.jpg\" alt=\"\" title=\"\">\r\n                        <\/div>\r\n\r\n                        <!-- Contenido de producto  -->\r\n                        <div>\r\n                            <div class=\"product-position\">\r\n                                #2                            <\/div>\r\n\r\n                            <h2>\r\n                                L'Or\u00e9al Par\u00eds L\u00b4Or\u00e9al Men Expert Stop Rugas para homem                            <\/h2>\r\n                        <\/div>\r\n\r\n                        <!-- Imagen y\/o nombre de la marca -->\r\n                        <div>\r\n                                                            <img decoding=\"async\" width=\"70\" src=\"https:\/\/www.primor.eu\/blog\/pt\/wp-content\/uploads\/2024\/09\/loreal-paris.png\" alt=\"\" title=\"\">\r\n                                                    <\/div>\r\n\r\n                        <!-- Puntuaci\u00f3n del producto  -->\r\n                        <div class=\"rating\">\r\n                                                            <div class=\"rate\" style=\"--p:100;\"><\/div>\r\n                                <b>5\/5<\/b>\r\n                                <div class=\"rate-stars\">\r\n                                                                            <div\r\n                                            class=\"rate-star  \">\r\n                                        <\/div>\r\n                                                                            <div\r\n                                            class=\"rate-star  \">\r\n                                        <\/div>\r\n                                                                            <div\r\n                                            class=\"rate-star  \">\r\n                                        <\/div>\r\n                                                                            <div\r\n                                            class=\"rate-star  \">\r\n                                        <\/div>\r\n                                                                            <div\r\n                                            class=\"rate-star  \">\r\n                                        <\/div>\r\n                                                                    <\/div>\r\n                                                    <\/div>\r\n\r\n                        <!-- Bot\u00f3n de producto  -->\r\n                        <div>\r\n                            <span class=\"price-claim\">\r\n                                VER PRE\u00c7O                            <\/span>\r\n                        <\/div>\r\n                    <\/a>\r\n                                    <a href=\"https:\/\/www.primor.eu\/pt_pt\/bulldog-esfoliante-facial-oil-control-16175.html\" class=\"product-item grid-table-rows\" target=\"_blank\">\r\n                        <div>\r\n                            <img decoding=\"async\" class=\"product-img\" width=\"80px\" height=\"80px\" src=\"https:\/\/www.primor.eu\/blog\/pt\/wp-content\/uploads\/2024\/09\/0TM01344_1_434f.jpg\" alt=\"\" title=\"\">\r\n                        <\/div>\r\n\r\n                        <!-- Contenido de producto  -->\r\n                        <div>\r\n                            <div class=\"product-position\">\r\n                                #3                            <\/div>\r\n\r\n                            <h2>\r\n                                Bulldog Bulldog Esfoliante Facial Oil Control para homem                            <\/h2>\r\n                        <\/div>\r\n\r\n                        <!-- Imagen y\/o nombre de la marca -->\r\n                        <div>\r\n                                                            <img decoding=\"async\" width=\"70\" src=\"https:\/\/www.primor.eu\/blog\/pt\/wp-content\/uploads\/2024\/09\/Bull_Dog_Personalizado_.jpg\" alt=\"\" title=\"\">\r\n                                                    <\/div>\r\n\r\n                        <!-- Puntuaci\u00f3n del producto  -->\r\n                        <div class=\"rating\">\r\n                                                            <div class=\"rate\" style=\"--p:60;\"><\/div>\r\n                                <b>3\/5<\/b>\r\n                                <div class=\"rate-stars\">\r\n                                                                            <div\r\n                                            class=\"rate-star  \">\r\n                                        <\/div>\r\n                                                                            <div\r\n                                            class=\"rate-star  \">\r\n                                        <\/div>\r\n                                                                            <div\r\n                                            class=\"rate-star  \">\r\n                                        <\/div>\r\n                                                                            <div\r\n                                            class=\"rate-star disable \">\r\n                                        <\/div>\r\n                                                                            <div\r\n                                            class=\"rate-star disable \">\r\n                                        <\/div>\r\n                                                                    <\/div>\r\n                                                    <\/div>\r\n\r\n                        <!-- Bot\u00f3n de producto  -->\r\n                        <div>\r\n                            <span class=\"price-claim\">\r\n                                VER PRE\u00c7O                            <\/span>\r\n                        <\/div>\r\n                    <\/a>\r\n                                    <a href=\"https:\/\/www.primor.eu\/pt_pt\/montagne-jeunesse-homens-descascam-mascara-facial-de-limpeza-deep-14499.html\" class=\"product-item grid-table-rows\" target=\"_blank\">\r\n                        <div>\r\n                            <img decoding=\"async\" class=\"product-img\" width=\"80px\" height=\"80px\" src=\"https:\/\/www.primor.eu\/blog\/pt\/wp-content\/uploads\/2024\/09\/0TM00880_1_c433.jpg\" alt=\"\" title=\"\">\r\n                        <\/div>\r\n\r\n                        <!-- Contenido de producto  -->\r\n                        <div>\r\n                            <div class=\"product-position\">\r\n                                #4                            <\/div>\r\n\r\n                            <h2>\r\n                                Montagne Jeunesse Montagne Jeunesse Men Peel Off Deep Cleansing Face Mask para homem                            <\/h2>\r\n                        <\/div>\r\n\r\n                        <!-- Imagen y\/o nombre de la marca -->\r\n                        <div>\r\n                                                            <img decoding=\"async\" width=\"70\" src=\"https:\/\/www.primor.eu\/blog\/pt\/wp-content\/uploads\/2024\/09\/montagne_jeunesse_Personalizado_1_.png\" alt=\"\" title=\"\">\r\n                                                    <\/div>\r\n\r\n                        <!-- Puntuaci\u00f3n del producto  -->\r\n                        <div class=\"rating\">\r\n                                                            <div class=\"rate\" style=\"--p:84;\"><\/div>\r\n                                <b>4.2\/5<\/b>\r\n                                <div class=\"rate-stars\">\r\n                                                                            <div\r\n                                            class=\"rate-star  \">\r\n                                        <\/div>\r\n                                                                            <div\r\n                                            class=\"rate-star  \">\r\n                                        <\/div>\r\n                                                                            <div\r\n                                            class=\"rate-star  \">\r\n                                        <\/div>\r\n                                                                            <div\r\n                                            class=\"rate-star  \">\r\n                                        <\/div>\r\n                                                                            <div\r\n                                            class=\"rate-star  \">\r\n                                        <\/div>\r\n                                                                    <\/div>\r\n                                                    <\/div>\r\n\r\n                        <!-- Bot\u00f3n de producto  -->\r\n                        <div>\r\n                            <span class=\"price-claim\">\r\n                                VER PRE\u00c7O                            <\/span>\r\n                        <\/div>\r\n                    <\/a>\r\n                                    <a href=\"https:\/\/www.primor.eu\/pt_pt\/gillette-creme-hidratante-para-rosto-e-barba-gillette-king-c-17570.html\" class=\"product-item grid-table-rows\" target=\"_blank\">\r\n                        <div>\r\n                            <img decoding=\"async\" class=\"product-img\" width=\"80px\" height=\"80px\" src=\"https:\/\/www.primor.eu\/blog\/pt\/wp-content\/uploads\/2024\/09\/8006540299371_MAIN_4e4a.jpg\" alt=\"\" title=\"\">\r\n                        <\/div>\r\n\r\n                        <!-- Contenido de producto  -->\r\n                        <div>\r\n                            <div class=\"product-position\">\r\n                                #5                            <\/div>\r\n\r\n                            <h2>\r\n                                Gillette Creme Hidratante para Rosto e Barba Gillette King C.                            <\/h2>\r\n                        <\/div>\r\n\r\n                        <!-- Imagen y\/o nombre de la marca -->\r\n                        <div>\r\n                                                            <img decoding=\"async\" width=\"70\" src=\"https:\/\/www.primor.eu\/blog\/pt\/wp-content\/uploads\/2024\/09\/Gillette.jpg\" alt=\"\" title=\"\">\r\n                                                    <\/div>\r\n\r\n                        <!-- Puntuaci\u00f3n del producto  -->\r\n                        <div class=\"rating\">\r\n                                                            <div class=\"rate\" style=\"--p:100;\"><\/div>\r\n                                <b>5\/5<\/b>\r\n                                <div class=\"rate-stars\">\r\n                                                                            <div\r\n                                            class=\"rate-star  \">\r\n                                        <\/div>\r\n                                                                            <div\r\n                                            class=\"rate-star  \">\r\n                                        <\/div>\r\n                                                                            <div\r\n                                            class=\"rate-star  \">\r\n                                        <\/div>\r\n                                                                            <div\r\n                                            class=\"rate-star  \">\r\n                                        <\/div>\r\n                                                                            <div\r\n                                            class=\"rate-star  \">\r\n                                        <\/div>\r\n                                                                    <\/div>\r\n                                                    <\/div>\r\n\r\n                        <!-- Bot\u00f3n de producto  -->\r\n                        <div>\r\n                            <span class=\"price-claim\">\r\n                                VER PRE\u00c7O                            <\/span>\r\n                        <\/div>\r\n                    <\/a>\r\n                            <\/product-list>\r\n        <\/product-table>\r\n\r\n        \n\n\n\n<h3 class=\"wp-block-heading\">Biotherm Desincrustant Visage<\/h3>\n\n\n\n<p>Este esfoliante facial masculino elimina impurezas e c\u00e9lulas mortas. Com micropart\u00edculas esfoliantes e uma f\u00f3rmula espumosa, o <strong>Desincrustant Visage da Biotherm<\/strong> deixa a tua pele limpa, macia, hidratada e luminosa.<\/p>\n\n\n\n    <a class='product' target='_blank' href='https:\/\/www.primor.eu\/pt_pt\/biotherm-desincrustante-visage-56432.html'>\r\n        <img fetchpriority=\"high\" decoding=\"async\" width=\"300\" height=\"300\" loading=\"async\" src=\"https:\/\/cdn2.primor.eu\/media\/catalog\/product\/cache\/8d3aba296f7a18b5251ee30fa5db42b2\/0\/T\/0TM01394_1_0aba.jpg\" alt=\"\" title=\"\">\r\n            <div class=\"claim\">\r\n                 COMPRAR AGORA            <\/div>\r\n        <\/a>\r\n    \n\n\n\n<h3 class=\"wp-block-heading\">Bulldog Oil Control Esfoliante Facial<\/h3>\n\n\n\n<p>O <strong>Oil Control Esfoliante Facial da Bulldog<\/strong> \u00e9 ideal para eliminar o excesso de oleosidade. Enriquecido com carv\u00e3o purificante, hamam\u00e9lis, casca de salgueiro e zimbro, remove eficazmente c\u00e9lulas mortas e impurezas, deixando a pele equilibrada e suave.<\/p>\n\n\n\n    <a class='product' target='_blank' href='https:\/\/www.primor.eu\/pt_pt\/bulldog-esfoliante-facial-oil-control-16175.html'>\r\n        <img decoding=\"async\" width=\"300\" height=\"300\" loading=\"async\" src=\"https:\/\/cdn2.primor.eu\/media\/catalog\/product\/cache\/8d3aba296f7a18b5251ee30fa5db42b2\/0\/T\/0TM01344_1_434f.jpg\" alt=\"\" title=\"\">\r\n            <div class=\"claim\">\r\n                 COMPRAR AGORA            <\/div>\r\n        <\/a>\r\n    \n\n\n\n<h3 class=\"wp-block-heading\">L'Or\u00e9al Men Expert Power Age Cuidado Hidratante Anti-Idade<\/h3>\n\n\n\n<p>Com o tempo, a pele tende a perder firmeza e come\u00e7a a mostrar sinais de envelhecimento. Para combater isso, o <strong>Power Age da L'Or\u00e9al Paris<\/strong> \u00e9 um cuidado anti-idade que hidrata, alisa rugas, melhora a luminosidade e refor\u00e7a a barreira da pele, protegendo-a das agress\u00f5es externas.<\/p>\n\n\n\n    <a class='product' target='_blank' href='https:\/\/www.primor.eu\/pt_pt\/l-oreal-paris-l-oreal-men-expert-stop-rugas-para-homem-14199.html'>\r\n        <img decoding=\"async\" width=\"300\" height=\"300\" loading=\"async\" src=\"https:\/\/cdn2.primor.eu\/media\/catalog\/product\/cache\/8d3aba296f7a18b5251ee30fa5db42b2\/m\/e\/men_expert_vitalift_soin_79b8.jpg\" alt=\"\" title=\"\">\r\n            <div class=\"claim\">\r\n                 COMPRAR AGORA            <\/div>\r\n        <\/a>\r\n    \n\n\n\n<h3 class=\"wp-block-heading\">7th Heaven Men Peel Off Deep Cleansing Face Mask&nbsp;<\/h3>\n\n\n\n<p>Esta m\u00e1scara facial masculina da<strong> 7th Heaven for men<\/strong> cont\u00e9m \u00f3leo natural de hortel\u00e3-pimenta para limpar profundamente a pele e deix\u00e1-la mais suave e fresca, com um efeito revigorante.<\/p>\n\n\n\n    <a class='product' target='_blank' href='https:\/\/www.primor.eu\/pt_pt\/montagne-jeunesse-homens-descascam-mascara-facial-de-limpeza-deep-14499.html'>\r\n        <img decoding=\"async\" width=\"300\" height=\"300\" loading=\"async\" src=\"https:\/\/cdn2.primor.eu\/media\/catalog\/product\/cache\/8d3aba296f7a18b5251ee30fa5db42b2\/0\/T\/0TM00880_1_c433.jpg\" alt=\"\" title=\"\">\r\n            <div class=\"claim\">\r\n                 COMPRAR AGORA            <\/div>\r\n        <\/a>\r\n    \n\n\n\n<h3 class=\"wp-block-heading\">Gillette King C. Creme Hidratante para Rosto e Barba<\/h3>\n\n\n\n<p>Enriquecida com vitamina B3 (niacinamida), provitamina B5 (pantenol) e \u00f3leo de arg\u00e3o, este creme hidrata profundamente, ajudando a aliviar a irrita\u00e7\u00e3o da pele seca.<\/p>\n\n\n\n<p>Seguir uma rotina facial adequada \u00e9 essencial para manter a pele masculina com uma apar\u00eancia jovem e saud\u00e1vel. N\u00e3o te esque\u00e7as de escolher produtos adaptados ao teu tipo de pele para obteres os melhores resultados!<\/p>\n\n\n\n    <a class='product' target='_blank' href='https:\/\/www.primor.eu\/pt_pt\/gillette-creme-hidratante-para-rosto-e-barba-gillette-king-c-17570.html'>\r\n        <img decoding=\"async\" width=\"300\" height=\"300\" loading=\"async\" src=\"https:\/\/cdn2.primor.eu\/media\/catalog\/product\/cache\/8d3aba296f7a18b5251ee30fa5db42b2\/0\/T\/0TM01383_1_80c2.jpg\" alt=\"\" title=\"\">\r\n            <div class=\"claim\">\r\n                 COMPRAR AGORA            <\/div>\r\n        <\/a>\r\n    \n","protected":false},"excerpt":{"rendered":"<p>Cada vez mais homens est\u00e3o a interessar-se pelos cuidados com a pele, e com raz\u00e3o! Uma boa rotina facial pode ajudar a manter a pele saud\u00e1vel, macia e jovem por mais tempo. Aqui deixamos algumas dicas essenciais para uma rotina facial masculina eficaz. Passos para a rotina facial masculina Cuida-te diariamente com os produtos de [&hellip;]<\/p>\n","protected":false},"author":6,"featured_media":1809,"comment_status":"closed","ping_status":"closed","sticky":false,"template":"","format":"standard","meta":{"jnews-multi-image_gallery":[],"jnews_single_post":{"format":"standard"},"jnews_primary_category":[],"jnews_social_meta":[],"jnews_override_counter":[],"footnotes":""},"categories":[4],"tags":[],"class_list":["post-1808","post","type-post","status-publish","format-standard","has-post-thumbnail","hentry","category-cosmetica"],"_links":{"self":[{"href":"https:\/\/www.primor.eu\/blog\/pt\/wp-json\/wp\/v2\/posts\/1808","targetHints":{"allow":["GET"]}}],"collection":[{"href":"https:\/\/www.primor.eu\/blog\/pt\/wp-json\/wp\/v2\/posts"}],"about":[{"href":"https:\/\/www.primor.eu\/blog\/pt\/wp-json\/wp\/v2\/types\/post"}],"author":[{"embeddable":true,"href":"https:\/\/www.primor.eu\/blog\/pt\/wp-json\/wp\/v2\/users\/6"}],"replies":[{"embeddable":true,"href":"https:\/\/www.primor.eu\/blog\/pt\/wp-json\/wp\/v2\/comments?post=1808"}],"version-history":[{"count":1,"href":"https:\/\/www.primor.eu\/blog\/pt\/wp-json\/wp\/v2\/posts\/1808\/revisions"}],"predecessor-version":[{"id":1819,"href":"https:\/\/www.primor.eu\/blog\/pt\/wp-json\/wp\/v2\/posts\/1808\/revisions\/1819"}],"wp:featuredmedia":[{"embeddable":true,"href":"https:\/\/www.primor.eu\/blog\/pt\/wp-json\/wp\/v2\/media\/1809"}],"wp:attachment":[{"href":"https:\/\/www.primor.eu\/blog\/pt\/wp-json\/wp\/v2\/media?parent=1808"}],"wp:term":[{"taxonomy":"category","embeddable":true,"href":"https:\/\/www.primor.eu\/blog\/pt\/wp-json\/wp\/v2\/categories?post=1808"},{"taxonomy":"post_tag","embeddable":true,"href":"https:\/\/www.primor.eu\/blog\/pt\/wp-json\/wp\/v2\/tags?post=1808"}],"curies":[{"name":"wp","href":"https:\/\/api.w.org\/{rel}","templated":true}]}}