
{"id":1799,"date":"2024-09-23T15:25:48","date_gmt":"2024-09-23T14:25:48","guid":{"rendered":"https:\/\/www.primor.eu\/blog\/pt\/?p=1799"},"modified":"2024-09-23T15:25:49","modified_gmt":"2024-09-23T14:25:49","slug":"escova-esfoliante-capilar","status":"publish","type":"post","link":"https:\/\/www.primor.eu\/blog\/pt\/escova-esfoliante-capilar\/","title":{"rendered":"Precisas de uma escova esfoliante capilar na tua rotina p\u00f3s-praia"},"content":{"rendered":"\n<p>No ver\u00e3o, especialmente durante as f\u00e9rias, temos mais tempo livre \u2013 e que maravilha! Esse tempo permite-nos dedicar-nos aos nossos hobbies: ler, passear, cozinhar, dormir, ver filmes sem pressa\u2026 e cuidar de n\u00f3s. \u00c9 a oportunidade perfeita para nos mimarmos e aproveitar para alongar os momentos de autocuidado. Aquela<strong> rotina de beleza<\/strong> que no inverno \u00e9 r\u00e1pida e obrigat\u00f3ria, transforma-se num verdadeiro prazer durante o ver\u00e3o. Devemos aproveitar para aplicar m\u00e1scaras hidratantes tanto no rosto como no <strong>cabelo<\/strong>, <strong>fazer a manicure,<\/strong> testar maquilhagens virais e, claro, esfoliar o couro cabeludo com uma <strong>escova esfoliante capilar<\/strong> \u2013 a nova ferramenta indispens\u00e1vel para quem mais entende de beleza.<\/p>\n\n\n\n<h2 class=\"wp-block-heading\">Para que serve uma escova esfoliante capilar?<\/h2>\n\n\n\n<p>De acordo com os especialistas da marca, esta escova possui cerdas suaves, grossas e de silicone, de diferentes tamanhos e comprimentos, proporcionando <strong>v\u00e1rios benef\u00edcios<\/strong> ao couro cabeludo.<\/p>\n\n\n\n<ul class=\"wp-block-list\">\n<li>Primeiramente, estas cerdas estimulam o fluxo sangu\u00edneo, o que <strong>contribui para o crescimento do cabelo<\/strong> e para que este tenha um brilho mais saud\u00e1vel. Imagina fazer uma massagem capilar di\u00e1ria e chegar ao outono com uma cabeleira incr\u00edvel!<\/li>\n\n\n\n<li>Al\u00e9m disso, oferece uma <strong>limpeza profunda<\/strong> ao eliminar as c\u00e9lulas mortas da pele e o acumulo de oleosidade que obstrui os poros no couro cabeludo.\u00a0<\/li>\n\n\n\n<li>Se usada com calma, tamb\u00e9m ajuda a <strong>reduzir o stress<\/strong> e a promover o relaxamento. A marca You Are The Princess recomenda utiliz\u00e1-la antes de dormir para ajudar na circula\u00e7\u00e3o sangu\u00ednea.<\/li>\n<\/ul>\n\n\n\n<p>Por \u00faltimo, esta ferramenta pode ser usada de duas maneiras: a seco, ou no banho para emulsionar o champ\u00f4, fazendo com que crie mais espuma. Pelos coment\u00e1rios dos compradores, parece que a escova realmente funciona. Algumas pessoas at\u00e9 a usam para aplicar ampolas antiqueda, ajudando na melhor absor\u00e7\u00e3o dos produtos.<\/p>\n\n\n\n<p>Queres experimentar?<\/p>\n\n\n\n<h2 class=\"wp-block-heading\"><strong>Aqui est\u00e3o os melhores modelos de escovas esfoliantes capilares dispon\u00edveis na Primor:<\/strong><\/h2>\n\n\n        <product-table >\r\n            <product-headers class=\"grid-table-rows\">\r\n                <div>Foto<\/div>\r\n                <div>Produto<\/div>\r\n                <div>Marca<\/div>\r\n                <div>Avalia\u00e7\u00f5es<\/div>\r\n                <div>Pre\u00e7o<\/div>\r\n            <\/product-headers>\r\n\r\n            <product-list>\r\n                                    <a href=\"https:\/\/www.primor.eu\/pt_pt\/you-are-the-princess-princess-saves-the-world-cepillo-masajeador-y-emulsionador-de-champu-con-mango-biodegradable-3557.html\" class=\"product-item grid-table-rows\" target=\"_blank\">\r\n                        <div>\r\n                            <img decoding=\"async\" class=\"product-img\" width=\"80px\" height=\"80px\" src=\"https:\/\/www.primor.eu\/blog\/pt\/wp-content\/uploads\/2024\/09\/6VA29420_1_c0b0.jpg\" alt=\"\" title=\"\">\r\n                        <\/div>\r\n\r\n                        <!-- Contenido de producto  -->\r\n                        <div>\r\n                            <div class=\"product-position\">\r\n                                #1 Mais Vendidos                            <\/div>\r\n\r\n                            <h2>\r\n                                You Are The Princess Princess Saves The World Brush massageador e Emulsionador de Shampoo com MANGO biodegrad\u00e1vel                            <\/h2>\r\n                        <\/div>\r\n\r\n                        <!-- Imagen y\/o nombre de la marca -->\r\n                        <div>\r\n                                                            <img decoding=\"async\" width=\"70\" src=\"https:\/\/www.primor.eu\/blog\/pt\/wp-content\/uploads\/2024\/09\/you_are_the_princess.jpg\" alt=\"\" title=\"\">\r\n                                                    <\/div>\r\n\r\n                        <!-- Puntuaci\u00f3n del producto  -->\r\n                        <div class=\"rating\">\r\n                                                            <div class=\"rate\" style=\"--p:100;\"><\/div>\r\n                                <b>5\/5<\/b>\r\n                                <div class=\"rate-stars\">\r\n                                                                            <div\r\n                                            class=\"rate-star  \">\r\n                                        <\/div>\r\n                                                                            <div\r\n                                            class=\"rate-star  \">\r\n                                        <\/div>\r\n                                                                            <div\r\n                                            class=\"rate-star  \">\r\n                                        <\/div>\r\n                                                                            <div\r\n                                            class=\"rate-star  \">\r\n                                        <\/div>\r\n                                                                            <div\r\n                                            class=\"rate-star  \">\r\n                                        <\/div>\r\n                                                                    <\/div>\r\n                                                    <\/div>\r\n\r\n                        <!-- Bot\u00f3n de producto  -->\r\n                        <div>\r\n                            <span class=\"price-claim\">\r\n                                VER PRE\u00c7O                            <\/span>\r\n                        <\/div>\r\n                    <\/a>\r\n                                    <a href=\"https:\/\/www.primor.eu\/pt_pt\/beter-escova-de-massagem-coffe-oclock-para-cabelo-75819.html\" class=\"product-item grid-table-rows\" target=\"_blank\">\r\n                        <div>\r\n                            <img decoding=\"async\" class=\"product-img\" width=\"80px\" height=\"80px\" src=\"https:\/\/www.primor.eu\/blog\/pt\/wp-content\/uploads\/2024\/09\/coffe_oclock_cepillo_masajeador_pelo_4519.jpg\" alt=\"\" title=\"\">\r\n                        <\/div>\r\n\r\n                        <!-- Contenido de producto  -->\r\n                        <div>\r\n                            <div class=\"product-position\">\r\n                                #2                            <\/div>\r\n\r\n                            <h2>\r\n                                Beter Escova de massagem Coffe Oclock para cabelo                            <\/h2>\r\n                        <\/div>\r\n\r\n                        <!-- Imagen y\/o nombre de la marca -->\r\n                        <div>\r\n                                                            <img decoding=\"async\" width=\"70\" src=\"https:\/\/www.primor.eu\/blog\/pt\/wp-content\/uploads\/2024\/09\/BETER.jpg\" alt=\"\" title=\"\">\r\n                                                    <\/div>\r\n\r\n                        <!-- Puntuaci\u00f3n del producto  -->\r\n                        <div class=\"rating\">\r\n                                                            <div class=\"rate\" style=\"--p:100;\"><\/div>\r\n                                <b>5\/5<\/b>\r\n                                <div class=\"rate-stars\">\r\n                                                                            <div\r\n                                            class=\"rate-star  \">\r\n                                        <\/div>\r\n                                                                            <div\r\n                                            class=\"rate-star  \">\r\n                                        <\/div>\r\n                                                                            <div\r\n                                            class=\"rate-star  \">\r\n                                        <\/div>\r\n                                                                            <div\r\n                                            class=\"rate-star  \">\r\n                                        <\/div>\r\n                                                                            <div\r\n                                            class=\"rate-star  \">\r\n                                        <\/div>\r\n                                                                    <\/div>\r\n                                                    <\/div>\r\n\r\n                        <!-- Bot\u00f3n de producto  -->\r\n                        <div>\r\n                            <span class=\"price-claim\">\r\n                                VER PRE\u00c7O                            <\/span>\r\n                        <\/div>\r\n                    <\/a>\r\n                                    <a href=\"https:\/\/www.primor.eu\/pt_pt\/woo-oow-escova-corporal-anticelulite-107743.html\" class=\"product-item grid-table-rows\" target=\"_blank\">\r\n                        <div>\r\n                            <img decoding=\"async\" class=\"product-img\" width=\"80px\" height=\"80px\" src=\"https:\/\/www.primor.eu\/blog\/pt\/wp-content\/uploads\/2024\/09\/8435722403396_5e42.jpg\" alt=\"\" title=\"\">\r\n                        <\/div>\r\n\r\n                        <!-- Contenido de producto  -->\r\n                        <div>\r\n                            <div class=\"product-position\">\r\n                                #3                            <\/div>\r\n\r\n                            <h2>\r\n                                Woo oow Escova Corporal Anticelulite                            <\/h2>\r\n                        <\/div>\r\n\r\n                        <!-- Imagen y\/o nombre de la marca -->\r\n                        <div>\r\n                                                            <img decoding=\"async\" width=\"70\" src=\"https:\/\/www.primor.eu\/blog\/pt\/wp-content\/uploads\/2024\/09\/WOO-OOW.jpg\" alt=\"\" title=\"\">\r\n                                                    <\/div>\r\n\r\n                        <!-- Puntuaci\u00f3n del producto  -->\r\n                        <div class=\"rating\">\r\n                                                            <div class=\"rate\" style=\"--p:100;\"><\/div>\r\n                                <b>5\/5<\/b>\r\n                                <div class=\"rate-stars\">\r\n                                                                            <div\r\n                                            class=\"rate-star  \">\r\n                                        <\/div>\r\n                                                                            <div\r\n                                            class=\"rate-star  \">\r\n                                        <\/div>\r\n                                                                            <div\r\n                                            class=\"rate-star  \">\r\n                                        <\/div>\r\n                                                                            <div\r\n                                            class=\"rate-star  \">\r\n                                        <\/div>\r\n                                                                            <div\r\n                                            class=\"rate-star  \">\r\n                                        <\/div>\r\n                                                                    <\/div>\r\n                                                    <\/div>\r\n\r\n                        <!-- Bot\u00f3n de producto  -->\r\n                        <div>\r\n                            <span class=\"price-claim\">\r\n                                VER PRE\u00c7O                            <\/span>\r\n                        <\/div>\r\n                    <\/a>\r\n                            <\/product-list>\r\n        <\/product-table>\r\n\r\n        \n\n\n\n<h3 class=\"wp-block-heading\">Princess Saves The World Escova de massagem e Emulsionadora de Champ\u00fa com Manga Biodegrad\u00e1vel de You Are The Princess<\/h3>\n\n\n\n<p>Proporciona uma limpeza profunda, eliminando as c\u00e9lulas mortas e o ac\u00famulo de oleosidade que bloqueia os poros no couro cabeludo. Ajuda tamb\u00e9m a reduzir o stress e relaxar antes de dormir, ao promover a circula\u00e7\u00e3o sangu\u00ednea. Pode ser usado tanto com o cabelo h\u00famido, enquanto emulsiona o champ\u00f4, como a seco. O cabo \u00e9 feito de amido de milho, um material 100% biodegrad\u00e1vel. A embalagem \u00e9 de papel biodegrad\u00e1vel certificado FSC, impresso com tinta de soja.<\/p>\n\n\n\n    <a class='product' target='_blank' href='https:\/\/www.primor.eu\/pt_pt\/you-are-the-princess-princess-saves-the-world-cepillo-masajeador-y-emulsionador-de-champu-con-mango-biodegradable-3557.html'>\r\n        <img fetchpriority=\"high\" decoding=\"async\" width=\"300\" height=\"300\" loading=\"async\" src=\"https:\/\/cdn2.primor.eu\/media\/catalog\/product\/cache\/8d3aba296f7a18b5251ee30fa5db42b2\/8\/4\/8435638042887__CEPILLO_MASAJEADOR_AISHA_7892.jpg\" alt=\"\" title=\"\">\r\n            <div class=\"claim\">\r\n                 COMPRAR AGORA            <\/div>\r\n        <\/a>\r\n    \n\n\n\n<h3 class=\"wp-block-heading\">Coffee O'clock Escova de Massagem Capilar de Beter<\/h3>\n\n\n\n<p>Este escova massageadora tem um design ergon\u00f3mico que se adapta confortavelmente \u00e0 m\u00e3o e \u00e9 feita com materiais sustent\u00e1veis, como caf\u00e9 mo\u00eddo e pl\u00e1stico reciclado. As suas 19 cerdas de silicone em forma c\u00f3nica proporcionam uma massagem suave mas eficaz no couro cabeludo, estimulando a circula\u00e7\u00e3o sangu\u00ednea e promovendo a sa\u00fade capilar.<\/p>\n\n\n\n    <a class='product' target='_blank' href='https:\/\/www.primor.eu\/pt_pt\/beter-escova-de-massagem-coffe-oclock-para-cabelo-75819.html'>\r\n        <img decoding=\"async\" width=\"300\" height=\"300\" loading=\"async\" src=\"https:\/\/cdn2.primor.eu\/media\/catalog\/product\/cache\/8d3aba296f7a18b5251ee30fa5db42b2\/c\/o\/coffe_oclock_cepillo_masajeador_pelo_4519.jpg\" alt=\"\" title=\"\">\r\n            <div class=\"claim\">\r\n                 COMPRAR AGORA            <\/div>\r\n        <\/a>\r\n    \n\n\n\n<h3 class=\"wp-block-heading\">Escova Corporal Anticelulite de Silicone de WOO OOW<\/h3>\n\n\n\n<p>Escova de silicone com design de dupla face e dupla fun\u00e7\u00e3o. De um lado, uma escova com cerdas para limpar a pele e que serve tamb\u00e9m como esfoliante di\u00e1rio suave. Do outro, picos de silicone que podem ser usados para emulsionar o champ\u00f4, massajando o couro cabeludo e estimulando a circula\u00e7\u00e3o para um crescimento capilar mais saud\u00e1vel. Tamb\u00e9m pode ser utilizado para estimular a circula\u00e7\u00e3o sangu\u00ednea no corpo e ajudar a reduzir a celulite nas zonas problem\u00e1ticas, como pernas, gl\u00fateos e abd\u00f3men.<\/p>\n\n\n\n    <a class='product' target='_blank' href='https:\/\/www.primor.eu\/pt_pt\/woo-oow-escova-corporal-anticelulite-107743.html?#863=67274'>\r\n        <img decoding=\"async\" width=\"300\" height=\"300\" loading=\"async\" src=\"https:\/\/cdn2.primor.eu\/media\/catalog\/product\/cache\/8d3aba296f7a18b5251ee30fa5db42b2\/8\/4\/8435722403396_65d5.jpg\" alt=\"\" title=\"\">\r\n            <div class=\"claim\">\r\n                 COMPRAR AGORA            <\/div>\r\n        <\/a>\r\n    \n","protected":false},"excerpt":{"rendered":"<p>No ver\u00e3o, especialmente durante as f\u00e9rias, temos mais tempo livre \u2013 e que maravilha! Esse tempo permite-nos dedicar-nos aos nossos hobbies: ler, passear, cozinhar, dormir, ver filmes sem pressa\u2026 e cuidar de n\u00f3s. \u00c9 a oportunidade perfeita para nos mimarmos e aproveitar para alongar os momentos de autocuidado. Aquela rotina de beleza que no inverno [&hellip;]<\/p>\n","protected":false},"author":6,"featured_media":1806,"comment_status":"closed","ping_status":"closed","sticky":false,"template":"","format":"standard","meta":{"jnews-multi-image_gallery":[],"jnews_single_post":{"format":"standard"},"jnews_primary_category":[],"jnews_social_meta":[],"jnews_override_counter":[],"footnotes":""},"categories":[5],"tags":[],"class_list":["post-1799","post","type-post","status-publish","format-standard","has-post-thumbnail","hentry","category-cabelo"],"_links":{"self":[{"href":"https:\/\/www.primor.eu\/blog\/pt\/wp-json\/wp\/v2\/posts\/1799","targetHints":{"allow":["GET"]}}],"collection":[{"href":"https:\/\/www.primor.eu\/blog\/pt\/wp-json\/wp\/v2\/posts"}],"about":[{"href":"https:\/\/www.primor.eu\/blog\/pt\/wp-json\/wp\/v2\/types\/post"}],"author":[{"embeddable":true,"href":"https:\/\/www.primor.eu\/blog\/pt\/wp-json\/wp\/v2\/users\/6"}],"replies":[{"embeddable":true,"href":"https:\/\/www.primor.eu\/blog\/pt\/wp-json\/wp\/v2\/comments?post=1799"}],"version-history":[{"count":1,"href":"https:\/\/www.primor.eu\/blog\/pt\/wp-json\/wp\/v2\/posts\/1799\/revisions"}],"predecessor-version":[{"id":1807,"href":"https:\/\/www.primor.eu\/blog\/pt\/wp-json\/wp\/v2\/posts\/1799\/revisions\/1807"}],"wp:featuredmedia":[{"embeddable":true,"href":"https:\/\/www.primor.eu\/blog\/pt\/wp-json\/wp\/v2\/media\/1806"}],"wp:attachment":[{"href":"https:\/\/www.primor.eu\/blog\/pt\/wp-json\/wp\/v2\/media?parent=1799"}],"wp:term":[{"taxonomy":"category","embeddable":true,"href":"https:\/\/www.primor.eu\/blog\/pt\/wp-json\/wp\/v2\/categories?post=1799"},{"taxonomy":"post_tag","embeddable":true,"href":"https:\/\/www.primor.eu\/blog\/pt\/wp-json\/wp\/v2\/tags?post=1799"}],"curies":[{"name":"wp","href":"https:\/\/api.w.org\/{rel}","templated":true}]}}